{"id":10045,"date":"2024-03-26T18:30:35","date_gmt":"2024-03-26T17:30:35","guid":{"rendered":"https:\/\/discover.ulysse.com\/?p=10045"},"modified":"2024-03-26T15:10:43","modified_gmt":"2024-03-26T14:10:43","slug":"easyjet-nouvelle-ligne-vers-ville-espagnole-depart-lille","status":"publish","type":"post","link":"https:\/\/ulysse.com\/news\/easyjet-nouvelle-ligne-vers-ville-espagnole-depart-lille","title":{"rendered":"easyJet lance une nouvelle ligne vers cette ville espagnole au d\u00e9part de Lille"},"content":{"rendered":"<p>Afin de r\u00e9pondre aux besoins des voyageurs fran\u00e7ais, easyJet, la compagnie a\u00e9rienne britannique low cost, pr\u00e9voit d\u2019\u00e9largir son offre dans le sud-est de l\u2019Espagne, plus pr\u00e9cis\u00e9ment \u00e0 Alicante, depuis l\u2019a\u00e9roport de Lille-Lesquin. Cette d\u00e9cision intervient suite \u00e0 la demande croissante de vols abordables vers l&#8217;Espagne de la part des habitants du Nord de la France.<\/p>\n<h2><strong>easyJet renforce sa pr\u00e9sence \u00e0 Lille-Lesquin<\/strong><\/h2>\n<p>Depuis plusieurs ann\u00e9es, easyJet propose des vols directs depuis l\u2019a\u00e9roport de Lille vers Nice, Bordeaux, Toulouse et Gen\u00e8ve, en Suisse. Il y a deux ans, la compagnie britannique \u00e0 bas co\u00fbt a \u00e9galement lanc\u00e9 une nouvelle ligne vers la destination baln\u00e9aire espagnole de Palma de Majorque.<\/p>\n<p>Aujourd&#8217;hui, easyJet renforce sa pr\u00e9sence \u00e0 Lille en \u00e9largissant son offre avec une nouvelle ligne vers <a href=\"https:\/\/ulysse.com\/news\/alicante-itineraire-costa-blanca\" target=\"_blank\" rel=\"noopener\">Alicante<\/a>, consolidant ainsi sa position en tant que principale compagnie a\u00e9rienne de la r\u00e9gion. \u00ab\u00a0<em>Nous sommes la premi\u00e8re compagnie sur Lille-Lesquin, avec 600 000 passagers en 2023, repr\u00e9sentant 35\u00a0% de parts de march\u00e9<\/em>\u00a0\u00bb, a expliqu\u00e9 le directeur r\u00e9gional adjoint d\u2019easyJet en France, Reginald Otten.<\/p>\n<p>Cette nouvelle liaison Lille-Alicante sera op\u00e9rationnelle du 1er mai \u00e0 fin octobre, permettant aux Nordistes de profiter pleinement de la saison estivale. En ce qui concerne la fr\u00e9quence des vols, easyJet pr\u00e9voir deux vols hebdomadaires, les samedis et vendredis. \u00c0 noter que les billets sont d&#8217;ores et d\u00e9j\u00e0 disponibles \u00e0 la r\u00e9servation sur le site de la compagnie a\u00e9rienne.<\/p>\n<div id=\"attachment_10071\" style=\"width: 1990px\" class=\"wp-caption aligncenter\"><img decoding=\"async\" aria-describedby=\"caption-attachment-10071\" class=\"wp-image-10071 size-full\" src=\"https:\/\/discover.ulysse.com\/wp-content\/uploads\/2024\/03\/La-ville-dAlicante-Espagne-.jpg\" alt=\"La ville d'Alicante, Espagne\" width=\"1980\" height=\"1200\" srcset=\"https:\/\/ulysse.com\/news\/wp-content\/uploads\/2024\/03\/La-ville-dAlicante-Espagne-.jpg 1980w, https:\/\/ulysse.com\/news\/wp-content\/uploads\/2024\/03\/La-ville-dAlicante-Espagne--300x182.jpg 300w, https:\/\/ulysse.com\/news\/wp-content\/uploads\/2024\/03\/La-ville-dAlicante-Espagne--1024x621.jpg 1024w, https:\/\/ulysse.com\/news\/wp-content\/uploads\/2024\/03\/La-ville-dAlicante-Espagne--200x121.jpg 200w, https:\/\/ulysse.com\/news\/wp-content\/uploads\/2024\/03\/La-ville-dAlicante-Espagne--768x465.jpg 768w, https:\/\/ulysse.com\/news\/wp-content\/uploads\/2024\/03\/La-ville-dAlicante-Espagne--1536x931.jpg 1536w\" sizes=\"(max-width: 1980px) 100vw, 1980px\" \/><p id=\"caption-attachment-10071\" class=\"wp-caption-text\">La ville d&#8217;Alicante, Espagne<\/p><\/div>\n<h2><strong>Alicante, \u00ab\u00a0<em>une destination tr\u00e8s demand\u00e9e par les passagers<\/em>\u00a0\u00bb<\/strong><\/h2>\n<p>L&#8217;ouverture de cette nouvelle ligne r\u00e9pond avant tout \u00e0 une demande croissante des habitants de la r\u00e9gion des Hauts-de-France et de Belgique, cherchant \u00e0 voyager en Europe \u00e0 des prix abordables. \u00ab\u00a0<em>On sait que c\u2019\u00e9tait une destination tr\u00e8s demand\u00e9e par les passagers, habitants de la r\u00e9gion.\u00a0On est ravis parce que \u00e7a r\u00e9pond \u00e0 un besoin\u00a0et c\u2019est dans cette strat\u00e9gie qu\u2019on est ici \u00e0 l\u2019a\u00e9roport, r\u00e9pondre aux besoins des habitants avant tout<\/em>\u00a0\u00bb, pr\u00e9cise Magali Huchette, directrice de l\u2019a\u00e9roport de Lille-Lesquin.<\/p>\n<div id=\"attachment_10094\" style=\"width: 1990px\" class=\"wp-caption aligncenter\"><img decoding=\"async\" aria-describedby=\"caption-attachment-10094\" class=\"size-full wp-image-10094\" src=\"https:\/\/discover.ulysse.com\/wp-content\/uploads\/2024\/03\/Laeroport-de-Lille-Lesquin-Lille.jpg\" alt=\"L\u2019a\u00e9roport de Lille-Lesquin, Lille\" width=\"1980\" height=\"1200\" srcset=\"https:\/\/ulysse.com\/news\/wp-content\/uploads\/2024\/03\/Laeroport-de-Lille-Lesquin-Lille.jpg 1980w, https:\/\/ulysse.com\/news\/wp-content\/uploads\/2024\/03\/Laeroport-de-Lille-Lesquin-Lille-300x182.jpg 300w, https:\/\/ulysse.com\/news\/wp-content\/uploads\/2024\/03\/Laeroport-de-Lille-Lesquin-Lille-1024x621.jpg 1024w, https:\/\/ulysse.com\/news\/wp-content\/uploads\/2024\/03\/Laeroport-de-Lille-Lesquin-Lille-200x121.jpg 200w, https:\/\/ulysse.com\/news\/wp-content\/uploads\/2024\/03\/Laeroport-de-Lille-Lesquin-Lille-768x465.jpg 768w, https:\/\/ulysse.com\/news\/wp-content\/uploads\/2024\/03\/Laeroport-de-Lille-Lesquin-Lille-1536x931.jpg 1536w\" sizes=\"(max-width: 1980px) 100vw, 1980px\" \/><p id=\"caption-attachment-10094\" class=\"wp-caption-text\">L\u2019a\u00e9roport de Lille-Lesquin, Lille<\/p><\/div>\n<p>D\u2019apr\u00e8s les informations de <a href=\"https:\/\/www.francebleu.fr\/infos\/transports\/une-nouvelle-ligne-easyjet-vers-alicante-au-depart-de-lille-4318848\" target=\"_blank\" rel=\"noopener\">France Bleu<\/a>, easyJet r\u00e9serve une autre bonne nouvelle aux Nordistes\u00a0: \u00ab\u00a0<em>les vols vers Palma de Majorque seront aussi exploit\u00e9s entre le 1er mai et la fin octobre<\/em>\u00a0\u00bb.<\/p>\n<h2><strong>Une ann\u00e9e prometteuse pour easyJet\u00a0?<\/strong><\/h2>\n<p>Depuis plus d\u2019une d\u00e9cennie maintenant, easyJet a transport\u00e9 pas moins de 5 millions de passagers. \u00ab\u00a0<em>Depuis notre arriv\u00e9e \u00e0 Lille-Lesquin, en 2012, nous avons transport\u00e9 5 millions de passagers. 73\u00a0% de la client\u00e8le lilloise est \u00e0 destination loisirs, 27\u00a0% est une client\u00e8le d\u2019affaire, en nette progression puisqu\u2019elle repr\u00e9sentait 21\u00a0% en 2019<\/em>\u00a0\u00bb, a d\u00e9clar\u00e9 Reignald Otten.<\/p>\n<p>De son c\u00f4t\u00e9, Magalie Huchette a soulign\u00e9 que les ventes pour la nouvelle ligne Lille-Alicante sont d\u00e9j\u00e0 \u00ab <em>tr\u00e8s positives<\/em>\u00a0\u00bb. Cette r\u00e9ussite initiale laisse entrevoir la possibilit\u00e9 de collaborer avec easyJet sur d&#8217;autres destinations \u00e0 l&#8217;avenir. \u00ab\u00a0<em>On esp\u00e8re en effet travailler avec EasyJet sur d&#8217;autres destinations de ce type\u00a0<\/em>\u00bb, a-t-elle pr\u00e9cis\u00e9.<\/p>\n<div id=\"attachment_10072\" style=\"width: 1990px\" class=\"wp-caption aligncenter\"><img decoding=\"async\" aria-describedby=\"caption-attachment-10072\" class=\"wp-image-10072 size-full\" src=\"https:\/\/discover.ulysse.com\/wp-content\/uploads\/2024\/03\/Palma-de-Majorque-Espagne-.jpg\" alt=\"Palma de Majorque, Espagne\" width=\"1980\" height=\"1200\" srcset=\"https:\/\/ulysse.com\/news\/wp-content\/uploads\/2024\/03\/Palma-de-Majorque-Espagne-.jpg 1980w, https:\/\/ulysse.com\/news\/wp-content\/uploads\/2024\/03\/Palma-de-Majorque-Espagne--300x182.jpg 300w, https:\/\/ulysse.com\/news\/wp-content\/uploads\/2024\/03\/Palma-de-Majorque-Espagne--1024x621.jpg 1024w, https:\/\/ulysse.com\/news\/wp-content\/uploads\/2024\/03\/Palma-de-Majorque-Espagne--200x121.jpg 200w, https:\/\/ulysse.com\/news\/wp-content\/uploads\/2024\/03\/Palma-de-Majorque-Espagne--768x465.jpg 768w, https:\/\/ulysse.com\/news\/wp-content\/uploads\/2024\/03\/Palma-de-Majorque-Espagne--1536x931.jpg 1536w\" sizes=\"(max-width: 1980px) 100vw, 1980px\" \/><p id=\"caption-attachment-10072\" class=\"wp-caption-text\">Palma de Majorque, Espagne<\/p><\/div>\n<p>Pour r\u00e9pondre \u00e0 la demande des Fran\u00e7ais, easyJet renforce sa pr\u00e9sence sur le territoire fran\u00e7ais depuis le d\u00e9but de 2024 en proposant de nouvelles lignes depuis plusieurs a\u00e9roports, notamment Paris, <a href=\"https:\/\/ulysse.com\/news\/easyjet-nouvelle-liaison-bordeaux-athenes\" target=\"_blank\" rel=\"noopener\">Bordeaux<\/a>, Nice, Lyon et Toulouse.<\/p>\n<p>\u00c0 partir du 1er mai, il sera possible de s&#8217;envoler vers six destinations depuis l&#8217;a\u00e9roport de Lille-Lesquin, \u00e0 savoir Nice, Toulouse, Bordeaux, Gen\u00e8ve en Suisse, Palma de Majorque et Alicante en Espagne.<\/p>\n","protected":false},"excerpt":{"rendered":"<p>Afin de r\u00e9pondre aux besoins des voyageurs fran\u00e7ais, easyJet, la compagnie a\u00e9rienne britannique low cost, pr\u00e9voit d\u2019\u00e9largir son offre dans [&hellip;]<\/p>\n","protected":false},"author":3,"featured_media":10095,"comment_status":"open","ping_status":"closed","sticky":false,"template":"","format":"standard","meta":{"_acf_changed":false,"_sitemap_exclude":false,"_sitemap_priority":"","_sitemap_frequency":"","footnotes":"","rank_math_title":"easyJet lance une nouvelle ligne vers cette ville espagnole au d\u00e9part de Lille","rank_math_description":"easyJet \u00e9largit son horizon au d\u00e9part de Lille-Lesquin, en lan\u00e7ant une nouvelle ligne vers Alicante, r\u00e9pondant \u00e0 la forte demande des voyageurs.","rank_math_canonical_url":"","rank_math_focus_keyword":"easyjet"},"categories":[46],"tags":[455,14,108,84,612,613],"class_list":["post-10045","post","type-post","status-publish","format-standard","has-post-thumbnail","hentry","category-avion","tag-alicante","tag-destination","tag-easyjet","tag-espagne","tag-laeroport-de-lille-lesquin","tag-lille"],"acf":[],"_links":{"self":[{"href":"https:\/\/ulysse.com\/news\/wp-json\/wp\/v2\/posts\/10045","targetHints":{"allow":["GET"]}}],"collection":[{"href":"https:\/\/ulysse.com\/news\/wp-json\/wp\/v2\/posts"}],"about":[{"href":"https:\/\/ulysse.com\/news\/wp-json\/wp\/v2\/types\/post"}],"author":[{"embeddable":true,"href":"https:\/\/ulysse.com\/news\/wp-json\/wp\/v2\/users\/3"}],"replies":[{"embeddable":true,"href":"https:\/\/ulysse.com\/news\/wp-json\/wp\/v2\/comments?post=10045"}],"version-history":[{"count":6,"href":"https:\/\/ulysse.com\/news\/wp-json\/wp\/v2\/posts\/10045\/revisions"}],"predecessor-version":[{"id":10099,"href":"https:\/\/ulysse.com\/news\/wp-json\/wp\/v2\/posts\/10045\/revisions\/10099"}],"wp:featuredmedia":[{"embeddable":true,"href":"https:\/\/ulysse.com\/news\/wp-json\/wp\/v2\/media\/10095"}],"wp:attachment":[{"href":"https:\/\/ulysse.com\/news\/wp-json\/wp\/v2\/media?parent=10045"}],"wp:term":[{"taxonomy":"category","embeddable":true,"href":"https:\/\/ulysse.com\/news\/wp-json\/wp\/v2\/categories?post=10045"},{"taxonomy":"post_tag","embeddable":true,"href":"https:\/\/ulysse.com\/news\/wp-json\/wp\/v2\/tags?post=10045"}],"curies":[{"name":"wp","href":"https:\/\/api.w.org\/{rel}","templated":true}]}}