{"id":10836,"date":"2024-04-06T11:30:08","date_gmt":"2024-04-06T10:30:08","guid":{"rendered":"https:\/\/discover.ulysse.com\/?p=10836"},"modified":"2024-04-06T05:35:28","modified_gmt":"2024-04-06T04:35:28","slug":"aveiro-decouverte-venise-du-portugal","status":"publish","type":"post","link":"https:\/\/ulysse.com\/news\/aveiro-decouverte-venise-du-portugal","title":{"rendered":"Aveiro : \u00c0 la d\u00e9couverte de la Venise du Portugal"},"content":{"rendered":"<p>Pour les voyageurs en qu\u00eate de d\u00e9paysement au Portugal, Aveiro est une ville incontournable, combinant des sites remarquables pour enchanter les sens. Surnomm\u00e9e la \u00ab Venise du Portugal \u00bb pour ses magnifiques canaux et le charme singulier de cette cit\u00e9 c\u00f4ti\u00e8re, situ\u00e9e dans la r\u00e9gion centrale du pays, Aveiro offre une exp\u00e9rience riche en d\u00e9couvertes. Cette destination aux couleurs vives, o\u00f9 r\u00e8gne une atmosph\u00e8re de tranquillit\u00e9, continue d&#8217;attirer les visiteurs pour sa culture et ses traditions, que les habitants perp\u00e9tuent avec fiert\u00e9, m\u00eame apr\u00e8s des si\u00e8cles. Voici une s\u00e9lection des lieux \u00e0 ne pas manquer lors de votre s\u00e9jour \u00e0 Aveiro.<\/p>\n<h2>Le quartier de Costa Nova<\/h2>\n<p>Autrefois le repaire des p\u00eacheurs, ce quartier vous transporte dans une ambiance digne des anciennes cartes postales. Une promenade \u00e0 travers ses rues s&#8217;impose lors de votre visite. Vous serez charm\u00e9 par les petites maisons en bois aux rayures color\u00e9es, embl\u00e9matiques de la r\u00e9gion. La plage de Costa Nova Do Prado, bien que peu am\u00e9nag\u00e9e, demeure tr\u00e8s pris\u00e9e. Ses dunes de sable blanc offrent un havre de paix, id\u00e9al pour se ressourcer et savourer un moment de tranquillit\u00e9.<\/p>\n<p>En tant que <a href=\"https:\/\/ulysse.com\/news\/plus-beaux-villages-europe-selon-onu-tourism\" target=\"_blank\" rel=\"noopener\">village<\/a> de p\u00eacheurs, il est essentiel de d\u00e9guster du poisson frais dans les restaurants locaux. Vous pourrez y savourer des fruits de mer d\u00e9licieux \u00e0 des prix abordables. Ne manquez pas de faire un arr\u00eat \u00e0 la Marisqueria Costa Nova, une adresse incontournable pour les amateurs de fruits de mer.<\/p>\n<div id=\"attachment_10895\" style=\"width: 1990px\" class=\"wp-caption aligncenter\"><img decoding=\"async\" aria-describedby=\"caption-attachment-10895\" class=\"size-full wp-image-10895\" src=\"https:\/\/discover.ulysse.com\/wp-content\/uploads\/2024\/04\/Le-quartier-de-Costa-Nova-Aveiro-Portugal.jpg\" alt=\"Le quartier de Costa Nova, Aveiro, Portugal\" width=\"1980\" height=\"1200\" srcset=\"https:\/\/ulysse.com\/news\/wp-content\/uploads\/2024\/04\/Le-quartier-de-Costa-Nova-Aveiro-Portugal.jpg 1980w, https:\/\/ulysse.com\/news\/wp-content\/uploads\/2024\/04\/Le-quartier-de-Costa-Nova-Aveiro-Portugal-300x182.jpg 300w, https:\/\/ulysse.com\/news\/wp-content\/uploads\/2024\/04\/Le-quartier-de-Costa-Nova-Aveiro-Portugal-1024x621.jpg 1024w, https:\/\/ulysse.com\/news\/wp-content\/uploads\/2024\/04\/Le-quartier-de-Costa-Nova-Aveiro-Portugal-200x121.jpg 200w, https:\/\/ulysse.com\/news\/wp-content\/uploads\/2024\/04\/Le-quartier-de-Costa-Nova-Aveiro-Portugal-768x465.jpg 768w, https:\/\/ulysse.com\/news\/wp-content\/uploads\/2024\/04\/Le-quartier-de-Costa-Nova-Aveiro-Portugal-1536x931.jpg 1536w\" sizes=\"(max-width: 1980px) 100vw, 1980px\" \/><p id=\"caption-attachment-10895\" class=\"wp-caption-text\">Le quartier de Costa Nova, Aveiro, Portugal<\/p><\/div>\n<h2>Le centre-ville historique d&#8217;Aveiro<\/h2>\n<p>En arrivant au c\u0153ur du centre-ville d&#8217;Aveiro, pr\u00e9parez-vous \u00e0 \u00eatre ensorcel\u00e9 par un festival de couleurs qui anime les fa\u00e7ades et les demeures, ainsi que par la vivacit\u00e9 des barques traditionnelles qui pars\u00e8ment les canaux. Ces Moliceiros, symboles de l&#8217;identit\u00e9 locale, apportent une touche de magie \u00e0 votre journ\u00e9e d\u00e8s qu&#8217;elles apparaissent \u00e0 l&#8217;horizon.<\/p>\n<p>Embarquez pour une aventure envo\u00fbtante le long des canaux, o\u00f9 chaque virage r\u00e9v\u00e8le une architecture \u00e9blouissante et des histoires captivantes, guid\u00e9 par un expert local passionn\u00e9. Pour seulement 7 \u20ac par personne, offrez-vous une escapade de 45 minutes qui \u00e9veillera tous vos sens et laissera des souvenirs imp\u00e9rissables.<\/p>\n<div id=\"attachment_10894\" style=\"width: 1990px\" class=\"wp-caption aligncenter\"><img decoding=\"async\" aria-describedby=\"caption-attachment-10894\" class=\"size-full wp-image-10894\" src=\"https:\/\/discover.ulysse.com\/wp-content\/uploads\/2024\/04\/Centre-ville-dAveiro-Aveiro-Portugal.jpg\" alt=\"Centre-ville d'Aveiro, Aveiro, Portugal\" width=\"1980\" height=\"1200\" srcset=\"https:\/\/ulysse.com\/news\/wp-content\/uploads\/2024\/04\/Centre-ville-dAveiro-Aveiro-Portugal.jpg 1980w, https:\/\/ulysse.com\/news\/wp-content\/uploads\/2024\/04\/Centre-ville-dAveiro-Aveiro-Portugal-300x182.jpg 300w, https:\/\/ulysse.com\/news\/wp-content\/uploads\/2024\/04\/Centre-ville-dAveiro-Aveiro-Portugal-1024x621.jpg 1024w, https:\/\/ulysse.com\/news\/wp-content\/uploads\/2024\/04\/Centre-ville-dAveiro-Aveiro-Portugal-200x121.jpg 200w, https:\/\/ulysse.com\/news\/wp-content\/uploads\/2024\/04\/Centre-ville-dAveiro-Aveiro-Portugal-768x465.jpg 768w, https:\/\/ulysse.com\/news\/wp-content\/uploads\/2024\/04\/Centre-ville-dAveiro-Aveiro-Portugal-1536x931.jpg 1536w\" sizes=\"(max-width: 1980px) 100vw, 1980px\" \/><p id=\"caption-attachment-10894\" class=\"wp-caption-text\">Centre-ville d&#8217;Aveiro, Aveiro, Portugal<\/p><\/div>\n<h2>Les plages d&#8217;Averio<\/h2>\n<p>Cette principaut\u00e9 regorge de plages sauvages \u00e0 perte de vue, parmi elles la plage de Costa Nova se distingue avec ses dunes de sable blanc impressionnantes. Pour y acc\u00e9der, de nombreuses passerelles en bois sont mises \u00e0 disposition, vous invitant \u00e0 une escapade envo\u00fbtante. Une fois sur place, laissez-vous emporter par la magie de l&#8217;instant en vous pr\u00e9lassant dans les bars alentour, savourant un d\u00e9licieux cocktail, ou bien, d\u00e9fiez les vagues en vous adonnant au <a href=\"https:\/\/ulysse.com\/news\/meilleurs-spots-surf-monde\" target=\"_blank\" rel=\"noopener\">surf<\/a>.<\/p>\n<div id=\"attachment_10892\" style=\"width: 1990px\" class=\"wp-caption aligncenter\"><img decoding=\"async\" aria-describedby=\"caption-attachment-10892\" class=\"size-full wp-image-10892\" src=\"https:\/\/discover.ulysse.com\/wp-content\/uploads\/2024\/04\/La-plage-de-Costa-Nova-Aveiro-Portugal.jpg\" alt=\"La plage de Costa Nova, Aveiro, Portugal\" width=\"1980\" height=\"1200\" srcset=\"https:\/\/ulysse.com\/news\/wp-content\/uploads\/2024\/04\/La-plage-de-Costa-Nova-Aveiro-Portugal.jpg 1980w, https:\/\/ulysse.com\/news\/wp-content\/uploads\/2024\/04\/La-plage-de-Costa-Nova-Aveiro-Portugal-300x182.jpg 300w, https:\/\/ulysse.com\/news\/wp-content\/uploads\/2024\/04\/La-plage-de-Costa-Nova-Aveiro-Portugal-1024x621.jpg 1024w, https:\/\/ulysse.com\/news\/wp-content\/uploads\/2024\/04\/La-plage-de-Costa-Nova-Aveiro-Portugal-200x121.jpg 200w, https:\/\/ulysse.com\/news\/wp-content\/uploads\/2024\/04\/La-plage-de-Costa-Nova-Aveiro-Portugal-768x465.jpg 768w, https:\/\/ulysse.com\/news\/wp-content\/uploads\/2024\/04\/La-plage-de-Costa-Nova-Aveiro-Portugal-1536x931.jpg 1536w\" sizes=\"(max-width: 1980px) 100vw, 1980px\" \/><p id=\"caption-attachment-10892\" class=\"wp-caption-text\">La plage de Costa Nova, Aveiro, Portugal<\/p><\/div>\n<p>Pour ceux en qu\u00eate de tranquillit\u00e9 et de s\u00e9r\u00e9nit\u00e9, la plage de Barra s&#8217;impose comme un havre de paix, appr\u00e9ci\u00e9e des familles de Costa Nova pour ses paysages bucoliques, ses falaises et ses criques pittoresques. Pour la rejoindre, suivez simplement le phare d&#8217;Aveiro, car la plage se trouve juste en contrebas de ce monument embl\u00e9matique.<\/p>\n<div id=\"attachment_10893\" style=\"width: 1990px\" class=\"wp-caption aligncenter\"><img decoding=\"async\" aria-describedby=\"caption-attachment-10893\" class=\"size-full wp-image-10893\" src=\"https:\/\/discover.ulysse.com\/wp-content\/uploads\/2024\/04\/La-plage-de-Barra-Aveiro-Portugal.jpg\" alt=\"La plage de Barra, Aveiro, Portugal\" width=\"1980\" height=\"1200\" srcset=\"https:\/\/ulysse.com\/news\/wp-content\/uploads\/2024\/04\/La-plage-de-Barra-Aveiro-Portugal.jpg 1980w, https:\/\/ulysse.com\/news\/wp-content\/uploads\/2024\/04\/La-plage-de-Barra-Aveiro-Portugal-300x182.jpg 300w, https:\/\/ulysse.com\/news\/wp-content\/uploads\/2024\/04\/La-plage-de-Barra-Aveiro-Portugal-1024x621.jpg 1024w, https:\/\/ulysse.com\/news\/wp-content\/uploads\/2024\/04\/La-plage-de-Barra-Aveiro-Portugal-200x121.jpg 200w, https:\/\/ulysse.com\/news\/wp-content\/uploads\/2024\/04\/La-plage-de-Barra-Aveiro-Portugal-768x465.jpg 768w, https:\/\/ulysse.com\/news\/wp-content\/uploads\/2024\/04\/La-plage-de-Barra-Aveiro-Portugal-1536x931.jpg 1536w\" sizes=\"(max-width: 1980px) 100vw, 1980px\" \/><p id=\"caption-attachment-10893\" class=\"wp-caption-text\">La plage de Barra, Aveiro, Portugal<\/p><\/div>\n<p>Parmi les exp\u00e9riences incontournables lors de votre s\u00e9jour, ne manquez pas d&#8217;admirer le coucher de soleil sur la plage. En g\u00e9n\u00e9ral, \u00e0 cette heure, elle se pare d&#8217;une tranquillit\u00e9 envo\u00fbtante, offrant un moment de vie unique et m\u00e9morable, impr\u00e9gn\u00e9 de la beaut\u00e9 naturelle incomparable de l&#8217;endroit.<\/p>\n<p>Avec ses canaux pittoresques, ses maisons color\u00e9es et ses plages tranquilles, Aveiro offre une escapade inoubliable loin de l&#8217;agitation urbaine. Prenez le temps de vous perdre dans ses ruelles pour vraiment capter l&#8217;essence de <a href=\"https:\/\/ulysse.com\/news\/faro-lieux-incontournables-perle-sud-portugal\" target=\"_blank\" rel=\"noopener\">ce joyau portugais<\/a>.<\/p>\n","protected":false},"excerpt":{"rendered":"<p>Pour les voyageurs en qu\u00eate de d\u00e9paysement au Portugal, Aveiro est une ville incontournable, combinant des sites remarquables pour enchanter [&hellip;]<\/p>\n","protected":false},"author":4,"featured_media":10896,"comment_status":"open","ping_status":"closed","sticky":false,"template":"","format":"standard","meta":{"_acf_changed":false,"_sitemap_exclude":false,"_sitemap_priority":"","_sitemap_frequency":"","footnotes":"","rank_math_title":"Aveiro : \u00c0 la d\u00e9couverte de la Venise du Portugal ","rank_math_description":"D\u00e9couvrez Aveiro, la Venise du Portugal, une destination fascinante o\u00f9 l'histoire, la culture et la beaut\u00e9 naturelle se rencontrent harmonieusement.","rank_math_canonical_url":"","rank_math_focus_keyword":"Aveiro,Portugal"},"categories":[3],"tags":[637,14,148,210],"class_list":["post-10836","post","type-post","status-publish","format-standard","has-post-thumbnail","hentry","category-voyage","tag-aveiro","tag-destination","tag-pays","tag-portugal"],"acf":[],"_links":{"self":[{"href":"https:\/\/ulysse.com\/news\/wp-json\/wp\/v2\/posts\/10836","targetHints":{"allow":["GET"]}}],"collection":[{"href":"https:\/\/ulysse.com\/news\/wp-json\/wp\/v2\/posts"}],"about":[{"href":"https:\/\/ulysse.com\/news\/wp-json\/wp\/v2\/types\/post"}],"author":[{"embeddable":true,"href":"https:\/\/ulysse.com\/news\/wp-json\/wp\/v2\/users\/4"}],"replies":[{"embeddable":true,"href":"https:\/\/ulysse.com\/news\/wp-json\/wp\/v2\/comments?post=10836"}],"version-history":[{"count":5,"href":"https:\/\/ulysse.com\/news\/wp-json\/wp\/v2\/posts\/10836\/revisions"}],"predecessor-version":[{"id":10898,"href":"https:\/\/ulysse.com\/news\/wp-json\/wp\/v2\/posts\/10836\/revisions\/10898"}],"wp:featuredmedia":[{"embeddable":true,"href":"https:\/\/ulysse.com\/news\/wp-json\/wp\/v2\/media\/10896"}],"wp:attachment":[{"href":"https:\/\/ulysse.com\/news\/wp-json\/wp\/v2\/media?parent=10836"}],"wp:term":[{"taxonomy":"category","embeddable":true,"href":"https:\/\/ulysse.com\/news\/wp-json\/wp\/v2\/categories?post=10836"},{"taxonomy":"post_tag","embeddable":true,"href":"https:\/\/ulysse.com\/news\/wp-json\/wp\/v2\/tags?post=10836"}],"curies":[{"name":"wp","href":"https:\/\/api.w.org\/{rel}","templated":true}]}}