{"id":10998,"date":"2024-04-07T17:30:34","date_gmt":"2024-04-07T16:30:34","guid":{"rendered":"https:\/\/discover.ulysse.com\/?p=10998"},"modified":"2024-04-07T15:12:56","modified_gmt":"2024-04-07T14:12:56","slug":"atterrissage-urgence-vol-air-france-odeur-de-brule","status":"publish","type":"post","link":"https:\/\/ulysse.com\/news\/atterrissage-urgence-vol-air-france-odeur-de-brule","title":{"rendered":"Atterrissage d&#8217;urgence pour un vol Air France \u00e0 cause d&#8217;une odeur de br\u00fbl\u00e9"},"content":{"rendered":"<p>Un vol Air France reliant Paris et Nice ne s&#8217;est pas d\u00e9roul\u00e9 comme pr\u00e9vu le mardi 2 avril 2024. Apr\u00e8s avoir \u00e9t\u00e9 alert\u00e9 par une odeur inhabituelle \u00e0 bord, l&#8217;\u00e9quipage a d\u00fb demander un atterrissage en urgence. Les passagers ont finalement pu atteindre leur destination finale apr\u00e8s cet \u00e9pisode de frayeur.<\/p>\n<h2>Une odeur de br\u00fbl\u00e9 \u00e0 bord du cockpit<\/h2>\n<p>Les passagers prenant l&#8217;avion ont g\u00e9n\u00e9ralement deux attentes : passer rapidement les contr\u00f4les de s\u00e9curit\u00e9 et un vol tranquille. Cependant, cette derni\u00e8re n&#8217;est pas toujours garantie, m\u00eame en altitude. Ce fut le cas des passagers du vol du 2 avril dernier \u00e0 bord d&#8217;un A318 de la compagnie Air France. L&#8217;avion \u00e9tait destin\u00e9 aux vols de courte et moyenne distance.<\/p>\n<div id=\"attachment_11018\" style=\"width: 1990px\" class=\"wp-caption aligncenter\"><img decoding=\"async\" aria-describedby=\"caption-attachment-11018\" class=\"size-full wp-image-11018\" src=\"https:\/\/discover.ulysse.com\/wp-content\/uploads\/2024\/04\/Un-avion-A318-de-la-compagnie-aerienne-Air-France.jpg\" alt=\"Un avion A318 de la compagnie a\u00e9rienne Air France\" width=\"1980\" height=\"1200\" srcset=\"https:\/\/ulysse.com\/news\/wp-content\/uploads\/2024\/04\/Un-avion-A318-de-la-compagnie-aerienne-Air-France.jpg 1980w, https:\/\/ulysse.com\/news\/wp-content\/uploads\/2024\/04\/Un-avion-A318-de-la-compagnie-aerienne-Air-France-300x182.jpg 300w, https:\/\/ulysse.com\/news\/wp-content\/uploads\/2024\/04\/Un-avion-A318-de-la-compagnie-aerienne-Air-France-1024x621.jpg 1024w, https:\/\/ulysse.com\/news\/wp-content\/uploads\/2024\/04\/Un-avion-A318-de-la-compagnie-aerienne-Air-France-200x121.jpg 200w, https:\/\/ulysse.com\/news\/wp-content\/uploads\/2024\/04\/Un-avion-A318-de-la-compagnie-aerienne-Air-France-768x465.jpg 768w, https:\/\/ulysse.com\/news\/wp-content\/uploads\/2024\/04\/Un-avion-A318-de-la-compagnie-aerienne-Air-France-1536x931.jpg 1536w\" sizes=\"(max-width: 1980px) 100vw, 1980px\" \/><p id=\"caption-attachment-11018\" class=\"wp-caption-text\">Un avion A318 de la compagnie a\u00e9rienne Air France<\/p><\/div>\n<p>Selon les informations relay\u00e9es par le m\u00e9dia <a href=\"https:\/\/actu.fr\/provence-alpes-cote-d-azur\/nice_06088\/aeroport-de-nice-ce-vol-air-france-ne-se-passe-pas-comme-prevu-il-atterrit-d-urgence_60899248.html\" target=\"_blank\" rel=\"noopener\">actu.fr<\/a>, l&#8217;appareil a d\u00e9coll\u00e9 avec 1 h 30 de retard depuis l&#8217;a\u00e9roport Charles-de-Gaulle \u00e0 Paris. En plein vol, une odeur de br\u00fbl\u00e9 a \u00e9t\u00e9 d\u00e9tect\u00e9e par les membres de l&#8217;\u00e9quipage, les incitant \u00e0 lancer un signal. \u00ab <em>L&#8217;\u00e9quipage du vol AF7310 reliant l&#8217;a\u00e9roport de Paris-Charles de Gaulle \u00e0 Nice a demand\u00e9 \u00e0 la tour de contr\u00f4le une priorit\u00e9 d&#8217;atterrissage en raison d&#8217;une odeur de chaleur ressentie \u00e0 bord du cockpit<\/em> \u00bb, a confi\u00e9 Air France \u00e0 la m\u00eame source, ajoutant que \u00ab <em>l&#8217;appareil a atterri en toute s\u00e9curit\u00e9 \u00e0 18 h 48 (heure locale) \u00e0 Nice<\/em> \u00bb.<\/p>\n<blockquote class=\"twitter-tweet\">\n<p dir=\"ltr\" lang=\"en\">\ud83d\udea8Today: Air France flight <a href=\"https:\/\/twitter.com\/hashtag\/AF7310?src=hash&amp;ref_src=twsrc%5Etfw\" target=\"_blank\" rel=\"noopener\">#AF7310<\/a> from Paris (CDG) to Nice (NCE) declared an emergency during its approach to Nice due to a smell of smoke\/burning in the cockpit via <a href=\"https:\/\/twitter.com\/FlightEmergency?ref_src=twsrc%5Etfw\" target=\"_blank\" rel=\"noopener\">@FlightEmergency<\/a> \u2708\ufe0f<\/p>\n<p>View <a href=\"https:\/\/twitter.com\/hashtag\/AF7310?src=hash&amp;ref_src=twsrc%5Etfw\" target=\"_blank\" rel=\"noopener\">#AF7310<\/a>&#8216;s data at <a href=\"https:\/\/t.co\/DrQgdkl5vs\">https:\/\/t.co\/DrQgdkl5vs<\/a> \ud83d\udcca <a href=\"https:\/\/t.co\/jTN04kKFEl\">pic.twitter.com\/jTN04kKFEl<\/a><\/p>\n<p>\u2014 RadarBox (@RadarBoxCom) <a href=\"https:\/\/twitter.com\/RadarBoxCom\/status\/1775275750557618209?ref_src=twsrc%5Etfw\" target=\"_blank\" rel=\"noopener\">April 2, 2024<\/a><\/p><\/blockquote>\n<p style=\"text-align: left;\"><script async src=\"https:\/\/platform.twitter.com\/widgets.js\" charset=\"utf-8\"><\/script><\/p>\n<h2>Air France pr\u00e9sente ses excuses pour le d\u00e9sagr\u00e9ment<\/h2>\n<p>L&#8217;avion s&#8217;est donc pos\u00e9 \u00e0 l&#8217;a\u00e9roport de <a href=\"https:\/\/ulysse.com\/news\/nice-activites-cote-dazur\" target=\"_blank\" rel=\"noopener\">Nice C\u00f4te d&#8217;Azur<\/a> sans encombre et les passagers ont pu d\u00e9barquer normalement. Cependant, le vol retour pr\u00e9vu au d\u00e9part de Nice \u00e0 18 h 25 et \u00e0 destination de Roissy \u00e0 20 h (vol AF7311) a \u00e9t\u00e9 annul\u00e9. Cela a \u00e9t\u00e9 jug\u00e9 n\u00e9cessaire pour qu&#8217;un contr\u00f4le technique de l&#8217;appareil puisse \u00eatre effectu\u00e9. Des \u00e9quipes de maintenance ont \u00e9t\u00e9 d\u00e9ploy\u00e9es sur place par la compagnie. De plus, les \u00e9quipes sol d&#8217;Air France ont pris en charge les voyageurs.<\/p>\n<p>L&#8217;annulation d&#8217;un vol n&#8217;est jamais une situation agr\u00e9able pour les passagers. Consciente de cela, la compagnie nationale a adress\u00e9 un message aux passagers, regrettant \u00ab<em> les d\u00e9sagr\u00e9ments li\u00e9s \u00e0 cette situation<\/em> \u00bb.\u00a0 Air France a \u00e9galement rappel\u00e9 que \u00ab<em> les \u00e9quipages de la compagnie sont form\u00e9s et entra\u00een\u00e9s r\u00e9guli\u00e8rement pour g\u00e9rer ce type d&#8217;\u00e9v\u00e9nement et que la s\u00e9curit\u00e9 de ses clients et de ses \u00e9quipages est un imp\u00e9ratif absolu<\/em> \u00bb. Pour l&#8217;instant, l&#8217;origine de l&#8217;odeur n&#8217;a pas encore \u00e9t\u00e9 d\u00e9tect\u00e9e.<\/p>\n","protected":false},"excerpt":{"rendered":"<p>Un vol Air France reliant Paris et Nice ne s&#8217;est pas d\u00e9roul\u00e9 comme pr\u00e9vu le mardi 2 avril 2024. Apr\u00e8s [&hellip;]<\/p>\n","protected":false},"author":3,"featured_media":11021,"comment_status":"open","ping_status":"closed","sticky":false,"template":"","format":"standard","meta":{"_acf_changed":false,"_sitemap_exclude":false,"_sitemap_priority":"","_sitemap_frequency":"","footnotes":"","rank_math_title":"Atterrissage d'urgence pour un vol Air France \u00e0 cause d'une odeur de br\u00fbl\u00e9","rank_math_description":"Le vol Air France AF7310 en route de Paris \u00e0 Nice le 2 avril 2024 a effectu\u00e9 un atterrissage d'urgence \u00e0 Nice apr\u00e8s la d\u00e9tection d'une odeur de br\u00fbl\u00e9 dans le cockpit.","rank_math_canonical_url":"","rank_math_focus_keyword":"Air France"},"categories":[3],"tags":[161,35,11],"class_list":["post-10998","post","type-post","status-publish","format-standard","has-post-thumbnail","hentry","category-voyage","tag-air-france","tag-nice","tag-paris"],"acf":[],"_links":{"self":[{"href":"https:\/\/ulysse.com\/news\/wp-json\/wp\/v2\/posts\/10998","targetHints":{"allow":["GET"]}}],"collection":[{"href":"https:\/\/ulysse.com\/news\/wp-json\/wp\/v2\/posts"}],"about":[{"href":"https:\/\/ulysse.com\/news\/wp-json\/wp\/v2\/types\/post"}],"author":[{"embeddable":true,"href":"https:\/\/ulysse.com\/news\/wp-json\/wp\/v2\/users\/3"}],"replies":[{"embeddable":true,"href":"https:\/\/ulysse.com\/news\/wp-json\/wp\/v2\/comments?post=10998"}],"version-history":[{"count":9,"href":"https:\/\/ulysse.com\/news\/wp-json\/wp\/v2\/posts\/10998\/revisions"}],"predecessor-version":[{"id":11024,"href":"https:\/\/ulysse.com\/news\/wp-json\/wp\/v2\/posts\/10998\/revisions\/11024"}],"wp:featuredmedia":[{"embeddable":true,"href":"https:\/\/ulysse.com\/news\/wp-json\/wp\/v2\/media\/11021"}],"wp:attachment":[{"href":"https:\/\/ulysse.com\/news\/wp-json\/wp\/v2\/media?parent=10998"}],"wp:term":[{"taxonomy":"category","embeddable":true,"href":"https:\/\/ulysse.com\/news\/wp-json\/wp\/v2\/categories?post=10998"},{"taxonomy":"post_tag","embeddable":true,"href":"https:\/\/ulysse.com\/news\/wp-json\/wp\/v2\/tags?post=10998"}],"curies":[{"name":"wp","href":"https:\/\/api.w.org\/{rel}","templated":true}]}}