{"id":13472,"date":"2024-05-11T11:30:37","date_gmt":"2024-05-11T10:30:37","guid":{"rendered":"https:\/\/discover.ulysse.com\/?p=13472"},"modified":"2024-05-11T10:02:54","modified_gmt":"2024-05-11T09:02:54","slug":"quartiers-mythiques-milan","status":"publish","type":"post","link":"https:\/\/ulysse.com\/news\/quartiers-mythiques-milan","title":{"rendered":"Un voyage \u00e0 travers les quartiers mythiques de Milan"},"content":{"rendered":"<p>Consid\u00e9r\u00e9e comme l&#8217;une des capitales mondiales de la mode, Milan, la capitale \u00e9conomique d&#8217;Italie, est une ville sophistiqu\u00e9e qui incarne \u00e0 la fois la modernit\u00e9 et l&#8217;histoire riche du pays. Au-del\u00e0 des meilleures adresses de shopping, la ville est c\u00e9l\u00e8bre pour ses quartiers qui abritent des sites historiques, des mus\u00e9es et des restaurants embl\u00e9matiques. D\u00e9couvrez les meilleurs quartiers qui vous feront tomber sous le charme de la vie milanaise.<\/p>\n<h2 id=\"navigli-le-quartier-en-vogue-pour-sortir\"><span id=\"Le_quartier_Navigli\">Navigli<\/span><\/h2>\n<p>Surnomm\u00e9 le \u00ab quartier des canaux \u00bb, Navigli est aujourd&#8217;hui l&#8217;un des quartiers les plus branch\u00e9s de Milan. Connu pour sa vie nocturne tr\u00e8s anim\u00e9e, il est le lieu de pr\u00e9dilection des locaux qui s&#8217;y retrouvent pour siroter un verre ou manger un petit bout. Ce quartier regorge de boutiques, de restaurants et de sites d&#8217;int\u00e9r\u00eats, offrant une immersion fascinante dans la culture milanaise authentique.<\/p>\n<p>Navigli abrite deux sites remarquables qui m\u00e9ritent d&#8217;\u00eatre d\u00e9couverts : la Basilica di San Lorenzo et la Basilica Sant Eustorgio. Ne manquez pas non plus de visiter le Backdoor 43, reconnu comme le plus petit bar du monde situ\u00e9 dans ce quartier.<\/p>\n<div id=\"attachment_13662\" style=\"width: 1990px\" class=\"wp-caption aligncenter\"><img decoding=\"async\" aria-describedby=\"caption-attachment-13662\" class=\"wp-image-13662 size-full\" src=\"https:\/\/discover.ulysse.com\/wp-content\/uploads\/2024\/05\/Le-quartier-de-Navigli-Milan-Italie-.jpg\" alt=\"Le quartier de Navigli, Milan, Italie\" width=\"1980\" height=\"1200\" srcset=\"https:\/\/ulysse.com\/news\/wp-content\/uploads\/2024\/05\/Le-quartier-de-Navigli-Milan-Italie-.jpg 1980w, https:\/\/ulysse.com\/news\/wp-content\/uploads\/2024\/05\/Le-quartier-de-Navigli-Milan-Italie--300x182.jpg 300w, https:\/\/ulysse.com\/news\/wp-content\/uploads\/2024\/05\/Le-quartier-de-Navigli-Milan-Italie--1024x621.jpg 1024w, https:\/\/ulysse.com\/news\/wp-content\/uploads\/2024\/05\/Le-quartier-de-Navigli-Milan-Italie--200x121.jpg 200w, https:\/\/ulysse.com\/news\/wp-content\/uploads\/2024\/05\/Le-quartier-de-Navigli-Milan-Italie--768x465.jpg 768w, https:\/\/ulysse.com\/news\/wp-content\/uploads\/2024\/05\/Le-quartier-de-Navigli-Milan-Italie--1536x931.jpg 1536w\" sizes=\"(max-width: 1980px) 100vw, 1980px\" \/><p id=\"caption-attachment-13662\" class=\"wp-caption-text\">Le quartier des Navigli, Milan, Italie<\/p><\/div>\n<h2 id=\"porta-venezia-pour-les-jeunes\">Porta Venezia<\/h2>\n<p>Si vous souhaitez s\u00e9journer dans l&#8217;un des quartiers les plus fascinants de <a href=\"https:\/\/ulysse.com\/news\/milan-sites-incontournables-metropole-italienne\" target=\"_blank\" rel=\"noopener\">Milan<\/a>, rendez-vous \u00e0 Porta Venezia o\u00f9 vous aurez l&#8217;occasion de d\u00e9couvrir la v\u00e9ritable atmosph\u00e8re milanaise. Situ\u00e9 \u00e0 proximit\u00e9 du centre et non loin de la gare centrale, ce quartier est l&#8217;endroit id\u00e9al pour loger si vous pr\u00e9voyez des excursions vers d&#8217;autres r\u00e9gions italiennes.<\/p>\n<p>Un s\u00e9jour dans ce lieu embl\u00e9matique est une occasion de d\u00e9couvrir le Mus\u00e9e Civique d\u2019Histoire Naturelle et la Galerie d\u2019Art Moderne qui vous plongeront dans la culture et l&#8217;histoire de la ville.<\/p>\n<p>Sur place, vous d\u00e9couvrirez \u00e9galement la Via Senato et Corso Venezia, deux rues riches en boutiques et bo\u00eetes de nuit, sans oublier les jardins Indro Montanelli, un lieu incontournable du quartier.<\/p>\n<div id=\"attachment_13664\" style=\"width: 1990px\" class=\"wp-caption aligncenter\"><img decoding=\"async\" aria-describedby=\"caption-attachment-13664\" class=\"wp-image-13664 size-full\" src=\"https:\/\/discover.ulysse.com\/wp-content\/uploads\/2024\/05\/Le-quartier-de-Porta-Venezia-Milan-Italie-.jpg\" alt=\"Le quartier de Porta Venezia, Milan, Italie\" width=\"1980\" height=\"1200\" srcset=\"https:\/\/ulysse.com\/news\/wp-content\/uploads\/2024\/05\/Le-quartier-de-Porta-Venezia-Milan-Italie-.jpg 1980w, https:\/\/ulysse.com\/news\/wp-content\/uploads\/2024\/05\/Le-quartier-de-Porta-Venezia-Milan-Italie--300x182.jpg 300w, https:\/\/ulysse.com\/news\/wp-content\/uploads\/2024\/05\/Le-quartier-de-Porta-Venezia-Milan-Italie--1024x621.jpg 1024w, https:\/\/ulysse.com\/news\/wp-content\/uploads\/2024\/05\/Le-quartier-de-Porta-Venezia-Milan-Italie--200x121.jpg 200w, https:\/\/ulysse.com\/news\/wp-content\/uploads\/2024\/05\/Le-quartier-de-Porta-Venezia-Milan-Italie--768x465.jpg 768w, https:\/\/ulysse.com\/news\/wp-content\/uploads\/2024\/05\/Le-quartier-de-Porta-Venezia-Milan-Italie--1536x931.jpg 1536w\" sizes=\"(max-width: 1980px) 100vw, 1980px\" \/><p id=\"caption-attachment-13664\" class=\"wp-caption-text\">Le quartier de Porta Venezia, Milan, Italie<\/p><\/div>\n<h2 id=\"brera-pour-les-visites-incontournables-lart\">Brera<\/h2>\n<p>Nich\u00e9 au nord-ouest du centre historique, Brera est un quartier moderne parmi les meilleurs quartiers o\u00f9 <a href=\"https:\/\/ulysse.com\/news\/milan-hotels-centre-capitale-italienne\" target=\"_blank\" rel=\"noopener\">s\u00e9journer \u00e0 Milan<\/a>. Il abonde de boutiques, restaurants et galeries d&#8217;art, notamment la c\u00e9l\u00e8bre Pinacoth\u00e8que de Brera, le mus\u00e9e d&#8217;art le plus important de la ville.<\/p>\n<p>Choisir de loger dans ce quartier signifie \u00eatre \u00e0 c\u00f4t\u00e9 des sites importants de la ville tels que le parc Sempione, le ch\u00e2teau des Sforza et le quartier du Duomo, tous accessibles en seulement quelques minutes de marche \u00e0 pied. Brera est \u00e9galement c\u00e9l\u00e8bre pour son bar historique, le Jamaica, qui a accueilli des personnalit\u00e9s italiennes renomm\u00e9es comme Giuseppe Ungaretti et Lucio Fontana.<\/p>\n<div id=\"attachment_13665\" style=\"width: 1990px\" class=\"wp-caption aligncenter\"><img decoding=\"async\" aria-describedby=\"caption-attachment-13665\" class=\"wp-image-13665 size-full\" src=\"https:\/\/discover.ulysse.com\/wp-content\/uploads\/2024\/05\/Le-quartier-de-Brera-Milan-Italie-.jpg\" alt=\"Le quartier de Brera, Milan, Italie\" width=\"1980\" height=\"1200\" srcset=\"https:\/\/ulysse.com\/news\/wp-content\/uploads\/2024\/05\/Le-quartier-de-Brera-Milan-Italie-.jpg 1980w, https:\/\/ulysse.com\/news\/wp-content\/uploads\/2024\/05\/Le-quartier-de-Brera-Milan-Italie--300x182.jpg 300w, https:\/\/ulysse.com\/news\/wp-content\/uploads\/2024\/05\/Le-quartier-de-Brera-Milan-Italie--1024x621.jpg 1024w, https:\/\/ulysse.com\/news\/wp-content\/uploads\/2024\/05\/Le-quartier-de-Brera-Milan-Italie--200x121.jpg 200w, https:\/\/ulysse.com\/news\/wp-content\/uploads\/2024\/05\/Le-quartier-de-Brera-Milan-Italie--768x465.jpg 768w, https:\/\/ulysse.com\/news\/wp-content\/uploads\/2024\/05\/Le-quartier-de-Brera-Milan-Italie--1536x931.jpg 1536w\" sizes=\"(max-width: 1980px) 100vw, 1980px\" \/><p id=\"caption-attachment-13665\" class=\"wp-caption-text\">Le quartier de Brera, Milan, Italie<\/p><\/div>\n<h2 id=\"porta-romana-quartier-branch-en-pleine-transformation\">Porta Romana<\/h2>\n<p>Situ\u00e9 sur la Piazzale Medaglie d\u2019Oro, Porta Romana est l&#8217;un des quartiers milanais les plus anim\u00e9s de cette ville italienne en journ\u00e9e. Ce lieu sophistiqu\u00e9, impr\u00e9gn\u00e9 d&#8217;une atmosph\u00e8re romaine, est rempli de caf\u00e9s, bars et restaurants, et est r\u00e9put\u00e9 pour ses boutiques de mode et sa gastronomie de haute qualit\u00e9.<\/p>\n<p>Lors de votre visite, ne manquez pas d&#8217;admirer les vestiges des murs espagnols sur la piazzale principale, de go\u00fbter aux d\u00e9licieux sandwichs de Crocetta Panini d\u2019Autore et de visiter la Via Muratori pour d\u00e9couvrir le restaurant Cascina Cuccagna, un des lieux les mieux pr\u00e9serv\u00e9s de la ville.<\/p>\n<div id=\"attachment_13667\" style=\"width: 1990px\" class=\"wp-caption aligncenter\"><img decoding=\"async\" aria-describedby=\"caption-attachment-13667\" class=\"wp-image-13667 size-full\" src=\"https:\/\/discover.ulysse.com\/wp-content\/uploads\/2024\/05\/Le-quartier-de-Porta-Romana-Milan-Italie-.jpg\" alt=\"Le quartier de Porta Romana, Milan, Italie\" width=\"1980\" height=\"1200\" srcset=\"https:\/\/ulysse.com\/news\/wp-content\/uploads\/2024\/05\/Le-quartier-de-Porta-Romana-Milan-Italie-.jpg 1980w, https:\/\/ulysse.com\/news\/wp-content\/uploads\/2024\/05\/Le-quartier-de-Porta-Romana-Milan-Italie--300x182.jpg 300w, https:\/\/ulysse.com\/news\/wp-content\/uploads\/2024\/05\/Le-quartier-de-Porta-Romana-Milan-Italie--1024x621.jpg 1024w, https:\/\/ulysse.com\/news\/wp-content\/uploads\/2024\/05\/Le-quartier-de-Porta-Romana-Milan-Italie--200x121.jpg 200w, https:\/\/ulysse.com\/news\/wp-content\/uploads\/2024\/05\/Le-quartier-de-Porta-Romana-Milan-Italie--768x465.jpg 768w, https:\/\/ulysse.com\/news\/wp-content\/uploads\/2024\/05\/Le-quartier-de-Porta-Romana-Milan-Italie--1536x931.jpg 1536w\" sizes=\"(max-width: 1980px) 100vw, 1980px\" \/><p id=\"caption-attachment-13667\" class=\"wp-caption-text\">Le quartier de Porta Romana, Milan, Italie<\/p><\/div>\n<p>Avec ses quartiers embl\u00e9matiques, <a href=\"https:\/\/ulysse.com\/news\/milan-musees-emblematiques\" target=\"_blank\" rel=\"noopener\">Milan <\/a>offre une exp\u00e9rience exceptionnelle \u00e0 ses visiteurs. Pour une exp\u00e9rience enrichissante, pr\u00e9voyez suffisamment de temps pour visiter ces joyaux milanais, o\u00f9 chaque coin de rue r\u00e9v\u00e8le un tr\u00e9sor de la ville.<\/p>\n","protected":false},"excerpt":{"rendered":"<p>Consid\u00e9r\u00e9e comme l&#8217;une des capitales mondiales de la mode, Milan, la capitale \u00e9conomique d&#8217;Italie, est une ville sophistiqu\u00e9e qui incarne [&hellip;]<\/p>\n","protected":false},"author":4,"featured_media":13746,"comment_status":"open","ping_status":"closed","sticky":false,"template":"","format":"standard","meta":{"_acf_changed":false,"_sitemap_exclude":false,"_sitemap_priority":"","_sitemap_frequency":"","footnotes":"","rank_math_title":"Un voyage \u00e0 travers les quartiers mythiques de Milan ","rank_math_description":"Plongez au c\u0153ur de Milan et d\u00e9couvrez ses quartiers les plus charmants, o\u00f9 histoire et modernit\u00e9 se rencontrent. ","rank_math_canonical_url":"","rank_math_focus_keyword":"Quartier,Milan"},"categories":[3],"tags":[14,170,203,148,571],"class_list":["post-13472","post","type-post","status-publish","format-standard","has-post-thumbnail","hentry","category-voyage","tag-destination","tag-italie","tag-milan","tag-pays","tag-quartier"],"acf":[],"_links":{"self":[{"href":"https:\/\/ulysse.com\/news\/wp-json\/wp\/v2\/posts\/13472","targetHints":{"allow":["GET"]}}],"collection":[{"href":"https:\/\/ulysse.com\/news\/wp-json\/wp\/v2\/posts"}],"about":[{"href":"https:\/\/ulysse.com\/news\/wp-json\/wp\/v2\/types\/post"}],"author":[{"embeddable":true,"href":"https:\/\/ulysse.com\/news\/wp-json\/wp\/v2\/users\/4"}],"replies":[{"embeddable":true,"href":"https:\/\/ulysse.com\/news\/wp-json\/wp\/v2\/comments?post=13472"}],"version-history":[{"count":12,"href":"https:\/\/ulysse.com\/news\/wp-json\/wp\/v2\/posts\/13472\/revisions"}],"predecessor-version":[{"id":13747,"href":"https:\/\/ulysse.com\/news\/wp-json\/wp\/v2\/posts\/13472\/revisions\/13747"}],"wp:featuredmedia":[{"embeddable":true,"href":"https:\/\/ulysse.com\/news\/wp-json\/wp\/v2\/media\/13746"}],"wp:attachment":[{"href":"https:\/\/ulysse.com\/news\/wp-json\/wp\/v2\/media?parent=13472"}],"wp:term":[{"taxonomy":"category","embeddable":true,"href":"https:\/\/ulysse.com\/news\/wp-json\/wp\/v2\/categories?post=13472"},{"taxonomy":"post_tag","embeddable":true,"href":"https:\/\/ulysse.com\/news\/wp-json\/wp\/v2\/tags?post=13472"}],"curies":[{"name":"wp","href":"https:\/\/api.w.org\/{rel}","templated":true}]}}