{"id":14071,"date":"2024-05-15T19:30:50","date_gmt":"2024-05-15T18:30:50","guid":{"rendered":"https:\/\/discover.ulysse.com\/?p=14071"},"modified":"2024-05-15T13:18:27","modified_gmt":"2024-05-15T12:18:27","slug":"plus-beaux-cafes-traditionnels-vienne","status":"publish","type":"post","link":"https:\/\/ulysse.com\/news\/plus-beaux-cafes-traditionnels-vienne","title":{"rendered":"un tour des plus beaux caf\u00e9s traditionnels de Vienne"},"content":{"rendered":"<p>Vous \u00eates amateur de gastronomie et d&#8217;histoire, vous cherchez le plus beau et le plus vieux caf\u00e9 de Vienne, ne cherchez plus. Voici une s\u00e9lection des meilleurs et des somptueux caf\u00e9s traditionnels viennois, le tout dans une ambiance 100 % autrichienne entre \u00e9l\u00e9gance, raffinement et chic.<\/p>\n<h2>Caf\u00e9 Sacher<\/h2>\n<p>Fond\u00e9 en 1876, le caf\u00e9 Sacher est un v\u00e9ritable vestige du patrimoine viennois. L&#8217;invention de la c\u00e9l\u00e8bre Sachertorte revient \u00e0 son cr\u00e9ateur et fondateur, Eduard Sacher, qui d\u00e9tient la recette secr\u00e8te depuis 1832.<\/p>\n<p>Lors de votre visite, unique en son genre, vous pourrez d\u00e9guster un authentique g\u00e2teau au chocolat, pilier de la p\u00e2tisserie autrichienne.<\/p>\n<p>Pour les personnes d\u00e9sirant vivre une exp\u00e9rience typiquement autrichienne, d\u00e9couvrez, tout en savourant un excellent caf\u00e9, le d\u00e9cor \u00e9l\u00e9gant agr\u00e9ment\u00e9 de somptueux lustres, de boiseries sombres datant du si\u00e8cle dernier et de canap\u00e9s rouges, le tout dans une atmosph\u00e8re chaleureuse et accueillante.<\/p>\n<div id=\"attachment_14217\" style=\"width: 1990px\" class=\"wp-caption aligncenter\"><img decoding=\"async\" aria-describedby=\"caption-attachment-14217\" class=\"size-full wp-image-14217\" src=\"https:\/\/discover.ulysse.com\/wp-content\/uploads\/2024\/05\/Cafe-Sacher-Vienne-en-Autriche.jpg\" alt=\"Caf\u00e9 Sacher, Vienne en Autriche\" width=\"1980\" height=\"1200\" srcset=\"https:\/\/ulysse.com\/news\/wp-content\/uploads\/2024\/05\/Cafe-Sacher-Vienne-en-Autriche.jpg 1980w, https:\/\/ulysse.com\/news\/wp-content\/uploads\/2024\/05\/Cafe-Sacher-Vienne-en-Autriche-300x182.jpg 300w, https:\/\/ulysse.com\/news\/wp-content\/uploads\/2024\/05\/Cafe-Sacher-Vienne-en-Autriche-1024x621.jpg 1024w, https:\/\/ulysse.com\/news\/wp-content\/uploads\/2024\/05\/Cafe-Sacher-Vienne-en-Autriche-200x121.jpg 200w, https:\/\/ulysse.com\/news\/wp-content\/uploads\/2024\/05\/Cafe-Sacher-Vienne-en-Autriche-768x465.jpg 768w, https:\/\/ulysse.com\/news\/wp-content\/uploads\/2024\/05\/Cafe-Sacher-Vienne-en-Autriche-1536x931.jpg 1536w\" sizes=\"(max-width: 1980px) 100vw, 1980px\" \/><p id=\"caption-attachment-14217\" class=\"wp-caption-text\">Caf\u00e9 Sacher, Vienne en Autriche<\/p><\/div>\n<h2>Caf\u00e9 Diglas<\/h2>\n<p>Situ\u00e9 en plein centre de la capitale autrichienne, le caf\u00e9 Diglas incarne l&#8217;essence des caf\u00e9s viennois avec son piano diffusant de gracieuses m\u00e9lodies et ses banquettes rouges invitant \u00e0 la d\u00e9tente.<\/p>\n<p>Ce qui a forg\u00e9 la r\u00e9putation de ce caf\u00e9, c&#8217;est la tradition et l&#8217;excellence de ses p\u00e2tisseries faites maison \u00e0 partir de produits frais et locaux, le lieu r\u00eav\u00e9 pour les gourmands.<\/p>\n<p>Les sp\u00e9cialit\u00e9s, comme la Bananenschnitte et le Scheiterhaufen, peuvent \u00eatre d\u00e9gust\u00e9es tout en admirant la cath\u00e9drale Stefansdom, situ\u00e9e juste en face.<\/p>\n<div id=\"attachment_14218\" style=\"width: 1990px\" class=\"wp-caption aligncenter\"><img decoding=\"async\" aria-describedby=\"caption-attachment-14218\" class=\"size-full wp-image-14218\" src=\"https:\/\/discover.ulysse.com\/wp-content\/uploads\/2024\/05\/Cafe-Diglas-Vienne-en-Autriche.jpg\" alt=\"Caf\u00e9 Diglas, Vienne en Autriche\" width=\"1980\" height=\"1200\" srcset=\"https:\/\/ulysse.com\/news\/wp-content\/uploads\/2024\/05\/Cafe-Diglas-Vienne-en-Autriche.jpg 1980w, https:\/\/ulysse.com\/news\/wp-content\/uploads\/2024\/05\/Cafe-Diglas-Vienne-en-Autriche-300x182.jpg 300w, https:\/\/ulysse.com\/news\/wp-content\/uploads\/2024\/05\/Cafe-Diglas-Vienne-en-Autriche-1024x621.jpg 1024w, https:\/\/ulysse.com\/news\/wp-content\/uploads\/2024\/05\/Cafe-Diglas-Vienne-en-Autriche-200x121.jpg 200w, https:\/\/ulysse.com\/news\/wp-content\/uploads\/2024\/05\/Cafe-Diglas-Vienne-en-Autriche-768x465.jpg 768w, https:\/\/ulysse.com\/news\/wp-content\/uploads\/2024\/05\/Cafe-Diglas-Vienne-en-Autriche-1536x931.jpg 1536w\" sizes=\"(max-width: 1980px) 100vw, 1980px\" \/><p id=\"caption-attachment-14218\" class=\"wp-caption-text\">Caf\u00e9 Diglas, Vienne en Autriche<\/p><\/div>\n<h2>Caf\u00e9 Hawelka<\/h2>\n<p>Le caf\u00e9 Hawelka, qui a conserv\u00e9 l&#8217;identit\u00e9 et l&#8217;\u00e2me des ann\u00e9es 1930, vous plonge dans le pass\u00e9 gr\u00e2ce \u00e0 ses boiseries et ses lustres. C&#8217;est un lieu incontournable \u00e0 ne pas manquer lors de votre s\u00e9jour \u00e0 Vienne.<\/p>\n<p>Vous y <a href=\"https:\/\/ulysse.com\/news\/meilleures-destinations-amateurs-cafe\" target=\"_blank\" rel=\"noopener\">savourerez d&#8217;excellents caf\u00e9s<\/a> et pourrez go\u00fbter \u00e0 de merveilleuses p\u00e2tisseries faites maison tout en apprenant davantage sur la culture et l&#8217;histoire viennoise, car il se trouve dans une petite rue du centre historique de la ville.<\/p>\n<p>De nombreuses personnalit\u00e9s, telles que des acteurs, des \u00e9crivains et des peintres, ont \u00e9t\u00e9 attir\u00e9es par ce petit bijou de la culture viennoise qui a su pr\u00e9server son authenticit\u00e9 au fil des ann\u00e9es.<\/p>\n<div id=\"attachment_14157\" style=\"width: 1990px\" class=\"wp-caption aligncenter\"><img decoding=\"async\" aria-describedby=\"caption-attachment-14157\" class=\"wp-image-14157 size-full\" src=\"https:\/\/discover.ulysse.com\/wp-content\/uploads\/2024\/05\/Hawelka-Vienne-Autriche-.jpg\" alt=\"Hawelka, Vienne, Autriche\" width=\"1980\" height=\"1200\" srcset=\"https:\/\/ulysse.com\/news\/wp-content\/uploads\/2024\/05\/Hawelka-Vienne-Autriche-.jpg 1980w, https:\/\/ulysse.com\/news\/wp-content\/uploads\/2024\/05\/Hawelka-Vienne-Autriche--300x182.jpg 300w, https:\/\/ulysse.com\/news\/wp-content\/uploads\/2024\/05\/Hawelka-Vienne-Autriche--1024x621.jpg 1024w, https:\/\/ulysse.com\/news\/wp-content\/uploads\/2024\/05\/Hawelka-Vienne-Autriche--200x121.jpg 200w, https:\/\/ulysse.com\/news\/wp-content\/uploads\/2024\/05\/Hawelka-Vienne-Autriche--768x465.jpg 768w, https:\/\/ulysse.com\/news\/wp-content\/uploads\/2024\/05\/Hawelka-Vienne-Autriche--1536x931.jpg 1536w\" sizes=\"(max-width: 1980px) 100vw, 1980px\" \/><p id=\"caption-attachment-14157\" class=\"wp-caption-text\">Caf\u00e9 Hawelka, Autriche<\/p><\/div>\n<h2>Caf\u00e9 Landtmann<\/h2>\n<p>Ce joyau du centre-ville \u00e9blouit par son \u00e9l\u00e9gance intemporelle. D\u00e9cor\u00e9 dans un style typiquement autrichien avec de grands miroirs d&#8217;\u00e9poque, il vous transporte vers une \u00e8re r\u00e9volue. Profitez d&#8217;une collation avec vue impressionnante sur le Burgtheater et l&#8217;h\u00f4tel de ville, des sites embl\u00e9matiques de la ville.<\/p>\n<p>Vous pourriez \u00e9galement choisir de siroter votre boisson sur les terrasses et dans les jardins, des lieux id\u00e9aux pour vous immerger dans la culture viennoise.<\/p>\n<p>Ce caf\u00e9 est un exemple classique des caf\u00e9s traditionnels de Vienne et a renforc\u00e9 son image de prestige gr\u00e2ce \u00e0 la fr\u00e9quentation de c\u00e9l\u00e9brit\u00e9s telles qu&#8217;Arthur Schnitzler et Gustav Mahler. Sa client\u00e8le, compos\u00e9e \u00e0 100 % d&#8217;\u00e9l\u00e9gants politiciens et hommes d&#8217;affaires, refl\u00e8te sa proximit\u00e9 avec la mairie et le Parlement.<\/p>\n<div id=\"attachment_14155\" style=\"width: 1990px\" class=\"wp-caption aligncenter\"><img decoding=\"async\" aria-describedby=\"caption-attachment-14155\" class=\"wp-image-14155 size-full\" src=\"https:\/\/discover.ulysse.com\/wp-content\/uploads\/2024\/05\/Landtmann-Vienne-Autriche-.jpg\" alt=\"Landtmann, Vienne, Autriche\" width=\"1980\" height=\"1200\" srcset=\"https:\/\/ulysse.com\/news\/wp-content\/uploads\/2024\/05\/Landtmann-Vienne-Autriche-.jpg 1980w, https:\/\/ulysse.com\/news\/wp-content\/uploads\/2024\/05\/Landtmann-Vienne-Autriche--300x182.jpg 300w, https:\/\/ulysse.com\/news\/wp-content\/uploads\/2024\/05\/Landtmann-Vienne-Autriche--1024x621.jpg 1024w, https:\/\/ulysse.com\/news\/wp-content\/uploads\/2024\/05\/Landtmann-Vienne-Autriche--200x121.jpg 200w, https:\/\/ulysse.com\/news\/wp-content\/uploads\/2024\/05\/Landtmann-Vienne-Autriche--768x465.jpg 768w, https:\/\/ulysse.com\/news\/wp-content\/uploads\/2024\/05\/Landtmann-Vienne-Autriche--1536x931.jpg 1536w\" sizes=\"(max-width: 1980px) 100vw, 1980px\" \/><p id=\"caption-attachment-14155\" class=\"wp-caption-text\">Caf\u00e9 Landtmann, Autriche<\/p><\/div>\n<p>Faites le pas et d\u00e9couvrez par vous-m\u00eame les caf\u00e9s traditionnels de la capitale autrichienne pour forger votre propre opinion sur les traditions de <a href=\"https:\/\/ulysse.com\/news\/voyage-culturel-vienne-musees\" target=\"_blank\" rel=\"noopener\">Vienne<\/a>.<\/p>\n","protected":false},"excerpt":{"rendered":"<p>Vous \u00eates amateur de gastronomie et d&#8217;histoire, vous cherchez le plus beau et le plus vieux caf\u00e9 de Vienne, ne [&hellip;]<\/p>\n","protected":false},"author":4,"featured_media":14219,"comment_status":"open","ping_status":"closed","sticky":false,"template":"","format":"standard","meta":{"_acf_changed":false,"_sitemap_exclude":false,"_sitemap_priority":"","_sitemap_frequency":"","footnotes":"","rank_math_title":"un tour des plus beaux caf\u00e9s traditionnels de Vienne","rank_math_description":"Faites un tour dans les plus beaux caf\u00e9s traditionnels de Vienne, alliant histoire, culture et d\u00e9lices culinaires dans une atmosph\u00e8re authentique.","rank_math_canonical_url":"","rank_math_focus_keyword":"Vienne,Caf\u00e9s traditionnels"},"categories":[3],"tags":[285,745,14,148,284],"class_list":["post-14071","post","type-post","status-publish","format-standard","has-post-thumbnail","hentry","category-voyage","tag-autriche","tag-cafes-traditionnels","tag-destination","tag-pays","tag-vienne"],"acf":[],"_links":{"self":[{"href":"https:\/\/ulysse.com\/news\/wp-json\/wp\/v2\/posts\/14071","targetHints":{"allow":["GET"]}}],"collection":[{"href":"https:\/\/ulysse.com\/news\/wp-json\/wp\/v2\/posts"}],"about":[{"href":"https:\/\/ulysse.com\/news\/wp-json\/wp\/v2\/types\/post"}],"author":[{"embeddable":true,"href":"https:\/\/ulysse.com\/news\/wp-json\/wp\/v2\/users\/4"}],"replies":[{"embeddable":true,"href":"https:\/\/ulysse.com\/news\/wp-json\/wp\/v2\/comments?post=14071"}],"version-history":[{"count":7,"href":"https:\/\/ulysse.com\/news\/wp-json\/wp\/v2\/posts\/14071\/revisions"}],"predecessor-version":[{"id":14267,"href":"https:\/\/ulysse.com\/news\/wp-json\/wp\/v2\/posts\/14071\/revisions\/14267"}],"wp:featuredmedia":[{"embeddable":true,"href":"https:\/\/ulysse.com\/news\/wp-json\/wp\/v2\/media\/14219"}],"wp:attachment":[{"href":"https:\/\/ulysse.com\/news\/wp-json\/wp\/v2\/media?parent=14071"}],"wp:term":[{"taxonomy":"category","embeddable":true,"href":"https:\/\/ulysse.com\/news\/wp-json\/wp\/v2\/categories?post=14071"},{"taxonomy":"post_tag","embeddable":true,"href":"https:\/\/ulysse.com\/news\/wp-json\/wp\/v2\/tags?post=14071"}],"curies":[{"name":"wp","href":"https:\/\/api.w.org\/{rel}","templated":true}]}}