{"id":1467,"date":"2023-12-30T18:00:49","date_gmt":"2023-12-30T17:00:49","guid":{"rendered":"https:\/\/discover.ulysse.com\/?p=1467"},"modified":"2023-12-30T15:56:45","modified_gmt":"2023-12-30T14:56:45","slug":"incroyables-destinations-colorees-monde","status":"publish","type":"post","link":"https:\/\/ulysse.com\/news\/incroyables-destinations-colorees-monde","title":{"rendered":"D\u00e9couvrez les incroyables destinations color\u00e9es du monde !"},"content":{"rendered":"<p>Le monde du tourisme jouit de destinations originales et color\u00e9es qui captivent les \u00e2mes et enchantent les sens. Ces lieux sont de v\u00e9ritables \u0153uvres d&#8217;art qui offrent une exp\u00e9rience visuelle hors du commun, attirant ainsi des milliers de touristes venant des quatre coins du monde pour profiter d&#8217;une immersion chromatique inoubliable. Alors, si comme eux, vous cherchez \u00e0 vivre ce genre d&#8217;exp\u00e9riences uniques et hautes en couleur, d\u00e9couvrez notre s\u00e9lection des destinations de voyage les plus color\u00e9es du monde.<\/p>\n<h2>La Vall\u00e9e des Fleurs<\/h2>\n<p>Nich\u00e9e dans l&#8217;Himalaya, la Vall\u00e9e des Fleurs \u00e9clate de couleurs \u00e9blouissantes. Visitez-la en saison estivale et profitez d&#8217;un paysage alpin qui se m\u00e9tamorphose en un tapis florissant o\u00f9 plusieurs vari\u00e9t\u00e9s de fleurs sauvages, telles que les orchid\u00e9es, les rhododendrons ou encore les gentianes, d\u00e9corent la vall\u00e9e de teintes surprenantes.<\/p>\n<div id=\"attachment_2646\" style=\"width: 1990px\" class=\"wp-caption aligncenter\"><img decoding=\"async\" aria-describedby=\"caption-attachment-2646\" class=\"wp-image-2646 size-full\" src=\"https:\/\/discover.ulysse.com\/wp-content\/uploads\/2023\/12\/La-Vallee-des-Fleurs-Uttarakhand-Inde.jpg\" alt=\"La Vall\u00e9e des Fleurs, Uttarakhand, Inde\" width=\"1980\" height=\"1200\" srcset=\"https:\/\/ulysse.com\/news\/wp-content\/uploads\/2023\/12\/La-Vallee-des-Fleurs-Uttarakhand-Inde.jpg 1980w, https:\/\/ulysse.com\/news\/wp-content\/uploads\/2023\/12\/La-Vallee-des-Fleurs-Uttarakhand-Inde-300x182.jpg 300w, https:\/\/ulysse.com\/news\/wp-content\/uploads\/2023\/12\/La-Vallee-des-Fleurs-Uttarakhand-Inde-1024x621.jpg 1024w, https:\/\/ulysse.com\/news\/wp-content\/uploads\/2023\/12\/La-Vallee-des-Fleurs-Uttarakhand-Inde-200x121.jpg 200w, https:\/\/ulysse.com\/news\/wp-content\/uploads\/2023\/12\/La-Vallee-des-Fleurs-Uttarakhand-Inde-768x465.jpg 768w, https:\/\/ulysse.com\/news\/wp-content\/uploads\/2023\/12\/La-Vallee-des-Fleurs-Uttarakhand-Inde-1536x931.jpg 1536w, https:\/\/ulysse.com\/news\/wp-content\/uploads\/2023\/12\/La-Vallee-des-Fleurs-Uttarakhand-Inde-480x291.jpg 480w\" sizes=\"(max-width: 1980px) 100vw, 1980px\" \/><p id=\"caption-attachment-2646\" class=\"wp-caption-text\">La Vall\u00e9e des Fleurs, Uttarakhand, Inde<\/p><\/div>\n<h2>Burano<\/h2>\n<p>La petite \u00eele v\u00e9nitienne de Burano est une v\u00e9ritable explosion de couleurs pastel qui \u00e9voque un tableau artistique impressionniste. Les fa\u00e7ades des maisons, peintes dans des teintes vibrantes de vert, rose, jaune et bleu, cr\u00e9ent un spectacle visuel fascinant. Baladez-vous le long des canaux de Burano et vivez une exp\u00e9rience picturale haute en couleur.<\/p>\n<div id=\"attachment_2641\" style=\"width: 1990px\" class=\"wp-caption aligncenter\"><img decoding=\"async\" aria-describedby=\"caption-attachment-2641\" class=\"wp-image-2641 size-full\" src=\"https:\/\/discover.ulysse.com\/wp-content\/uploads\/2023\/12\/Burano-Venise-Italie.jpg\" alt=\"Burano, Venise, Italie\" width=\"1980\" height=\"1200\" srcset=\"https:\/\/ulysse.com\/news\/wp-content\/uploads\/2023\/12\/Burano-Venise-Italie.jpg 1980w, https:\/\/ulysse.com\/news\/wp-content\/uploads\/2023\/12\/Burano-Venise-Italie-300x182.jpg 300w, https:\/\/ulysse.com\/news\/wp-content\/uploads\/2023\/12\/Burano-Venise-Italie-1024x621.jpg 1024w, https:\/\/ulysse.com\/news\/wp-content\/uploads\/2023\/12\/Burano-Venise-Italie-200x121.jpg 200w, https:\/\/ulysse.com\/news\/wp-content\/uploads\/2023\/12\/Burano-Venise-Italie-768x465.jpg 768w, https:\/\/ulysse.com\/news\/wp-content\/uploads\/2023\/12\/Burano-Venise-Italie-1536x931.jpg 1536w, https:\/\/ulysse.com\/news\/wp-content\/uploads\/2023\/12\/Burano-Venise-Italie-480x291.jpg 480w\" sizes=\"(max-width: 1980px) 100vw, 1980px\" \/><p id=\"caption-attachment-2641\" class=\"wp-caption-text\">Burano, Venise, Italie<\/p><\/div>\n<h2>La M\u00e9dina Bleue<\/h2>\n<p>Chefchaouen, souvent d\u00e9nomm\u00e9e La Perle Bleue, d\u00e9voile ses ruelles \u00e9troites habill\u00e9es de nuances de bleu apaisantes. <a href=\"https:\/\/discover.ulysse.com\/tanger-lieux-incontournables-ville-explorer\" target=\"_blank\" rel=\"noopener\">Cette ville marocaine<\/a>, lov\u00e9e dans les montagnes rifaines, cr\u00e9e une vue s\u00e9duisante. Les portes, les escaliers et les fa\u00e7ades se rev\u00eatissent de couleurs bleues diff\u00e9rentes, offrant une toile artistique o\u00f9 la couleur et la tradition se marient avec beaucoup d&#8217;\u00e9l\u00e9gance.<\/p>\n<div id=\"attachment_2644\" style=\"width: 1990px\" class=\"wp-caption aligncenter\"><img decoding=\"async\" aria-describedby=\"caption-attachment-2644\" class=\"wp-image-2644 size-full\" src=\"https:\/\/discover.ulysse.com\/wp-content\/uploads\/2023\/12\/La-Medina-Bleue-Chefchaouen-Maroc.jpg\" alt=\"La M\u00e9dina Bleue, Chefchaouen, Maroc\" width=\"1980\" height=\"1200\" srcset=\"https:\/\/ulysse.com\/news\/wp-content\/uploads\/2023\/12\/La-Medina-Bleue-Chefchaouen-Maroc.jpg 1980w, https:\/\/ulysse.com\/news\/wp-content\/uploads\/2023\/12\/La-Medina-Bleue-Chefchaouen-Maroc-300x182.jpg 300w, https:\/\/ulysse.com\/news\/wp-content\/uploads\/2023\/12\/La-Medina-Bleue-Chefchaouen-Maroc-1024x621.jpg 1024w, https:\/\/ulysse.com\/news\/wp-content\/uploads\/2023\/12\/La-Medina-Bleue-Chefchaouen-Maroc-200x121.jpg 200w, https:\/\/ulysse.com\/news\/wp-content\/uploads\/2023\/12\/La-Medina-Bleue-Chefchaouen-Maroc-768x465.jpg 768w, https:\/\/ulysse.com\/news\/wp-content\/uploads\/2023\/12\/La-Medina-Bleue-Chefchaouen-Maroc-1536x931.jpg 1536w, https:\/\/ulysse.com\/news\/wp-content\/uploads\/2023\/12\/La-Medina-Bleue-Chefchaouen-Maroc-480x291.jpg 480w\" sizes=\"(max-width: 1980px) 100vw, 1980px\" \/><p id=\"caption-attachment-2644\" class=\"wp-caption-text\">La M\u00e9dina Bleue, Chefchaouen, Maroc<\/p><\/div>\n<h2>La Havane<\/h2>\n<p>Visitez la Havane, capitale de Cuba, pour y d\u00e9couvrir une atmosph\u00e8re tropicale gr\u00e2ce aux b\u00e2timents color\u00e9s qui refl\u00e8tent l&#8217;histoire vibrante de la ville. Les tons vifs et pastel adoucissent l&#8217;ambiance tropicale, cr\u00e9ant une toile urbaine tr\u00e8s originale.<\/p>\n<div id=\"attachment_2643\" style=\"width: 1990px\" class=\"wp-caption aligncenter\"><img decoding=\"async\" aria-describedby=\"caption-attachment-2643\" class=\"wp-image-2643 size-full\" src=\"https:\/\/discover.ulysse.com\/wp-content\/uploads\/2023\/12\/La-Havane-a-Cuba.jpg\" alt=\"La Havane \u00e0 Cuba\" width=\"1980\" height=\"1200\" srcset=\"https:\/\/ulysse.com\/news\/wp-content\/uploads\/2023\/12\/La-Havane-a-Cuba.jpg 1980w, https:\/\/ulysse.com\/news\/wp-content\/uploads\/2023\/12\/La-Havane-a-Cuba-300x182.jpg 300w, https:\/\/ulysse.com\/news\/wp-content\/uploads\/2023\/12\/La-Havane-a-Cuba-1024x621.jpg 1024w, https:\/\/ulysse.com\/news\/wp-content\/uploads\/2023\/12\/La-Havane-a-Cuba-200x121.jpg 200w, https:\/\/ulysse.com\/news\/wp-content\/uploads\/2023\/12\/La-Havane-a-Cuba-768x465.jpg 768w, https:\/\/ulysse.com\/news\/wp-content\/uploads\/2023\/12\/La-Havane-a-Cuba-1536x931.jpg 1536w, https:\/\/ulysse.com\/news\/wp-content\/uploads\/2023\/12\/La-Havane-a-Cuba-480x291.jpg 480w\" sizes=\"(max-width: 1980px) 100vw, 1980px\" \/><p id=\"caption-attachment-2643\" class=\"wp-caption-text\">La Havane \u00e0 Cuba<\/p><\/div>\n<h2>Le jardin de Giverny<\/h2>\n<p>Le jardin de Giverny offre une exp\u00e9rience sensorielle unique, transformant votre voyage en une aventure visuelle sans nom. Embarquez pour une escapade artistique o\u00f9 la couleur devient le fil conducteur d&#8217;une exploration sophistiqu\u00e9e et s\u00e9duisante.<\/p>\n<div id=\"attachment_2647\" style=\"width: 1990px\" class=\"wp-caption aligncenter\"><img decoding=\"async\" aria-describedby=\"caption-attachment-2647\" class=\"wp-image-2647 size-full\" src=\"https:\/\/discover.ulysse.com\/wp-content\/uploads\/2023\/12\/Le-jardin-de-Giverny-Normandie-France.jpg\" alt=\"Le jardin de Giverny, Normandie, France\" width=\"1980\" height=\"1200\" srcset=\"https:\/\/ulysse.com\/news\/wp-content\/uploads\/2023\/12\/Le-jardin-de-Giverny-Normandie-France.jpg 1980w, https:\/\/ulysse.com\/news\/wp-content\/uploads\/2023\/12\/Le-jardin-de-Giverny-Normandie-France-300x182.jpg 300w, https:\/\/ulysse.com\/news\/wp-content\/uploads\/2023\/12\/Le-jardin-de-Giverny-Normandie-France-1024x621.jpg 1024w, https:\/\/ulysse.com\/news\/wp-content\/uploads\/2023\/12\/Le-jardin-de-Giverny-Normandie-France-200x121.jpg 200w, https:\/\/ulysse.com\/news\/wp-content\/uploads\/2023\/12\/Le-jardin-de-Giverny-Normandie-France-768x465.jpg 768w, https:\/\/ulysse.com\/news\/wp-content\/uploads\/2023\/12\/Le-jardin-de-Giverny-Normandie-France-1536x931.jpg 1536w, https:\/\/ulysse.com\/news\/wp-content\/uploads\/2023\/12\/Le-jardin-de-Giverny-Normandie-France-480x291.jpg 480w\" sizes=\"(max-width: 1980px) 100vw, 1980px\" \/><p id=\"caption-attachment-2647\" class=\"wp-caption-text\">Le jardin de Giverny, Normandie, France<\/p><\/div>\n<h2>Guatap\u00e9<\/h2>\n<p>Guatap\u00e9, en Colombie, est c\u00e9l\u00e8bre pour ses Z\u00f3calos, des bas-reliefs color\u00e9s qui ornent les fa\u00e7ades des maisons. Chaque Z\u00f3calo raconte une histoire unique cr\u00e9ant une fresque visuelle unique qui donne vie \u00e0 cette ville.<\/p>\n<div id=\"attachment_2642\" style=\"width: 1990px\" class=\"wp-caption aligncenter\"><img decoding=\"async\" aria-describedby=\"caption-attachment-2642\" class=\"wp-image-2642 size-full\" src=\"https:\/\/discover.ulysse.com\/wp-content\/uploads\/2023\/12\/Guatape-Colombie.jpg\" alt=\"Guatap\u00e9, Colombie\" width=\"1980\" height=\"1200\" srcset=\"https:\/\/ulysse.com\/news\/wp-content\/uploads\/2023\/12\/Guatape-Colombie.jpg 1980w, https:\/\/ulysse.com\/news\/wp-content\/uploads\/2023\/12\/Guatape-Colombie-300x182.jpg 300w, https:\/\/ulysse.com\/news\/wp-content\/uploads\/2023\/12\/Guatape-Colombie-1024x621.jpg 1024w, https:\/\/ulysse.com\/news\/wp-content\/uploads\/2023\/12\/Guatape-Colombie-200x121.jpg 200w, https:\/\/ulysse.com\/news\/wp-content\/uploads\/2023\/12\/Guatape-Colombie-768x465.jpg 768w, https:\/\/ulysse.com\/news\/wp-content\/uploads\/2023\/12\/Guatape-Colombie-1536x931.jpg 1536w, https:\/\/ulysse.com\/news\/wp-content\/uploads\/2023\/12\/Guatape-Colombie-480x291.jpg 480w\" sizes=\"(max-width: 1980px) 100vw, 1980px\" \/><p id=\"caption-attachment-2642\" class=\"wp-caption-text\">Guatap\u00e9, Colombie<\/p><\/div>\n<h2>La Rainbow Mountain<\/h2>\n<p>La montagne Arc-en-ciel, au P\u00e9rou, offre une vue naturelle spectaculaire. Les pigments min\u00e9raux cr\u00e9ent des bandes de couleurs vives qui semblent peintes \u00e0 la main. Juch\u00e9e dans les Andes, cette montagne vous offre une aventure trekking unique o\u00f9 chaque pas r\u00e9v\u00e8le un panorama chromatique \u00e0 couper le souffle.<\/p>\n<div id=\"attachment_2645\" style=\"width: 1990px\" class=\"wp-caption aligncenter\"><img decoding=\"async\" aria-describedby=\"caption-attachment-2645\" class=\"wp-image-2645 size-full\" src=\"https:\/\/discover.ulysse.com\/wp-content\/uploads\/2023\/12\/La-Rainbow-Mountain-les-Andes-Perou.jpg\" alt=\"La Rainbow Mountain, les Andes, P\u00e9rou\" width=\"1980\" height=\"1200\" srcset=\"https:\/\/ulysse.com\/news\/wp-content\/uploads\/2023\/12\/La-Rainbow-Mountain-les-Andes-Perou.jpg 1980w, https:\/\/ulysse.com\/news\/wp-content\/uploads\/2023\/12\/La-Rainbow-Mountain-les-Andes-Perou-300x182.jpg 300w, https:\/\/ulysse.com\/news\/wp-content\/uploads\/2023\/12\/La-Rainbow-Mountain-les-Andes-Perou-1024x621.jpg 1024w, https:\/\/ulysse.com\/news\/wp-content\/uploads\/2023\/12\/La-Rainbow-Mountain-les-Andes-Perou-200x121.jpg 200w, https:\/\/ulysse.com\/news\/wp-content\/uploads\/2023\/12\/La-Rainbow-Mountain-les-Andes-Perou-768x465.jpg 768w, https:\/\/ulysse.com\/news\/wp-content\/uploads\/2023\/12\/La-Rainbow-Mountain-les-Andes-Perou-1536x931.jpg 1536w, https:\/\/ulysse.com\/news\/wp-content\/uploads\/2023\/12\/La-Rainbow-Mountain-les-Andes-Perou-480x291.jpg 480w\" sizes=\"(max-width: 1980px) 100vw, 1980px\" \/><p id=\"caption-attachment-2645\" class=\"wp-caption-text\">La Rainbow Mountain, les Andes, P\u00e9rou<\/p><\/div>\n<h2>Saint-P\u00e9tersbourg<\/h2>\n<p>Saint-P\u00e9tersbourg a de quoi vous impressionner avec l&#8217;harmonie de ses couleurs. Dirigez-vous vers le Palais d&#8217;Hiver ou l&#8217;\u00c9glise du Sauveur-sur-le-Sang-Vers\u00e9 et profitez de ces joyaux architecturaux orn\u00e9s de fa\u00e7ades color\u00e9es.<\/p>\n<div id=\"attachment_2649\" style=\"width: 1990px\" class=\"wp-caption aligncenter\"><img decoding=\"async\" aria-describedby=\"caption-attachment-2649\" class=\"wp-image-2649 size-full\" src=\"https:\/\/discover.ulysse.com\/wp-content\/uploads\/2023\/12\/LEglise-du-Sauveur-sur-le-Sang-Verse-Saint-Petersbourg-Russie.jpg\" alt=\"L'\u00c9glise du Sauveur-sur-le-Sang-Vers\u00e9, Saint-P\u00e9tersbourg, Russie\" width=\"1980\" height=\"1200\" srcset=\"https:\/\/ulysse.com\/news\/wp-content\/uploads\/2023\/12\/LEglise-du-Sauveur-sur-le-Sang-Verse-Saint-Petersbourg-Russie.jpg 1980w, https:\/\/ulysse.com\/news\/wp-content\/uploads\/2023\/12\/LEglise-du-Sauveur-sur-le-Sang-Verse-Saint-Petersbourg-Russie-300x182.jpg 300w, https:\/\/ulysse.com\/news\/wp-content\/uploads\/2023\/12\/LEglise-du-Sauveur-sur-le-Sang-Verse-Saint-Petersbourg-Russie-1024x621.jpg 1024w, https:\/\/ulysse.com\/news\/wp-content\/uploads\/2023\/12\/LEglise-du-Sauveur-sur-le-Sang-Verse-Saint-Petersbourg-Russie-200x121.jpg 200w, https:\/\/ulysse.com\/news\/wp-content\/uploads\/2023\/12\/LEglise-du-Sauveur-sur-le-Sang-Verse-Saint-Petersbourg-Russie-768x465.jpg 768w, https:\/\/ulysse.com\/news\/wp-content\/uploads\/2023\/12\/LEglise-du-Sauveur-sur-le-Sang-Verse-Saint-Petersbourg-Russie-1536x931.jpg 1536w, https:\/\/ulysse.com\/news\/wp-content\/uploads\/2023\/12\/LEglise-du-Sauveur-sur-le-Sang-Verse-Saint-Petersbourg-Russie-480x291.jpg 480w\" sizes=\"(max-width: 1980px) 100vw, 1980px\" \/><p id=\"caption-attachment-2649\" class=\"wp-caption-text\">L&#8217;\u00c9glise du Sauveur-sur-le-Sang-Vers\u00e9, Saint-P\u00e9tersbourg, Russie<\/p><\/div>\n<h2>Le Rainbow Village<\/h2>\n<p>Le Rainbow Village est une \u0153uvre d&#8217;art \u00e0 ciel ouvert \u00e0 Ta\u00efwan. Il s&#8217;agit du travail artistique d&#8217;un ancien soldat qui a transform\u00e9 un village ordinaire en un chef-d&#8217;\u0153uvre aux couleurs vives.<\/p>\n<div id=\"attachment_2648\" style=\"width: 1990px\" class=\"wp-caption aligncenter\"><img decoding=\"async\" aria-describedby=\"caption-attachment-2648\" class=\"wp-image-2648 size-full\" src=\"https:\/\/discover.ulysse.com\/wp-content\/uploads\/2023\/12\/Le-Rainbow-Village-Taichung-Taiwan.jpg\" alt=\"Le Rainbow Village, Taichung, Ta\u00efwan\" width=\"1980\" height=\"1200\" srcset=\"https:\/\/ulysse.com\/news\/wp-content\/uploads\/2023\/12\/Le-Rainbow-Village-Taichung-Taiwan.jpg 1980w, https:\/\/ulysse.com\/news\/wp-content\/uploads\/2023\/12\/Le-Rainbow-Village-Taichung-Taiwan-300x182.jpg 300w, https:\/\/ulysse.com\/news\/wp-content\/uploads\/2023\/12\/Le-Rainbow-Village-Taichung-Taiwan-1024x621.jpg 1024w, https:\/\/ulysse.com\/news\/wp-content\/uploads\/2023\/12\/Le-Rainbow-Village-Taichung-Taiwan-200x121.jpg 200w, https:\/\/ulysse.com\/news\/wp-content\/uploads\/2023\/12\/Le-Rainbow-Village-Taichung-Taiwan-768x465.jpg 768w, https:\/\/ulysse.com\/news\/wp-content\/uploads\/2023\/12\/Le-Rainbow-Village-Taichung-Taiwan-1536x931.jpg 1536w, https:\/\/ulysse.com\/news\/wp-content\/uploads\/2023\/12\/Le-Rainbow-Village-Taichung-Taiwan-480x291.jpg 480w\" sizes=\"(max-width: 1980px) 100vw, 1980px\" \/><p id=\"caption-attachment-2648\" class=\"wp-caption-text\">Le Rainbow Village, Taichung, Ta\u00efwan<\/p><\/div>\n","protected":false},"excerpt":{"rendered":"<p>Le monde du tourisme jouit de destinations originales et color\u00e9es qui captivent les \u00e2mes et enchantent les sens. Ces lieux [&hellip;]<\/p>\n","protected":false},"author":3,"featured_media":2653,"comment_status":"open","ping_status":"open","sticky":false,"template":"","format":"standard","meta":{"_acf_changed":false,"_sitemap_exclude":false,"_sitemap_priority":"","_sitemap_frequency":"","footnotes":"","rank_math_title":"D\u00e9couvrez les incroyables destinations color\u00e9es du monde ! ","rank_math_description":"En qu\u00eate d'une destination de voyage color\u00e9e ? D\u00e9couvrez notre s\u00e9lection d\u00e9taill\u00e9e des 10 villes les plus hautes en couleur \u00e0 travers le monde.","rank_math_canonical_url":"","rank_math_focus_keyword":"destination,color\u00e9es"},"categories":[3],"tags":[181,14,148,13],"class_list":["post-1467","post","type-post","status-publish","format-standard","has-post-thumbnail","hentry","category-voyage","tag-couleur","tag-destination","tag-pays","tag-visiter"],"acf":[],"_links":{"self":[{"href":"https:\/\/ulysse.com\/news\/wp-json\/wp\/v2\/posts\/1467","targetHints":{"allow":["GET"]}}],"collection":[{"href":"https:\/\/ulysse.com\/news\/wp-json\/wp\/v2\/posts"}],"about":[{"href":"https:\/\/ulysse.com\/news\/wp-json\/wp\/v2\/types\/post"}],"author":[{"embeddable":true,"href":"https:\/\/ulysse.com\/news\/wp-json\/wp\/v2\/users\/3"}],"replies":[{"embeddable":true,"href":"https:\/\/ulysse.com\/news\/wp-json\/wp\/v2\/comments?post=1467"}],"version-history":[{"count":6,"href":"https:\/\/ulysse.com\/news\/wp-json\/wp\/v2\/posts\/1467\/revisions"}],"predecessor-version":[{"id":2652,"href":"https:\/\/ulysse.com\/news\/wp-json\/wp\/v2\/posts\/1467\/revisions\/2652"}],"wp:featuredmedia":[{"embeddable":true,"href":"https:\/\/ulysse.com\/news\/wp-json\/wp\/v2\/media\/2653"}],"wp:attachment":[{"href":"https:\/\/ulysse.com\/news\/wp-json\/wp\/v2\/media?parent=1467"}],"wp:term":[{"taxonomy":"category","embeddable":true,"href":"https:\/\/ulysse.com\/news\/wp-json\/wp\/v2\/categories?post=1467"},{"taxonomy":"post_tag","embeddable":true,"href":"https:\/\/ulysse.com\/news\/wp-json\/wp\/v2\/tags?post=1467"}],"curies":[{"name":"wp","href":"https:\/\/api.w.org\/{rel}","templated":true}]}}