{"id":14854,"date":"2024-06-11T22:45:43","date_gmt":"2024-06-11T21:45:43","guid":{"rendered":"https:\/\/discover.ulysse.com\/?p=14854"},"modified":"2024-06-11T22:43:03","modified_gmt":"2024-06-11T21:43:03","slug":"voyage-en-toute-serenite-conseils-astuces-patty","status":"publish","type":"post","link":"https:\/\/ulysse.com\/news\/voyage-en-toute-serenite-conseils-astuces-patty","title":{"rendered":"Garantissez un voyage en toute s\u00e9r\u00e9nit\u00e9 gr\u00e2ce aux conseils et astuces de Patty"},"content":{"rendered":"<p>Avec l&#8217;arriv\u00e9e imminente de l&#8217;\u00e9t\u00e9, il est fin temps d&#8217;entamer la pr\u00e9paration de vos futures vacances afin de profiter au maximum de votre s\u00e9jour au soleil. Patricia, connue sous le pseudonyme de Patti Lynn Q, partage, dans des vid\u00e9os publi\u00e9s sur sa cha\u00eene Youtube,\u00a0 son expertise de voyageuse aguerrie en proposant des conseils et des gadgets indispensables pour garantir des vacances en toute tranquillit\u00e9<\/p>\n<h2>Prendre des photos de vos bagages avant de voyager<\/h2>\n<p>Selon la blogueuse, prendre des photos de ses valises avant de les envoyer en soute est une \u00e9tape \u00e0 ne pas n\u00e9gliger. Et pour plus de s\u00e9curit\u00e9, Patricia recommande vivement de <strong>prendre en photo le contenu afin d&#8217;\u00eatre s\u00fbr de n&#8217;avoir rien perdu<\/strong> lors de votre voyage.<\/p>\n<p>En effet, cette pr\u00e9caution permet non seulement de documenter ses affaires en cas de perte ou de vol, mais \u00e9galement de faciliter leur r\u00e9cup\u00e9ration rapide.<\/p>\n<div id=\"attachment_14893\" style=\"width: 1990px\" class=\"wp-caption aligncenter\"><img decoding=\"async\" aria-describedby=\"caption-attachment-14893\" class=\"wp-image-14893 size-full\" src=\"https:\/\/discover.ulysse.com\/wp-content\/uploads\/2024\/05\/Prendre-des-photos-de-vos-bagages-avant-de-voyager.jpg\" alt=\"Prendre des photos de vos bagages avant de voyager\" width=\"1980\" height=\"1200\" srcset=\"https:\/\/ulysse.com\/news\/wp-content\/uploads\/2024\/05\/Prendre-des-photos-de-vos-bagages-avant-de-voyager.jpg 1980w, https:\/\/ulysse.com\/news\/wp-content\/uploads\/2024\/05\/Prendre-des-photos-de-vos-bagages-avant-de-voyager-300x182.jpg 300w, https:\/\/ulysse.com\/news\/wp-content\/uploads\/2024\/05\/Prendre-des-photos-de-vos-bagages-avant-de-voyager-1024x621.jpg 1024w, https:\/\/ulysse.com\/news\/wp-content\/uploads\/2024\/05\/Prendre-des-photos-de-vos-bagages-avant-de-voyager-200x121.jpg 200w, https:\/\/ulysse.com\/news\/wp-content\/uploads\/2024\/05\/Prendre-des-photos-de-vos-bagages-avant-de-voyager-768x465.jpg 768w, https:\/\/ulysse.com\/news\/wp-content\/uploads\/2024\/05\/Prendre-des-photos-de-vos-bagages-avant-de-voyager-1536x931.jpg 1536w\" sizes=\"(max-width: 1980px) 100vw, 1980px\" \/><p id=\"caption-attachment-14893\" class=\"wp-caption-text\">Prendre des photos de vos bagages avant de voyager<\/p><\/div>\n<h2>Choisir une trousse de toilette pratique<\/h2>\n<p>Le rangement peut tr\u00e8s vite devenir probl\u00e9matique en voyage. En effet, ce n&#8217;est pas \u00e9vident de trouver<strong> une trousse de toilette pratique et qui facilite vos d\u00e9placements<\/strong>.<\/p>\n<p>Patricia souligne l&#8217;importance de choisir<strong> une trousse de toilette fonctionnelle<\/strong>, dot\u00e9e de petits pots ou flacons aux dimensions r\u00e9glementaires pour les contr\u00f4les a\u00e9roportuaires.<\/p>\n<div id=\"attachment_14896\" style=\"width: 1990px\" class=\"wp-caption aligncenter\"><img decoding=\"async\" aria-describedby=\"caption-attachment-14896\" class=\"wp-image-14896 size-full\" src=\"https:\/\/discover.ulysse.com\/wp-content\/uploads\/2024\/05\/Choisir-une-trousse-de-toilette-pour-ranger-tous-vos-produits.jpg\" alt=\"Choisir une trousse de toilette pour ranger tous vos produits\" width=\"1980\" height=\"1200\" srcset=\"https:\/\/ulysse.com\/news\/wp-content\/uploads\/2024\/05\/Choisir-une-trousse-de-toilette-pour-ranger-tous-vos-produits.jpg 1980w, https:\/\/ulysse.com\/news\/wp-content\/uploads\/2024\/05\/Choisir-une-trousse-de-toilette-pour-ranger-tous-vos-produits-300x182.jpg 300w, https:\/\/ulysse.com\/news\/wp-content\/uploads\/2024\/05\/Choisir-une-trousse-de-toilette-pour-ranger-tous-vos-produits-1024x621.jpg 1024w, https:\/\/ulysse.com\/news\/wp-content\/uploads\/2024\/05\/Choisir-une-trousse-de-toilette-pour-ranger-tous-vos-produits-200x121.jpg 200w, https:\/\/ulysse.com\/news\/wp-content\/uploads\/2024\/05\/Choisir-une-trousse-de-toilette-pour-ranger-tous-vos-produits-768x465.jpg 768w, https:\/\/ulysse.com\/news\/wp-content\/uploads\/2024\/05\/Choisir-une-trousse-de-toilette-pour-ranger-tous-vos-produits-1536x931.jpg 1536w\" sizes=\"(max-width: 1980px) 100vw, 1980px\" \/><p id=\"caption-attachment-14896\" class=\"wp-caption-text\">Choisir une trousse de toilette pour ranger tous vos produits<\/p><\/div>\n<h2>optimiser l&#8217;espace dans ses bagages<\/h2>\n<p>Nombreuses sont les techniques dans le but d&#8217;optimiser l&#8217;espace dans ses valises. Patricia pr\u00e9conise de <strong>rouler les v\u00eatements plut\u00f4t que de les plier<\/strong>, \u00e9vitant ainsi les plis et gagnant de la place. Cette astuce est, selon elle, l&#8217;une des meilleures.<\/p>\n<p>Une autre technique consiste \u00e0<strong> pr\u00e9parer au pr\u00e9alable des tenues compl\u00e8tes<\/strong> pour vous faciliter l&#8217;organisation une fois arriv\u00e9 \u00e0 votre destination.<\/p>\n<p>L&#8217;astuce r\u00e9volutionnaire, c&#8217;est bien<strong> l&#8217;utilisation des cubes de compression<\/strong>. En effet, avec son exp\u00e9rience dans les voyages, la Youtubeuse vous conseille de les utiliser afin d&#8217;optimiser au maximum l&#8217;espace dans vos valises ; et de gagner plus d&#8217;espace tout en vous assurant d&#8217;avoir un bagage organis\u00e9 et compact.<\/p>\n<div id=\"attachment_14897\" style=\"width: 1990px\" class=\"wp-caption aligncenter\"><img decoding=\"async\" aria-describedby=\"caption-attachment-14897\" class=\"wp-image-14897 size-full\" src=\"https:\/\/discover.ulysse.com\/wp-content\/uploads\/2024\/05\/Bien-organiser-lespace-dans-vos-valises.jpg\" alt=\"Bien organiser l'espace dans vos valises\" width=\"1980\" height=\"1200\" srcset=\"https:\/\/ulysse.com\/news\/wp-content\/uploads\/2024\/05\/Bien-organiser-lespace-dans-vos-valises.jpg 1980w, https:\/\/ulysse.com\/news\/wp-content\/uploads\/2024\/05\/Bien-organiser-lespace-dans-vos-valises-300x182.jpg 300w, https:\/\/ulysse.com\/news\/wp-content\/uploads\/2024\/05\/Bien-organiser-lespace-dans-vos-valises-1024x621.jpg 1024w, https:\/\/ulysse.com\/news\/wp-content\/uploads\/2024\/05\/Bien-organiser-lespace-dans-vos-valises-200x121.jpg 200w, https:\/\/ulysse.com\/news\/wp-content\/uploads\/2024\/05\/Bien-organiser-lespace-dans-vos-valises-768x465.jpg 768w, https:\/\/ulysse.com\/news\/wp-content\/uploads\/2024\/05\/Bien-organiser-lespace-dans-vos-valises-1536x931.jpg 1536w\" sizes=\"(max-width: 1980px) 100vw, 1980px\" \/><p id=\"caption-attachment-14897\" class=\"wp-caption-text\">Bien organiser l&#8217;espace dans vos valises<\/p><\/div>\n<h2>Anticiper les impr\u00e9vus<\/h2>\n<p>Les voyages sont souvent ponctu\u00e9s de m\u00e9saventures. Entre retard ou bien tout autre d\u00e9sagr\u00e9ment lors de <a href=\"https:\/\/ulysse.com\/news\/voyager-petit-prix-astuces-millesvoyages\" target=\"_blank\" rel=\"noopener\">votre voyage<\/a>, vous ferez face \u00e0 de nombreux impr\u00e9vus. Et ce genre de probl\u00e8mes sont tr\u00e8s fr\u00e9quents dans le monde du transport a\u00e9rien.<\/p>\n<p>Afin de garantir le bon d\u00e9roulement de votre voyage et ceci sans al\u00e9as, Patricia recommande de <strong>pr\u00e9voir ses affaires essentielles<\/strong>, comme des v\u00eatements, des collations et des articles de toilette, une semaine avant le d\u00e9part ; cela vous permettra d&#8217;avoir un coup d&#8217;avance si les choses ne se passent pas comme pr\u00e9vu.<\/p>\n<div id=\"attachment_14899\" style=\"width: 1990px\" class=\"wp-caption aligncenter\"><img decoding=\"async\" aria-describedby=\"caption-attachment-14899\" class=\"wp-image-14899 size-full\" src=\"https:\/\/discover.ulysse.com\/wp-content\/uploads\/2024\/05\/Etre-pris-par-une-possible-mesaventure.jpg\" alt=\"\u00catre pris par une possible m\u00e9saventure\" width=\"1980\" height=\"1200\" srcset=\"https:\/\/ulysse.com\/news\/wp-content\/uploads\/2024\/05\/Etre-pris-par-une-possible-mesaventure.jpg 1980w, https:\/\/ulysse.com\/news\/wp-content\/uploads\/2024\/05\/Etre-pris-par-une-possible-mesaventure-300x182.jpg 300w, https:\/\/ulysse.com\/news\/wp-content\/uploads\/2024\/05\/Etre-pris-par-une-possible-mesaventure-1024x621.jpg 1024w, https:\/\/ulysse.com\/news\/wp-content\/uploads\/2024\/05\/Etre-pris-par-une-possible-mesaventure-200x121.jpg 200w, https:\/\/ulysse.com\/news\/wp-content\/uploads\/2024\/05\/Etre-pris-par-une-possible-mesaventure-768x465.jpg 768w, https:\/\/ulysse.com\/news\/wp-content\/uploads\/2024\/05\/Etre-pris-par-une-possible-mesaventure-1536x931.jpg 1536w\" sizes=\"(max-width: 1980px) 100vw, 1980px\" \/><p id=\"caption-attachment-14899\" class=\"wp-caption-text\">\u00catre pris par une possible m\u00e9saventure<\/p><\/div>\n<h2>\u00c9tiquetez vos bagages<\/h2>\n<p>Bien que cela puisse sembler trivial,<strong> \u00e9tiqueter ses bagages avec ses coordonn\u00e9es est crucial<\/strong>. La Youtubeuse sugg\u00e8re \u00e9galement d&#8217;ajouter, par pr\u00e9caution,<strong> un morceau de papier avec ses informations \u00e0 l&#8217;int\u00e9rieur de la valise<\/strong> pour une identification double en cas de perte de l&#8217;\u00e9tiquette ext\u00e9rieure.<\/p>\n<div id=\"attachment_14900\" style=\"width: 1990px\" class=\"wp-caption aligncenter\"><img decoding=\"async\" aria-describedby=\"caption-attachment-14900\" class=\"wp-image-14900 size-full\" src=\"https:\/\/discover.ulysse.com\/wp-content\/uploads\/2024\/05\/Etiquetez-vos-bagages.jpg\" alt=\"\u00c9tiquetez vos bagages\" width=\"1980\" height=\"1200\" srcset=\"https:\/\/ulysse.com\/news\/wp-content\/uploads\/2024\/05\/Etiquetez-vos-bagages.jpg 1980w, https:\/\/ulysse.com\/news\/wp-content\/uploads\/2024\/05\/Etiquetez-vos-bagages-300x182.jpg 300w, https:\/\/ulysse.com\/news\/wp-content\/uploads\/2024\/05\/Etiquetez-vos-bagages-1024x621.jpg 1024w, https:\/\/ulysse.com\/news\/wp-content\/uploads\/2024\/05\/Etiquetez-vos-bagages-200x121.jpg 200w, https:\/\/ulysse.com\/news\/wp-content\/uploads\/2024\/05\/Etiquetez-vos-bagages-768x465.jpg 768w, https:\/\/ulysse.com\/news\/wp-content\/uploads\/2024\/05\/Etiquetez-vos-bagages-1536x931.jpg 1536w\" sizes=\"(max-width: 1980px) 100vw, 1980px\" \/><p id=\"caption-attachment-14900\" class=\"wp-caption-text\">\u00c9tiquetez vos bagages<\/p><\/div>\n<p>Pour les \u00e2mes cr\u00e9atives,<strong> vous pouvez personnaliser vos valises<\/strong> avec des autocollants, des pompons ou tout autre type d&#8217;accessoires qui vous permettra de les reconna\u00eetre facilement. <strong>Cela \u00e9vitera toute confusion lors de la r\u00e9ception de vos bagages<\/strong>.<\/p>\n<p><iframe loading=\"lazy\" title=\"MEILLEURS GADGETS &amp; ASTUCES DE VOYAGE | Pourquoi on ne me l&#039;a pas dit plus t\u00f4t?! \ud83d\ude31\" width=\"500\" height=\"281\" src=\"https:\/\/www.youtube.com\/embed\/z1fxszgeX-s?feature=oembed\" frameborder=\"0\" allow=\"accelerometer; autoplay; clipboard-write; encrypted-media; gyroscope; picture-in-picture; web-share\" referrerpolicy=\"strict-origin-when-cross-origin\" allowfullscreen><\/iframe><\/p>\n<p>Une bonne pr\u00e9paration et l&#8217;\u00e9quipement ad\u00e9quat sont les cl\u00e9s pour <a href=\"https:\/\/ulysse.com\/news\/5-destinations-europeennes-vacances-loin-foule-selon-european-best-destinations\" target=\"_blank\" rel=\"noopener\">des vacances<\/a> sans souci, o\u00f9 que vous alliez. Suivez ces conseils avis\u00e9s pour garantir un s\u00e9jour en toute s\u00e9r\u00e9nit\u00e9.<\/p>\n","protected":false},"excerpt":{"rendered":"<p>Avec l&#8217;arriv\u00e9e imminente de l&#8217;\u00e9t\u00e9, il est fin temps d&#8217;entamer la pr\u00e9paration de vos futures vacances afin de profiter au [&hellip;]<\/p>\n","protected":false},"author":4,"featured_media":16073,"comment_status":"open","ping_status":"closed","sticky":false,"template":"","format":"standard","meta":{"_acf_changed":false,"_sitemap_exclude":false,"_sitemap_priority":"","_sitemap_frequency":"","footnotes":"","rank_math_title":"Garantissez un voyage en toute s\u00e9r\u00e9nit\u00e9 gr\u00e2ce aux conseils et astuces de Patty","rank_math_description":"La saison des voyages est ouverte avec l'arriv\u00e9e du beau temps. Pr\u00e9parez-vous \u00e0 voyager en toute tranquillit\u00e9 avec les astuces expertes de Patty.","rank_math_canonical_url":"","rank_math_focus_keyword":"voyage,conseils,astuces"},"categories":[3],"tags":[602,14,148,189,79],"class_list":["post-14854","post","type-post","status-publish","format-standard","has-post-thumbnail","hentry","category-voyage","tag-conseils-voyage","tag-destination","tag-pays","tag-sejour","tag-voyage"],"acf":[],"_links":{"self":[{"href":"https:\/\/ulysse.com\/news\/wp-json\/wp\/v2\/posts\/14854","targetHints":{"allow":["GET"]}}],"collection":[{"href":"https:\/\/ulysse.com\/news\/wp-json\/wp\/v2\/posts"}],"about":[{"href":"https:\/\/ulysse.com\/news\/wp-json\/wp\/v2\/types\/post"}],"author":[{"embeddable":true,"href":"https:\/\/ulysse.com\/news\/wp-json\/wp\/v2\/users\/4"}],"replies":[{"embeddable":true,"href":"https:\/\/ulysse.com\/news\/wp-json\/wp\/v2\/comments?post=14854"}],"version-history":[{"count":6,"href":"https:\/\/ulysse.com\/news\/wp-json\/wp\/v2\/posts\/14854\/revisions"}],"predecessor-version":[{"id":16077,"href":"https:\/\/ulysse.com\/news\/wp-json\/wp\/v2\/posts\/14854\/revisions\/16077"}],"wp:featuredmedia":[{"embeddable":true,"href":"https:\/\/ulysse.com\/news\/wp-json\/wp\/v2\/media\/16073"}],"wp:attachment":[{"href":"https:\/\/ulysse.com\/news\/wp-json\/wp\/v2\/media?parent=14854"}],"wp:term":[{"taxonomy":"category","embeddable":true,"href":"https:\/\/ulysse.com\/news\/wp-json\/wp\/v2\/categories?post=14854"},{"taxonomy":"post_tag","embeddable":true,"href":"https:\/\/ulysse.com\/news\/wp-json\/wp\/v2\/tags?post=14854"}],"curies":[{"name":"wp","href":"https:\/\/api.w.org\/{rel}","templated":true}]}}