{"id":1494,"date":"2023-12-22T21:00:41","date_gmt":"2023-12-22T20:00:41","guid":{"rendered":"https:\/\/discover.ulysse.com\/?p=1494"},"modified":"2023-12-22T20:45:44","modified_gmt":"2023-12-22T19:45:44","slug":"decouvrez-volcans-epoustouflants-europe","status":"publish","type":"post","link":"https:\/\/ulysse.com\/news\/decouvrez-volcans-epoustouflants-europe","title":{"rendered":"D\u00e9couvrez les volcans les plus \u00e9poustouflants d&#8217;Europe !"},"content":{"rendered":"<p>L&#8217;Europe, cette destination de voyage pris\u00e9e par les touristes \u00e0 travers le monde, gr\u00e2ce \u00e0 sa richesse historique et culturelle, est \u00e9galement t\u00e9moin d&#8217;un ph\u00e9nom\u00e8ne naturel tr\u00e8s convoit\u00e9 par plusieurs visiteurs chaque ann\u00e9e ; le volcan. En plus de jouir de paysages naturels \u00e0 couper le souffle, l&#8217;Europe poss\u00e8de une puissance tellurique qui somnole en elle. En effet, les volcans, ces majestueux ph\u00e9nom\u00e8nes naturels t\u00e9moins de la force incroyable de la nature, offrent des spectacles \u00e9poustouflants et des vues panoramiques sans nom. D\u00e9couvrez \u00e0 travers notre article les dix volcans les plus impressionnants d&#8217;Europe.<\/p>\n<h2>Le Stromboli<\/h2>\n<p>Au nord de la Sicile, l&#8217;\u00eele de Stromboli abrite un joyau volcanique impressionnant. Semblable \u00e0 une sentinelle surveillant les horizons, le Stromboli est renomm\u00e9 pour ses \u00e9ruptions quasi-constantes. Les touristes les plus braves peuvent s&#8217;aventurer \u00e0 gravir ses pentes pour profiter de vues \u00e9poustouflantes.<\/p>\n<div id=\"attachment_1996\" style=\"width: 1990px\" class=\"wp-caption aligncenter\"><img decoding=\"async\" aria-describedby=\"caption-attachment-1996\" class=\"wp-image-1996 size-full\" src=\"https:\/\/discover.ulysse.com\/wp-content\/uploads\/2023\/12\/Le-Stromboli-iles-Eoliennes-Italie.jpg\" alt=\"Le Stromboli, \u00eeles \u00c9oliennes, Italie\" width=\"1980\" height=\"1200\" srcset=\"https:\/\/ulysse.com\/news\/wp-content\/uploads\/2023\/12\/Le-Stromboli-iles-Eoliennes-Italie.jpg 1980w, https:\/\/ulysse.com\/news\/wp-content\/uploads\/2023\/12\/Le-Stromboli-iles-Eoliennes-Italie-300x182.jpg 300w, https:\/\/ulysse.com\/news\/wp-content\/uploads\/2023\/12\/Le-Stromboli-iles-Eoliennes-Italie-1024x621.jpg 1024w, https:\/\/ulysse.com\/news\/wp-content\/uploads\/2023\/12\/Le-Stromboli-iles-Eoliennes-Italie-200x121.jpg 200w, https:\/\/ulysse.com\/news\/wp-content\/uploads\/2023\/12\/Le-Stromboli-iles-Eoliennes-Italie-768x465.jpg 768w, https:\/\/ulysse.com\/news\/wp-content\/uploads\/2023\/12\/Le-Stromboli-iles-Eoliennes-Italie-1536x931.jpg 1536w, https:\/\/ulysse.com\/news\/wp-content\/uploads\/2023\/12\/Le-Stromboli-iles-Eoliennes-Italie-480x291.jpg 480w\" sizes=\"(max-width: 1980px) 100vw, 1980px\" \/><p id=\"caption-attachment-1996\" class=\"wp-caption-text\">Le Stromboli, \u00eeles \u00c9oliennes, Italie<\/p><\/div>\n<h2>La Cha\u00eene des Puys<\/h2>\n<p>Situ\u00e9e en France, plus pr\u00e9cis\u00e9ment en Auvergne, la Chaine des Puys vous procure une perspective impressionnante sur une succession de volcans align\u00e9s. Cette all\u00e9e offre une diversit\u00e9 de paysages dont chaque sommet raconte une histoire.<\/p>\n<div id=\"attachment_1990\" style=\"width: 1990px\" class=\"wp-caption aligncenter\"><img decoding=\"async\" aria-describedby=\"caption-attachment-1990\" class=\"wp-image-1990 size-full\" src=\"https:\/\/discover.ulysse.com\/wp-content\/uploads\/2023\/12\/La-Chaine-des-Puys-Auvergnes-France.jpg\" alt=\"La Cha\u00eene des Puys, Auvergnes, France\" width=\"1980\" height=\"1200\" srcset=\"https:\/\/ulysse.com\/news\/wp-content\/uploads\/2023\/12\/La-Chaine-des-Puys-Auvergnes-France.jpg 1980w, https:\/\/ulysse.com\/news\/wp-content\/uploads\/2023\/12\/La-Chaine-des-Puys-Auvergnes-France-300x182.jpg 300w, https:\/\/ulysse.com\/news\/wp-content\/uploads\/2023\/12\/La-Chaine-des-Puys-Auvergnes-France-1024x621.jpg 1024w, https:\/\/ulysse.com\/news\/wp-content\/uploads\/2023\/12\/La-Chaine-des-Puys-Auvergnes-France-200x121.jpg 200w, https:\/\/ulysse.com\/news\/wp-content\/uploads\/2023\/12\/La-Chaine-des-Puys-Auvergnes-France-768x465.jpg 768w, https:\/\/ulysse.com\/news\/wp-content\/uploads\/2023\/12\/La-Chaine-des-Puys-Auvergnes-France-1536x931.jpg 1536w, https:\/\/ulysse.com\/news\/wp-content\/uploads\/2023\/12\/La-Chaine-des-Puys-Auvergnes-France-480x291.jpg 480w\" sizes=\"(max-width: 1980px) 100vw, 1980px\" \/><p id=\"caption-attachment-1990\" class=\"wp-caption-text\">La Cha\u00eene des Puys, Auvergnes, France<\/p><\/div>\n<h2>Le Teide<\/h2>\n<p>Situ\u00e9 au beau milieu de l&#8217;\u00eele de Tenerife, le Teide se dresse comme le point culminant d&#8217;Espagne. Ce volcan en sommeille, recouvert de neige en hiver, offre une vue impressionnante. Les touristes peuvent s&#8217;aventurer \u00e0 travers les formations rocheuses et admirer des paysages volcaniques uniques.<\/p>\n<div id=\"attachment_1997\" style=\"width: 1990px\" class=\"wp-caption aligncenter\"><img decoding=\"async\" aria-describedby=\"caption-attachment-1997\" class=\"wp-image-1997 size-full\" src=\"https:\/\/discover.ulysse.com\/wp-content\/uploads\/2023\/12\/Le-Teide-Tenerife-Espagne.jpg\" alt=\"Le Teide, Tenerife, Espagne\" width=\"1980\" height=\"1200\" srcset=\"https:\/\/ulysse.com\/news\/wp-content\/uploads\/2023\/12\/Le-Teide-Tenerife-Espagne.jpg 1980w, https:\/\/ulysse.com\/news\/wp-content\/uploads\/2023\/12\/Le-Teide-Tenerife-Espagne-300x182.jpg 300w, https:\/\/ulysse.com\/news\/wp-content\/uploads\/2023\/12\/Le-Teide-Tenerife-Espagne-1024x621.jpg 1024w, https:\/\/ulysse.com\/news\/wp-content\/uploads\/2023\/12\/Le-Teide-Tenerife-Espagne-200x121.jpg 200w, https:\/\/ulysse.com\/news\/wp-content\/uploads\/2023\/12\/Le-Teide-Tenerife-Espagne-768x465.jpg 768w, https:\/\/ulysse.com\/news\/wp-content\/uploads\/2023\/12\/Le-Teide-Tenerife-Espagne-1536x931.jpg 1536w, https:\/\/ulysse.com\/news\/wp-content\/uploads\/2023\/12\/Le-Teide-Tenerife-Espagne-480x291.jpg 480w\" sizes=\"(max-width: 1980px) 100vw, 1980px\" \/><p id=\"caption-attachment-1997\" class=\"wp-caption-text\">Le Teide, Tenerife, Espagne<\/p><\/div>\n<h2>Le Thera, Santorin, Gr\u00e8ce<\/h2>\n<p>Le Thera est un volcan grec situ\u00e9 \u00e0 Santorin. Ce dernier a une histoire assez particuli\u00e8re, puisqu&#8217;on raconte qu&#8217;il a d\u00e9truit une civilisation enti\u00e8re. Cette irruption historique a permis de cr\u00e9er la physionomie actuelle de l&#8217;archipel grec qui poss\u00e8de deux \u00eeles volcaniques.<\/p>\n<h2>Le Pico<\/h2>\n<p>Situ\u00e9 dans l&#8217;archipel des A\u00e7ores au Portugal, au centre de l&#8217;Oc\u00e9an Atlantique, le Pico est, certes, un volcan difficile d&#8217;acc\u00e8s, mais il offre un paysage imprenable sur tout l&#8217;archipel. Vous pouvez r\u00e9ussir \u00e0 atteindre le sommet apr\u00e8s plus de trois heures d&#8217;ascension.<\/p>\n<div id=\"attachment_1995\" style=\"width: 1990px\" class=\"wp-caption aligncenter\"><img decoding=\"async\" aria-describedby=\"caption-attachment-1995\" class=\"wp-image-1995 size-full\" src=\"https:\/\/discover.ulysse.com\/wp-content\/uploads\/2023\/12\/Le-Pico-ile-de-Pico-Portugal.jpg\" alt=\"Le Pico, \u00eele de Pico, Portugal\" width=\"1980\" height=\"1200\" srcset=\"https:\/\/ulysse.com\/news\/wp-content\/uploads\/2023\/12\/Le-Pico-ile-de-Pico-Portugal.jpg 1980w, https:\/\/ulysse.com\/news\/wp-content\/uploads\/2023\/12\/Le-Pico-ile-de-Pico-Portugal-300x182.jpg 300w, https:\/\/ulysse.com\/news\/wp-content\/uploads\/2023\/12\/Le-Pico-ile-de-Pico-Portugal-1024x621.jpg 1024w, https:\/\/ulysse.com\/news\/wp-content\/uploads\/2023\/12\/Le-Pico-ile-de-Pico-Portugal-200x121.jpg 200w, https:\/\/ulysse.com\/news\/wp-content\/uploads\/2023\/12\/Le-Pico-ile-de-Pico-Portugal-768x465.jpg 768w, https:\/\/ulysse.com\/news\/wp-content\/uploads\/2023\/12\/Le-Pico-ile-de-Pico-Portugal-1536x931.jpg 1536w, https:\/\/ulysse.com\/news\/wp-content\/uploads\/2023\/12\/Le-Pico-ile-de-Pico-Portugal-480x291.jpg 480w\" sizes=\"(max-width: 1980px) 100vw, 1980px\" \/><p id=\"caption-attachment-1995\" class=\"wp-caption-text\">Le Pico, \u00eele de Pico, Portugal<\/p><\/div>\n<h2>L&#8217;Hekla<\/h2>\n<p>Bien que souvent surnomm\u00e9 \u00ab La porte de l&#8217;enfer \u00bb, le volcan Hekla est un joyau majestueux situ\u00e9 dans le village de Keldur <a href=\"https:\/\/discover.ulysse.com\/islande-eruption-volcanique-secoue-grindavik\" target=\"_blank\" rel=\"noopener\">en Islande<\/a>. Sa r\u00e9putation imposante attire des randonneurs intr\u00e9pides qui osent parcourir ses flancs pour d\u00e9couvrir des paysages in\u00e9dits de cr\u00eates montagneuses enneig\u00e9es et d&#8217;\u00e9tendues de lave noire.<\/p>\n<div id=\"attachment_1998\" style=\"width: 1990px\" class=\"wp-caption aligncenter\"><img decoding=\"async\" aria-describedby=\"caption-attachment-1998\" class=\"wp-image-1998 size-full\" src=\"https:\/\/discover.ulysse.com\/wp-content\/uploads\/2023\/12\/LHekla-Keldur-Islande.jpg\" alt=\"L'Hekla, Keldur, Islande\" width=\"1980\" height=\"1200\" srcset=\"https:\/\/ulysse.com\/news\/wp-content\/uploads\/2023\/12\/LHekla-Keldur-Islande.jpg 1980w, https:\/\/ulysse.com\/news\/wp-content\/uploads\/2023\/12\/LHekla-Keldur-Islande-300x182.jpg 300w, https:\/\/ulysse.com\/news\/wp-content\/uploads\/2023\/12\/LHekla-Keldur-Islande-1024x621.jpg 1024w, https:\/\/ulysse.com\/news\/wp-content\/uploads\/2023\/12\/LHekla-Keldur-Islande-200x121.jpg 200w, https:\/\/ulysse.com\/news\/wp-content\/uploads\/2023\/12\/LHekla-Keldur-Islande-768x465.jpg 768w, https:\/\/ulysse.com\/news\/wp-content\/uploads\/2023\/12\/LHekla-Keldur-Islande-1536x931.jpg 1536w, https:\/\/ulysse.com\/news\/wp-content\/uploads\/2023\/12\/LHekla-Keldur-Islande-480x291.jpg 480w\" sizes=\"(max-width: 1980px) 100vw, 1980px\" \/><p id=\"caption-attachment-1998\" class=\"wp-caption-text\">L&#8217;Hekla, Keldur, Islande<\/p><\/div>\n<h2>Le Beerenberg<\/h2>\n<p>Le Beerenberg est un volcan situ\u00e9 sur l&#8217;\u00eele de Jan Mayen en Norv\u00e8ge. Il r\u00e8gne seul sur ce territoire volcanique recul\u00e9. Son sommet enneig\u00e9 s&#8217;\u00e9l\u00e8ve \u00e0 2277 m d&#8217;altitude, cr\u00e9ant un contraste saisissant avec le paysage glac\u00e9 qui l&#8217;entoure. Ses conditions extr\u00eames en font un site peu accessible, mais qui attire, malgr\u00e9 cela, les visiteurs les plus braves.<\/p>\n<div id=\"attachment_1992\" style=\"width: 1990px\" class=\"wp-caption aligncenter\"><img decoding=\"async\" aria-describedby=\"caption-attachment-1992\" class=\"wp-image-1992 size-full\" src=\"https:\/\/discover.ulysse.com\/wp-content\/uploads\/2023\/12\/Le-Beerenberg-ile-de-Jan-Mayen-Norvege.jpg\" alt=\"Le Beerenberg, \u00eele de Jan Mayen, Norv\u00e8ge\" width=\"1980\" height=\"1200\" srcset=\"https:\/\/ulysse.com\/news\/wp-content\/uploads\/2023\/12\/Le-Beerenberg-ile-de-Jan-Mayen-Norvege.jpg 1980w, https:\/\/ulysse.com\/news\/wp-content\/uploads\/2023\/12\/Le-Beerenberg-ile-de-Jan-Mayen-Norvege-300x182.jpg 300w, https:\/\/ulysse.com\/news\/wp-content\/uploads\/2023\/12\/Le-Beerenberg-ile-de-Jan-Mayen-Norvege-1024x621.jpg 1024w, https:\/\/ulysse.com\/news\/wp-content\/uploads\/2023\/12\/Le-Beerenberg-ile-de-Jan-Mayen-Norvege-200x121.jpg 200w, https:\/\/ulysse.com\/news\/wp-content\/uploads\/2023\/12\/Le-Beerenberg-ile-de-Jan-Mayen-Norvege-768x465.jpg 768w, https:\/\/ulysse.com\/news\/wp-content\/uploads\/2023\/12\/Le-Beerenberg-ile-de-Jan-Mayen-Norvege-1536x931.jpg 1536w, https:\/\/ulysse.com\/news\/wp-content\/uploads\/2023\/12\/Le-Beerenberg-ile-de-Jan-Mayen-Norvege-480x291.jpg 480w\" sizes=\"(max-width: 1980px) 100vw, 1980px\" \/><p id=\"caption-attachment-1992\" class=\"wp-caption-text\">Le Beerenberg, \u00eele de Jan Mayen, Norv\u00e8ge<\/p><\/div>\n<h2>Le Hohentwiel<\/h2>\n<p>Le Hohentwiel est un volcan \u00e9teint depuis plusieurs milliers d&#8217;ann\u00e9es. Il se situe dans le sud de l&#8217;Allemagne, pr\u00e8s de la ville de Singen. \u00c9mergeant au-dessus des collines verdoyantes de la For\u00eat-Noire, ce volcan offre une vue panoramique saisissante t\u00e9moignant d&#8217;un pass\u00e9 g\u00e9ologique fascinant. Les amateurs de randonn\u00e9e et de beaux paysages peuvent s&#8217;aventurer sur ses pentes pour profiter d&#8217;une exp\u00e9rience enrichissante.<\/p>\n<div id=\"attachment_1993\" style=\"width: 1990px\" class=\"wp-caption aligncenter\"><img decoding=\"async\" aria-describedby=\"caption-attachment-1993\" class=\"wp-image-1993 size-full\" src=\"https:\/\/discover.ulysse.com\/wp-content\/uploads\/2023\/12\/Le-Hohentwiel-Singen-Allemagn.jpg\" alt=\"Le Hohentwiel, Singen, Allemagn\" width=\"1980\" height=\"1200\" srcset=\"https:\/\/ulysse.com\/news\/wp-content\/uploads\/2023\/12\/Le-Hohentwiel-Singen-Allemagn.jpg 1980w, https:\/\/ulysse.com\/news\/wp-content\/uploads\/2023\/12\/Le-Hohentwiel-Singen-Allemagn-300x182.jpg 300w, https:\/\/ulysse.com\/news\/wp-content\/uploads\/2023\/12\/Le-Hohentwiel-Singen-Allemagn-1024x621.jpg 1024w, https:\/\/ulysse.com\/news\/wp-content\/uploads\/2023\/12\/Le-Hohentwiel-Singen-Allemagn-200x121.jpg 200w, https:\/\/ulysse.com\/news\/wp-content\/uploads\/2023\/12\/Le-Hohentwiel-Singen-Allemagn-768x465.jpg 768w, https:\/\/ulysse.com\/news\/wp-content\/uploads\/2023\/12\/Le-Hohentwiel-Singen-Allemagn-1536x931.jpg 1536w, https:\/\/ulysse.com\/news\/wp-content\/uploads\/2023\/12\/Le-Hohentwiel-Singen-Allemagn-480x291.jpg 480w\" sizes=\"(max-width: 1980px) 100vw, 1980px\" \/><p id=\"caption-attachment-1993\" class=\"wp-caption-text\">Le Hohentwiel, Singen, Allemagne<\/p><\/div>\n<h2>Le Klyuchevskoy<\/h2>\n<p>Le Klyuchevskoy, situ\u00e9 dans la p\u00e9ninsule du Kamtchatka en Russie, est l&#8217;un des volcans les plus imposants et actifs du monde. Juch\u00e9 sur une hauteur de pr\u00e8s de 5000 m, il domine le paysage de cette r\u00e9gion isol\u00e9e. Ses \u00e9ruptions fr\u00e9quentes cr\u00e9ent un spectacle \u00e0 couper le souffle, une exp\u00e9rience \u00e0 absolument tenter au c\u0153ur de la nature sauvage russe.<\/p>\n<div id=\"attachment_1994\" style=\"width: 1990px\" class=\"wp-caption aligncenter\"><img decoding=\"async\" aria-describedby=\"caption-attachment-1994\" class=\"wp-image-1994 size-full\" src=\"https:\/\/discover.ulysse.com\/wp-content\/uploads\/2023\/12\/Le-Klyuchevskoy-Kamtchatka-Russie.jpg\" alt=\"Le Klyuchevskoy, Kamtchatka, Russie\" width=\"1980\" height=\"1200\" srcset=\"https:\/\/ulysse.com\/news\/wp-content\/uploads\/2023\/12\/Le-Klyuchevskoy-Kamtchatka-Russie.jpg 1980w, https:\/\/ulysse.com\/news\/wp-content\/uploads\/2023\/12\/Le-Klyuchevskoy-Kamtchatka-Russie-300x182.jpg 300w, https:\/\/ulysse.com\/news\/wp-content\/uploads\/2023\/12\/Le-Klyuchevskoy-Kamtchatka-Russie-1024x621.jpg 1024w, https:\/\/ulysse.com\/news\/wp-content\/uploads\/2023\/12\/Le-Klyuchevskoy-Kamtchatka-Russie-200x121.jpg 200w, https:\/\/ulysse.com\/news\/wp-content\/uploads\/2023\/12\/Le-Klyuchevskoy-Kamtchatka-Russie-768x465.jpg 768w, https:\/\/ulysse.com\/news\/wp-content\/uploads\/2023\/12\/Le-Klyuchevskoy-Kamtchatka-Russie-1536x931.jpg 1536w, https:\/\/ulysse.com\/news\/wp-content\/uploads\/2023\/12\/Le-Klyuchevskoy-Kamtchatka-Russie-480x291.jpg 480w\" sizes=\"(max-width: 1980px) 100vw, 1980px\" \/><p id=\"caption-attachment-1994\" class=\"wp-caption-text\">Le Klyuchevskoy, Kamtchatka, Russie<\/p><\/div>\n<h2>L&#8217;Ararat<\/h2>\n<p>L&#8217;Ararat, le plus haut sommet de Turquie, situ\u00e9 tout pr\u00e8s de la ville d&#8217;Agri, se dresse majestueusement \u00e0 une hauteur de plus de 5000 m. Il est consid\u00e9r\u00e9 comme le lieu pr\u00e9sum\u00e9 de l&#8217;amarrage de l&#8217;Arche de No\u00e9. Son profil imposant et son histoire religieuse en font une merveille naturelle.<\/p>\n<div id=\"attachment_1991\" style=\"width: 1990px\" class=\"wp-caption aligncenter\"><img decoding=\"async\" aria-describedby=\"caption-attachment-1991\" class=\"wp-image-1991 size-full\" src=\"https:\/\/discover.ulysse.com\/wp-content\/uploads\/2023\/12\/LArarat-Agri-Turquie.jpg\" alt=\"L'Ararat, Agri, Turquie\" width=\"1980\" height=\"1200\" srcset=\"https:\/\/ulysse.com\/news\/wp-content\/uploads\/2023\/12\/LArarat-Agri-Turquie.jpg 1980w, https:\/\/ulysse.com\/news\/wp-content\/uploads\/2023\/12\/LArarat-Agri-Turquie-300x182.jpg 300w, https:\/\/ulysse.com\/news\/wp-content\/uploads\/2023\/12\/LArarat-Agri-Turquie-1024x621.jpg 1024w, https:\/\/ulysse.com\/news\/wp-content\/uploads\/2023\/12\/LArarat-Agri-Turquie-200x121.jpg 200w, https:\/\/ulysse.com\/news\/wp-content\/uploads\/2023\/12\/LArarat-Agri-Turquie-768x465.jpg 768w, https:\/\/ulysse.com\/news\/wp-content\/uploads\/2023\/12\/LArarat-Agri-Turquie-1536x931.jpg 1536w, https:\/\/ulysse.com\/news\/wp-content\/uploads\/2023\/12\/LArarat-Agri-Turquie-480x291.jpg 480w\" sizes=\"(max-width: 1980px) 100vw, 1980px\" \/><p id=\"caption-attachment-1991\" class=\"wp-caption-text\">L&#8217;Ararat, Agri, Turquie<\/p><\/div>\n","protected":false},"excerpt":{"rendered":"<p>L&#8217;Europe, cette destination de voyage pris\u00e9e par les touristes \u00e0 travers le monde, gr\u00e2ce \u00e0 sa richesse historique et culturelle, [&hellip;]<\/p>\n","protected":false},"author":3,"featured_media":1999,"comment_status":"open","ping_status":"open","sticky":false,"template":"","format":"standard","meta":{"_acf_changed":false,"_sitemap_exclude":false,"_sitemap_priority":"","_sitemap_frequency":"","footnotes":"","rank_math_title":"D\u00e9couvrez les volcans les plus \u00e9poustouflants d'Europe !","rank_math_description":"Vous voulez partir en voyage en Europe pour d\u00e9couvrir les volcans ? Voici notre s\u00e9lection des 10 volcans les plus spectaculaires du continent !","rank_math_canonical_url":"","rank_math_focus_keyword":"volcans,europe"},"categories":[3],"tags":[56,28,138],"class_list":["post-1494","post","type-post","status-publish","format-standard","has-post-thumbnail","hentry","category-voyage","tag-discover","tag-europe","tag-volcan"],"acf":[],"_links":{"self":[{"href":"https:\/\/ulysse.com\/news\/wp-json\/wp\/v2\/posts\/1494","targetHints":{"allow":["GET"]}}],"collection":[{"href":"https:\/\/ulysse.com\/news\/wp-json\/wp\/v2\/posts"}],"about":[{"href":"https:\/\/ulysse.com\/news\/wp-json\/wp\/v2\/types\/post"}],"author":[{"embeddable":true,"href":"https:\/\/ulysse.com\/news\/wp-json\/wp\/v2\/users\/3"}],"replies":[{"embeddable":true,"href":"https:\/\/ulysse.com\/news\/wp-json\/wp\/v2\/comments?post=1494"}],"version-history":[{"count":7,"href":"https:\/\/ulysse.com\/news\/wp-json\/wp\/v2\/posts\/1494\/revisions"}],"predecessor-version":[{"id":2000,"href":"https:\/\/ulysse.com\/news\/wp-json\/wp\/v2\/posts\/1494\/revisions\/2000"}],"wp:featuredmedia":[{"embeddable":true,"href":"https:\/\/ulysse.com\/news\/wp-json\/wp\/v2\/media\/1999"}],"wp:attachment":[{"href":"https:\/\/ulysse.com\/news\/wp-json\/wp\/v2\/media?parent=1494"}],"wp:term":[{"taxonomy":"category","embeddable":true,"href":"https:\/\/ulysse.com\/news\/wp-json\/wp\/v2\/categories?post=1494"},{"taxonomy":"post_tag","embeddable":true,"href":"https:\/\/ulysse.com\/news\/wp-json\/wp\/v2\/tags?post=1494"}],"curies":[{"name":"wp","href":"https:\/\/api.w.org\/{rel}","templated":true}]}}