{"id":18368,"date":"2024-07-15T19:00:19","date_gmt":"2024-07-15T18:00:19","guid":{"rendered":"https:\/\/discover.ulysse.com\/?p=18368"},"modified":"2024-07-15T18:50:18","modified_gmt":"2024-07-15T17:50:18","slug":"merveilles-architecturales-quartier-gothique-barcelone","status":"publish","type":"post","link":"https:\/\/ulysse.com\/news\/merveilles-architecturales-quartier-gothique-barcelone","title":{"rendered":"Un tour des merveilles architecturales du quartier gothique de Barcelone"},"content":{"rendered":"<p>Barcelone est sans aucun doute une ville qui poss\u00e8de une histoire et une culture tr\u00e8s riche et diversifi\u00e9es. Cette diversit\u00e9 se traduit notamment \u00e0 travers les traditions de la ville, mais aussi par son architecture pittoresque et grandiose. Quoi de mieux alors pour d\u00e9couvrir les tr\u00e9sors architecturaux majestueux de Barcelone que de se rendre dans le quartier gothique ? Un quartier o\u00f9 chaque mur, chaque fa\u00e7ade et chaque ruelle semble raconter une partie de l\u2019histoire tumultueuse de Barcelone et de toute l\u2019Espagne. Si vous souhaitez, vous aussi, partir \u00e0 la d\u00e9couverte de ces b\u00e2timents riches en histoire et faire un voyage dans le temps, n\u2019h\u00e9sitez pas \u00e0 explorer ces \u00e9difices.<\/p>\n<h2>La cath\u00e9drale du vieux Barcelone<\/h2>\n<p>L\u2019un des premiers \u00e9difices religieux que vous pouvez d\u00e9couvrir dans le quartier gothique de Barcelone est l\u2019\u00e9glise Sainte-Croix. Cette cath\u00e9drale se distingue particuli\u00e8rement par son style de construction qui m\u00eale art gothique et n\u00e9ogothique. Un \u00e9difice imposant, somptueux et tout \u00e0 fait fascinant vous attend pour une visite sensationnelle.<\/p>\n<p>Fl\u00e2nez autour de la cath\u00e9drale datant du 14\u1d49 si\u00e8cle et admirez sa somptueuse fa\u00e7ade qui aspire \u00e0 majest\u00e9 et histoire. \u00c0 l\u2019int\u00e9rieur de l\u2019\u00e9glise, vous pourrez profiter de la vue de la chapelle du Saint-Sacrement. Cette derni\u00e8re renferme des vitraux color\u00e9s, des sculptures impressionnantes et des tombes historiques qui valent le coup d\u2019\u0153il. Ne ratez pas l\u2019occasion de vous rendre dans cette \u00e9glise qui ouvre ses portes tous les jours aux visiteurs. L\u2019acc\u00e8s \u00e0 cette \u00e9glise co\u00fbte aux alentours de 9 \u20ac par personne.<\/p>\n<div id=\"attachment_18544\" style=\"width: 1990px\" class=\"wp-caption aligncenter\"><img decoding=\"async\" aria-describedby=\"caption-attachment-18544\" class=\"wp-image-18544 size-full\" src=\"https:\/\/discover.ulysse.com\/wp-content\/uploads\/2024\/07\/La-cathedrale-du-vieux-Barcelone-Espagne.jpg\" alt=\"La cath\u00e9drale du vieux Barcelone, Espagne\" width=\"1980\" height=\"1200\" srcset=\"https:\/\/ulysse.com\/news\/wp-content\/uploads\/2024\/07\/La-cathedrale-du-vieux-Barcelone-Espagne.jpg 1980w, https:\/\/ulysse.com\/news\/wp-content\/uploads\/2024\/07\/La-cathedrale-du-vieux-Barcelone-Espagne-300x182.jpg 300w, https:\/\/ulysse.com\/news\/wp-content\/uploads\/2024\/07\/La-cathedrale-du-vieux-Barcelone-Espagne-1024x621.jpg 1024w, https:\/\/ulysse.com\/news\/wp-content\/uploads\/2024\/07\/La-cathedrale-du-vieux-Barcelone-Espagne-200x121.jpg 200w, https:\/\/ulysse.com\/news\/wp-content\/uploads\/2024\/07\/La-cathedrale-du-vieux-Barcelone-Espagne-768x465.jpg 768w, https:\/\/ulysse.com\/news\/wp-content\/uploads\/2024\/07\/La-cathedrale-du-vieux-Barcelone-Espagne-1536x931.jpg 1536w\" sizes=\"(max-width: 1980px) 100vw, 1980px\" \/><p id=\"caption-attachment-18544\" class=\"wp-caption-text\">La cath\u00e9drale du vieux Barcelone, Espagne<\/p><\/div>\n<h2>Le pont del Bisbe<\/h2>\n<p>Si vous \u00eates un amoureux d\u2019histoire, d\u2019architecture pittoresque et de photographie, vous ne pourrez qu\u2019appr\u00e9cier la vue de ce somptueux pont situ\u00e9 dans le quartier gothique de Barcelone. Une construction aussi bien somptueuse que complexe, autour de laquelle tournent plusieurs histoires et l\u00e9gendes urbaines.<\/p>\n<p>D\u00e9ambulez autour de ce pont, qui permet de relier le palais de la Generalitat \u00e0 la Casa de los Canonges, et admirez-le sous tous les angles possibles. Vous appr\u00e9cierez particuli\u00e8rement son style gothique et m\u00e9di\u00e9val, bien qu\u2019il ait \u00e9t\u00e9 \u00e9rig\u00e9 en 1928. Vous ne pourrez qu\u2019admirer les sculptures sur ce pont, comme le myst\u00e9rieux cr\u00e2ne dor\u00e9 avec un poignard. Ne ratez pas l\u2019occasion d\u2019en apprendre plus sur les l\u00e9gendes qui r\u00f4dent autour de ce pont, comme celle qui consiste \u00e0 traverser le pont \u00e0 reculons.<\/p>\n<div id=\"attachment_18545\" style=\"width: 1990px\" class=\"wp-caption aligncenter\"><img decoding=\"async\" aria-describedby=\"caption-attachment-18545\" class=\"wp-image-18545 size-full\" src=\"https:\/\/discover.ulysse.com\/wp-content\/uploads\/2024\/07\/Le-pont-del-Bisbe-Barcelone-Espagne.jpg\" alt=\"Le pont del Bisbe, Barcelone, Espagne\" width=\"1980\" height=\"1200\" srcset=\"https:\/\/ulysse.com\/news\/wp-content\/uploads\/2024\/07\/Le-pont-del-Bisbe-Barcelone-Espagne.jpg 1980w, https:\/\/ulysse.com\/news\/wp-content\/uploads\/2024\/07\/Le-pont-del-Bisbe-Barcelone-Espagne-300x182.jpg 300w, https:\/\/ulysse.com\/news\/wp-content\/uploads\/2024\/07\/Le-pont-del-Bisbe-Barcelone-Espagne-1024x621.jpg 1024w, https:\/\/ulysse.com\/news\/wp-content\/uploads\/2024\/07\/Le-pont-del-Bisbe-Barcelone-Espagne-200x121.jpg 200w, https:\/\/ulysse.com\/news\/wp-content\/uploads\/2024\/07\/Le-pont-del-Bisbe-Barcelone-Espagne-768x465.jpg 768w, https:\/\/ulysse.com\/news\/wp-content\/uploads\/2024\/07\/Le-pont-del-Bisbe-Barcelone-Espagne-1536x931.jpg 1536w\" sizes=\"(max-width: 1980px) 100vw, 1980px\" \/><p id=\"caption-attachment-18545\" class=\"wp-caption-text\">Le pont del Bisbe, Barcelone, Espagne<\/p><\/div>\n<h2>Le palais de la Generalitat de Catalogne<\/h2>\n<p>Un autre endroit qui m\u00e9rite le coup d\u2019\u0153il dans ce quartier de Barcelone est le palais de la Generalitat, si\u00e8ge du pr\u00e9sident de <a href=\"https:\/\/ulysse.com\/news\/catalogne-parcours-plus-beaux-paysages-peninsule-iberique\" target=\"_blank\" rel=\"noopener\">Catalogne<\/a>, et sa chapelle San Jorge. Un endroit surprenant, o\u00f9 les \u00e9v\u00e9nements marquants de l\u2019histoire de la ville se sont succ\u00e9d\u00e9, d\u00e9montrant ainsi une forte puissance politique et un h\u00e9ritage religieux qui s\u2019est ancr\u00e9 dans la culture catalane.<\/p>\n<p>En visitant ce palais, vous pourrez non seulement profiter de la vue de sa splendide et majestueuse fa\u00e7ade, datant de la fin du 16\u1d49 si\u00e8cle, mais aussi du style architectural du b\u00e2timent, m\u00ealant art gothique et Renaissance. \u00c0 l\u2019int\u00e9rieur du palais, vous pourrez jouir de la vue de la sublime chapelle San Jorge, des doubles rang\u00e9es de fen\u00eatres \u00e0 meneaux et des multiples salles qu\u2019il renferme. Ne manquez pas de visiter la salle de conf\u00e9rence, qui peut accueillir jusqu\u2019\u00e0 200 personnes, avant de vous rendre \u00e0 la salle Antoni Clav\u00e9, o\u00f9 vous d\u00e9couvrirez un grand nombre de peintures et d&#8217;\u0153uvres d\u2019art.<\/p>\n<div id=\"attachment_18546\" style=\"width: 1990px\" class=\"wp-caption aligncenter\"><img decoding=\"async\" aria-describedby=\"caption-attachment-18546\" class=\"wp-image-18546 size-full\" src=\"https:\/\/discover.ulysse.com\/wp-content\/uploads\/2024\/07\/Le-palais-de-la-Generalitat-de-Catalogne-Barcelone-Espagne.jpg\" alt=\"Le palais de la Generalitat de Catalogne, Barcelone, Espagne\" width=\"1980\" height=\"1200\" srcset=\"https:\/\/ulysse.com\/news\/wp-content\/uploads\/2024\/07\/Le-palais-de-la-Generalitat-de-Catalogne-Barcelone-Espagne.jpg 1980w, https:\/\/ulysse.com\/news\/wp-content\/uploads\/2024\/07\/Le-palais-de-la-Generalitat-de-Catalogne-Barcelone-Espagne-300x182.jpg 300w, https:\/\/ulysse.com\/news\/wp-content\/uploads\/2024\/07\/Le-palais-de-la-Generalitat-de-Catalogne-Barcelone-Espagne-1024x621.jpg 1024w, https:\/\/ulysse.com\/news\/wp-content\/uploads\/2024\/07\/Le-palais-de-la-Generalitat-de-Catalogne-Barcelone-Espagne-200x121.jpg 200w, https:\/\/ulysse.com\/news\/wp-content\/uploads\/2024\/07\/Le-palais-de-la-Generalitat-de-Catalogne-Barcelone-Espagne-768x465.jpg 768w, https:\/\/ulysse.com\/news\/wp-content\/uploads\/2024\/07\/Le-palais-de-la-Generalitat-de-Catalogne-Barcelone-Espagne-1536x931.jpg 1536w\" sizes=\"(max-width: 1980px) 100vw, 1980px\" \/><p id=\"caption-attachment-18546\" class=\"wp-caption-text\">Le palais de la Generalitat de Catalogne, Barcelone, Espagne<\/p><\/div>\n<h2>La place du Roi<\/h2>\n<p>Rendez-vous au centre historique <a href=\"https:\/\/ulysse.com\/news\/meilleurs-restaurants-barcelone\" target=\"_blank\" rel=\"noopener\">de Barcelon<\/a>e, dans le quartier gothique, pour d\u00e9couvrir la fameuse place du Roi. Un endroit qui repr\u00e9sente bien plus qu\u2019une simple place, avec son architecture datant du Moyen \u00e2ge, ses tr\u00e9sors impressionnants et son histoire tumultueuse et riche en \u00e9v\u00e9nements.<\/p>\n<p>D\u00e9ambulez dans cette place qui date du 14\u1d49 si\u00e8cle et partez \u00e0 la d\u00e9couverte des b\u00e2timents m\u00e9di\u00e9vaux qu\u2019elle renferme. Vous trouverez sans doute des vestiges qui rappellent l\u2019\u00e9poque o\u00f9 un march\u00e9 commercial se tenait \u00e0 cet endroit, pendant pr\u00e8s de 300 ans. Cette place abrite aussi le palais o\u00f9 Christophe Colomb fut re\u00e7u par le roi et la reine d\u2019Espagne en 1493, apr\u00e8s son retour d\u2019Am\u00e9rique. \u00c0 proximit\u00e9 de cette place, vous pouvez partir explorer le Mirador del Rei Mart\u00ed, el Palau del Lloctinent, ou encore, la Casa Padell\u00e0s.<\/p>\n<div id=\"attachment_18547\" style=\"width: 1990px\" class=\"wp-caption aligncenter\"><img decoding=\"async\" aria-describedby=\"caption-attachment-18547\" class=\"wp-image-18547 size-full\" src=\"https:\/\/discover.ulysse.com\/wp-content\/uploads\/2024\/07\/La-place-du-Roi-Barcelone-Espagne.jpg\" alt=\"La place du Roi, Barcelone, Espagne\" width=\"1980\" height=\"1200\" srcset=\"https:\/\/ulysse.com\/news\/wp-content\/uploads\/2024\/07\/La-place-du-Roi-Barcelone-Espagne.jpg 1980w, https:\/\/ulysse.com\/news\/wp-content\/uploads\/2024\/07\/La-place-du-Roi-Barcelone-Espagne-300x182.jpg 300w, https:\/\/ulysse.com\/news\/wp-content\/uploads\/2024\/07\/La-place-du-Roi-Barcelone-Espagne-1024x621.jpg 1024w, https:\/\/ulysse.com\/news\/wp-content\/uploads\/2024\/07\/La-place-du-Roi-Barcelone-Espagne-200x121.jpg 200w, https:\/\/ulysse.com\/news\/wp-content\/uploads\/2024\/07\/La-place-du-Roi-Barcelone-Espagne-768x465.jpg 768w, https:\/\/ulysse.com\/news\/wp-content\/uploads\/2024\/07\/La-place-du-Roi-Barcelone-Espagne-1536x931.jpg 1536w\" sizes=\"(max-width: 1980px) 100vw, 1980px\" \/><p id=\"caption-attachment-18547\" class=\"wp-caption-text\">La place du Roi, Barcelone, Espagne<\/p><\/div>\n<p><a href=\"https:\/\/ulysse.com\/news\/voyage-chateaux-envoutant-la-drome\" target=\"_blank\" rel=\"noopener\">Laissez-vous tenter par un voyage dans le temps<\/a>, et partez sans plus tarder explorer les plus beaux b\u00e2timents et architectures que renferme le quartier gothique de Barcelone. Vous serez vite transport\u00e9 \u00e0 une tout autre \u00e9poque, o\u00f9 gloire et bravoure \u00e9taient \u00e0 l\u2019ordre du jour.<\/p>\n","protected":false},"excerpt":{"rendered":"<p>Barcelone est sans aucun doute une ville qui poss\u00e8de une histoire et une culture tr\u00e8s riche et diversifi\u00e9es. Cette diversit\u00e9 [&hellip;]<\/p>\n","protected":false},"author":3,"featured_media":18544,"comment_status":"open","ping_status":"closed","sticky":false,"template":"","format":"standard","meta":{"_acf_changed":false,"_sitemap_exclude":false,"_sitemap_priority":"","_sitemap_frequency":"","footnotes":"","rank_math_title":"Un tour des merveilles architecturales du quartier gothique de Barcelone","rank_math_description":"Si vous souhaitez d\u00e9couvrir les plus belles architectures de Barcelone, direction le quartier gothique de la ville catalane.","rank_math_canonical_url":"","rank_math_focus_keyword":"Barcelone,Quartier gothique"},"categories":[3],"tags":[438,14,84,148,571,189,79],"class_list":["post-18368","post","type-post","status-publish","format-standard","has-post-thumbnail","hentry","category-voyage","tag-barcelone","tag-destination","tag-espagne","tag-pays","tag-quartier","tag-sejour","tag-voyage"],"acf":[],"_links":{"self":[{"href":"https:\/\/ulysse.com\/news\/wp-json\/wp\/v2\/posts\/18368","targetHints":{"allow":["GET"]}}],"collection":[{"href":"https:\/\/ulysse.com\/news\/wp-json\/wp\/v2\/posts"}],"about":[{"href":"https:\/\/ulysse.com\/news\/wp-json\/wp\/v2\/types\/post"}],"author":[{"embeddable":true,"href":"https:\/\/ulysse.com\/news\/wp-json\/wp\/v2\/users\/3"}],"replies":[{"embeddable":true,"href":"https:\/\/ulysse.com\/news\/wp-json\/wp\/v2\/comments?post=18368"}],"version-history":[{"count":7,"href":"https:\/\/ulysse.com\/news\/wp-json\/wp\/v2\/posts\/18368\/revisions"}],"predecessor-version":[{"id":18632,"href":"https:\/\/ulysse.com\/news\/wp-json\/wp\/v2\/posts\/18368\/revisions\/18632"}],"wp:featuredmedia":[{"embeddable":true,"href":"https:\/\/ulysse.com\/news\/wp-json\/wp\/v2\/media\/18544"}],"wp:attachment":[{"href":"https:\/\/ulysse.com\/news\/wp-json\/wp\/v2\/media?parent=18368"}],"wp:term":[{"taxonomy":"category","embeddable":true,"href":"https:\/\/ulysse.com\/news\/wp-json\/wp\/v2\/categories?post=18368"},{"taxonomy":"post_tag","embeddable":true,"href":"https:\/\/ulysse.com\/news\/wp-json\/wp\/v2\/tags?post=18368"}],"curies":[{"name":"wp","href":"https:\/\/api.w.org\/{rel}","templated":true}]}}