{"id":18501,"date":"2024-07-17T15:30:51","date_gmt":"2024-07-17T14:30:51","guid":{"rendered":"https:\/\/discover.ulysse.com\/?p=18501"},"modified":"2024-07-17T15:06:21","modified_gmt":"2024-07-17T14:06:21","slug":"evasion-archipel-acores-activites","status":"publish","type":"post","link":"https:\/\/ulysse.com\/news\/evasion-archipel-acores-activites","title":{"rendered":"\u00c9vasion au c\u0153ur de l&#8217;archipel des A\u00e7ores \u00e0 travers ces multiples activit\u00e9s"},"content":{"rendered":"<p>Que diriez-vous de partir \u00e0 la d\u00e9couverte du magnifique archipel des A\u00e7ores, au c\u0153ur de l\u2019Atlantique ? Un regroupement de neuf \u00eeles, appartenant au territoire portugais, aussi splendides et majestueuses les unes que les autres. Les A\u00e7ores sont connues pour leur nature luxuriante et leur faune diversifi\u00e9e. Entre sources d\u2019eaux chaudes, lacs volcaniques et chutes d\u2019eau, vous ne pourrez pas vous plaindre du manque d\u2019activit\u00e9s en plein air dans les A\u00e7ores. De plus, plusieurs circuits de randonn\u00e9e sont possibles pour vous permettre de vous engouffrer dans la nature et d\u00e9couvrir ses secrets. Si vous souhaitez en savoir plus sur ces \u00eeles, voil\u00e0 les meilleures activit\u00e9s et excursions que vous pouvez faire.<\/p>\n<h2>Visiter l\u2019\u00eele de Vila Franco do Campo<\/h2>\n<p>L\u2019une des premi\u00e8res choses que vous pouvez faire lors d\u2019un s\u00e9jour aux A\u00e7ores est de partir \u00e0 la d\u00e9couverte de l\u2019\u00eelot de Vila Franco do Campo. Cette \u00eele se trouve \u00e0 seulement un kilom\u00e8tre au large de la ville de Franca, donc facilement accessible en \u00e9t\u00e9, de juin \u00e0 septembre.<\/p>\n<p>Ne manquez pas l\u2019occasion d\u2019explorer ce petit coin de paradis, qui vous fera \u00e0 coup s\u00fbr virevolter de joie. Cet \u00eelot se caract\u00e9rise par un grand crat\u00e8re au milieu, formant un bassin parfaitement rond. Cet endroit est donc id\u00e9al pour une baignade sous le soleil estival, dans des eaux calmes et cristallines, loin de l\u2019agitation et des vagues de l\u2019Atlantique. Une fois sur l\u2019\u00eelot, ne ratez pas <a href=\"https:\/\/ulysse.com\/news\/faire-snorkeling-hawai-belles-plages-et-baies\" target=\"_blank\" rel=\"noopener\">l\u2019opportunit\u00e9 de faire du snorkeling<\/a> pour observer les richesses marines pr\u00e8s des rochers de l\u2019\u00eelot.<\/p>\n<div id=\"attachment_18550\" style=\"width: 1990px\" class=\"wp-caption aligncenter\"><img decoding=\"async\" aria-describedby=\"caption-attachment-18550\" class=\"wp-image-18550 size-full\" src=\"https:\/\/discover.ulysse.com\/wp-content\/uploads\/2024\/07\/Lile-de-Vila-Franco-do-Campo-les-Acores-Portugal-.jpg\" alt=\"L\u2019\u00eele de Vila Franco do Campo, les A\u00e7ores, Portugal\" width=\"1980\" height=\"1200\" srcset=\"https:\/\/ulysse.com\/news\/wp-content\/uploads\/2024\/07\/Lile-de-Vila-Franco-do-Campo-les-Acores-Portugal-.jpg 1980w, https:\/\/ulysse.com\/news\/wp-content\/uploads\/2024\/07\/Lile-de-Vila-Franco-do-Campo-les-Acores-Portugal--300x182.jpg 300w, https:\/\/ulysse.com\/news\/wp-content\/uploads\/2024\/07\/Lile-de-Vila-Franco-do-Campo-les-Acores-Portugal--1024x621.jpg 1024w, https:\/\/ulysse.com\/news\/wp-content\/uploads\/2024\/07\/Lile-de-Vila-Franco-do-Campo-les-Acores-Portugal--200x121.jpg 200w, https:\/\/ulysse.com\/news\/wp-content\/uploads\/2024\/07\/Lile-de-Vila-Franco-do-Campo-les-Acores-Portugal--768x465.jpg 768w, https:\/\/ulysse.com\/news\/wp-content\/uploads\/2024\/07\/Lile-de-Vila-Franco-do-Campo-les-Acores-Portugal--1536x931.jpg 1536w\" sizes=\"(max-width: 1980px) 100vw, 1980px\" \/><p id=\"caption-attachment-18550\" class=\"wp-caption-text\">L\u2019\u00eele de Vila Franco do Campo, les A\u00e7ores, Portugal<\/p><\/div>\n<h2>Se d\u00e9tendre dans les sources d\u2019eau chaude<\/h2>\n<p>Les A\u00e7ores sont caract\u00e9ris\u00e9es par une activit\u00e9 volcanique intense, permettant de trouver des sources d\u2019eau chaude naturelles, en plus de celles am\u00e9nag\u00e9es par les habitants, comme la source Terra Nostra situ\u00e9e dans un parc botanique.<\/p>\n<p>L\u2019avantage de ces sources d\u2019eau chaude est que la temp\u00e9rature de l\u2019eau avoisine les 38 \u00b0C, offrant une exp\u00e9rience de baignade relaxante. D\u2019autres sources d\u2019eau chaude sont \u00e9galement am\u00e9nag\u00e9es aux A\u00e7ores, comme la source Caldeira Velha, par exemple. Pour une exp\u00e9rience plus naturelle, direction les piscines de Ponta Ferraria, o\u00f9 l\u2019eau est ti\u00e8de, chauff\u00e9e par les pierres. Assurez-vous simplement que la mar\u00e9e soit basse, sinon l\u2019eau peut devenir froide et la baignade dangereuse.<\/p>\n<div id=\"attachment_18552\" style=\"width: 1990px\" class=\"wp-caption aligncenter\"><img decoding=\"async\" aria-describedby=\"caption-attachment-18552\" class=\"wp-image-18552 size-full\" src=\"https:\/\/discover.ulysse.com\/wp-content\/uploads\/2024\/07\/La-source-Terra-Nostra-les-Acores-Portugal-.jpg\" alt=\"La source Terra Nostra, les A\u00e7ores, Portugal\" width=\"1980\" height=\"1200\" srcset=\"https:\/\/ulysse.com\/news\/wp-content\/uploads\/2024\/07\/La-source-Terra-Nostra-les-Acores-Portugal-.jpg 1980w, https:\/\/ulysse.com\/news\/wp-content\/uploads\/2024\/07\/La-source-Terra-Nostra-les-Acores-Portugal--300x182.jpg 300w, https:\/\/ulysse.com\/news\/wp-content\/uploads\/2024\/07\/La-source-Terra-Nostra-les-Acores-Portugal--1024x621.jpg 1024w, https:\/\/ulysse.com\/news\/wp-content\/uploads\/2024\/07\/La-source-Terra-Nostra-les-Acores-Portugal--200x121.jpg 200w, https:\/\/ulysse.com\/news\/wp-content\/uploads\/2024\/07\/La-source-Terra-Nostra-les-Acores-Portugal--768x465.jpg 768w, https:\/\/ulysse.com\/news\/wp-content\/uploads\/2024\/07\/La-source-Terra-Nostra-les-Acores-Portugal--1536x931.jpg 1536w\" sizes=\"(max-width: 1980px) 100vw, 1980px\" \/><p id=\"caption-attachment-18552\" class=\"wp-caption-text\">La source Terra Nostra, les A\u00e7ores, Portugal<\/p><\/div>\n<h2>Profiter de la vue des dauphins et des baleines<\/h2>\n<p>Les A\u00e7ores sont r\u00e9put\u00e9es pour les passages fr\u00e9quents de baleines, de cachalots et de dauphins tout au long de l\u2019ann\u00e9e. Vous n\u2019aurez aucun mal \u00e0 observer ces magnifiques cr\u00e9atures marines lors de votre s\u00e9jour. L\u2019une des meilleures fa\u00e7ons de les voir de pr\u00e8s est de prendre un bateau pour une excursion en mer.<\/p>\n<p>Plusieurs sorties en mer sont organis\u00e9es aux A\u00e7ores, notamment au d\u00e9part du port de Ponta Delgada. Profitez de l\u2019air marin et frais tout en admirant les eaux profondes de l\u2019Atlantique. Vous aurez \u00e9galement l\u2019occasion d\u2019en apprendre davantage sur ces c\u00e9tac\u00e9s gr\u00e2ce aux scientifiques pr\u00e9sents \u00e0 bord, qui vous indiqueront o\u00f9 se trouvent les animaux marins avant leur sortie de l\u2019eau. Pr\u00e9parez-vous donc \u00e0 capturer de magnifiques photos souvenirs !<\/p>\n<div id=\"attachment_18553\" style=\"width: 1990px\" class=\"wp-caption aligncenter\"><img decoding=\"async\" aria-describedby=\"caption-attachment-18553\" class=\"wp-image-18553 size-full\" src=\"https:\/\/discover.ulysse.com\/wp-content\/uploads\/2024\/07\/Le-port-de-Ponta-Delgada-les-Acores-Portugal-.jpg\" alt=\"Le port de Ponta Delgada, les A\u00e7ores, Portugal\" width=\"1980\" height=\"1200\" srcset=\"https:\/\/ulysse.com\/news\/wp-content\/uploads\/2024\/07\/Le-port-de-Ponta-Delgada-les-Acores-Portugal-.jpg 1980w, https:\/\/ulysse.com\/news\/wp-content\/uploads\/2024\/07\/Le-port-de-Ponta-Delgada-les-Acores-Portugal--300x182.jpg 300w, https:\/\/ulysse.com\/news\/wp-content\/uploads\/2024\/07\/Le-port-de-Ponta-Delgada-les-Acores-Portugal--1024x621.jpg 1024w, https:\/\/ulysse.com\/news\/wp-content\/uploads\/2024\/07\/Le-port-de-Ponta-Delgada-les-Acores-Portugal--200x121.jpg 200w, https:\/\/ulysse.com\/news\/wp-content\/uploads\/2024\/07\/Le-port-de-Ponta-Delgada-les-Acores-Portugal--768x465.jpg 768w, https:\/\/ulysse.com\/news\/wp-content\/uploads\/2024\/07\/Le-port-de-Ponta-Delgada-les-Acores-Portugal--1536x931.jpg 1536w\" sizes=\"(max-width: 1980px) 100vw, 1980px\" \/><p id=\"caption-attachment-18553\" class=\"wp-caption-text\">Le port de Ponta Delgada, les A\u00e7ores, Portugal<\/p><\/div>\n<h2>D\u00e9couvrir la gastronomie des A\u00e7ores<\/h2>\n<p>Saviez-vous que<a href=\"https:\/\/ulysse.com\/news\/acores-archipel-portugais-paysages-epoustouflants\" target=\"_blank\" rel=\"noopener\"> l\u2019archipel des A\u00e7ores<\/a> est le seul endroit en Europe o\u00f9 l\u2019on peut trouver et cultiver du th\u00e9 ? Pour d\u00e9guster ce th\u00e9 naturel, direction la partie nord de l\u2019\u00eele de Sao Miguel, o\u00f9 se trouvent les deux seules plantations de th\u00e9 (vert et noir) en Europe : Cha Gorreana et Porto Formoso. Vous pourrez non seulement d\u00e9guster gratuitement ces th\u00e9s, mais aussi en acheter si vous le souhaitez.<\/p>\n<p>Sur l\u2019\u00eele de Sao Miguel, visitez aussi les plantations d\u2019ananas sous serre \u00e0 l\u2019Arruda Pineapple Plantation. Vous pourrez les visiter gratuitement et acheter des ananas si vous le d\u00e9sirez.<\/p>\n<div id=\"attachment_18554\" style=\"width: 1990px\" class=\"wp-caption aligncenter\"><img decoding=\"async\" aria-describedby=\"caption-attachment-18554\" class=\"wp-image-18554 size-full\" src=\"https:\/\/discover.ulysse.com\/wp-content\/uploads\/2024\/07\/Les-plantations-de-the-Cha-Gorreana-les-Acores-Portugal-.jpg\" alt=\"Les plantations de th\u00e9 Cha Gorreana, les A\u00e7ores, Portugal\" width=\"1980\" height=\"1200\" srcset=\"https:\/\/ulysse.com\/news\/wp-content\/uploads\/2024\/07\/Les-plantations-de-the-Cha-Gorreana-les-Acores-Portugal-.jpg 1980w, https:\/\/ulysse.com\/news\/wp-content\/uploads\/2024\/07\/Les-plantations-de-the-Cha-Gorreana-les-Acores-Portugal--300x182.jpg 300w, https:\/\/ulysse.com\/news\/wp-content\/uploads\/2024\/07\/Les-plantations-de-the-Cha-Gorreana-les-Acores-Portugal--1024x621.jpg 1024w, https:\/\/ulysse.com\/news\/wp-content\/uploads\/2024\/07\/Les-plantations-de-the-Cha-Gorreana-les-Acores-Portugal--200x121.jpg 200w, https:\/\/ulysse.com\/news\/wp-content\/uploads\/2024\/07\/Les-plantations-de-the-Cha-Gorreana-les-Acores-Portugal--768x465.jpg 768w, https:\/\/ulysse.com\/news\/wp-content\/uploads\/2024\/07\/Les-plantations-de-the-Cha-Gorreana-les-Acores-Portugal--1536x931.jpg 1536w\" sizes=\"(max-width: 1980px) 100vw, 1980px\" \/><p id=\"caption-attachment-18554\" class=\"wp-caption-text\">Les plantations de th\u00e9 Cha Gorreana, les A\u00e7ores, Portugal<\/p><\/div>\n<p>Les activit\u00e9s ne manquent pas sur les \u00eeles des A\u00e7ores, tout comme <a href=\"https:\/\/ulysse.com\/news\/polignano-a-mare-ecrin-beaute-naturelle-cote-italienne\" target=\"_blank\" rel=\"noopener\">les merveilles naturelles \u00e0 d\u00e9couvrir<\/a>. Si vous d\u00e9cidez donc de s\u00e9journer sur ces \u00eeles, ne manquez pas l\u2019occasion de partir en balade, en randonn\u00e9e ou en trek sur plusieurs jours pour explorer les beaut\u00e9s cach\u00e9es de cet archipel.<\/p>\n","protected":false},"excerpt":{"rendered":"<p>Que diriez-vous de partir \u00e0 la d\u00e9couverte du magnifique archipel des A\u00e7ores, au c\u0153ur de l\u2019Atlantique ? Un regroupement de [&hellip;]<\/p>\n","protected":false},"author":3,"featured_media":18713,"comment_status":"open","ping_status":"closed","sticky":false,"template":"","format":"standard","meta":{"_acf_changed":false,"_sitemap_exclude":false,"_sitemap_priority":"","_sitemap_frequency":"","footnotes":"","rank_math_title":"\u00c9vasion au c\u0153ur de l'archipel des A\u00e7ores \u00e0 travers ces multiples activit\u00e9s","rank_math_description":"Partez sans plus attendre \u00e0 la d\u00e9couverte du sublime archipel des A\u00e7ores et sa nature luxuriante \u00e0 travers ces activit\u00e9s et ces excursions.\n","rank_math_canonical_url":"","rank_math_focus_keyword":"A\u00e7ores"},"categories":[3],"tags":[618,14,148,210,189,79],"class_list":["post-18501","post","type-post","status-publish","format-standard","has-post-thumbnail","hentry","category-voyage","tag-acores","tag-destination","tag-pays","tag-portugal","tag-sejour","tag-voyage"],"acf":[],"_links":{"self":[{"href":"https:\/\/ulysse.com\/news\/wp-json\/wp\/v2\/posts\/18501","targetHints":{"allow":["GET"]}}],"collection":[{"href":"https:\/\/ulysse.com\/news\/wp-json\/wp\/v2\/posts"}],"about":[{"href":"https:\/\/ulysse.com\/news\/wp-json\/wp\/v2\/types\/post"}],"author":[{"embeddable":true,"href":"https:\/\/ulysse.com\/news\/wp-json\/wp\/v2\/users\/3"}],"replies":[{"embeddable":true,"href":"https:\/\/ulysse.com\/news\/wp-json\/wp\/v2\/comments?post=18501"}],"version-history":[{"count":7,"href":"https:\/\/ulysse.com\/news\/wp-json\/wp\/v2\/posts\/18501\/revisions"}],"predecessor-version":[{"id":18551,"href":"https:\/\/ulysse.com\/news\/wp-json\/wp\/v2\/posts\/18501\/revisions\/18551"}],"wp:featuredmedia":[{"embeddable":true,"href":"https:\/\/ulysse.com\/news\/wp-json\/wp\/v2\/media\/18713"}],"wp:attachment":[{"href":"https:\/\/ulysse.com\/news\/wp-json\/wp\/v2\/media?parent=18501"}],"wp:term":[{"taxonomy":"category","embeddable":true,"href":"https:\/\/ulysse.com\/news\/wp-json\/wp\/v2\/categories?post=18501"},{"taxonomy":"post_tag","embeddable":true,"href":"https:\/\/ulysse.com\/news\/wp-json\/wp\/v2\/tags?post=18501"}],"curies":[{"name":"wp","href":"https:\/\/api.w.org\/{rel}","templated":true}]}}