{"id":22090,"date":"2024-12-05T17:39:55","date_gmt":"2024-12-05T16:39:55","guid":{"rendered":"https:\/\/discover.ulysse.com\/?p=22090"},"modified":"2024-12-04T22:54:44","modified_gmt":"2024-12-04T21:54:44","slug":"villages-feeriques-france-noel-famille","status":"publish","type":"post","link":"https:\/\/ulysse.com\/news\/villages-feeriques-france-noel-famille","title":{"rendered":"Les villages les plus f\u00e9eriques de France pour c\u00e9l\u00e9brer No\u00ebl en famille"},"content":{"rendered":"<p>Alors que les f\u00eates de fin d&#8217;ann\u00e9e pointent le bout de leur nez, les familles sont en qu\u00eate de destinations o\u00f9 vivre un No\u00ebl digne d&#8217;un conte de f\u00e9es. Et si vous vous laissiez charmer par les villages pittoresques de France, qui se m\u00e9tamorphosent chaque hiver en v\u00e9ritables havres de magie ? Entre march\u00e9s de No\u00ebl f\u00e9eriques, illuminations \u00e0 couper le souffle et traditions qui r\u00e9chauffent l&#8217;\u00e2me, ces petits coins de paradis offrent bien plus qu\u2019une simple escapade : une immersion totale dans l\u2019esprit festif.<\/p>\n<h2>Colmar : le pays des merveilles d&#8217;Alsace<\/h2>\n<p><a href=\"https:\/\/discover.ulysse.com\/villages-colmar-meconnus-foules\" target=\"_blank\" rel=\"noopener\">Colmar<\/a>, une ville alsacienne pittoresque, est l&#8217;une des destinations les plus pris\u00e9es pour un No\u00ebl f\u00e9\u00e9rique. Chaque ann\u00e9e, cette ville se m\u00e9tamorphose en un v\u00e9ritable village de No\u00ebl, o\u00f9 les maisons \u00e0 colombages d\u00e9cor\u00e9es et les rues illumin\u00e9es offrent un spectacle inoubliable. Son march\u00e9 de No\u00ebl, l&#8217;un des plus c\u00e9l\u00e8bres de la r\u00e9gion, est un incontournable pour les visiteurs. De nombreux \u00e9v\u00e9nements viennent animer la p\u00e9riode des f\u00eates : concerts de chants de No\u00ebl, ateliers pour enfants, et animations vari\u00e9es.<\/p>\n<p>Les familles appr\u00e9cieront particuli\u00e8rement le march\u00e9 gourmand, o\u00f9 il est possible de go\u00fbter aux sp\u00e9cialit\u00e9s alsaciennes comme les bredeles (biscuits de No\u00ebl) et le vin chaud. La Petite Venise, le quartier historique de la ville, est un endroit id\u00e9al pour se promener en famille. C\u2019est un v\u00e9ritable voyage dans le temps, o\u00f9 l&#8217;on se laisse emporter par la magie de No\u00ebl.<\/p>\n<h2>Saint-Malo : le village parfait pour No\u00ebl<\/h2>\n<p>Pour une exp\u00e9rience de No\u00ebl diff\u00e9rente, direction <a href=\"https:\/\/discover.ulysse.com\/saint-malo-tresors-caches-et-lieux-incontournables\" target=\"_blank\" rel=\"noopener\">Saint-Malo<\/a> en<a href=\"https:\/\/discover.ulysse.com\/retraite-bretagne-5-villes-cout-vie-plus-bas\" target=\"_blank\" rel=\"noopener\"> Bretagne<\/a>. La cit\u00e9 corsaire est une destination id\u00e9ale pour passer des f\u00eates authentiques et pleines de charme. Durant le mois de d\u00e9cembre, la ville se pare de mille feux, avec des <a href=\"https:\/\/discover.ulysse.com\/5-marches-de-noel-france\" target=\"_blank\" rel=\"noopener\">march\u00e9s de No\u00ebl<\/a> install\u00e9s un peu partout, \u00e0 la fois dans les rues et dans des lieux plus secrets comme Baguer Pican ou Cancale.<\/p>\n<p>Ce qui rend Saint-Malo particuli\u00e8rement unique, ce sont ses animations surprenantes. Chaque soir, une fen\u00eatre d\u2019un commerce intra-muros s&#8217;ouvre, d\u00e9voilant des spectacles divers : contes, concerts ou petites surprises. Pour les familles, l\u2019atmosph\u00e8re conviviale et chaleureuse des march\u00e9s locaux est parfaite pour des moments de partage autour de produits artisanaux et de gourmandises locales.<\/p>\n<blockquote class=\"instagram-media\" style=\"background: #FFF; border: 0; border-radius: 3px; margin: 1px; max-width: 540px; min-width: 326px; padding: 0; width: calc(100% - 2px);\" data-instgrm-permalink=\"https:\/\/www.instagram.com\/reel\/C87P5CSoFfo\/?utm_source=ig_embed&amp;utm_campaign=loading\" data-instgrm-version=\"14\">\n<div style=\"padding: 16px;\">\n<p>&nbsp;<\/p>\n<div style=\"flex-direction: row; align-items: center;\">\n<div style=\"background-color: #f4f4f4; border-radius: 50%; flex-grow: 0; height: 40px; margin-right: 14px; width: 40px;\"><\/div>\n<div style=\"flex-direction: column; flex-grow: 1; justify-content: center;\">\n<div style=\"background-color: #f4f4f4; border-radius: 4px; flex-grow: 0; height: 14px; margin-bottom: 6px; width: 100px;\"><\/div>\n<div style=\"background-color: #f4f4f4; border-radius: 4px; flex-grow: 0; height: 14px; width: 60px;\"><\/div>\n<\/div>\n<\/div>\n<div style=\"padding: 19% 0;\"><\/div>\n<div style=\"height: 50px; margin: 0 auto 12px; width: 50px;\"><\/div>\n<div style=\"padding-top: 8px;\">\n<div style=\"color: #3897f0; font-family: Arial,sans-serif; font-size: 14px; font-style: normal; font-weight: 550; line-height: 18px;\">Voir cette publication sur Instagram<\/div>\n<\/div>\n<div style=\"padding: 12.5% 0;\"><\/div>\n<div style=\"flex-direction: row; margin-bottom: 14px; align-items: center;\">\n<div>\n<div style=\"background-color: #f4f4f4; border-radius: 50%; height: 12.5px; width: 12.5px;\"><\/div>\n<div style=\"background-color: #f4f4f4; height: 12.5px; width: 12.5px; flex-grow: 0; margin-right: 14px; margin-left: 2px;\"><\/div>\n<div style=\"background-color: #f4f4f4; border-radius: 50%; height: 12.5px; width: 12.5px;\"><\/div>\n<\/div>\n<div style=\"margin-left: 8px;\">\n<div style=\"background-color: #f4f4f4; border-radius: 50%; flex-grow: 0; height: 20px; width: 20px;\"><\/div>\n<div style=\"width: 0; height: 0; border-top: 2px solid transparent; border-left: 6px solid #f4f4f4; border-bottom: 2px solid transparent;\"><\/div>\n<\/div>\n<div style=\"margin-left: auto;\">\n<div style=\"width: 0px; border-top: 8px solid #F4F4F4; border-right: 8px solid transparent;\"><\/div>\n<div style=\"background-color: #f4f4f4; flex-grow: 0; height: 12px; width: 16px;\"><\/div>\n<div style=\"width: 0; height: 0; border-top: 8px solid #F4F4F4; border-left: 8px solid transparent;\"><\/div>\n<\/div>\n<\/div>\n<div style=\"flex-direction: column; flex-grow: 1; justify-content: center; margin-bottom: 24px;\">\n<div style=\"background-color: #f4f4f4; border-radius: 4px; flex-grow: 0; height: 14px; margin-bottom: 6px; width: 224px;\"><\/div>\n<div style=\"background-color: #f4f4f4; border-radius: 4px; flex-grow: 0; height: 14px; width: 144px;\"><\/div>\n<\/div>\n<p>&nbsp;<\/p>\n<p style=\"color: #c9c8cd; font-family: Arial,sans-serif; font-size: 14px; line-height: 17px; margin-bottom: 0; margin-top: 8px; overflow: hidden; padding: 8px 0 7px; text-align: center;\"><a style=\"color: #c9c8cd; font-family: Arial,sans-serif; font-size: 14px; font-style: normal; font-weight: normal; line-height: 17px; text-decoration: none;\" href=\"https:\/\/www.instagram.com\/reel\/C87P5CSoFfo\/?utm_source=ig_embed&amp;utm_campaign=loading\" target=\"_blank\" rel=\"noopener\">Une publication partag\u00e9e par Saint-Malo With Love (@saintmalowithlove)<\/a><\/p>\n<\/div>\n<\/blockquote>\n<h2>Luc\u00e9ram : un No\u00ebl proven\u00e7al aux mille cr\u00e8ches<\/h2>\n<p>Si vous recherchez un No\u00ebl authentique et traditionnel, Luc\u00e9ram sur la <a href=\"https:\/\/discover.ulysse.com\/cote-dazur-merveilles-cachees-au-dela-des-plages\" target=\"_blank\" rel=\"noopener\">C\u00f4te d\u2019Azur<\/a>\u00a0est un endroit parfait. Ce village m\u00e9di\u00e9val se transforme chaque ann\u00e9e en un v\u00e9ritable parcours de cr\u00e8ches. Plus de 450 cr\u00e8ches, toutes plus belles les unes que les autres, sont install\u00e9es dans les ruelles et les places du village. Les visiteurs peuvent suivre un itin\u00e9raire guid\u00e9 pour d\u00e9couvrir l&#8217;histoire et la tradition locale de cette magnifique r\u00e9gion.<\/p>\n<p>En plus des cr\u00e8ches, Luc\u00e9ram propose de nombreux march\u00e9s de No\u00ebl o\u00f9 l&#8217;on peut retrouver des <a href=\"https:\/\/discover.ulysse.com\/marche-de-noel-le-moins-cher-europe-selon-savoo\" target=\"_blank\" rel=\"noopener\">produits artisanaux<\/a> locaux et des sp\u00e9cialit\u00e9s proven\u00e7ales. Les festivit\u00e9s sont l&#8217;occasion de profiter d&#8217;une ambiance \u00e0 la fois calme et festive, parfaite pour une immersion en famille dans l&#8217;esprit de No\u00ebl.<\/p>\n<h2>Reims : un No\u00ebl royal en champagne<\/h2>\n<blockquote class=\"instagram-media\" style=\"background: #FFF; border: 0; border-radius: 3px; margin: 1px; max-width: 540px; min-width: 326px; padding: 0; width: calc(100% - 2px);\" data-instgrm-permalink=\"https:\/\/www.instagram.com\/reel\/C0ykm1uIqal\/?utm_source=ig_embed&amp;utm_campaign=loading\" data-instgrm-version=\"14\">\n<div style=\"padding: 16px;\">\n<p>&nbsp;<\/p>\n<div style=\"flex-direction: row; align-items: center;\">\n<div style=\"background-color: #f4f4f4; border-radius: 50%; flex-grow: 0; height: 40px; margin-right: 14px; width: 40px;\"><\/div>\n<div style=\"flex-direction: column; flex-grow: 1; justify-content: center;\">\n<div style=\"background-color: #f4f4f4; border-radius: 4px; flex-grow: 0; height: 14px; margin-bottom: 6px; width: 100px;\"><\/div>\n<div style=\"background-color: #f4f4f4; border-radius: 4px; flex-grow: 0; height: 14px; width: 60px;\"><\/div>\n<\/div>\n<\/div>\n<div style=\"padding: 19% 0;\"><\/div>\n<div style=\"height: 50px; margin: 0 auto 12px; width: 50px;\"><\/div>\n<div style=\"padding-top: 8px;\">\n<div style=\"color: #3897f0; font-family: Arial,sans-serif; font-size: 14px; font-style: normal; font-weight: 550; line-height: 18px;\">Voir cette publication sur Instagram<\/div>\n<\/div>\n<div style=\"padding: 12.5% 0;\"><\/div>\n<div style=\"flex-direction: row; margin-bottom: 14px; align-items: center;\">\n<div>\n<div style=\"background-color: #f4f4f4; border-radius: 50%; height: 12.5px; width: 12.5px;\"><\/div>\n<div style=\"background-color: #f4f4f4; height: 12.5px; width: 12.5px; flex-grow: 0; margin-right: 14px; margin-left: 2px;\"><\/div>\n<div style=\"background-color: #f4f4f4; border-radius: 50%; height: 12.5px; width: 12.5px;\"><\/div>\n<\/div>\n<div style=\"margin-left: 8px;\">\n<div style=\"background-color: #f4f4f4; border-radius: 50%; flex-grow: 0; height: 20px; width: 20px;\"><\/div>\n<div style=\"width: 0; height: 0; border-top: 2px solid transparent; border-left: 6px solid #f4f4f4; border-bottom: 2px solid transparent;\"><\/div>\n<\/div>\n<div style=\"margin-left: auto;\">\n<div style=\"width: 0px; border-top: 8px solid #F4F4F4; border-right: 8px solid transparent;\"><\/div>\n<div style=\"background-color: #f4f4f4; flex-grow: 0; height: 12px; width: 16px;\"><\/div>\n<div style=\"width: 0; height: 0; border-top: 8px solid #F4F4F4; border-left: 8px solid transparent;\"><\/div>\n<\/div>\n<\/div>\n<div style=\"flex-direction: column; flex-grow: 1; justify-content: center; margin-bottom: 24px;\">\n<div style=\"background-color: #f4f4f4; border-radius: 4px; flex-grow: 0; height: 14px; margin-bottom: 6px; width: 224px;\"><\/div>\n<div style=\"background-color: #f4f4f4; border-radius: 4px; flex-grow: 0; height: 14px; width: 144px;\"><\/div>\n<\/div>\n<p>&nbsp;<\/p>\n<p style=\"color: #c9c8cd; font-family: Arial,sans-serif; font-size: 14px; line-height: 17px; margin-bottom: 0; margin-top: 8px; overflow: hidden; padding: 8px 0 7px; text-align: center;\"><a style=\"color: #c9c8cd; font-family: Arial,sans-serif; font-size: 14px; font-style: normal; font-weight: normal; line-height: 17px; text-decoration: none;\" href=\"https:\/\/www.instagram.com\/reel\/C0ykm1uIqal\/?utm_source=ig_embed&amp;utm_campaign=loading\" target=\"_blank\" rel=\"noopener\">Une publication partag\u00e9e par C\u00f4te d&#8217;Azur France (@visitcotedazur)<\/a><\/p>\n<\/div>\n<\/blockquote>\n<p>\u00c0 Reims, la capitale de la champagne, No\u00ebl prend des airs royaux. Connue pour ses magnifiques monuments historiques et sa cath\u00e9drale, Reims se pare de d\u00e9corations \u00e9blouissantes pour les f\u00eates. Le march\u00e9 de No\u00ebl, l&#8217;un des plus grands de France, attire chaque ann\u00e9e plus de 1,5 million de visiteurs. Situ\u00e9 sur les Promenades Jean-Louis Schneiter, il regroupe de <a href=\"https:\/\/discover.ulysse.com\/5-plus-beaux-villages-de-france-lumieres\" target=\"_blank\" rel=\"noopener\">nombreux chalets<\/a> o\u00f9 les visiteurs peuvent d\u00e9couvrir des produits artisanaux, des sp\u00e9cialit\u00e9s r\u00e9gionales comme le champagne et les pains d&#8217;\u00e9pices, ainsi que des cr\u00e9ations uniques pour d\u00e9corer le sapin.<\/p>\n<p>Les familles appr\u00e9cieront \u00e9galement l\u2019animation autour de la cath\u00e9drale Notre-Dame, avec un grand sapin de No\u00ebl et des \u00e9v\u00e9nements organis\u00e9s pour les enfants. Le No\u00ebl \u00e0 Reims est une v\u00e9ritable exp\u00e9rience, \u00e0 la fois culturelle et festive.<\/p>\n<blockquote class=\"instagram-media\" style=\"background: #FFF; border: 0; border-radius: 3px; margin: 1px; max-width: 540px; min-width: 326px; padding: 0; width: calc(100% - 2px);\" data-instgrm-permalink=\"https:\/\/www.instagram.com\/reel\/DC9a4ZHigO2\/?utm_source=ig_embed&amp;utm_campaign=loading\" data-instgrm-version=\"14\">\n<div style=\"padding: 16px;\">\n<p>&nbsp;<\/p>\n<div style=\"flex-direction: row; align-items: center;\">\n<div style=\"background-color: #f4f4f4; border-radius: 50%; flex-grow: 0; height: 40px; margin-right: 14px; width: 40px;\"><\/div>\n<div style=\"flex-direction: column; flex-grow: 1; justify-content: center;\">\n<div style=\"background-color: #f4f4f4; border-radius: 4px; flex-grow: 0; height: 14px; margin-bottom: 6px; width: 100px;\"><\/div>\n<div style=\"background-color: #f4f4f4; border-radius: 4px; flex-grow: 0; height: 14px; width: 60px;\"><\/div>\n<\/div>\n<\/div>\n<div style=\"padding: 19% 0;\"><\/div>\n<div style=\"height: 50px; margin: 0 auto 12px; width: 50px;\"><\/div>\n<div style=\"padding-top: 8px;\">\n<div style=\"color: #3897f0; font-family: Arial,sans-serif; font-size: 14px; font-style: normal; font-weight: 550; line-height: 18px;\">Voir cette publication sur Instagram<\/div>\n<\/div>\n<div style=\"padding: 12.5% 0;\"><\/div>\n<div style=\"flex-direction: row; margin-bottom: 14px; align-items: center;\">\n<div>\n<div style=\"background-color: #f4f4f4; border-radius: 50%; height: 12.5px; width: 12.5px;\"><\/div>\n<div style=\"background-color: #f4f4f4; height: 12.5px; width: 12.5px; flex-grow: 0; margin-right: 14px; margin-left: 2px;\"><\/div>\n<div style=\"background-color: #f4f4f4; border-radius: 50%; height: 12.5px; width: 12.5px;\"><\/div>\n<\/div>\n<div style=\"margin-left: 8px;\">\n<div style=\"background-color: #f4f4f4; border-radius: 50%; flex-grow: 0; height: 20px; width: 20px;\"><\/div>\n<div style=\"width: 0; height: 0; border-top: 2px solid transparent; border-left: 6px solid #f4f4f4; border-bottom: 2px solid transparent;\"><\/div>\n<\/div>\n<div style=\"margin-left: auto;\">\n<div style=\"width: 0px; border-top: 8px solid #F4F4F4; border-right: 8px solid transparent;\"><\/div>\n<div style=\"background-color: #f4f4f4; flex-grow: 0; height: 12px; width: 16px;\"><\/div>\n<div style=\"width: 0; height: 0; border-top: 8px solid #F4F4F4; border-left: 8px solid transparent;\"><\/div>\n<\/div>\n<\/div>\n<div style=\"flex-direction: column; flex-grow: 1; justify-content: center; margin-bottom: 24px;\">\n<div style=\"background-color: #f4f4f4; border-radius: 4px; flex-grow: 0; height: 14px; margin-bottom: 6px; width: 224px;\"><\/div>\n<div style=\"background-color: #f4f4f4; border-radius: 4px; flex-grow: 0; height: 14px; width: 144px;\"><\/div>\n<\/div>\n<p>&nbsp;<\/p>\n<p style=\"color: #c9c8cd; font-family: Arial,sans-serif; font-size: 14px; line-height: 17px; margin-bottom: 0; margin-top: 8px; overflow: hidden; padding: 8px 0 7px; text-align: center;\"><a style=\"color: #c9c8cd; font-family: Arial,sans-serif; font-size: 14px; font-style: normal; font-weight: normal; line-height: 17px; text-decoration: none;\" href=\"https:\/\/www.instagram.com\/reel\/DC9a4ZHigO2\/?utm_source=ig_embed&amp;utm_campaign=loading\" target=\"_blank\" rel=\"noopener\">Une publication partag\u00e9e par Reims Tourisme (@reimstourisme)<\/a><\/p>\n<\/div>\n<\/blockquote>\n<h2>Moirans-en-Montagne : un No\u00ebl magique dans le Jura<\/h2>\n<p>Moirans-en-Montagne, surnomm\u00e9e la capitale fran\u00e7aise du jouet en bois, est un <a href=\"https:\/\/discover.ulysse.com\/lendroit-charente-a-voir-au-moins-une-fois\" target=\"_blank\" rel=\"noopener\">village id\u00e9al<\/a> pour une exp\u00e9rience de No\u00ebl unique. Ce charmant village se transforme chaque ann\u00e9e pour accueillir le festival &#8220;No\u00ebl au Pays du Jouet&#8221;. Avec des spectacles de rue, des marionnettes, des ateliers pour enfants et un march\u00e9 de No\u00ebl artisanal, il n&#8217;y a pas de meilleur endroit pour passer un No\u00ebl f\u00e9erique en famille.<\/p>\n<p>Les gourmands seront \u00e9galement combl\u00e9s avec la fondue g\u00e9ante organis\u00e9e chaque ann\u00e9e. Moirans-en-Montagne offre un cadre montagnard authentique et un No\u00ebl plus calme, loin de l\u2019agitation des grandes villes, mais tout aussi magique.<\/p>\n<blockquote class=\"instagram-media\" style=\"background: #FFF; border: 0; border-radius: 3px; margin: 1px; max-width: 540px; min-width: 326px; padding: 0; width: calc(100% - 2px);\" data-instgrm-permalink=\"https:\/\/www.instagram.com\/p\/CuRWsv5g96V\/?utm_source=ig_embed&amp;utm_campaign=loading\" data-instgrm-version=\"14\">\n<div style=\"padding: 16px;\">\n<p>&nbsp;<\/p>\n<div style=\"flex-direction: row; align-items: center;\">\n<div style=\"background-color: #f4f4f4; border-radius: 50%; flex-grow: 0; height: 40px; margin-right: 14px; width: 40px;\"><\/div>\n<div style=\"flex-direction: column; flex-grow: 1; justify-content: center;\">\n<div style=\"background-color: #f4f4f4; border-radius: 4px; flex-grow: 0; height: 14px; margin-bottom: 6px; width: 100px;\"><\/div>\n<div style=\"background-color: #f4f4f4; border-radius: 4px; flex-grow: 0; height: 14px; width: 60px;\"><\/div>\n<\/div>\n<\/div>\n<div style=\"padding: 19% 0;\"><\/div>\n<div style=\"height: 50px; margin: 0 auto 12px; width: 50px;\"><\/div>\n<div style=\"padding-top: 8px;\">\n<div style=\"color: #3897f0; font-family: Arial,sans-serif; font-size: 14px; font-style: normal; font-weight: 550; line-height: 18px;\">Voir cette publication sur Instagram<\/div>\n<\/div>\n<div style=\"padding: 12.5% 0;\"><\/div>\n<div style=\"flex-direction: row; margin-bottom: 14px; align-items: center;\">\n<div>\n<div style=\"background-color: #f4f4f4; border-radius: 50%; height: 12.5px; width: 12.5px;\"><\/div>\n<div style=\"background-color: #f4f4f4; height: 12.5px; width: 12.5px; flex-grow: 0; margin-right: 14px; margin-left: 2px;\"><\/div>\n<div style=\"background-color: #f4f4f4; border-radius: 50%; height: 12.5px; width: 12.5px;\"><\/div>\n<\/div>\n<div style=\"margin-left: 8px;\">\n<div style=\"background-color: #f4f4f4; border-radius: 50%; flex-grow: 0; height: 20px; width: 20px;\"><\/div>\n<div style=\"width: 0; height: 0; border-top: 2px solid transparent; border-left: 6px solid #f4f4f4; border-bottom: 2px solid transparent;\"><\/div>\n<\/div>\n<div style=\"margin-left: auto;\">\n<div style=\"width: 0px; border-top: 8px solid #F4F4F4; border-right: 8px solid transparent;\"><\/div>\n<div style=\"background-color: #f4f4f4; flex-grow: 0; height: 12px; width: 16px;\"><\/div>\n<div style=\"width: 0; height: 0; border-top: 8px solid #F4F4F4; border-left: 8px solid transparent;\"><\/div>\n<\/div>\n<\/div>\n<div style=\"flex-direction: column; flex-grow: 1; justify-content: center; margin-bottom: 24px;\">\n<div style=\"background-color: #f4f4f4; border-radius: 4px; flex-grow: 0; height: 14px; margin-bottom: 6px; width: 224px;\"><\/div>\n<div style=\"background-color: #f4f4f4; border-radius: 4px; flex-grow: 0; height: 14px; width: 144px;\"><\/div>\n<\/div>\n<p>&nbsp;<\/p>\n<p style=\"color: #c9c8cd; font-family: Arial,sans-serif; font-size: 14px; line-height: 17px; margin-bottom: 0; margin-top: 8px; overflow: hidden; padding: 8px 0 7px; text-align: center;\"><a style=\"color: #c9c8cd; font-family: Arial,sans-serif; font-size: 14px; font-style: normal; font-weight: normal; line-height: 17px; text-decoration: none;\" href=\"https:\/\/www.instagram.com\/p\/CuRWsv5g96V\/?utm_source=ig_embed&amp;utm_campaign=loading\" target=\"_blank\" rel=\"noopener\">Une publication partag\u00e9e par Eskal\u00e9o Canyoning et Via Ferrata (@eskaleo.fr)<\/a><\/p>\n<\/div>\n<\/blockquote>\n","protected":false},"excerpt":{"rendered":"<p>Alors que les f\u00eates de fin d&#8217;ann\u00e9e pointent le bout de leur nez, les familles sont en qu\u00eate de destinations [&hellip;]<\/p>\n","protected":false},"author":4,"featured_media":22281,"comment_status":"open","ping_status":"closed","sticky":false,"template":"","format":"standard","meta":{"_acf_changed":false,"_sitemap_exclude":false,"_sitemap_priority":"","_sitemap_frequency":"","footnotes":"","rank_math_title":"","rank_math_description":"La France regorge de villages charmants qui se transforment en v\u00e9ritables merveilles hivernales. ","rank_math_canonical_url":"","rank_math_focus_keyword":"Village"},"categories":[3],"tags":[],"class_list":["post-22090","post","type-post","status-publish","format-standard","has-post-thumbnail","hentry","category-voyage"],"acf":[],"_links":{"self":[{"href":"https:\/\/ulysse.com\/news\/wp-json\/wp\/v2\/posts\/22090","targetHints":{"allow":["GET"]}}],"collection":[{"href":"https:\/\/ulysse.com\/news\/wp-json\/wp\/v2\/posts"}],"about":[{"href":"https:\/\/ulysse.com\/news\/wp-json\/wp\/v2\/types\/post"}],"author":[{"embeddable":true,"href":"https:\/\/ulysse.com\/news\/wp-json\/wp\/v2\/users\/4"}],"replies":[{"embeddable":true,"href":"https:\/\/ulysse.com\/news\/wp-json\/wp\/v2\/comments?post=22090"}],"version-history":[{"count":5,"href":"https:\/\/ulysse.com\/news\/wp-json\/wp\/v2\/posts\/22090\/revisions"}],"predecessor-version":[{"id":22282,"href":"https:\/\/ulysse.com\/news\/wp-json\/wp\/v2\/posts\/22090\/revisions\/22282"}],"wp:featuredmedia":[{"embeddable":true,"href":"https:\/\/ulysse.com\/news\/wp-json\/wp\/v2\/media\/22281"}],"wp:attachment":[{"href":"https:\/\/ulysse.com\/news\/wp-json\/wp\/v2\/media?parent=22090"}],"wp:term":[{"taxonomy":"category","embeddable":true,"href":"https:\/\/ulysse.com\/news\/wp-json\/wp\/v2\/categories?post=22090"},{"taxonomy":"post_tag","embeddable":true,"href":"https:\/\/ulysse.com\/news\/wp-json\/wp\/v2\/tags?post=22090"}],"curies":[{"name":"wp","href":"https:\/\/api.w.org\/{rel}","templated":true}]}}