{"id":23815,"date":"2025-01-14T10:00:59","date_gmt":"2025-01-14T09:00:59","guid":{"rendered":"https:\/\/discover.ulysse.com\/?p=23815"},"modified":"2025-01-14T09:32:54","modified_gmt":"2025-01-14T08:32:54","slug":"5-plages-europeennes-plus-belles-hiver","status":"publish","type":"post","link":"https:\/\/ulysse.com\/news\/5-plages-europeennes-plus-belles-hiver","title":{"rendered":"Ces 5 plages europ\u00e9ennes sont encore plus belles en hiver"},"content":{"rendered":"<p>L\u2019hiver en Europe r\u00e9serve bien des surprises, et les plages, souvent d\u00e9laiss\u00e9es \u00e0 cette saison, se r\u00e9v\u00e8lent sous un jour totalement inattendu. Loin des clich\u00e9s estivaux, ces plages offrent des paysages saisissants, parfois presque surnaturels, o\u00f9 le froid et la nature brute fa\u00e7onnent des panoramas inoubliables. Que vous soyez amateur de photographie, d\u2019aventure ou simplement curieux de d\u00e9couvrir des lieux hors du commun, ces plages vous invitent \u00e0 explorer un m\u00e9lange unique de s\u00e9r\u00e9nit\u00e9, de puissance naturelle et de myst\u00e8re. De l\u2019Islande aux c\u00f4tes portugaises, chaque destination a sa propre histoire \u00e0 raconter, \u00e0 travers ses sables noirs, ses dunes battues par le vent ou encore ses eaux glac\u00e9es. Plongeons dans l\u2019univers fascinant de cinq plages europ\u00e9ennes \u00e0 ne pas manquer en hiver.<\/p>\n<h2>Un contraste spectaculaire entre sable noir et glace immacul\u00e9e sur la plage Stokksnes en Islande<\/h2>\n<p>En <a href=\"https:\/\/discover.ulysse.com\/islande-paysages-enchanteurs-reine-des-neiges-2\">Islande<\/a>, la plage de Stokksnes incarne la puissance de la nature hivernale. Son sable noir volcanique, unique en son genre, s\u2019\u00e9tend sous les majestueuses montagnes enneig\u00e9es qui se dressent en toile de fond. Ici, le froid transforme le paysage en un v\u00e9ritable tableau vivant, o\u00f9 des blocs de glace \u00e9clatants sont dispers\u00e9s sur le rivage, cr\u00e9ant un contraste saisissant.<\/p>\n<p>L\u2019atmosph\u00e8re mystique du lieu, souvent envelopp\u00e9 d\u2019une l\u00e9g\u00e8re brume, attire les photographes et les voyageurs en qu\u00eate de d\u00e9paysement. En hiver, chaque d\u00e9tail de Stokksnes raconte l\u2019histoire de la rencontre entre feu et glace, une dualit\u00e9 qui fait de cette plage une \u00e9tape incontournable.<\/p>\n<blockquote class=\"instagram-media\" style=\"background: #FFF; border: 0; border-radius: 3px; margin: 1px; max-width: 540px; min-width: 326px; padding: 0; width: calc(100% - 2px);\" data-instgrm-permalink=\"https:\/\/www.instagram.com\/p\/C1AJ6tXNGKi\/?utm_source=ig_embed&amp;utm_campaign=loading\" data-instgrm-version=\"14\">\n<div style=\"padding: 16px;\">\n<p>&nbsp;<\/p>\n<div style=\"flex-direction: row; align-items: center;\">\n<div style=\"background-color: #f4f4f4; border-radius: 50%; flex-grow: 0; height: 40px; margin-right: 14px; width: 40px;\"><\/div>\n<div style=\"flex-direction: column; flex-grow: 1; justify-content: center;\">\n<div style=\"background-color: #f4f4f4; border-radius: 4px; flex-grow: 0; height: 14px; margin-bottom: 6px; width: 100px;\"><\/div>\n<div style=\"background-color: #f4f4f4; border-radius: 4px; flex-grow: 0; height: 14px; width: 60px;\"><\/div>\n<\/div>\n<\/div>\n<div style=\"padding: 19% 0;\"><\/div>\n<div style=\"height: 50px; margin: 0 auto 12px; width: 50px;\"><\/div>\n<div style=\"padding-top: 8px;\">\n<div style=\"color: #3897f0; font-family: Arial,sans-serif; font-size: 14px; font-style: normal; font-weight: 550; line-height: 18px;\">Voir cette publication sur Instagram<\/div>\n<\/div>\n<div style=\"padding: 12.5% 0;\"><\/div>\n<div style=\"flex-direction: row; margin-bottom: 14px; align-items: center;\">\n<div>\n<div style=\"background-color: #f4f4f4; border-radius: 50%; height: 12.5px; width: 12.5px;\"><\/div>\n<div style=\"background-color: #f4f4f4; height: 12.5px; width: 12.5px; flex-grow: 0; margin-right: 14px; margin-left: 2px;\"><\/div>\n<div style=\"background-color: #f4f4f4; border-radius: 50%; height: 12.5px; width: 12.5px;\"><\/div>\n<\/div>\n<div style=\"margin-left: 8px;\">\n<div style=\"background-color: #f4f4f4; border-radius: 50%; flex-grow: 0; height: 20px; width: 20px;\"><\/div>\n<div style=\"width: 0; height: 0; border-top: 2px solid transparent; border-left: 6px solid #f4f4f4; border-bottom: 2px solid transparent;\"><\/div>\n<\/div>\n<div style=\"margin-left: auto;\">\n<div style=\"width: 0px; border-top: 8px solid #F4F4F4; border-right: 8px solid transparent;\"><\/div>\n<div style=\"background-color: #f4f4f4; flex-grow: 0; height: 12px; width: 16px;\"><\/div>\n<div style=\"width: 0; height: 0; border-top: 8px solid #F4F4F4; border-left: 8px solid transparent;\"><\/div>\n<\/div>\n<\/div>\n<div style=\"flex-direction: column; flex-grow: 1; justify-content: center; margin-bottom: 24px;\">\n<div style=\"background-color: #f4f4f4; border-radius: 4px; flex-grow: 0; height: 14px; margin-bottom: 6px; width: 224px;\"><\/div>\n<div style=\"background-color: #f4f4f4; border-radius: 4px; flex-grow: 0; height: 14px; width: 144px;\"><\/div>\n<\/div>\n<p>&nbsp;<\/p>\n<p style=\"color: #c9c8cd; font-family: Arial,sans-serif; font-size: 14px; line-height: 17px; margin-bottom: 0; margin-top: 8px; overflow: hidden; padding: 8px 0 7px; text-align: center;\"><a style=\"color: #c9c8cd; font-family: Arial,sans-serif; font-size: 14px; font-style: normal; font-weight: normal; line-height: 17px; text-decoration: none;\" href=\"https:\/\/www.instagram.com\/p\/C1AJ6tXNGKi\/?utm_source=ig_embed&amp;utm_campaign=loading\" target=\"_blank\" rel=\"noopener\">Une publication partag\u00e9e par Jack Anstey \/\/ UK (@jack_anstey)<\/a><\/p>\n<\/div>\n<\/blockquote>\n<h2>Kvalvika en Norv\u00e8ge, une beaut\u00e9 sauvage dans les \u00eeles Lofoten<\/h2>\n<p>Nich\u00e9e au c\u0153ur des \u00eeles Lofoten, Kvalvika est une plage isol\u00e9e, accessible uniquement \u00e0 pied. Cette retraite sauvage s\u00e9duit par son cadre naturel pr\u00e9serv\u00e9, o\u00f9 les montagnes abruptes semblent prot\u00e9ger un \u00e9crin de sable dor\u00e9. L\u2019hiver, le froid et les lumi\u00e8res polaires m\u00e9tamorphosent le site, lui conf\u00e9rant une ambiance \u00e0 la fois apaisante et myst\u00e9rieuse.<\/p>\n<p>Les amateurs d\u2019aventure pourront y planter leur tente, tandis que ceux en qu\u00eate de confort privil\u00e9gieront les cabanes de p\u00eacheurs environnantes. Kvalvika est bien plus qu\u2019une simple plage : c\u2019est une invitation \u00e0 renouer avec la nature dans toute sa splendeur hivernale.<\/p>\n<blockquote class=\"instagram-media\" style=\"background: #FFF; border: 0; border-radius: 3px; margin: 1px; max-width: 540px; min-width: 326px; padding: 0; width: calc(100% - 2px);\" data-instgrm-permalink=\"https:\/\/www.instagram.com\/p\/C2cT7aUPGgP\/?utm_source=ig_embed&amp;utm_campaign=loading\" data-instgrm-version=\"14\">\n<div style=\"padding: 16px;\">\n<p>&nbsp;<\/p>\n<div style=\"flex-direction: row; align-items: center;\">\n<div style=\"background-color: #f4f4f4; border-radius: 50%; flex-grow: 0; height: 40px; margin-right: 14px; width: 40px;\"><\/div>\n<div style=\"flex-direction: column; flex-grow: 1; justify-content: center;\">\n<div style=\"background-color: #f4f4f4; border-radius: 4px; flex-grow: 0; height: 14px; margin-bottom: 6px; width: 100px;\"><\/div>\n<div style=\"background-color: #f4f4f4; border-radius: 4px; flex-grow: 0; height: 14px; width: 60px;\"><\/div>\n<\/div>\n<\/div>\n<div style=\"padding: 19% 0;\"><\/div>\n<div style=\"height: 50px; margin: 0 auto 12px; width: 50px;\"><\/div>\n<div style=\"padding-top: 8px;\">\n<div style=\"color: #3897f0; font-family: Arial,sans-serif; font-size: 14px; font-style: normal; font-weight: 550; line-height: 18px;\">Voir cette publication sur Instagram<\/div>\n<\/div>\n<div style=\"padding: 12.5% 0;\"><\/div>\n<div style=\"flex-direction: row; margin-bottom: 14px; align-items: center;\">\n<div>\n<div style=\"background-color: #f4f4f4; border-radius: 50%; height: 12.5px; width: 12.5px;\"><\/div>\n<div style=\"background-color: #f4f4f4; height: 12.5px; width: 12.5px; flex-grow: 0; margin-right: 14px; margin-left: 2px;\"><\/div>\n<div style=\"background-color: #f4f4f4; border-radius: 50%; height: 12.5px; width: 12.5px;\"><\/div>\n<\/div>\n<div style=\"margin-left: 8px;\">\n<div style=\"background-color: #f4f4f4; border-radius: 50%; flex-grow: 0; height: 20px; width: 20px;\"><\/div>\n<div style=\"width: 0; height: 0; border-top: 2px solid transparent; border-left: 6px solid #f4f4f4; border-bottom: 2px solid transparent;\"><\/div>\n<\/div>\n<div style=\"margin-left: auto;\">\n<div style=\"width: 0px; border-top: 8px solid #F4F4F4; border-right: 8px solid transparent;\"><\/div>\n<div style=\"background-color: #f4f4f4; flex-grow: 0; height: 12px; width: 16px;\"><\/div>\n<div style=\"width: 0; height: 0; border-top: 8px solid #F4F4F4; border-left: 8px solid transparent;\"><\/div>\n<\/div>\n<\/div>\n<div style=\"flex-direction: column; flex-grow: 1; justify-content: center; margin-bottom: 24px;\">\n<div style=\"background-color: #f4f4f4; border-radius: 4px; flex-grow: 0; height: 14px; margin-bottom: 6px; width: 224px;\"><\/div>\n<div style=\"background-color: #f4f4f4; border-radius: 4px; flex-grow: 0; height: 14px; width: 144px;\"><\/div>\n<\/div>\n<p>&nbsp;<\/p>\n<p style=\"color: #c9c8cd; font-family: Arial,sans-serif; font-size: 14px; line-height: 17px; margin-bottom: 0; margin-top: 8px; overflow: hidden; padding: 8px 0 7px; text-align: center;\"><a style=\"color: #c9c8cd; font-family: Arial,sans-serif; font-size: 14px; font-style: normal; font-weight: normal; line-height: 17px; text-decoration: none;\" href=\"https:\/\/www.instagram.com\/p\/C2cT7aUPGgP\/?utm_source=ig_embed&amp;utm_campaign=loading\" target=\"_blank\" rel=\"noopener\">Une publication partag\u00e9e par Adrian Law\u2708\ufe0f (@adrian_travelholic)<\/a><\/p>\n<\/div>\n<\/blockquote>\n<h2>Un \u00e9cosyst\u00e8me unique fa\u00e7onn\u00e9 par l\u2019hiver \u00e0 Langeoog en Allemagne<\/h2>\n<p>Situ\u00e9e sur l\u2019une des \u00eeles de la Frise orientale, Langeoog offre un spectacle naturel \u00e9poustouflant, notamment gr\u00e2ce \u00e0 ses 14 km de plages sauvages et d\u00e9sertes. L\u2019hiver y apporte une atmosph\u00e8re f\u00e9\u00e9rique, avec des dunes recouvertes de neige et des morceaux de glace qui viennent \u00e9chouer sur le sable.<\/p>\n<p>L\u2019\u00eele est \u00e9galement r\u00e9put\u00e9e pour sa biodiversit\u00e9 exceptionnelle, particuli\u00e8rement ses marais salants et ses oiseaux migrateurs. En cette saison, les visiteurs peuvent s\u2019aventurer sur les digues et contempler des paysages empreints de calme et d\u2019\u00e9ternit\u00e9, un cadre id\u00e9al pour les amoureux de la nature et de la photographie.<\/p>\n<blockquote class=\"instagram-media\" style=\"background: #FFF; border: 0; border-radius: 3px; margin: 1px; max-width: 540px; min-width: 326px; padding: 0; width: calc(100% - 2px);\" data-instgrm-permalink=\"https:\/\/www.instagram.com\/p\/BxIF4gXnUO2\/?utm_source=ig_embed&amp;utm_campaign=loading\" data-instgrm-version=\"14\">\n<div style=\"padding: 16px;\">\n<p>&nbsp;<\/p>\n<div style=\"flex-direction: row; align-items: center;\">\n<div style=\"background-color: #f4f4f4; border-radius: 50%; flex-grow: 0; height: 40px; margin-right: 14px; width: 40px;\"><\/div>\n<div style=\"flex-direction: column; flex-grow: 1; justify-content: center;\">\n<div style=\"background-color: #f4f4f4; border-radius: 4px; flex-grow: 0; height: 14px; margin-bottom: 6px; width: 100px;\"><\/div>\n<div style=\"background-color: #f4f4f4; border-radius: 4px; flex-grow: 0; height: 14px; width: 60px;\"><\/div>\n<\/div>\n<\/div>\n<div style=\"padding: 19% 0;\"><\/div>\n<div style=\"height: 50px; margin: 0 auto 12px; width: 50px;\"><\/div>\n<div style=\"padding-top: 8px;\">\n<div style=\"color: #3897f0; font-family: Arial,sans-serif; font-size: 14px; font-style: normal; font-weight: 550; line-height: 18px;\">Voir cette publication sur Instagram<\/div>\n<\/div>\n<div style=\"padding: 12.5% 0;\"><\/div>\n<div style=\"flex-direction: row; margin-bottom: 14px; align-items: center;\">\n<div>\n<div style=\"background-color: #f4f4f4; border-radius: 50%; height: 12.5px; width: 12.5px;\"><\/div>\n<div style=\"background-color: #f4f4f4; height: 12.5px; width: 12.5px; flex-grow: 0; margin-right: 14px; margin-left: 2px;\"><\/div>\n<div style=\"background-color: #f4f4f4; border-radius: 50%; height: 12.5px; width: 12.5px;\"><\/div>\n<\/div>\n<div style=\"margin-left: 8px;\">\n<div style=\"background-color: #f4f4f4; border-radius: 50%; flex-grow: 0; height: 20px; width: 20px;\"><\/div>\n<div style=\"width: 0; height: 0; border-top: 2px solid transparent; border-left: 6px solid #f4f4f4; border-bottom: 2px solid transparent;\"><\/div>\n<\/div>\n<div style=\"margin-left: auto;\">\n<div style=\"width: 0px; border-top: 8px solid #F4F4F4; border-right: 8px solid transparent;\"><\/div>\n<div style=\"background-color: #f4f4f4; flex-grow: 0; height: 12px; width: 16px;\"><\/div>\n<div style=\"width: 0; height: 0; border-top: 8px solid #F4F4F4; border-left: 8px solid transparent;\"><\/div>\n<\/div>\n<\/div>\n<div style=\"flex-direction: column; flex-grow: 1; justify-content: center; margin-bottom: 24px;\">\n<div style=\"background-color: #f4f4f4; border-radius: 4px; flex-grow: 0; height: 14px; margin-bottom: 6px; width: 224px;\"><\/div>\n<div style=\"background-color: #f4f4f4; border-radius: 4px; flex-grow: 0; height: 14px; width: 144px;\"><\/div>\n<\/div>\n<p>&nbsp;<\/p>\n<p style=\"color: #c9c8cd; font-family: Arial,sans-serif; font-size: 14px; line-height: 17px; margin-bottom: 0; margin-top: 8px; overflow: hidden; padding: 8px 0 7px; text-align: center;\"><a style=\"color: #c9c8cd; font-family: Arial,sans-serif; font-size: 14px; font-style: normal; font-weight: normal; line-height: 17px; text-decoration: none;\" href=\"https:\/\/www.instagram.com\/p\/BxIF4gXnUO2\/?utm_source=ig_embed&amp;utm_campaign=loading\" target=\"_blank\" rel=\"noopener\">Une publication partag\u00e9e par Cornelius K\u00f6rner (@cornelli)<\/a><\/p>\n<\/div>\n<\/blockquote>\n<h2>La plage volcanique de Nogales aux \u00eeles Canaries<\/h2>\n<p>La plage de Nogales, situ\u00e9e sur l\u2019<a href=\"https:\/\/discover.ulysse.com\/carnavals-iles-canaries-a-ne-pas-manquer-2025\">\u00eele de La Palma<\/a>, est une merveille cach\u00e9e au milieu des paysages volcaniques des Canaries. Accessible uniquement par un sentier escarp\u00e9, elle offre une exp\u00e9rience authentique et immersive, loin de l\u2019agitation touristique.<\/p>\n<p>Son sable noir intense, sculpt\u00e9 par les forces de la nature, contraste magnifiquement avec l\u2019\u00e9cume blanche des vagues de l\u2019Atlantique. Les visiteurs, souvent s\u00e9duits par le caract\u00e8re sauvage et isol\u00e9 de Nogales, profitent aussi de la vue depuis un belv\u00e9d\u00e8re situ\u00e9 \u00e0 proximit\u00e9, qui offre un panorama \u00e0 couper le souffle sur cette plage spectaculaire.<\/p>\n<blockquote class=\"instagram-media\" style=\"background: #FFF; border: 0; border-radius: 3px; margin: 1px; max-width: 540px; min-width: 326px; padding: 0; width: calc(100% - 2px);\" data-instgrm-permalink=\"https:\/\/www.instagram.com\/p\/C6Y998MtzBV\/?utm_source=ig_embed&amp;utm_campaign=loading\" data-instgrm-version=\"14\">\n<div style=\"padding: 16px;\">\n<p>&nbsp;<\/p>\n<div style=\"flex-direction: row; align-items: center;\">\n<div style=\"background-color: #f4f4f4; border-radius: 50%; flex-grow: 0; height: 40px; margin-right: 14px; width: 40px;\"><\/div>\n<div style=\"flex-direction: column; flex-grow: 1; justify-content: center;\">\n<div style=\"background-color: #f4f4f4; border-radius: 4px; flex-grow: 0; height: 14px; margin-bottom: 6px; width: 100px;\"><\/div>\n<div style=\"background-color: #f4f4f4; border-radius: 4px; flex-grow: 0; height: 14px; width: 60px;\"><\/div>\n<\/div>\n<\/div>\n<div style=\"padding: 19% 0;\"><\/div>\n<div style=\"height: 50px; margin: 0 auto 12px; width: 50px;\"><\/div>\n<div style=\"padding-top: 8px;\">\n<div style=\"color: #3897f0; font-family: Arial,sans-serif; font-size: 14px; font-style: normal; font-weight: 550; line-height: 18px;\">Afficher cette publication sur Instagram<\/div>\n<\/div>\n<div style=\"padding: 12.5% 0;\"><\/div>\n<div style=\"flex-direction: row; margin-bottom: 14px; align-items: center;\">\n<div>\n<div style=\"background-color: #f4f4f4; border-radius: 50%; height: 12.5px; width: 12.5px;\"><\/div>\n<div style=\"background-color: #f4f4f4; height: 12.5px; width: 12.5px; flex-grow: 0; margin-right: 14px; margin-left: 2px;\"><\/div>\n<div style=\"background-color: #f4f4f4; border-radius: 50%; height: 12.5px; width: 12.5px;\"><\/div>\n<\/div>\n<div style=\"margin-left: 8px;\">\n<div style=\"background-color: #f4f4f4; border-radius: 50%; flex-grow: 0; height: 20px; width: 20px;\"><\/div>\n<div style=\"width: 0; height: 0; border-top: 2px solid transparent; border-left: 6px solid #f4f4f4; border-bottom: 2px solid transparent;\"><\/div>\n<\/div>\n<div style=\"margin-left: auto;\">\n<div style=\"width: 0px; border-top: 8px solid #F4F4F4; border-right: 8px solid transparent;\"><\/div>\n<div style=\"background-color: #f4f4f4; flex-grow: 0; height: 12px; width: 16px;\"><\/div>\n<div style=\"width: 0; height: 0; border-top: 8px solid #F4F4F4; border-left: 8px solid transparent;\"><\/div>\n<\/div>\n<\/div>\n<div style=\"flex-direction: column; flex-grow: 1; justify-content: center; margin-bottom: 24px;\">\n<div style=\"background-color: #f4f4f4; border-radius: 4px; flex-grow: 0; height: 14px; margin-bottom: 6px; width: 224px;\"><\/div>\n<div style=\"background-color: #f4f4f4; border-radius: 4px; flex-grow: 0; height: 14px; width: 144px;\"><\/div>\n<\/div>\n<p>&nbsp;<\/p>\n<p style=\"color: #c9c8cd; font-family: Arial,sans-serif; font-size: 14px; line-height: 17px; margin-bottom: 0; margin-top: 8px; overflow: hidden; padding: 8px 0 7px; text-align: center;\"><a style=\"color: #c9c8cd; font-family: Arial,sans-serif; font-size: 14px; font-style: normal; font-weight: normal; line-height: 17px; text-decoration: none;\" href=\"https:\/\/www.instagram.com\/p\/C6Y998MtzBV\/?utm_source=ig_embed&amp;utm_campaign=loading\" target=\"_blank\" rel=\"noopener\">Une publication partag\u00e9e par WELC\ud83c\udf0eME T\ud83c\udf0f MY W\ud83c\udf0dRLD (BIENVENUE DANS M\ud83c\udf0dN M\ud83c\udf0fNDE) (@gnolihp_neyugn)<\/a><\/p>\n<\/div>\n<\/blockquote>\n<h2>Praia do Guincho au Portugal : le royaume des vents et des vagues<\/h2>\n<p>\u00c0 quelques encablures de Cascais, la plage de Praia do Guincho se distingue par sa force naturelle et son ambiance presque mystique en hiver. Les vents qui balaient ses dunes de sable dor\u00e9 sculptent le paysage, tandis que les vagues puissantes de l\u2019Atlantique attirent les surfeurs les plus t\u00e9m\u00e9raires.<\/p>\n<p>Pour les visiteurs moins intr\u00e9pides, les dunes offrent un cadre parfait pour des balades contemplatives, o\u00f9 le calme hivernal met en valeur la beaut\u00e9 brute de cet endroit. Praia do Guincho est une plage o\u00f9 les \u00e9l\u00e9ments semblent raconter une histoire de puissance et d\u2019\u00e9quilibre.<\/p>\n<blockquote class=\"instagram-media\" style=\"background: #FFF; border: 0; border-radius: 3px; margin: 1px; max-width: 540px; min-width: 326px; padding: 0; width: calc(100% - 2px);\" data-instgrm-permalink=\"https:\/\/www.instagram.com\/p\/C7q-MR5MT87\/?utm_source=ig_embed&amp;utm_campaign=loading\" data-instgrm-version=\"14\">\n<div style=\"padding: 16px;\">\n<p>&nbsp;<\/p>\n<div style=\"flex-direction: row; align-items: center;\">\n<div style=\"background-color: #f4f4f4; border-radius: 50%; flex-grow: 0; height: 40px; margin-right: 14px; width: 40px;\"><\/div>\n<div style=\"flex-direction: column; flex-grow: 1; justify-content: center;\">\n<div style=\"background-color: #f4f4f4; border-radius: 4px; flex-grow: 0; height: 14px; margin-bottom: 6px; width: 100px;\"><\/div>\n<div style=\"background-color: #f4f4f4; border-radius: 4px; flex-grow: 0; height: 14px; width: 60px;\"><\/div>\n<\/div>\n<\/div>\n<div style=\"padding: 19% 0;\"><\/div>\n<div style=\"height: 50px; margin: 0 auto 12px; width: 50px;\"><\/div>\n<div style=\"padding-top: 8px;\">\n<div style=\"color: #3897f0; font-family: Arial,sans-serif; font-size: 14px; font-style: normal; font-weight: 550; line-height: 18px;\">Voir cette publication sur Instagram<\/div>\n<\/div>\n<div style=\"padding: 12.5% 0;\"><\/div>\n<div style=\"flex-direction: row; margin-bottom: 14px; align-items: center;\">\n<div>\n<div style=\"background-color: #f4f4f4; border-radius: 50%; height: 12.5px; width: 12.5px;\"><\/div>\n<div style=\"background-color: #f4f4f4; height: 12.5px; width: 12.5px; flex-grow: 0; margin-right: 14px; margin-left: 2px;\"><\/div>\n<div style=\"background-color: #f4f4f4; border-radius: 50%; height: 12.5px; width: 12.5px;\"><\/div>\n<\/div>\n<div style=\"margin-left: 8px;\">\n<div style=\"background-color: #f4f4f4; border-radius: 50%; flex-grow: 0; height: 20px; width: 20px;\"><\/div>\n<div style=\"width: 0; height: 0; border-top: 2px solid transparent; border-left: 6px solid #f4f4f4; border-bottom: 2px solid transparent;\"><\/div>\n<\/div>\n<div style=\"margin-left: auto;\">\n<div style=\"width: 0px; border-top: 8px solid #F4F4F4; border-right: 8px solid transparent;\"><\/div>\n<div style=\"background-color: #f4f4f4; flex-grow: 0; height: 12px; width: 16px;\"><\/div>\n<div style=\"width: 0; height: 0; border-top: 8px solid #F4F4F4; border-left: 8px solid transparent;\"><\/div>\n<\/div>\n<\/div>\n<div style=\"flex-direction: column; flex-grow: 1; justify-content: center; margin-bottom: 24px;\">\n<div style=\"background-color: #f4f4f4; border-radius: 4px; flex-grow: 0; height: 14px; margin-bottom: 6px; width: 224px;\"><\/div>\n<div style=\"background-color: #f4f4f4; border-radius: 4px; flex-grow: 0; height: 14px; width: 144px;\"><\/div>\n<\/div>\n<p>&nbsp;<\/p>\n<p style=\"color: #c9c8cd; font-family: Arial,sans-serif; font-size: 14px; line-height: 17px; margin-bottom: 0; margin-top: 8px; overflow: hidden; padding: 8px 0 7px; text-align: center;\"><a style=\"color: #c9c8cd; font-family: Arial,sans-serif; font-size: 14px; font-style: normal; font-weight: normal; line-height: 17px; text-decoration: none;\" href=\"https:\/\/www.instagram.com\/p\/C7q-MR5MT87\/?utm_source=ig_embed&amp;utm_campaign=loading\" target=\"_blank\" rel=\"noopener\">Une publication partag\u00e9e par Pricilla Santos (@pricillassantos70)<\/a><\/p>\n<\/div>\n<\/blockquote>\n<h2>D\u2019autres plages \u00e0 explorer en Europe en hiver<\/h2>\n<p>L\u2019Europe regorge d\u2019autres plages qui m\u00e9ritent d\u2019\u00eatre d\u00e9couvertes pendant la saison froide. Voici quelques exemples regroup\u00e9s dans le tableau ci-dessous :<\/p>\n<table style=\"height: 699px;\" width=\"799\" cellspacing=\"0\" cellpadding=\"0\">\n<tbody>\n<tr>\n<td width=\"107\" height=\"48\">\n<p align=\"center\"><span style=\"font-family: Liberation Serif;\"><b>Plage<\/b><\/span><\/p>\n<\/td>\n<td width=\"106\">\n<p align=\"center\"><span style=\"font-family: Liberation Serif;\"><b>Localisation<\/b><\/span><\/p>\n<\/td>\n<td width=\"208\">\n<p align=\"center\"><span style=\"font-family: Liberation Serif;\"><b>Caract\u00e9ristiques principales<\/b><\/span><\/p>\n<\/td>\n<td width=\"222\">\n<p align=\"center\"><span style=\"font-family: Liberation Serif;\"><b>Activit\u00e9s ou points d\u2019int\u00e9r\u00eat<\/b><\/span><\/p>\n<\/td>\n<\/tr>\n<tr>\n<td width=\"107\" height=\"121\">\n<p align=\"center\"><span style=\"font-family: Liberation Serif;\"><b>Downings Beach<\/b><\/span><\/p>\n<\/td>\n<td width=\"106\">\n<p align=\"center\"><span style=\"font-family: Liberation Serif;\">Irlande (Donegal)<\/span><\/p>\n<\/td>\n<td width=\"208\">\n<p align=\"center\"><span style=\"font-family: Liberation Serif;\">Plage au drapeau bleu avec des eaux claires et des montagnes en toile de fond.<\/span><\/p>\n<\/td>\n<td width=\"222\">\n<p align=\"center\"><span style=\"font-family: Liberation Serif;\">Immersion en eau froide, couchers de soleil spectaculaires, proximit\u00e9 du Singing Pub chaleureux.<\/span><\/p>\n<\/td>\n<\/tr>\n<tr>\n<td width=\"107\" height=\"121\">\n<p align=\"center\"><span style=\"font-family: Liberation Serif;\"><b>Hiddensee<\/b><\/span><\/p>\n<\/td>\n<td width=\"106\">\n<p align=\"center\"><span style=\"font-family: Liberation Serif;\">Allemagne (Pom\u00e9ranie)<\/span><\/p>\n<\/td>\n<td width=\"208\">\n<p align=\"center\"><span style=\"font-family: Liberation Serif;\">Beaut\u00e9 sauvage avec plages et marais salants ; lieu d\u2019inspiration artistique.<\/span><\/p>\n<\/td>\n<td width=\"222\">\n<p align=\"center\"><span style=\"font-family: Liberation Serif;\">Observation de grues migratrices, exploration du parc national du lagon de Pom\u00e9ranie occidentale.<\/span><\/p>\n<\/td>\n<\/tr>\n<tr>\n<td width=\"107\" height=\"121\">\n<p align=\"center\"><span style=\"font-family: Liberation Serif;\"><b>Compton Bay<\/b><\/span><\/p>\n<\/td>\n<td width=\"106\">\n<p align=\"center\"><span style=\"font-family: Liberation Serif;\">Royaume-Uni (\u00eele de Wight)<\/span><\/p>\n<\/td>\n<td width=\"208\">\n<p align=\"center\"><span style=\"font-family: Liberation Serif;\">Plage riche en fossiles et falaises \u00e9rod\u00e9es d\u00e9voilant des tr\u00e9sors g\u00e9ologiques.<\/span><\/p>\n<\/td>\n<td width=\"222\">\n<p align=\"center\"><span style=\"font-family: Liberation Serif;\">Chasse aux fossiles, d\u00e9couverte d\u2019empreintes de dinosaures sur la plage de Brook Beach adjacente.<\/span><\/p>\n<\/td>\n<\/tr>\n<tr>\n<td width=\"107\" height=\"121\">\n<p align=\"center\"><span style=\"font-family: Liberation Serif;\"><b>Praia do Pego<\/b><\/span><\/p>\n<\/td>\n<td width=\"106\">\n<p align=\"center\"><span style=\"font-family: Liberation Serif;\">Portugal (Comporta)<\/span><\/p>\n<\/td>\n<td width=\"208\">\n<p align=\"center\"><span style=\"font-family: Liberation Serif;\">Plage de sable dor\u00e9 bord\u00e9e de pins, offrant un cadre serein et pr\u00e9serv\u00e9.<\/span><\/p>\n<\/td>\n<td width=\"222\">\n<p align=\"center\"><span style=\"font-family: Liberation Serif;\">Observation de dauphins dans les vagues, d\u00e9gustation dans des caf\u00e9s locaux comme Almo.<\/span><\/p>\n<\/td>\n<\/tr>\n<tr>\n<td width=\"107\" height=\"137\">\n<p align=\"center\"><span style=\"font-family: Liberation Serif;\"><b>Praia de Vilamoura<\/b><\/span><\/p>\n<\/td>\n<td width=\"106\">\n<p align=\"center\"><span style=\"font-family: Liberation Serif;\">Portugal (Algarve)<\/span><\/p>\n<\/td>\n<td width=\"208\">\n<p align=\"center\"><span style=\"font-family: Liberation Serif;\">Plage avec des formations g\u00e9ologiques spectaculaires et un climat doux en hiver.<\/span><\/p>\n<\/td>\n<td width=\"222\">\n<p align=\"center\"><span style=\"font-family: Liberation Serif;\">Balade le long de la promenade, visite de la marina de Vilamoura pour admirer des super yachts.<\/span><\/p>\n<\/td>\n<\/tr>\n<\/tbody>\n<\/table>\n<p>Ces plage, tout comme celles pr\u00e9sent\u00e9es en d\u00e9tail, r\u00e9v\u00e8lent \u00e0 quel point les plages europ\u00e9ennes peuvent \u00eatre fascinantes et vari\u00e9es, m\u00eame \u2013 et surtout \u2013 en hiver. Alors, pourquoi attendre l\u2019\u00e9t\u00e9 pour partir \u00e0 la d\u00e9couverte de ces sublimes plages ?<\/p>\n","protected":false},"excerpt":{"rendered":"<p>L\u2019hiver en Europe r\u00e9serve bien des surprises, et les plages, souvent d\u00e9laiss\u00e9es \u00e0 cette saison, se r\u00e9v\u00e8lent sous un jour [&hellip;]<\/p>\n","protected":false},"author":3,"featured_media":23827,"comment_status":"open","ping_status":"closed","sticky":false,"template":"","format":"standard","meta":{"_acf_changed":false,"_sitemap_exclude":false,"_sitemap_priority":"","_sitemap_frequency":"","footnotes":"","rank_math_title":"","rank_math_description":"Les plages europ\u00e9ennes, souvent associ\u00e9es aux escapades estivales, d\u00e9voilent un tout autre visage en hiver, qui ne demande qu'\u00e0 \u00eatre connu.","rank_math_canonical_url":"","rank_math_focus_keyword":"plages"},"categories":[3],"tags":[],"class_list":["post-23815","post","type-post","status-publish","format-standard","has-post-thumbnail","hentry","category-voyage"],"acf":[],"_links":{"self":[{"href":"https:\/\/ulysse.com\/news\/wp-json\/wp\/v2\/posts\/23815","targetHints":{"allow":["GET"]}}],"collection":[{"href":"https:\/\/ulysse.com\/news\/wp-json\/wp\/v2\/posts"}],"about":[{"href":"https:\/\/ulysse.com\/news\/wp-json\/wp\/v2\/types\/post"}],"author":[{"embeddable":true,"href":"https:\/\/ulysse.com\/news\/wp-json\/wp\/v2\/users\/3"}],"replies":[{"embeddable":true,"href":"https:\/\/ulysse.com\/news\/wp-json\/wp\/v2\/comments?post=23815"}],"version-history":[{"count":6,"href":"https:\/\/ulysse.com\/news\/wp-json\/wp\/v2\/posts\/23815\/revisions"}],"predecessor-version":[{"id":23825,"href":"https:\/\/ulysse.com\/news\/wp-json\/wp\/v2\/posts\/23815\/revisions\/23825"}],"wp:featuredmedia":[{"embeddable":true,"href":"https:\/\/ulysse.com\/news\/wp-json\/wp\/v2\/media\/23827"}],"wp:attachment":[{"href":"https:\/\/ulysse.com\/news\/wp-json\/wp\/v2\/media?parent=23815"}],"wp:term":[{"taxonomy":"category","embeddable":true,"href":"https:\/\/ulysse.com\/news\/wp-json\/wp\/v2\/categories?post=23815"},{"taxonomy":"post_tag","embeddable":true,"href":"https:\/\/ulysse.com\/news\/wp-json\/wp\/v2\/tags?post=23815"}],"curies":[{"name":"wp","href":"https:\/\/api.w.org\/{rel}","templated":true}]}}