{"id":24164,"date":"2025-01-21T14:02:06","date_gmt":"2025-01-21T13:02:06","guid":{"rendered":"https:\/\/discover.ulysse.com\/?p=24164"},"modified":"2025-01-26T10:05:35","modified_gmt":"2025-01-26T09:05:35","slug":"elue-plus-belle-plage-du-monde-bretagne","status":"publish","type":"post","link":"https:\/\/ulysse.com\/news\/elue-plus-belle-plage-du-monde-bretagne","title":{"rendered":"\u00c9lue plus belle plage du monde, d\u00e9couvrez ce paradis en Bretagne"},"content":{"rendered":"<p data-pm-slice=\"1 1 []\">Dans un coin recul\u00e9 de la Bretagne, un lieu exceptionnel a autrefois \u00e9t\u00e9 reconnu pour sa beaut\u00e9 spectaculaire : la plage de l\u2019\u00cele Vierge, nich\u00e9e dans le Finist\u00e8re, sur la presqu\u2019\u00eele de Crozon. Bien que ce site naturel ait suscit\u00e9 l\u2019admiration pour ses falaises spectaculaires et son ambiance sauvage, il est aujourd\u2019hui <strong>totalement interdit d\u2019acc\u00e8s<\/strong> pour des raisons de s\u00e9curit\u00e9 et de pr\u00e9servation de l\u2019environnement. Pourquoi un tel joyau breton est-il rest\u00e9 secret si longtemps, et quelles mesures ont \u00e9t\u00e9 mises en place pour le prot\u00e9ger ? Explorons ce site \u00e0 la fois fascinant et fragile.<\/p>\n<h2 data-pm-slice=\"1 1 []\">Un site exceptionnel, mais interdit d\u2019acc\u00e8s<\/h2>\n<p>La plage de l\u2019\u00cele Vierge, situ\u00e9e sur la presqu\u2019\u00eele de Crozon, a \u00e9t\u00e9 longtemps consid\u00e9r\u00e9e comme un petit coin de paradis. Avec ses falaises abruptes, ses eaux turquoise et son sable immacul\u00e9, elle \u00e9tait un tableau vivant de la richesse naturelle bretonne. Toutefois, <strong>depuis juin 2020<\/strong>, cet endroit n\u2019est plus accessible au public. Cette d\u00e9cision r\u00e9sulte de plusieurs facteurs majeurs :<\/p>\n<ul data-spread=\"false\">\n<li><strong>Dangerosit\u00e9 du site<\/strong> : Les falaises environnantes sont extr\u00eamement instables et menacent de s\u2019effondrer. Ce risque a d\u00e9j\u00e0 provoqu\u00e9 des accidents tragiques par le pass\u00e9.<\/li>\n<li><strong>Fragilit\u00e9 \u00e9cologique<\/strong> : L\u2019\u00e9cosyst\u00e8me local est particuli\u00e8rement sensible \u00e0 la pr\u00e9sence humaine. Toute circulation hors des sentiers balis\u00e9s met en p\u00e9ril la faune et la flore uniques de la r\u00e9gion.<\/li>\n<\/ul>\n<p>L\u2019acc\u00e8s \u00e0 cette crique est d\u00e9sormais <strong>formellement interdit<\/strong>, que ce soit par voie terrestre ou maritime. Les contrevenants s\u2019exposent \u00e0 une amende de 135 euros.<\/p>\n<div style=\"padding: 16px\">\n<div style=\"flex-direction: row;align-items: center\">\n<div style=\"background-color: #f4f4f4;border-radius: 50%;flex-grow: 0;height: 40px;margin-right: 14px;width: 40px\"><\/div>\n<div style=\"flex-direction: column;flex-grow: 1;justify-content: center\">\n<div style=\"background-color: #f4f4f4;border-radius: 4px;flex-grow: 0;height: 14px;margin-bottom: 6px;width: 100px\"><\/div>\n<div style=\"background-color: #f4f4f4;border-radius: 4px;flex-grow: 0;height: 14px;width: 60px\"><\/div>\n<\/div>\n<\/div>\n<div style=\"padding: 19% 0\"><\/div>\n<div style=\"height: 50px;margin: 0 auto 12px;width: 50px\"><\/div>\n<div style=\"padding-top: 8px\">\n<div style=\"color: #3897f0;font-family: Arial,sans-serif;font-size: 14px;font-style: normal;font-weight: 550;line-height: 18px\">Voir cette publication sur Instagram<\/div>\n<\/div>\n<div style=\"padding: 12.5% 0\"><\/div>\n<div style=\"flex-direction: row;margin-bottom: 14px;align-items: center\">\n<div>\n<div style=\"background-color: #f4f4f4;border-radius: 50%;height: 12.5px;width: 12.5px\"><\/div>\n<div style=\"background-color: #f4f4f4;height: 12.5px;width: 12.5px;flex-grow: 0;margin-right: 14px;margin-left: 2px\"><\/div>\n<div style=\"background-color: #f4f4f4;border-radius: 50%;height: 12.5px;width: 12.5px\"><\/div>\n<\/div>\n<div style=\"margin-left: 8px\">\n<div style=\"background-color: #f4f4f4;border-radius: 50%;flex-grow: 0;height: 20px;width: 20px\"><\/div>\n<div style=\"width: 0;height: 0;border-top: 2px solid transparent;border-left: 6px solid #f4f4f4;border-bottom: 2px solid transparent\"><\/div>\n<\/div>\n<div style=\"margin-left: auto\">\n<div style=\"width: 0px;border-top: 8px solid #F4F4F4;border-right: 8px solid transparent\"><\/div>\n<div style=\"background-color: #f4f4f4;flex-grow: 0;height: 12px;width: 16px\"><\/div>\n<div style=\"width: 0;height: 0;border-top: 8px solid #F4F4F4;border-left: 8px solid transparent\"><\/div>\n<\/div>\n<\/div>\n<div style=\"flex-direction: column;flex-grow: 1;justify-content: center;margin-bottom: 24px\">\n<div style=\"background-color: #f4f4f4;border-radius: 4px;flex-grow: 0;height: 14px;margin-bottom: 6px;width: 224px\"><\/div>\n<div style=\"background-color: #f4f4f4;border-radius: 4px;flex-grow: 0;height: 14px;width: 144px\"><\/div>\n<\/div>\n<p>&nbsp;<\/p>\n<p style=\"color: #c9c8cd;font-family: Arial,sans-serif;font-size: 14px;line-height: 17px;margin-bottom: 0;margin-top: 8px;overflow: hidden;padding: 8px 0 7px;text-align: center\"><a style=\"color: #c9c8cd;font-family: Arial,sans-serif;font-size: 14px;font-style: normal;font-weight: normal;line-height: 17px;text-decoration: none\" href=\"https:\/\/www.instagram.com\/p\/CwrqUoSMeCu\/?utm_source=ig_embed&amp;utm_campaign=loading\" target=\"_blank\" rel=\"noopener\">Une publication partag\u00e9e par @elvire_13<\/a><\/p>\n<\/div>\n<h2 data-pm-slice=\"1 1 []\">Pourquoi la plage de l\u2019\u00cele Vierge doit rester confidentielle<\/h2>\n<p>Cette interdiction r\u00e9pond \u00e0 un double objectif : garantir la s\u00e9curit\u00e9 des visiteurs et pr\u00e9server l\u2019int\u00e9grit\u00e9 de ce site exceptionnel. La falaise menace de <strong>s\u2019\u00e9crouler \u00e0 tout moment<\/strong>, mettant en danger ceux qui tenteraient de descendre dans la crique. En outre, les organismes locaux, comme l\u2019Office de Tourisme Presqu\u2019\u00eele de Crozon &#8211; Aulne Maritime, ont adopt\u00e9 une strat\u00e9gie de communication claire : ne plus promouvoir ce lieu dans les circuits touristiques pour prot\u00e9ger sa biodiversit\u00e9.<\/p>\n<p>Des efforts consid\u00e9rables ont \u00e9t\u00e9 d\u00e9ploy\u00e9s pour sensibiliser le public \u00e0 la n\u00e9cessit\u00e9 de <strong>respecter cet espace naturel<\/strong>. L\u2019objectif est de garantir que l\u2019\u00cele Vierge reste un sanctuaire prot\u00e9g\u00e9, loin des pressions du tourisme de masse.<\/p>\n<h2 data-pm-slice=\"1 1 []\">Une responsabilit\u00e9 partag\u00e9e pour pr\u00e9server la nature<\/h2>\n<p>Bien que la plage de l\u2019\u00cele Vierge soit aujourd\u2019hui inaccessible, le littoral de la presqu\u2019\u00eele de Crozon regorge d\u2019autres merveilles \u00e0 d\u00e9couvrir. Cela inclut la <a href=\"https:\/\/discover.ulysse.com\/belles-plages-familiales-bretagne-ete\">plage de Morgat<\/a> ou les criques de Camaret-sur-Mer, o\u00f9 des mesures strictes permettent un tourisme plus respectueux. Ces sites embl\u00e9matiques, accessibles et s\u00e9curis\u00e9s, offrent des paysages tout aussi spectaculaires sans compromettre la s\u00e9curit\u00e9 ni l\u2019\u00e9quilibre \u00e9cologique.<\/p>\n<p>Visiter la Bretagne, c\u2019est aussi adopter un <strong>comportement responsable<\/strong> face \u00e0 la nature. Ramasser ses d\u00e9chets, respecter les sentiers balis\u00e9s et \u00e9viter de perturber les \u00e9cosyst\u00e8mes sont des gestes simples, mais essentiels pour garantir que ces lieux restent magnifiques et accessibles pour les g\u00e9n\u00e9rations futures.<\/p>\n<h2 data-pm-slice=\"1 1 []\">Un message clair : respect et pr\u00e9servation<\/h2>\n<p>L\u2019histoire de la plage de l\u2019\u00cele Vierge rappelle que certains tr\u00e9sors naturels doivent \u00eatre prot\u00e9g\u00e9s, m\u00eame si cela signifie <strong>limiter ou interdire leur acc\u00e8s<\/strong>. Ce choix peut para\u00eetre frustrant pour les visiteurs, mais il est n\u00e9cessaire pour pr\u00e9server l\u2019\u00e9quilibre pr\u00e9caire de ces espaces uniques.<\/p>\n<p>En d\u00e9couvrant la presqu\u2019\u00eele de Crozon et ses richesses naturelles, souvenez-vous que chaque geste compte. Prot\u00e9ger ces lieux, c\u2019est garantir qu\u2019ils continuent \u00e0 inspirer l\u2019admiration tout en restant des havres de paix pour la nature.<\/p>\n","protected":false},"excerpt":{"rendered":"<p>Dans un coin recul\u00e9 de la Bretagne, un lieu exceptionnel a autrefois \u00e9t\u00e9 reconnu pour sa beaut\u00e9 spectaculaire : la [&hellip;]<\/p>\n","protected":false},"author":3,"featured_media":24166,"comment_status":"open","ping_status":"closed","sticky":false,"template":"","format":"standard","meta":{"_acf_changed":false,"_sitemap_exclude":false,"_sitemap_priority":"","_sitemap_frequency":"","footnotes":"","rank_math_title":"","rank_math_description":"La Bretagne est d\u00e9sormais sous les projecteurs gr\u00e2ce \u00e0 une nouvelle exceptionnelle : une plage bretonne a \u00e9t\u00e9 \u00e9lue plus belle plage du monde.","rank_math_canonical_url":"","rank_math_focus_keyword":"plage"},"categories":[3],"tags":[],"class_list":["post-24164","post","type-post","status-publish","format-standard","has-post-thumbnail","hentry","category-voyage"],"acf":[],"_links":{"self":[{"href":"https:\/\/ulysse.com\/news\/wp-json\/wp\/v2\/posts\/24164","targetHints":{"allow":["GET"]}}],"collection":[{"href":"https:\/\/ulysse.com\/news\/wp-json\/wp\/v2\/posts"}],"about":[{"href":"https:\/\/ulysse.com\/news\/wp-json\/wp\/v2\/types\/post"}],"author":[{"embeddable":true,"href":"https:\/\/ulysse.com\/news\/wp-json\/wp\/v2\/users\/3"}],"replies":[{"embeddable":true,"href":"https:\/\/ulysse.com\/news\/wp-json\/wp\/v2\/comments?post=24164"}],"version-history":[{"count":7,"href":"https:\/\/ulysse.com\/news\/wp-json\/wp\/v2\/posts\/24164\/revisions"}],"predecessor-version":[{"id":24446,"href":"https:\/\/ulysse.com\/news\/wp-json\/wp\/v2\/posts\/24164\/revisions\/24446"}],"wp:featuredmedia":[{"embeddable":true,"href":"https:\/\/ulysse.com\/news\/wp-json\/wp\/v2\/media\/24166"}],"wp:attachment":[{"href":"https:\/\/ulysse.com\/news\/wp-json\/wp\/v2\/media?parent=24164"}],"wp:term":[{"taxonomy":"category","embeddable":true,"href":"https:\/\/ulysse.com\/news\/wp-json\/wp\/v2\/categories?post=24164"},{"taxonomy":"post_tag","embeddable":true,"href":"https:\/\/ulysse.com\/news\/wp-json\/wp\/v2\/tags?post=24164"}],"curies":[{"name":"wp","href":"https:\/\/api.w.org\/{rel}","templated":true}]}}