{"id":24467,"date":"2025-01-26T19:28:17","date_gmt":"2025-01-26T18:28:17","guid":{"rendered":"https:\/\/discover.ulysse.com\/?p=24467"},"modified":"2025-01-26T12:48:31","modified_gmt":"2025-01-26T11:48:31","slug":"espagne-visiter-avant-prise-dassaut","status":"publish","type":"post","link":"https:\/\/ulysse.com\/news\/espagne-visiter-avant-prise-dassaut","title":{"rendered":"La prochaine grande destination d\u2019Espagne, \u00e0 visiter avant qu\u2019elle ne soit prise d\u2019assaut"},"content":{"rendered":"<p>Au nord de l\u2019Espagne, entre mer scintillante et montagnes verdoyantes, se cache une ville encore pr\u00e9serv\u00e9e des sentiers battus. R\u00e9put\u00e9e pour son authenticit\u00e9 et son harmonie entre modernit\u00e9 et traditions, elle est sur le point de devenir un incontournable pour les voyageurs en qu\u00eate de nouveaut\u00e9s en 2025. Avec ses plages dor\u00e9es, ses ruelles historiques et une sc\u00e8ne culturelle vibrante, ce tr\u00e9sor \u00e9mergent vous promet des exp\u00e9riences inoubliables. Pr\u00e9parez-vous \u00e0 \u00eatre charm\u00e9 par Gij\u00f3n, la perle montante de la principaut\u00e9 des Asturies.<\/p>\n<h2>Un port empreint de m\u00e9moire<\/h2>\n<p>Le <strong>port de plaisance<\/strong> de Gij\u00f3n, appel\u00e9 Puerto Deportivo, situ\u00e9 sur <strong>la Costa Verde<\/strong>, est un t\u00e9moignage vivant de son pass\u00e9 maritime et un lieu incontournable pour les visiteurs. Autrefois un moteur \u00e9conomique vital, ce port a \u00e9volu\u00e9 pour devenir un espace o\u00f9 l\u2019ancien dialogue harmonieusement avec le moderne.<\/p>\n<blockquote class=\"instagram-media\" style=\"background: #FFF; border: 0; border-radius: 3px; margin: 1px; max-width: 540px; min-width: 326px; padding: 0; width: calc(100% - 2px);\" data-instgrm-permalink=\"https:\/\/www.instagram.com\/reel\/CsqdXT9sg-Y\/?utm_source=ig_embed&amp;utm_campaign=loading\" data-instgrm-version=\"14\">\n<div style=\"padding: 16px;\">\n<p>&nbsp;<\/p>\n<div style=\"flex-direction: row; align-items: center;\">\n<div style=\"background-color: #f4f4f4; border-radius: 50%; flex-grow: 0; height: 40px; margin-right: 14px; width: 40px;\"><\/div>\n<div style=\"flex-direction: column; flex-grow: 1; justify-content: center;\">\n<div style=\"background-color: #f4f4f4; border-radius: 4px; flex-grow: 0; height: 14px; margin-bottom: 6px; width: 100px;\"><\/div>\n<div style=\"background-color: #f4f4f4; border-radius: 4px; flex-grow: 0; height: 14px; width: 60px;\"><\/div>\n<\/div>\n<\/div>\n<div style=\"padding: 19% 0;\"><\/div>\n<div style=\"height: 50px; margin: 0 auto 12px; width: 50px;\"><\/div>\n<div style=\"padding-top: 8px;\">\n<div style=\"color: #3897f0; font-family: Arial,sans-serif; font-size: 14px; font-style: normal; font-weight: 550; line-height: 18px;\">Voir cette publication sur Instagram<\/div>\n<\/div>\n<div style=\"padding: 12.5% 0;\"><\/div>\n<div style=\"flex-direction: row; margin-bottom: 14px; align-items: center;\">\n<div>\n<div style=\"background-color: #f4f4f4; border-radius: 50%; height: 12.5px; width: 12.5px;\"><\/div>\n<div style=\"background-color: #f4f4f4; height: 12.5px; width: 12.5px; flex-grow: 0; margin-right: 14px; margin-left: 2px;\"><\/div>\n<div style=\"background-color: #f4f4f4; border-radius: 50%; height: 12.5px; width: 12.5px;\"><\/div>\n<\/div>\n<div style=\"margin-left: 8px;\">\n<div style=\"background-color: #f4f4f4; border-radius: 50%; flex-grow: 0; height: 20px; width: 20px;\"><\/div>\n<div style=\"width: 0; height: 0; border-top: 2px solid transparent; border-left: 6px solid #f4f4f4; border-bottom: 2px solid transparent;\"><\/div>\n<\/div>\n<div style=\"margin-left: auto;\">\n<div style=\"width: 0px; border-top: 8px solid #F4F4F4; border-right: 8px solid transparent;\"><\/div>\n<div style=\"background-color: #f4f4f4; flex-grow: 0; height: 12px; width: 16px;\"><\/div>\n<div style=\"width: 0; height: 0; border-top: 8px solid #F4F4F4; border-left: 8px solid transparent;\"><\/div>\n<\/div>\n<\/div>\n<div style=\"flex-direction: column; flex-grow: 1; justify-content: center; margin-bottom: 24px;\">\n<div style=\"background-color: #f4f4f4; border-radius: 4px; flex-grow: 0; height: 14px; margin-bottom: 6px; width: 224px;\"><\/div>\n<div style=\"background-color: #f4f4f4; border-radius: 4px; flex-grow: 0; height: 14px; width: 144px;\"><\/div>\n<\/div>\n<p>&nbsp;<\/p>\n<p style=\"color: #c9c8cd; font-family: Arial,sans-serif; font-size: 14px; line-height: 17px; margin-bottom: 0; margin-top: 8px; overflow: hidden; padding: 8px 0 7px; text-align: center;\"><a style=\"color: #c9c8cd; font-family: Arial,sans-serif; font-size: 14px; font-style: normal; font-weight: normal; line-height: 17px; text-decoration: none;\" href=\"https:\/\/www.instagram.com\/reel\/CsqdXT9sg-Y\/?utm_source=ig_embed&amp;utm_campaign=loading\" target=\"_blank\" rel=\"noopener\">Une publication partag\u00e9e par Puerto Deportivo Gij\u00f3n (@puertodeportivogijon)<\/a><\/p>\n<\/div>\n<\/blockquote>\n<p>Non loin, les <strong>vestiges des thermes romains de Campo Vald\u00e9s<\/strong>, situ\u00e9s dans le quartier historique de Cimavilla, offrent une plong\u00e9e dans l\u2019\u00e9poque o\u00f9 <a href=\"https:\/\/discover.ulysse.com\/belles-cites-cotieres-despagne\">Gij\u00f3n<\/a> \u00e9tait un point strat\u00e9gique de l\u2019Empire romain. Chaque pierre de cette ville respire une histoire riche et fascinante.<\/p>\n<h2>Le charme intemporel du centre historique<\/h2>\n<p>Le c\u0153ur de la ville de Gij\u00f3n est une invitation \u00e0 voyager dans le temps. Ses ruelles pav\u00e9es serpentent entre des b\u00e2timents aux fa\u00e7ades color\u00e9es, racontant une histoire marqu\u00e9e par des si\u00e8cles de traditions maritimes et de commerce florissant. Au d\u00e9tour des chemins, des joyaux architecturaux tels que le <strong>palais de Revillagigedo<\/strong> ou l\u2019\u00e9glise de San Pedro s\u2019imposent comme des t\u00e9moignages vivants du riche pass\u00e9 de la ville.<\/p>\n<p>En fl\u00e2nant dans ce centre historique, vous serez transport\u00e9 dans une \u00e9poque o\u00f9 chaque pierre porte une empreinte culturelle unique, le tout agr\u00e9ment\u00e9 d\u2019une touche de modernit\u00e9 subtile.<\/p>\n<blockquote class=\"instagram-media\" style=\"background: #FFF; border: 0; border-radius: 3px; margin: 1px; max-width: 540px; min-width: 326px; padding: 0; width: calc(100% - 2px);\" data-instgrm-permalink=\"https:\/\/www.instagram.com\/p\/CsHNdz6BbwW\/?utm_source=ig_embed&amp;utm_campaign=loading\" data-instgrm-version=\"14\">\n<div style=\"padding: 16px;\">\n<p>&nbsp;<\/p>\n<div style=\"flex-direction: row; align-items: center;\">\n<div style=\"background-color: #f4f4f4; border-radius: 50%; flex-grow: 0; height: 40px; margin-right: 14px; width: 40px;\"><\/div>\n<div style=\"flex-direction: column; flex-grow: 1; justify-content: center;\">\n<div style=\"background-color: #f4f4f4; border-radius: 4px; flex-grow: 0; height: 14px; margin-bottom: 6px; width: 100px;\"><\/div>\n<div style=\"background-color: #f4f4f4; border-radius: 4px; flex-grow: 0; height: 14px; width: 60px;\"><\/div>\n<\/div>\n<\/div>\n<div style=\"padding: 19% 0;\"><\/div>\n<div style=\"height: 50px; margin: 0 auto 12px; width: 50px;\"><\/div>\n<div style=\"padding-top: 8px;\">\n<div style=\"color: #3897f0; font-family: Arial,sans-serif; font-size: 14px; font-style: normal; font-weight: 550; line-height: 18px;\">Voir cette publication sur Instagram<\/div>\n<\/div>\n<div style=\"padding: 12.5% 0;\"><\/div>\n<div style=\"flex-direction: row; margin-bottom: 14px; align-items: center;\">\n<div>\n<div style=\"background-color: #f4f4f4; border-radius: 50%; height: 12.5px; width: 12.5px;\"><\/div>\n<div style=\"background-color: #f4f4f4; height: 12.5px; width: 12.5px; flex-grow: 0; margin-right: 14px; margin-left: 2px;\"><\/div>\n<div style=\"background-color: #f4f4f4; border-radius: 50%; height: 12.5px; width: 12.5px;\"><\/div>\n<\/div>\n<div style=\"margin-left: 8px;\">\n<div style=\"background-color: #f4f4f4; border-radius: 50%; flex-grow: 0; height: 20px; width: 20px;\"><\/div>\n<div style=\"width: 0; height: 0; border-top: 2px solid transparent; border-left: 6px solid #f4f4f4; border-bottom: 2px solid transparent;\"><\/div>\n<\/div>\n<div style=\"margin-left: auto;\">\n<div style=\"width: 0px; border-top: 8px solid #F4F4F4; border-right: 8px solid transparent;\"><\/div>\n<div style=\"background-color: #f4f4f4; flex-grow: 0; height: 12px; width: 16px;\"><\/div>\n<div style=\"width: 0; height: 0; border-top: 8px solid #F4F4F4; border-left: 8px solid transparent;\"><\/div>\n<\/div>\n<\/div>\n<div style=\"flex-direction: column; flex-grow: 1; justify-content: center; margin-bottom: 24px;\">\n<div style=\"background-color: #f4f4f4; border-radius: 4px; flex-grow: 0; height: 14px; margin-bottom: 6px; width: 224px;\"><\/div>\n<div style=\"background-color: #f4f4f4; border-radius: 4px; flex-grow: 0; height: 14px; width: 144px;\"><\/div>\n<\/div>\n<p>&nbsp;<\/p>\n<p style=\"color: #c9c8cd; font-family: Arial,sans-serif; font-size: 14px; line-height: 17px; margin-bottom: 0; margin-top: 8px; overflow: hidden; padding: 8px 0 7px; text-align: center;\"><a style=\"color: #c9c8cd; font-family: Arial,sans-serif; font-size: 14px; font-style: normal; font-weight: normal; line-height: 17px; text-decoration: none;\" href=\"https:\/\/www.instagram.com\/p\/CsHNdz6BbwW\/?utm_source=ig_embed&amp;utm_campaign=loading\" target=\"_blank\" rel=\"noopener\">Une publication partag\u00e9e par Sarah LaGambina Daley (@sarah02649)<\/a><\/p>\n<\/div>\n<\/blockquote>\n<h2>Des saveurs enracin\u00e9es dans la tradition<\/h2>\n<p>La gastronomie de Gij\u00f3n est un pilier de son identit\u00e9 culturelle. Les <strong>sidrer\u00edas,<\/strong> institutions embl\u00e9matiques, permettent de d\u00e9couvrir le cidre traditionnel, servi selon un rituel unique o\u00f9 la boisson est vers\u00e9e en hauteur pour en lib\u00e9rer les ar\u00f4mes.<\/p>\n<p>Les plats locaux, comme le cachopo, une sp\u00e9cialit\u00e9 de <strong>viande farcie et pan\u00e9e<\/strong>, ou les fruits de mer fra\u00eechement p\u00each\u00e9s dans la mer Cantabrique, refl\u00e8tent le mariage parfait entre terre et mer. Cette immersion culinaire promet des moments \u00e0 la fois savoureux et m\u00e9morables, ancr\u00e9s dans la tradition asturienne.<\/p>\n<h2>Un \u00e9crin naturel exceptionnel<\/h2>\n<p>Gij\u00f3n b\u00e9n\u00e9ficie d\u2019un environnement naturel d\u2019une rare richesse. La<strong> Sierra del Sueve<\/strong>, \u00e0 proximit\u00e9, offre des sentiers de randonn\u00e9e \u00e0 travers des paysages luxuriants et des panoramas exceptionnels. En ville, le <strong>jardin botanique atlantique<\/strong> est une oasis de biodiversit\u00e9 mettant en valeur la flore c\u00f4ti\u00e8re typique.<\/p>\n<p>Les plages de San Lorenzo, anim\u00e9e et embl\u00e9matique, et de Poniente, plus paisible et familiale, compl\u00e8tent cette exp\u00e9rience en permettant de<strong> combiner d\u00e9tente et sports nautiques<\/strong>. \u00c0 chaque d\u00e9tour, Gij\u00f3n r\u00e9v\u00e8le un lien profond entre nature et culture.<\/p>\n<blockquote class=\"instagram-media\" style=\"background: #FFF; border: 0; border-radius: 3px; margin: 1px; max-width: 540px; min-width: 326px; padding: 0; width: calc(100% - 2px);\" data-instgrm-permalink=\"https:\/\/www.instagram.com\/p\/DFSSaBQAqS8\/?utm_source=ig_embed&amp;utm_campaign=loading\" data-instgrm-version=\"14\">\n<div style=\"padding: 16px;\">\n<p>&nbsp;<\/p>\n<div style=\"flex-direction: row; align-items: center;\">\n<div style=\"background-color: #f4f4f4; border-radius: 50%; flex-grow: 0; height: 40px; margin-right: 14px; width: 40px;\"><\/div>\n<div style=\"flex-direction: column; flex-grow: 1; justify-content: center;\">\n<div style=\"background-color: #f4f4f4; border-radius: 4px; flex-grow: 0; height: 14px; margin-bottom: 6px; width: 100px;\"><\/div>\n<div style=\"background-color: #f4f4f4; border-radius: 4px; flex-grow: 0; height: 14px; width: 60px;\"><\/div>\n<\/div>\n<\/div>\n<div style=\"padding: 19% 0;\"><\/div>\n<div style=\"height: 50px; margin: 0 auto 12px; width: 50px;\"><\/div>\n<div style=\"padding-top: 8px;\">\n<div style=\"color: #3897f0; font-family: Arial,sans-serif; font-size: 14px; font-style: normal; font-weight: 550; line-height: 18px;\">Voir cette publication sur Instagram<\/div>\n<\/div>\n<div style=\"padding: 12.5% 0;\"><\/div>\n<div style=\"flex-direction: row; margin-bottom: 14px; align-items: center;\">\n<div>\n<div style=\"background-color: #f4f4f4; border-radius: 50%; height: 12.5px; width: 12.5px;\"><\/div>\n<div style=\"background-color: #f4f4f4; height: 12.5px; width: 12.5px; flex-grow: 0; margin-right: 14px; margin-left: 2px;\"><\/div>\n<div style=\"background-color: #f4f4f4; border-radius: 50%; height: 12.5px; width: 12.5px;\"><\/div>\n<\/div>\n<div style=\"margin-left: 8px;\">\n<div style=\"background-color: #f4f4f4; border-radius: 50%; flex-grow: 0; height: 20px; width: 20px;\"><\/div>\n<div style=\"width: 0; height: 0; border-top: 2px solid transparent; border-left: 6px solid #f4f4f4; border-bottom: 2px solid transparent;\"><\/div>\n<\/div>\n<div style=\"margin-left: auto;\">\n<div style=\"width: 0px; border-top: 8px solid #F4F4F4; border-right: 8px solid transparent;\"><\/div>\n<div style=\"background-color: #f4f4f4; flex-grow: 0; height: 12px; width: 16px;\"><\/div>\n<div style=\"width: 0; height: 0; border-top: 8px solid #F4F4F4; border-left: 8px solid transparent;\"><\/div>\n<\/div>\n<\/div>\n<div style=\"flex-direction: column; flex-grow: 1; justify-content: center; margin-bottom: 24px;\">\n<div style=\"background-color: #f4f4f4; border-radius: 4px; flex-grow: 0; height: 14px; margin-bottom: 6px; width: 224px;\"><\/div>\n<div style=\"background-color: #f4f4f4; border-radius: 4px; flex-grow: 0; height: 14px; width: 144px;\"><\/div>\n<\/div>\n<p>&nbsp;<\/p>\n<p style=\"color: #c9c8cd; font-family: Arial,sans-serif; font-size: 14px; line-height: 17px; margin-bottom: 0; margin-top: 8px; overflow: hidden; padding: 8px 0 7px; text-align: center;\"><a style=\"color: #c9c8cd; font-family: Arial,sans-serif; font-size: 14px; font-style: normal; font-weight: normal; line-height: 17px; text-decoration: none;\" href=\"https:\/\/www.instagram.com\/p\/DFSSaBQAqS8\/?utm_source=ig_embed&amp;utm_campaign=loading\" target=\"_blank\" rel=\"noopener\">Une publication partag\u00e9e par Toni Iglesias (@thorucu)<\/a><\/p>\n<\/div>\n<\/blockquote>\n<h2>Une sc\u00e8ne culturelle en effervescence<\/h2>\n<p>La vie culturelle de Gij\u00f3n est aussi dynamique que ses paysages. Le <strong>festival international de cin\u00e9ma de Gij\u00f3n<\/strong>, r\u00e9put\u00e9 pour mettre en lumi\u00e8re le cin\u00e9ma ind\u00e9pendant, attire chaque ann\u00e9e des visiteurs du monde entier. La ville propose \u00e9galement des exp\u00e9riences uniques comme les nuits magiques au jardin botanique, o\u00f9 spectacles et nature se rencontrent.<\/p>\n<p>Les mus\u00e9es, tels que le mus\u00e9e du chemin de fer ou le mus\u00e9e du peuple des Asturies, enrichissent l\u2019offre culturelle en explorant<strong> l\u2019histoire et l\u2019identit\u00e9 de la r\u00e9gion<\/strong>.<\/p>\n<h2>L&#8217;avenir d&#8217;une ville tourn\u00e9 vers la durabilit\u00e9<\/h2>\n<p>Gij\u00f3n s\u2019engage fermement dans un mod\u00e8le de d\u00e9veloppement durable. <strong>Finaliste du programme EDEN<\/strong> (Destinations Europ\u00e9ennes d\u2019Excellence), elle est reconnue pour son offre touristique respectueuse de l\u2019environnement et son urbanisme r\u00e9fl\u00e9chi. Cet \u00e9quilibre entre innovation et pr\u00e9servation en fait une destination exemplaire, o\u00f9 les visiteurs peuvent profiter des richesses locales tout en soutenant une gestion \u00e9coresponsable.<\/p>\n<blockquote class=\"instagram-media\" style=\"background: #FFF; border: 0; border-radius: 3px; margin: 1px; max-width: 540px; min-width: 326px; padding: 0; width: calc(100% - 2px);\" data-instgrm-permalink=\"https:\/\/www.instagram.com\/p\/C6tdh0dI8TT\/?utm_source=ig_embed&amp;utm_campaign=loading\" data-instgrm-version=\"14\">\n<div style=\"padding: 16px;\">\n<p>&nbsp;<\/p>\n<div style=\"flex-direction: row; align-items: center;\">\n<div style=\"background-color: #f4f4f4; border-radius: 50%; flex-grow: 0; height: 40px; margin-right: 14px; width: 40px;\"><\/div>\n<div style=\"flex-direction: column; flex-grow: 1; justify-content: center;\">\n<div style=\"background-color: #f4f4f4; border-radius: 4px; flex-grow: 0; height: 14px; margin-bottom: 6px; width: 100px;\"><\/div>\n<div style=\"background-color: #f4f4f4; border-radius: 4px; flex-grow: 0; height: 14px; width: 60px;\"><\/div>\n<\/div>\n<\/div>\n<div style=\"padding: 19% 0;\"><\/div>\n<div style=\"height: 50px; margin: 0 auto 12px; width: 50px;\"><\/div>\n<div style=\"padding-top: 8px;\">\n<div style=\"color: #3897f0; font-family: Arial,sans-serif; font-size: 14px; font-style: normal; font-weight: 550; line-height: 18px;\">Voir cette publication sur Instagram<\/div>\n<\/div>\n<div style=\"padding: 12.5% 0;\"><\/div>\n<div style=\"flex-direction: row; margin-bottom: 14px; align-items: center;\">\n<div>\n<div style=\"background-color: #f4f4f4; border-radius: 50%; height: 12.5px; width: 12.5px;\"><\/div>\n<div style=\"background-color: #f4f4f4; height: 12.5px; width: 12.5px; flex-grow: 0; margin-right: 14px; margin-left: 2px;\"><\/div>\n<div style=\"background-color: #f4f4f4; border-radius: 50%; height: 12.5px; width: 12.5px;\"><\/div>\n<\/div>\n<div style=\"margin-left: 8px;\">\n<div style=\"background-color: #f4f4f4; border-radius: 50%; flex-grow: 0; height: 20px; width: 20px;\"><\/div>\n<div style=\"width: 0; height: 0; border-top: 2px solid transparent; border-left: 6px solid #f4f4f4; border-bottom: 2px solid transparent;\"><\/div>\n<\/div>\n<div style=\"margin-left: auto;\">\n<div style=\"width: 0px; border-top: 8px solid #F4F4F4; border-right: 8px solid transparent;\"><\/div>\n<div style=\"background-color: #f4f4f4; flex-grow: 0; height: 12px; width: 16px;\"><\/div>\n<div style=\"width: 0; height: 0; border-top: 8px solid #F4F4F4; border-left: 8px solid transparent;\"><\/div>\n<\/div>\n<\/div>\n<div style=\"flex-direction: column; flex-grow: 1; justify-content: center; margin-bottom: 24px;\">\n<div style=\"background-color: #f4f4f4; border-radius: 4px; flex-grow: 0; height: 14px; margin-bottom: 6px; width: 224px;\"><\/div>\n<div style=\"background-color: #f4f4f4; border-radius: 4px; flex-grow: 0; height: 14px; width: 144px;\"><\/div>\n<\/div>\n<p>&nbsp;<\/p>\n<p style=\"color: #c9c8cd; font-family: Arial,sans-serif; font-size: 14px; line-height: 17px; margin-bottom: 0; margin-top: 8px; overflow: hidden; padding: 8px 0 7px; text-align: center;\"><a style=\"color: #c9c8cd; font-family: Arial,sans-serif; font-size: 14px; font-style: normal; font-weight: normal; line-height: 17px; text-decoration: none;\" href=\"https:\/\/www.instagram.com\/p\/C6tdh0dI8TT\/?utm_source=ig_embed&amp;utm_campaign=loading\" target=\"_blank\" rel=\"noopener\">Une publication partag\u00e9e par Darko Curguz (@darko_curguz)<\/a><\/p>\n<\/div>\n<\/blockquote>\n<p>Gij\u00f3n, c\u2019est une ville qui ne cherche pas \u00e0 impressionner, mais qui vous accueille avec la simplicit\u00e9 d\u00e9sarmante de ses ruelles pav\u00e9es, le parfum du cidre fra\u00eechement vers\u00e9 et la douceur de ses plages dor\u00e9es. Ici, tout semble<strong> inviter \u00e0 ralentir<\/strong> : admirer un coucher de soleil sur la mer Cantabrique, discuter avec un artisan local ou savourer un plat dont les saveurs racontent des si\u00e8cles de traditions. Gij\u00f3n n\u2019est pas une escale de passage, c\u2019est une rencontre qui laisse une empreinte, une invitation \u00e0 revenir encore et encore.<\/p>\n","protected":false},"excerpt":{"rendered":"<p>Au nord de l\u2019Espagne, entre mer scintillante et montagnes verdoyantes, se cache une ville encore pr\u00e9serv\u00e9e des sentiers battus. R\u00e9put\u00e9e [&hellip;]<\/p>\n","protected":false},"author":3,"featured_media":24482,"comment_status":"open","ping_status":"closed","sticky":false,"template":"","format":"standard","meta":{"_acf_changed":false,"_sitemap_exclude":false,"_sitemap_priority":"","_sitemap_frequency":"","footnotes":"","rank_math_title":"","rank_math_description":"Nich\u00e9e dans la principaut\u00e9 des Asturies, au nord de l\u2019Espagne, Gij\u00f3n s\u2019impose comme la destination montante de 2025, loin des grandes villes.","rank_math_canonical_url":"","rank_math_focus_keyword":"espagne"},"categories":[3],"tags":[],"class_list":["post-24467","post","type-post","status-publish","format-standard","has-post-thumbnail","hentry","category-voyage"],"acf":[],"_links":{"self":[{"href":"https:\/\/ulysse.com\/news\/wp-json\/wp\/v2\/posts\/24467","targetHints":{"allow":["GET"]}}],"collection":[{"href":"https:\/\/ulysse.com\/news\/wp-json\/wp\/v2\/posts"}],"about":[{"href":"https:\/\/ulysse.com\/news\/wp-json\/wp\/v2\/types\/post"}],"author":[{"embeddable":true,"href":"https:\/\/ulysse.com\/news\/wp-json\/wp\/v2\/users\/3"}],"replies":[{"embeddable":true,"href":"https:\/\/ulysse.com\/news\/wp-json\/wp\/v2\/comments?post=24467"}],"version-history":[{"count":5,"href":"https:\/\/ulysse.com\/news\/wp-json\/wp\/v2\/posts\/24467\/revisions"}],"predecessor-version":[{"id":24483,"href":"https:\/\/ulysse.com\/news\/wp-json\/wp\/v2\/posts\/24467\/revisions\/24483"}],"wp:featuredmedia":[{"embeddable":true,"href":"https:\/\/ulysse.com\/news\/wp-json\/wp\/v2\/media\/24482"}],"wp:attachment":[{"href":"https:\/\/ulysse.com\/news\/wp-json\/wp\/v2\/media?parent=24467"}],"wp:term":[{"taxonomy":"category","embeddable":true,"href":"https:\/\/ulysse.com\/news\/wp-json\/wp\/v2\/categories?post=24467"},{"taxonomy":"post_tag","embeddable":true,"href":"https:\/\/ulysse.com\/news\/wp-json\/wp\/v2\/tags?post=24467"}],"curies":[{"name":"wp","href":"https:\/\/api.w.org\/{rel}","templated":true}]}}