{"id":24489,"date":"2025-01-28T17:16:53","date_gmt":"2025-01-28T16:16:53","guid":{"rendered":"https:\/\/discover.ulysse.com\/?p=24489"},"modified":"2025-01-28T15:18:39","modified_gmt":"2025-01-28T14:18:39","slug":"monts-de-flandre-village-plus-beaux-de-france","status":"publish","type":"post","link":"https:\/\/ulysse.com\/news\/monts-de-flandre-village-plus-beaux-de-france","title":{"rendered":"Perch\u00e9 sur les monts de Flandre, ce village compte parmi les plus beaux de France"},"content":{"rendered":"<p>Perch\u00e9 au sommet des monts de Flandres, un petit village semble suspendu dans le temps, m\u00ealant nature pr\u00e9serv\u00e9e, patrimoine historique et traditions s\u00e9culaires. Ici, chaque ruelle pav\u00e9e et chaque monument raconte une histoire, offrant aux visiteurs un voyage au c\u0153ur de l&#8217;authenticit\u00e9 flamande. R\u00e9put\u00e9 pour ses panoramas sensationnels et son atmosph\u00e8re pittoresque, il est un tr\u00e9sor du nord de la France. Cet endroit enchanteur, \u00e9lu village pr\u00e9f\u00e9r\u00e9 des Fran\u00e7ais en 2018, n\u2019est autre que Cassel, une destination incontournable pour les amoureux de beaut\u00e9 et d\u2019histoire.<\/p>\n<h2>Une vue imprenable depuis les hauteurs des monts de Flandres<\/h2>\n<p>Cassel, perch\u00e9 \u00e0 172 m\u00e8tres d&#8217;altitude, domine fi\u00e8rement <strong>les monts de Flandres<\/strong>, offrant des vues panoramiques spectaculaires sur les plaines environnantes. Cette position strat\u00e9gique a fa\u00e7onn\u00e9 son histoire et contribue aujourd&#8217;hui \u00e0 son charme.<\/p>\n<p>Le <strong>moulin \u00e0 vent<\/strong>, visible depuis les kilom\u00e8tres \u00e0 la ronde, est un symbole du village et t\u00e9moigne de son pass\u00e9 agricole. En se promenant sur les sentiers qui serpentent autour de Cassel, les visiteurs d\u00e9couvrent des paysages bucoliques propices \u00e0 la d\u00e9tente et \u00e0 l\u2019\u00e9merveillement. Le tout, en profitant de l\u2019air pur et de l\u2019atmosph\u00e8re paisible de la campagne flamande.<\/p>\n<blockquote class=\"instagram-media\" style=\"background: #FFF; border: 0; border-radius: 3px; margin: 1px; max-width: 540px; min-width: 326px; padding: 0; width: calc(100% - 2px);\" data-instgrm-permalink=\"https:\/\/www.instagram.com\/p\/C-A66xyIHWV\/?utm_source=ig_embed&amp;utm_campaign=loading\" data-instgrm-version=\"14\">\n<div style=\"padding: 16px;\">\n<p>&nbsp;<\/p>\n<div style=\"flex-direction: row; align-items: center;\">\n<div style=\"background-color: #f4f4f4; border-radius: 50%; flex-grow: 0; height: 40px; margin-right: 14px; width: 40px;\"><\/div>\n<div style=\"flex-direction: column; flex-grow: 1; justify-content: center;\">\n<div style=\"background-color: #f4f4f4; border-radius: 4px; flex-grow: 0; height: 14px; margin-bottom: 6px; width: 100px;\"><\/div>\n<div style=\"background-color: #f4f4f4; border-radius: 4px; flex-grow: 0; height: 14px; width: 60px;\"><\/div>\n<\/div>\n<\/div>\n<div style=\"padding: 19% 0;\"><\/div>\n<div style=\"height: 50px; margin: 0 auto 12px; width: 50px;\"><\/div>\n<div style=\"padding-top: 8px;\">\n<div style=\"color: #3897f0; font-family: Arial,sans-serif; font-size: 14px; font-style: normal; font-weight: 550; line-height: 18px;\">Voir cette publication sur Instagram<\/div>\n<\/div>\n<div style=\"padding: 12.5% 0;\"><\/div>\n<div style=\"flex-direction: row; margin-bottom: 14px; align-items: center;\">\n<div>\n<div style=\"background-color: #f4f4f4; border-radius: 50%; height: 12.5px; width: 12.5px;\"><\/div>\n<div style=\"background-color: #f4f4f4; height: 12.5px; width: 12.5px; flex-grow: 0; margin-right: 14px; margin-left: 2px;\"><\/div>\n<div style=\"background-color: #f4f4f4; border-radius: 50%; height: 12.5px; width: 12.5px;\"><\/div>\n<\/div>\n<div style=\"margin-left: 8px;\">\n<div style=\"background-color: #f4f4f4; border-radius: 50%; flex-grow: 0; height: 20px; width: 20px;\"><\/div>\n<div style=\"width: 0; height: 0; border-top: 2px solid transparent; border-left: 6px solid #f4f4f4; border-bottom: 2px solid transparent;\"><\/div>\n<\/div>\n<div style=\"margin-left: auto;\">\n<div style=\"width: 0px; border-top: 8px solid #F4F4F4; border-right: 8px solid transparent;\"><\/div>\n<div style=\"background-color: #f4f4f4; flex-grow: 0; height: 12px; width: 16px;\"><\/div>\n<div style=\"width: 0; height: 0; border-top: 8px solid #F4F4F4; border-left: 8px solid transparent;\"><\/div>\n<\/div>\n<\/div>\n<div style=\"flex-direction: column; flex-grow: 1; justify-content: center; margin-bottom: 24px;\">\n<div style=\"background-color: #f4f4f4; border-radius: 4px; flex-grow: 0; height: 14px; margin-bottom: 6px; width: 224px;\"><\/div>\n<div style=\"background-color: #f4f4f4; border-radius: 4px; flex-grow: 0; height: 14px; width: 144px;\"><\/div>\n<\/div>\n<p>&nbsp;<\/p>\n<p style=\"color: #c9c8cd; font-family: Arial,sans-serif; font-size: 14px; line-height: 17px; margin-bottom: 0; margin-top: 8px; overflow: hidden; padding: 8px 0 7px; text-align: center;\"><a style=\"color: #c9c8cd; font-family: Arial,sans-serif; font-size: 14px; font-style: normal; font-weight: normal; line-height: 17px; text-decoration: none;\" href=\"https:\/\/www.instagram.com\/p\/C-A66xyIHWV\/?utm_source=ig_embed&amp;utm_campaign=loading\" target=\"_blank\" rel=\"noopener\">Une publication partag\u00e9e par Arnaud Thomas (@thomarno)<\/a><\/p>\n<\/div>\n<\/blockquote>\n<h2>Des activit\u00e9s en plein air pour se ressourcer<\/h2>\n<p>Cassel est un v\u00e9ritable havre pour les amateurs de plein air et de nature. Les monts de Flandres offrent des <strong>sentiers de randonn\u00e9e<\/strong> qui serpentent entre champs, bois et collines verdoyantes. Ces itin\u00e9raires vari\u00e9s permettent de d\u00e9couvrir une faune et une flore riches, caract\u00e9ristiques de cette r\u00e9gion unique.<\/p>\n<p>Pour les adeptes de promenades tranquilles, les chemins bord\u00e9s de haies et de moulins sont une invitation \u00e0 la contemplation. Les vastes espaces ouverts sont \u00e9galement parfaits pour des <strong>pique-niques improvis\u00e9s<\/strong> ou des moments de m\u00e9ditation en pleine nature.<\/p>\n<p>Les couchers de soleil \u00e0 Cassel ajoutent une touche magique \u00e0 l\u2019exp\u00e9rience : la lumi\u00e8re dor\u00e9e qui baigne le moulin et les toits du village offre un spectacle inoubliable, id\u00e9al pour terminer une journ\u00e9e active en pleine s\u00e9r\u00e9nit\u00e9.<\/p>\n<blockquote class=\"instagram-media\" style=\"background: #FFF; border: 0; border-radius: 3px; margin: 1px; max-width: 540px; min-width: 326px; padding: 0; width: calc(100% - 2px);\" data-instgrm-permalink=\"https:\/\/www.instagram.com\/p\/C-NuvVPoWvY\/?utm_source=ig_embed&amp;utm_campaign=loading\" data-instgrm-version=\"14\">\n<div style=\"padding: 16px;\">\n<p>&nbsp;<\/p>\n<div style=\"flex-direction: row; align-items: center;\">\n<div style=\"background-color: #f4f4f4; border-radius: 50%; flex-grow: 0; height: 40px; margin-right: 14px; width: 40px;\"><\/div>\n<div style=\"flex-direction: column; flex-grow: 1; justify-content: center;\">\n<div style=\"background-color: #f4f4f4; border-radius: 4px; flex-grow: 0; height: 14px; margin-bottom: 6px; width: 100px;\"><\/div>\n<div style=\"background-color: #f4f4f4; border-radius: 4px; flex-grow: 0; height: 14px; width: 60px;\"><\/div>\n<\/div>\n<\/div>\n<div style=\"padding: 19% 0;\"><\/div>\n<div style=\"height: 50px; margin: 0 auto 12px; width: 50px;\"><\/div>\n<div style=\"padding-top: 8px;\">\n<div style=\"color: #3897f0; font-family: Arial,sans-serif; font-size: 14px; font-style: normal; font-weight: 550; line-height: 18px;\">Voir cette publication sur Instagram<\/div>\n<\/div>\n<div style=\"padding: 12.5% 0;\"><\/div>\n<div style=\"flex-direction: row; margin-bottom: 14px; align-items: center;\">\n<div>\n<div style=\"background-color: #f4f4f4; border-radius: 50%; height: 12.5px; width: 12.5px;\"><\/div>\n<div style=\"background-color: #f4f4f4; height: 12.5px; width: 12.5px; flex-grow: 0; margin-right: 14px; margin-left: 2px;\"><\/div>\n<div style=\"background-color: #f4f4f4; border-radius: 50%; height: 12.5px; width: 12.5px;\"><\/div>\n<\/div>\n<div style=\"margin-left: 8px;\">\n<div style=\"background-color: #f4f4f4; border-radius: 50%; flex-grow: 0; height: 20px; width: 20px;\"><\/div>\n<div style=\"width: 0; height: 0; border-top: 2px solid transparent; border-left: 6px solid #f4f4f4; border-bottom: 2px solid transparent;\"><\/div>\n<\/div>\n<div style=\"margin-left: auto;\">\n<div style=\"width: 0px; border-top: 8px solid #F4F4F4; border-right: 8px solid transparent;\"><\/div>\n<div style=\"background-color: #f4f4f4; flex-grow: 0; height: 12px; width: 16px;\"><\/div>\n<div style=\"width: 0; height: 0; border-top: 8px solid #F4F4F4; border-left: 8px solid transparent;\"><\/div>\n<\/div>\n<\/div>\n<div style=\"flex-direction: column; flex-grow: 1; justify-content: center; margin-bottom: 24px;\">\n<div style=\"background-color: #f4f4f4; border-radius: 4px; flex-grow: 0; height: 14px; margin-bottom: 6px; width: 224px;\"><\/div>\n<div style=\"background-color: #f4f4f4; border-radius: 4px; flex-grow: 0; height: 14px; width: 144px;\"><\/div>\n<\/div>\n<p>&nbsp;<\/p>\n<p style=\"color: #c9c8cd; font-family: Arial,sans-serif; font-size: 14px; line-height: 17px; margin-bottom: 0; margin-top: 8px; overflow: hidden; padding: 8px 0 7px; text-align: center;\"><a style=\"color: #c9c8cd; font-family: Arial,sans-serif; font-size: 14px; font-style: normal; font-weight: normal; line-height: 17px; text-decoration: none;\" href=\"https:\/\/www.instagram.com\/p\/C-NuvVPoWvY\/?utm_source=ig_embed&amp;utm_campaign=loading\" target=\"_blank\" rel=\"noopener\">Une publication partag\u00e9e par V\u00e9locyclist (@velo_et_cyclist)<\/a><\/p>\n<\/div>\n<\/blockquote>\n<h2>Une richesse patrimoniale qui traverse les si\u00e8cles<\/h2>\n<p>L\u2019histoire de Cassel se lit dans ses rues et ses monuments. Le village abrite un patrimoine soigneusement pr\u00e9serv\u00e9, reflet de son pass\u00e9 riche et vari\u00e9. Le mus\u00e9e d\u00e9partemental de Flandres, install\u00e9 dans une <strong>demeure flamande traditionnelle<\/strong>, pr\u00e9sente une collection qui m\u00eale art et culture r\u00e9gionale. L\u2019architecture gothique flamboyante de l\u2019\u00e9glise Saint-Pierre, avec ses gargouilles et ses vitraux, transporte les visiteurs \u00e0 l\u2019\u00e9poque m\u00e9di\u00e9vale, tandis que l\u2019h\u00f4tel de ville, un ancien h\u00f4tel particulier du 18\u1d49 si\u00e8cle, incarne l\u2019\u00e9l\u00e9gance classique.<\/p>\n<p>Ces lieux embl\u00e9matiques t\u00e9moignent de l\u2019engagement du village \u00e0 <strong>pr\u00e9server son identit\u00e9 culturelle et historique<\/strong>, tout en offrant aux visiteurs une plong\u00e9e immersive dans l&#8217;<a href=\"https:\/\/discover.ulysse.com\/bruges-4-musee-immersion-histoire-culture-flamande\">histoire flamande<\/a>.<\/p>\n<blockquote class=\"instagram-media\" style=\"background: #FFF; border: 0; border-radius: 3px; margin: 1px; max-width: 540px; min-width: 326px; padding: 0; width: calc(100% - 2px);\" data-instgrm-permalink=\"https:\/\/www.instagram.com\/reel\/Co9mM6furcy\/?utm_source=ig_embed&amp;utm_campaign=loading\" data-instgrm-version=\"14\">\n<div style=\"padding: 16px;\">\n<p>&nbsp;<\/p>\n<div style=\"flex-direction: row; align-items: center;\">\n<div style=\"background-color: #f4f4f4; border-radius: 50%; flex-grow: 0; height: 40px; margin-right: 14px; width: 40px;\"><\/div>\n<div style=\"flex-direction: column; flex-grow: 1; justify-content: center;\">\n<div style=\"background-color: #f4f4f4; border-radius: 4px; flex-grow: 0; height: 14px; margin-bottom: 6px; width: 100px;\"><\/div>\n<div style=\"background-color: #f4f4f4; border-radius: 4px; flex-grow: 0; height: 14px; width: 60px;\"><\/div>\n<\/div>\n<\/div>\n<div style=\"padding: 19% 0;\"><\/div>\n<div style=\"height: 50px; margin: 0 auto 12px; width: 50px;\"><\/div>\n<div style=\"padding-top: 8px;\">\n<div style=\"color: #3897f0; font-family: Arial,sans-serif; font-size: 14px; font-style: normal; font-weight: 550; line-height: 18px;\">Voir cette publication sur Instagram<\/div>\n<\/div>\n<div style=\"padding: 12.5% 0;\"><\/div>\n<div style=\"flex-direction: row; margin-bottom: 14px; align-items: center;\">\n<div>\n<div style=\"background-color: #f4f4f4; border-radius: 50%; height: 12.5px; width: 12.5px;\"><\/div>\n<div style=\"background-color: #f4f4f4; height: 12.5px; width: 12.5px; flex-grow: 0; margin-right: 14px; margin-left: 2px;\"><\/div>\n<div style=\"background-color: #f4f4f4; border-radius: 50%; height: 12.5px; width: 12.5px;\"><\/div>\n<\/div>\n<div style=\"margin-left: 8px;\">\n<div style=\"background-color: #f4f4f4; border-radius: 50%; flex-grow: 0; height: 20px; width: 20px;\"><\/div>\n<div style=\"width: 0; height: 0; border-top: 2px solid transparent; border-left: 6px solid #f4f4f4; border-bottom: 2px solid transparent;\"><\/div>\n<\/div>\n<div style=\"margin-left: auto;\">\n<div style=\"width: 0px; border-top: 8px solid #F4F4F4; border-right: 8px solid transparent;\"><\/div>\n<div style=\"background-color: #f4f4f4; flex-grow: 0; height: 12px; width: 16px;\"><\/div>\n<div style=\"width: 0; height: 0; border-top: 8px solid #F4F4F4; border-left: 8px solid transparent;\"><\/div>\n<\/div>\n<\/div>\n<div style=\"flex-direction: column; flex-grow: 1; justify-content: center; margin-bottom: 24px;\">\n<div style=\"background-color: #f4f4f4; border-radius: 4px; flex-grow: 0; height: 14px; margin-bottom: 6px; width: 224px;\"><\/div>\n<div style=\"background-color: #f4f4f4; border-radius: 4px; flex-grow: 0; height: 14px; width: 144px;\"><\/div>\n<\/div>\n<p>&nbsp;<\/p>\n<p style=\"color: #c9c8cd; font-family: Arial,sans-serif; font-size: 14px; line-height: 17px; margin-bottom: 0; margin-top: 8px; overflow: hidden; padding: 8px 0 7px; text-align: center;\"><a style=\"color: #c9c8cd; font-family: Arial,sans-serif; font-size: 14px; font-style: normal; font-weight: normal; line-height: 17px; text-decoration: none;\" href=\"https:\/\/www.instagram.com\/reel\/Co9mM6furcy\/?utm_source=ig_embed&amp;utm_campaign=loading\" target=\"_blank\" rel=\"noopener\">Une publication partag\u00e9e par D\u00e9partement du Nord (@departement59)<\/a><\/p>\n<\/div>\n<\/blockquote>\n<h2>Un village id\u00e9al pour les amateurs de traditions<\/h2>\n<p>Cassel n\u2019est pas seulement un tr\u00e9sor architectural, c\u2019est aussi un lieu o\u00f9 les traditions locales continuent de vivre. Le <strong>mus\u00e9e de la brasserie<\/strong>, situ\u00e9 dans une ancienne brasserie du 19\u1d49 si\u00e8cle, retrace l\u2019histoire de la bi\u00e8re, une fiert\u00e9 de la r\u00e9gion. La <strong>gastronomie flamande<\/strong> est \u00e9galement \u00e0 l\u2019honneur, avec des plats typiques servis dans les auberges locales, parfaits pour conclure une journ\u00e9e de d\u00e9couverte.<\/p>\n<p>Les f\u00eates et les <strong>\u00e9v\u00e9nements culturels<\/strong>, comme le c\u00e9l\u00e8bre carnaval, illustrent l\u2019attachement des habitants \u00e0 leurs racines et permettent aux visiteurs de d\u00e9couvrir une facette conviviale et festive de <a href=\"https:\/\/discover.ulysse.com\/ce-village-du-nord-loin-de-lagitation-parisienne-est-elu-village-prefere-des-francais\">Cassel<\/a>.<\/p>\n<blockquote class=\"instagram-media\" style=\"background: #FFF; border: 0; border-radius: 3px; margin: 1px; max-width: 540px; min-width: 326px; padding: 0; width: calc(100% - 2px);\" data-instgrm-permalink=\"https:\/\/www.instagram.com\/p\/DBPADBhIyJ5\/?utm_source=ig_embed&amp;utm_campaign=loading\" data-instgrm-version=\"14\">\n<div style=\"padding: 16px;\">\n<p>&nbsp;<\/p>\n<div style=\"flex-direction: row; align-items: center;\">\n<div style=\"background-color: #f4f4f4; border-radius: 50%; flex-grow: 0; height: 40px; margin-right: 14px; width: 40px;\"><\/div>\n<div style=\"flex-direction: column; flex-grow: 1; justify-content: center;\">\n<div style=\"background-color: #f4f4f4; border-radius: 4px; flex-grow: 0; height: 14px; margin-bottom: 6px; width: 100px;\"><\/div>\n<div style=\"background-color: #f4f4f4; border-radius: 4px; flex-grow: 0; height: 14px; width: 60px;\"><\/div>\n<\/div>\n<\/div>\n<div style=\"padding: 19% 0;\"><\/div>\n<div style=\"height: 50px; margin: 0 auto 12px; width: 50px;\"><\/div>\n<div style=\"padding-top: 8px;\">\n<div style=\"color: #3897f0; font-family: Arial,sans-serif; font-size: 14px; font-style: normal; font-weight: 550; line-height: 18px;\">Voir cette publication sur Instagram<\/div>\n<\/div>\n<div style=\"padding: 12.5% 0;\"><\/div>\n<div style=\"flex-direction: row; margin-bottom: 14px; align-items: center;\">\n<div>\n<div style=\"background-color: #f4f4f4; border-radius: 50%; height: 12.5px; width: 12.5px;\"><\/div>\n<div style=\"background-color: #f4f4f4; height: 12.5px; width: 12.5px; flex-grow: 0; margin-right: 14px; margin-left: 2px;\"><\/div>\n<div style=\"background-color: #f4f4f4; border-radius: 50%; height: 12.5px; width: 12.5px;\"><\/div>\n<\/div>\n<div style=\"margin-left: 8px;\">\n<div style=\"background-color: #f4f4f4; border-radius: 50%; flex-grow: 0; height: 20px; width: 20px;\"><\/div>\n<div style=\"width: 0; height: 0; border-top: 2px solid transparent; border-left: 6px solid #f4f4f4; border-bottom: 2px solid transparent;\"><\/div>\n<\/div>\n<div style=\"margin-left: auto;\">\n<div style=\"width: 0px; border-top: 8px solid #F4F4F4; border-right: 8px solid transparent;\"><\/div>\n<div style=\"background-color: #f4f4f4; flex-grow: 0; height: 12px; width: 16px;\"><\/div>\n<div style=\"width: 0; height: 0; border-top: 8px solid #F4F4F4; border-left: 8px solid transparent;\"><\/div>\n<\/div>\n<\/div>\n<div style=\"flex-direction: column; flex-grow: 1; justify-content: center; margin-bottom: 24px;\">\n<div style=\"background-color: #f4f4f4; border-radius: 4px; flex-grow: 0; height: 14px; margin-bottom: 6px; width: 224px;\"><\/div>\n<div style=\"background-color: #f4f4f4; border-radius: 4px; flex-grow: 0; height: 14px; width: 144px;\"><\/div>\n<\/div>\n<p>&nbsp;<\/p>\n<p style=\"color: #c9c8cd; font-family: Arial,sans-serif; font-size: 14px; line-height: 17px; margin-bottom: 0; margin-top: 8px; overflow: hidden; padding: 8px 0 7px; text-align: center;\"><a style=\"color: #c9c8cd; font-family: Arial,sans-serif; font-size: 14px; font-style: normal; font-weight: normal; line-height: 17px; text-decoration: none;\" href=\"https:\/\/www.instagram.com\/p\/DBPADBhIyJ5\/?utm_source=ig_embed&amp;utm_campaign=loading\" target=\"_blank\" rel=\"noopener\">Une publication partag\u00e9e par Nicolas Potdevin (@nic0focus)<\/a><\/p>\n<\/div>\n<\/blockquote>\n<p>Cassel, v\u00e9ritable perle des Flandres, est bien plus qu\u2019un simple village pittoresque. Il incarne l\u2019union parfaite entre nature, histoire et culture, offrant une exp\u00e9rience unique \u00e0 tous ceux qui s\u2019y aventurent. Que l\u2019on vienne pour la vue, les monuments ou les traditions, ce village suspendu dans le temps ne manque jamais de s\u00e9duire.<\/p>\n","protected":false},"excerpt":{"rendered":"<p>Perch\u00e9 au sommet des monts de Flandres, un petit village semble suspendu dans le temps, m\u00ealant nature pr\u00e9serv\u00e9e, patrimoine historique [&hellip;]<\/p>\n","protected":false},"author":3,"featured_media":24543,"comment_status":"open","ping_status":"closed","sticky":false,"template":"","format":"standard","meta":{"_acf_changed":false,"_sitemap_exclude":false,"_sitemap_priority":"","_sitemap_frequency":"","footnotes":"","rank_math_title":"","rank_math_description":"Situ\u00e9 dans le nord fran\u00e7ais, ce charmant village flamand, s\u00e9duis chaque ann\u00e9e des milliers de visiteurs attir\u00e9s par son patrimoine pr\u00e9serv\u00e9.","rank_math_canonical_url":"","rank_math_focus_keyword":"village"},"categories":[3],"tags":[],"class_list":["post-24489","post","type-post","status-publish","format-standard","has-post-thumbnail","hentry","category-voyage"],"acf":[],"_links":{"self":[{"href":"https:\/\/ulysse.com\/news\/wp-json\/wp\/v2\/posts\/24489","targetHints":{"allow":["GET"]}}],"collection":[{"href":"https:\/\/ulysse.com\/news\/wp-json\/wp\/v2\/posts"}],"about":[{"href":"https:\/\/ulysse.com\/news\/wp-json\/wp\/v2\/types\/post"}],"author":[{"embeddable":true,"href":"https:\/\/ulysse.com\/news\/wp-json\/wp\/v2\/users\/3"}],"replies":[{"embeddable":true,"href":"https:\/\/ulysse.com\/news\/wp-json\/wp\/v2\/comments?post=24489"}],"version-history":[{"count":5,"href":"https:\/\/ulysse.com\/news\/wp-json\/wp\/v2\/posts\/24489\/revisions"}],"predecessor-version":[{"id":24636,"href":"https:\/\/ulysse.com\/news\/wp-json\/wp\/v2\/posts\/24489\/revisions\/24636"}],"wp:featuredmedia":[{"embeddable":true,"href":"https:\/\/ulysse.com\/news\/wp-json\/wp\/v2\/media\/24543"}],"wp:attachment":[{"href":"https:\/\/ulysse.com\/news\/wp-json\/wp\/v2\/media?parent=24489"}],"wp:term":[{"taxonomy":"category","embeddable":true,"href":"https:\/\/ulysse.com\/news\/wp-json\/wp\/v2\/categories?post=24489"},{"taxonomy":"post_tag","embeddable":true,"href":"https:\/\/ulysse.com\/news\/wp-json\/wp\/v2\/tags?post=24489"}],"curies":[{"name":"wp","href":"https:\/\/api.w.org\/{rel}","templated":true}]}}