{"id":24502,"date":"2025-01-27T16:10:54","date_gmt":"2025-01-27T15:10:54","guid":{"rendered":"https:\/\/discover.ulysse.com\/?p=24502"},"modified":"2025-01-27T11:18:48","modified_gmt":"2025-01-27T10:18:48","slug":"gorges-de-lallier-entre-villages-et-patrimoine","status":"publish","type":"post","link":"https:\/\/ulysse.com\/news\/gorges-de-lallier-entre-villages-et-patrimoine","title":{"rendered":"Immersion dans les gorges de l\u2019Allier : le tr\u00e9sor cach\u00e9 du Massif Central"},"content":{"rendered":"<p>Nich\u00e9es au c\u0153ur du Massif Central, les gorges de l\u2019Allier offrent une immersion spectaculaire dans une nature sauvage et pr\u00e9serv\u00e9e. Ce territoire singulier combine des paysages \u00e9poustouflants, des villages m\u00e9di\u00e9vaux accroch\u00e9s aux falaises et un patrimoine historique exceptionnel. Une destination id\u00e9ale pour les amoureux d\u2019histoire, de randonn\u00e9e et de d\u00e9paysement.<\/p>\n<h2>Une rivi\u00e8re sculptant son \u00e9crin<\/h2>\n<p>La rivi\u00e8re Allier a travaill\u00e9 inlassablement pendant des mill\u00e9naires pour fa\u00e7onner<strong> ces gorges spectaculaires<\/strong>. Ce canyon vertigineux est le r\u00e9sultat d\u2019une \u00e9rosion constante, laissant appara\u00eetre des couches g\u00e9ologiques qui racontent une histoire vieille de plusieurs millions d\u2019ann\u00e9es. Les randonneurs et visiteurs curieux pourront observer les vestiges d\u2019anciennes <strong>coul\u00e9es volcaniques et de roches s\u00e9dimentaires<\/strong>, vestiges des forces titanesques ayant donn\u00e9 naissance au paysage actuel.<\/p>\n<p>Ce cadre naturel est aussi un havre pour les photographes, o\u00f9 <strong>chaque saison transforme le d\u00e9cor<\/strong>. En hiver, les falaises escarp\u00e9es se parent de givre, tandis qu\u2019en \u00e9t\u00e9, les reflets de l\u2019eau dansent sous un soleil g\u00e9n\u00e9reux.<\/p>\n<blockquote class=\"instagram-media\" style=\"background: #FFF; border: 0; border-radius: 3px; margin: 1px; max-width: 540px; min-width: 326px; padding: 0; width: calc(100% - 2px);\" data-instgrm-permalink=\"https:\/\/www.instagram.com\/p\/CFZ6dK2pQf3\/?utm_source=ig_embed&amp;utm_campaign=loading\" data-instgrm-version=\"14\">\n<div style=\"padding: 16px;\">\n<p>&nbsp;<\/p>\n<div style=\"flex-direction: row; align-items: center;\">\n<div style=\"background-color: #f4f4f4; border-radius: 50%; flex-grow: 0; height: 40px; margin-right: 14px; width: 40px;\"><\/div>\n<div style=\"flex-direction: column; flex-grow: 1; justify-content: center;\">\n<div style=\"background-color: #f4f4f4; border-radius: 4px; flex-grow: 0; height: 14px; margin-bottom: 6px; width: 100px;\"><\/div>\n<div style=\"background-color: #f4f4f4; border-radius: 4px; flex-grow: 0; height: 14px; width: 60px;\"><\/div>\n<\/div>\n<\/div>\n<div style=\"padding: 19% 0;\"><\/div>\n<div style=\"height: 50px; margin: 0 auto 12px; width: 50px;\"><\/div>\n<div style=\"padding-top: 8px;\">\n<div style=\"color: #3897f0; font-family: Arial,sans-serif; font-size: 14px; font-style: normal; font-weight: 550; line-height: 18px;\">Voir cette publication sur Instagram<\/div>\n<\/div>\n<div style=\"padding: 12.5% 0;\"><\/div>\n<div style=\"flex-direction: row; margin-bottom: 14px; align-items: center;\">\n<div>\n<div style=\"background-color: #f4f4f4; border-radius: 50%; height: 12.5px; width: 12.5px;\"><\/div>\n<div style=\"background-color: #f4f4f4; height: 12.5px; width: 12.5px; flex-grow: 0; margin-right: 14px; margin-left: 2px;\"><\/div>\n<div style=\"background-color: #f4f4f4; border-radius: 50%; height: 12.5px; width: 12.5px;\"><\/div>\n<\/div>\n<div style=\"margin-left: 8px;\">\n<div style=\"background-color: #f4f4f4; border-radius: 50%; flex-grow: 0; height: 20px; width: 20px;\"><\/div>\n<div style=\"width: 0; height: 0; border-top: 2px solid transparent; border-left: 6px solid #f4f4f4; border-bottom: 2px solid transparent;\"><\/div>\n<\/div>\n<div style=\"margin-left: auto;\">\n<div style=\"width: 0px; border-top: 8px solid #F4F4F4; border-right: 8px solid transparent;\"><\/div>\n<div style=\"background-color: #f4f4f4; flex-grow: 0; height: 12px; width: 16px;\"><\/div>\n<div style=\"width: 0; height: 0; border-top: 8px solid #F4F4F4; border-left: 8px solid transparent;\"><\/div>\n<\/div>\n<\/div>\n<div style=\"flex-direction: column; flex-grow: 1; justify-content: center; margin-bottom: 24px;\">\n<div style=\"background-color: #f4f4f4; border-radius: 4px; flex-grow: 0; height: 14px; margin-bottom: 6px; width: 224px;\"><\/div>\n<div style=\"background-color: #f4f4f4; border-radius: 4px; flex-grow: 0; height: 14px; width: 144px;\"><\/div>\n<\/div>\n<p>&nbsp;<\/p>\n<p style=\"color: #c9c8cd; font-family: Arial,sans-serif; font-size: 14px; line-height: 17px; margin-bottom: 0; margin-top: 8px; overflow: hidden; padding: 8px 0 7px; text-align: center;\"><a style=\"color: #c9c8cd; font-family: Arial,sans-serif; font-size: 14px; font-style: normal; font-weight: normal; line-height: 17px; text-decoration: none;\" href=\"https:\/\/www.instagram.com\/p\/CFZ6dK2pQf3\/?utm_source=ig_embed&amp;utm_campaign=loading\" target=\"_blank\" rel=\"noopener\">Une publication partag\u00e9e par Ghislaine (@magicorangeplasticbird)<\/a><\/p>\n<\/div>\n<\/blockquote>\n<h2>Des villages accroch\u00e9s \u00e0 la roche : tr\u00e9sors architecturaux<\/h2>\n<p>Les gorges de l\u2019Allier ne se r\u00e9sument pas \u00e0 leurs panoramas impressionnants. Elles abritent des villages uniques, <strong>perch\u00e9s sur des promontoires rocheux<\/strong> et souvent entour\u00e9s de falaises abruptes. Ces bourgs, certains datant de plus de mille ans, sont des t\u00e9moins pr\u00e9cieux de l\u2019ing\u00e9niosit\u00e9 humaine face aux d\u00e9fis g\u00e9ographiques.<\/p>\n<p><strong>Lavo\u00fbte-Chilhac<\/strong>, avec son prieur\u00e9 b\u00e9n\u00e9dictin du 11\u1d49 si\u00e8cle et ses maisons en pierre, est l\u2019un des joyaux du secteur. Non loin de l\u00e0, Chilhac domine la rivi\u00e8re \u00e0 plus de<strong> 500 m\u00e8tres d\u2019altitude<\/strong>, offrant une vue imprenable. Ces lieux, empreints d\u2019histoire, s\u00e9duisent autant par leur architecture que par l\u2019atmosph\u00e8re intemporelle qui y r\u00e8gne.<\/p>\n<h2>Une biodiversit\u00e9 rare et pr\u00e9serv\u00e9e dans les gorges de l&#8217;Allier<\/h2>\n<p>Les gorges de l\u2019Allier se distinguent par <strong>une richesse \u00e9cologique exceptionnelle<\/strong>. Gr\u00e2ce \u00e0 des microclimats vari\u00e9s, la r\u00e9gion accueille une faune et une flore diversifi\u00e9es. Les amateurs de nature auront peut-\u00eatre la chance d\u2019apercevoir des esp\u00e8ces rares comme le <strong>milan royal<\/strong> ou m\u00eame <strong>des loutres<\/strong> au bord de la rivi\u00e8re.<\/p>\n<p>Les falaises abritent \u00e9galement des plantes end\u00e9miques, telles que <strong>la Sabline de l\u2019Allier<\/strong>, introuvable ailleurs. Cette biodiversit\u00e9 est pr\u00e9serv\u00e9e par des mesures locales de conservation, permettant \u00e0 ces esp\u00e8ces de prosp\u00e9rer dans un environnement prot\u00e9g\u00e9.<\/p>\n<blockquote class=\"instagram-media\" style=\"background: #FFF; border: 0; border-radius: 3px; margin: 1px; max-width: 540px; min-width: 326px; padding: 0; width: calc(100% - 2px);\" data-instgrm-permalink=\"https:\/\/www.instagram.com\/p\/BSVoNDFDo0R\/?utm_source=ig_embed&amp;utm_campaign=loading\" data-instgrm-version=\"14\">\n<div style=\"padding: 16px;\">\n<p>&nbsp;<\/p>\n<div style=\"flex-direction: row; align-items: center;\">\n<div style=\"background-color: #f4f4f4; border-radius: 50%; flex-grow: 0; height: 40px; margin-right: 14px; width: 40px;\"><\/div>\n<div style=\"flex-direction: column; flex-grow: 1; justify-content: center;\">\n<div style=\"background-color: #f4f4f4; border-radius: 4px; flex-grow: 0; height: 14px; margin-bottom: 6px; width: 100px;\"><\/div>\n<div style=\"background-color: #f4f4f4; border-radius: 4px; flex-grow: 0; height: 14px; width: 60px;\"><\/div>\n<\/div>\n<\/div>\n<div style=\"padding: 19% 0;\"><\/div>\n<div style=\"height: 50px; margin: 0 auto 12px; width: 50px;\"><\/div>\n<div style=\"padding-top: 8px;\">\n<div style=\"color: #3897f0; font-family: Arial,sans-serif; font-size: 14px; font-style: normal; font-weight: 550; line-height: 18px;\">Voir cette publication sur Instagram<\/div>\n<\/div>\n<div style=\"padding: 12.5% 0;\"><\/div>\n<div style=\"flex-direction: row; margin-bottom: 14px; align-items: center;\">\n<div>\n<div style=\"background-color: #f4f4f4; border-radius: 50%; height: 12.5px; width: 12.5px;\"><\/div>\n<div style=\"background-color: #f4f4f4; height: 12.5px; width: 12.5px; flex-grow: 0; margin-right: 14px; margin-left: 2px;\"><\/div>\n<div style=\"background-color: #f4f4f4; border-radius: 50%; height: 12.5px; width: 12.5px;\"><\/div>\n<\/div>\n<div style=\"margin-left: 8px;\">\n<div style=\"background-color: #f4f4f4; border-radius: 50%; flex-grow: 0; height: 20px; width: 20px;\"><\/div>\n<div style=\"width: 0; height: 0; border-top: 2px solid transparent; border-left: 6px solid #f4f4f4; border-bottom: 2px solid transparent;\"><\/div>\n<\/div>\n<div style=\"margin-left: auto;\">\n<div style=\"width: 0px; border-top: 8px solid #F4F4F4; border-right: 8px solid transparent;\"><\/div>\n<div style=\"background-color: #f4f4f4; flex-grow: 0; height: 12px; width: 16px;\"><\/div>\n<div style=\"width: 0; height: 0; border-top: 8px solid #F4F4F4; border-left: 8px solid transparent;\"><\/div>\n<\/div>\n<\/div>\n<div style=\"flex-direction: column; flex-grow: 1; justify-content: center; margin-bottom: 24px;\">\n<div style=\"background-color: #f4f4f4; border-radius: 4px; flex-grow: 0; height: 14px; margin-bottom: 6px; width: 224px;\"><\/div>\n<div style=\"background-color: #f4f4f4; border-radius: 4px; flex-grow: 0; height: 14px; width: 144px;\"><\/div>\n<\/div>\n<p>&nbsp;<\/p>\n<p style=\"color: #c9c8cd; font-family: Arial,sans-serif; font-size: 14px; line-height: 17px; margin-bottom: 0; margin-top: 8px; overflow: hidden; padding: 8px 0 7px; text-align: center;\"><a style=\"color: #c9c8cd; font-family: Arial,sans-serif; font-size: 14px; font-style: normal; font-weight: normal; line-height: 17px; text-decoration: none;\" href=\"https:\/\/www.instagram.com\/p\/BSVoNDFDo0R\/?utm_source=ig_embed&amp;utm_campaign=loading\" target=\"_blank\" rel=\"noopener\">Une publication partag\u00e9e par Dan Photography (@danphotos43)<\/a><\/p>\n<\/div>\n<\/blockquote>\n<h2>Des activit\u00e9s pour une exploration compl\u00e8te<\/h2>\n<p>Pour les visiteurs, les gorges de l\u2019Allier offrent<strong> un \u00e9ventail d\u2019activit\u00e9s<\/strong> adapt\u00e9es \u00e0 tous les go\u00fbts. Les amateurs de sensations fortes peuvent s\u2019aventurer sur les rapides tumultueux de l\u2019<a href=\"https:\/\/discover.ulysse.com\/village-feerique-plus-beaux-de-france\">Allier<\/a> en kayak ou en rafting. Ceux qui pr\u00e9f\u00e8rent la tranquillit\u00e9 trouveront leur bonheur en empruntant les <strong>sentiers de randonn\u00e9e<\/strong> qui serpentent entre villages, for\u00eats et falaises.<\/p>\n<p>En hiver, les paysages deviennent magiques. Les cascades fig\u00e9es par le gel et les panoramas enneig\u00e9s donnent une nouvelle dimension aux excursions.<\/p>\n<blockquote class=\"instagram-media\" style=\"background: #FFF; border: 0; border-radius: 3px; margin: 1px; max-width: 540px; min-width: 326px; padding: 0; width: calc(100% - 2px);\" data-instgrm-permalink=\"https:\/\/www.instagram.com\/p\/CS13P8itnJf\/?utm_source=ig_embed&amp;utm_campaign=loading\" data-instgrm-version=\"14\">\n<div style=\"padding: 16px;\">\n<p>&nbsp;<\/p>\n<div style=\"flex-direction: row; align-items: center;\">\n<div style=\"background-color: #f4f4f4; border-radius: 50%; flex-grow: 0; height: 40px; margin-right: 14px; width: 40px;\"><\/div>\n<div style=\"flex-direction: column; flex-grow: 1; justify-content: center;\">\n<div style=\"background-color: #f4f4f4; border-radius: 4px; flex-grow: 0; height: 14px; margin-bottom: 6px; width: 100px;\"><\/div>\n<div style=\"background-color: #f4f4f4; border-radius: 4px; flex-grow: 0; height: 14px; width: 60px;\"><\/div>\n<\/div>\n<\/div>\n<div style=\"padding: 19% 0;\"><\/div>\n<div style=\"height: 50px; margin: 0 auto 12px; width: 50px;\"><\/div>\n<div style=\"padding-top: 8px;\">\n<div style=\"color: #3897f0; font-family: Arial,sans-serif; font-size: 14px; font-style: normal; font-weight: 550; line-height: 18px;\">Voir cette publication sur Instagram<\/div>\n<\/div>\n<div style=\"padding: 12.5% 0;\"><\/div>\n<div style=\"flex-direction: row; margin-bottom: 14px; align-items: center;\">\n<div>\n<div style=\"background-color: #f4f4f4; border-radius: 50%; height: 12.5px; width: 12.5px;\"><\/div>\n<div style=\"background-color: #f4f4f4; height: 12.5px; width: 12.5px; flex-grow: 0; margin-right: 14px; margin-left: 2px;\"><\/div>\n<div style=\"background-color: #f4f4f4; border-radius: 50%; height: 12.5px; width: 12.5px;\"><\/div>\n<\/div>\n<div style=\"margin-left: 8px;\">\n<div style=\"background-color: #f4f4f4; border-radius: 50%; flex-grow: 0; height: 20px; width: 20px;\"><\/div>\n<div style=\"width: 0; height: 0; border-top: 2px solid transparent; border-left: 6px solid #f4f4f4; border-bottom: 2px solid transparent;\"><\/div>\n<\/div>\n<div style=\"margin-left: auto;\">\n<div style=\"width: 0px; border-top: 8px solid #F4F4F4; border-right: 8px solid transparent;\"><\/div>\n<div style=\"background-color: #f4f4f4; flex-grow: 0; height: 12px; width: 16px;\"><\/div>\n<div style=\"width: 0; height: 0; border-top: 8px solid #F4F4F4; border-left: 8px solid transparent;\"><\/div>\n<\/div>\n<\/div>\n<div style=\"flex-direction: column; flex-grow: 1; justify-content: center; margin-bottom: 24px;\">\n<div style=\"background-color: #f4f4f4; border-radius: 4px; flex-grow: 0; height: 14px; margin-bottom: 6px; width: 224px;\"><\/div>\n<div style=\"background-color: #f4f4f4; border-radius: 4px; flex-grow: 0; height: 14px; width: 144px;\"><\/div>\n<\/div>\n<p>&nbsp;<\/p>\n<p style=\"color: #c9c8cd; font-family: Arial,sans-serif; font-size: 14px; line-height: 17px; margin-bottom: 0; margin-top: 8px; overflow: hidden; padding: 8px 0 7px; text-align: center;\"><a style=\"color: #c9c8cd; font-family: Arial,sans-serif; font-size: 14px; font-style: normal; font-weight: normal; line-height: 17px; text-decoration: none;\" href=\"https:\/\/www.instagram.com\/p\/CS13P8itnJf\/?utm_source=ig_embed&amp;utm_campaign=loading\" target=\"_blank\" rel=\"noopener\">Une publication partag\u00e9e par Millie De La Valette (@laviedemillie)<\/a><\/p>\n<\/div>\n<\/blockquote>\n<h2>Entre l\u00e9gendes et plaisirs gourmands<\/h2>\n<p>Les gorges de l\u2019Allier ne manquent pas de nourrir l\u2019imaginaire avec leurs <strong>l\u00e9gendes myst\u00e9rieuses<\/strong>. L\u2019histoire du ch\u00e2teau de L\u00e9otoing et de son tr\u00e9sor cach\u00e9 continue de captiver les esprits. Ces r\u00e9cits, transmis de g\u00e9n\u00e9ration en g\u00e9n\u00e9ration, enrichissent encore davantage l\u2019identit\u00e9 de cette r\u00e9gion.<\/p>\n<p>Apr\u00e8s une journ\u00e9e bien remplie, les auberges locales offrent un r\u00e9confort bienvenu avec <strong>des plats typiques<\/strong> comme l\u2019aligot ou la truffade, pr\u00e9par\u00e9s \u00e0 partir de produits locaux. Cette gastronomie g\u00e9n\u00e9reuse refl\u00e8te l\u2019authenticit\u00e9 et la chaleur des habitants de la r\u00e9gion.<\/p>\n<blockquote class=\"instagram-media\" style=\"background: #FFF; border: 0; border-radius: 3px; margin: 1px; max-width: 540px; min-width: 326px; padding: 0; width: calc(100% - 2px);\" data-instgrm-permalink=\"https:\/\/www.instagram.com\/p\/BV9zbqJADyd\/?utm_source=ig_embed&amp;utm_campaign=loading\" data-instgrm-version=\"14\">\n<div style=\"padding: 16px;\">\n<p>&nbsp;<\/p>\n<div style=\"flex-direction: row; align-items: center;\">\n<div style=\"background-color: #f4f4f4; border-radius: 50%; flex-grow: 0; height: 40px; margin-right: 14px; width: 40px;\"><\/div>\n<div style=\"flex-direction: column; flex-grow: 1; justify-content: center;\">\n<div style=\"background-color: #f4f4f4; border-radius: 4px; flex-grow: 0; height: 14px; margin-bottom: 6px; width: 100px;\"><\/div>\n<div style=\"background-color: #f4f4f4; border-radius: 4px; flex-grow: 0; height: 14px; width: 60px;\"><\/div>\n<\/div>\n<\/div>\n<div style=\"padding: 19% 0;\"><\/div>\n<div style=\"height: 50px; margin: 0 auto 12px; width: 50px;\"><\/div>\n<div style=\"padding-top: 8px;\">\n<div style=\"color: #3897f0; font-family: Arial,sans-serif; font-size: 14px; font-style: normal; font-weight: 550; line-height: 18px;\">Voir cette publication sur Instagram<\/div>\n<\/div>\n<div style=\"padding: 12.5% 0;\"><\/div>\n<div style=\"flex-direction: row; margin-bottom: 14px; align-items: center;\">\n<div>\n<div style=\"background-color: #f4f4f4; border-radius: 50%; height: 12.5px; width: 12.5px;\"><\/div>\n<div style=\"background-color: #f4f4f4; height: 12.5px; width: 12.5px; flex-grow: 0; margin-right: 14px; margin-left: 2px;\"><\/div>\n<div style=\"background-color: #f4f4f4; border-radius: 50%; height: 12.5px; width: 12.5px;\"><\/div>\n<\/div>\n<div style=\"margin-left: 8px;\">\n<div style=\"background-color: #f4f4f4; border-radius: 50%; flex-grow: 0; height: 20px; width: 20px;\"><\/div>\n<div style=\"width: 0; height: 0; border-top: 2px solid transparent; border-left: 6px solid #f4f4f4; border-bottom: 2px solid transparent;\"><\/div>\n<\/div>\n<div style=\"margin-left: auto;\">\n<div style=\"width: 0px; border-top: 8px solid #F4F4F4; border-right: 8px solid transparent;\"><\/div>\n<div style=\"background-color: #f4f4f4; flex-grow: 0; height: 12px; width: 16px;\"><\/div>\n<div style=\"width: 0; height: 0; border-top: 8px solid #F4F4F4; border-left: 8px solid transparent;\"><\/div>\n<\/div>\n<\/div>\n<div style=\"flex-direction: column; flex-grow: 1; justify-content: center; margin-bottom: 24px;\">\n<div style=\"background-color: #f4f4f4; border-radius: 4px; flex-grow: 0; height: 14px; margin-bottom: 6px; width: 224px;\"><\/div>\n<div style=\"background-color: #f4f4f4; border-radius: 4px; flex-grow: 0; height: 14px; width: 144px;\"><\/div>\n<\/div>\n<p>&nbsp;<\/p>\n<p style=\"color: #c9c8cd; font-family: Arial,sans-serif; font-size: 14px; line-height: 17px; margin-bottom: 0; margin-top: 8px; overflow: hidden; padding: 8px 0 7px; text-align: center;\"><a style=\"color: #c9c8cd; font-family: Arial,sans-serif; font-size: 14px; font-style: normal; font-weight: normal; line-height: 17px; text-decoration: none;\" href=\"https:\/\/www.instagram.com\/p\/BV9zbqJADyd\/?utm_source=ig_embed&amp;utm_campaign=loading\" target=\"_blank\" rel=\"noopener\">Une publication partag\u00e9e par David Laffargue (@davidlaffargue)<\/a><\/p>\n<\/div>\n<\/blockquote>\n<p>Les gorges de l\u2019Allier sont un appel \u00e0 la d\u00e9couverte. Entre paysages spectaculaires, villages m\u00e9di\u00e9vaux et l\u00e9gendes captivantes, cette destination offre une exp\u00e9rience compl\u00e8te, riche en \u00e9motions et en \u00e9merveillements. Que vous soyez amateur d\u2019histoire, explorateur ou simple curieux, ces terres sauvages et accueillantes sauront vous s\u00e9duire.<\/p>\n","protected":false},"excerpt":{"rendered":"<p>Nich\u00e9es au c\u0153ur du Massif Central, les gorges de l\u2019Allier offrent une immersion spectaculaire dans une nature sauvage et pr\u00e9serv\u00e9e. [&hellip;]<\/p>\n","protected":false},"author":3,"featured_media":24538,"comment_status":"open","ping_status":"closed","sticky":false,"template":"","format":"standard","meta":{"_acf_changed":false,"_sitemap_exclude":false,"_sitemap_priority":"","_sitemap_frequency":"","footnotes":"","rank_math_title":"","rank_math_description":"Les gorges de l\u2019Allier, en plein c\u0153ur de l\u2019Auvergne, sont bien plus qu\u2019un simple site touristique, mais une v\u00e9ritable exp\u00e9rience immersive.","rank_math_canonical_url":"","rank_math_focus_keyword":"gorges"},"categories":[3],"tags":[],"class_list":["post-24502","post","type-post","status-publish","format-standard","has-post-thumbnail","hentry","category-voyage"],"acf":[],"_links":{"self":[{"href":"https:\/\/ulysse.com\/news\/wp-json\/wp\/v2\/posts\/24502","targetHints":{"allow":["GET"]}}],"collection":[{"href":"https:\/\/ulysse.com\/news\/wp-json\/wp\/v2\/posts"}],"about":[{"href":"https:\/\/ulysse.com\/news\/wp-json\/wp\/v2\/types\/post"}],"author":[{"embeddable":true,"href":"https:\/\/ulysse.com\/news\/wp-json\/wp\/v2\/users\/3"}],"replies":[{"embeddable":true,"href":"https:\/\/ulysse.com\/news\/wp-json\/wp\/v2\/comments?post=24502"}],"version-history":[{"count":5,"href":"https:\/\/ulysse.com\/news\/wp-json\/wp\/v2\/posts\/24502\/revisions"}],"predecessor-version":[{"id":24539,"href":"https:\/\/ulysse.com\/news\/wp-json\/wp\/v2\/posts\/24502\/revisions\/24539"}],"wp:featuredmedia":[{"embeddable":true,"href":"https:\/\/ulysse.com\/news\/wp-json\/wp\/v2\/media\/24538"}],"wp:attachment":[{"href":"https:\/\/ulysse.com\/news\/wp-json\/wp\/v2\/media?parent=24502"}],"wp:term":[{"taxonomy":"category","embeddable":true,"href":"https:\/\/ulysse.com\/news\/wp-json\/wp\/v2\/categories?post=24502"},{"taxonomy":"post_tag","embeddable":true,"href":"https:\/\/ulysse.com\/news\/wp-json\/wp\/v2\/tags?post=24502"}],"curies":[{"name":"wp","href":"https:\/\/api.w.org\/{rel}","templated":true}]}}