{"id":24508,"date":"2025-01-27T15:00:38","date_gmt":"2025-01-27T14:00:38","guid":{"rendered":"https:\/\/discover.ulysse.com\/?p=24508"},"modified":"2025-01-27T10:56:49","modified_gmt":"2025-01-27T09:56:49","slug":"bargeme-vue-panoramique-provence","status":"publish","type":"post","link":"https:\/\/ulysse.com\/news\/bargeme-vue-panoramique-provence","title":{"rendered":"Perch\u00e9 \u00e0 1 097 m\u00e8tres, Barg\u00e8me ouvre une vue panoramique sur la Provence"},"content":{"rendered":"<p>Imaginez un lieu o\u00f9 le temps semble s\u2019\u00eatre arr\u00eat\u00e9, o\u00f9 les vieilles pierres murmurent des r\u00e9cits anciens et o\u00f9 la nature r\u00e8gne en ma\u00eetre. \u00c0 1097 m\u00e8tres d\u2019altitude, au c\u0153ur du Haut-Var, se trouve Barg\u00e8me, un village perch\u00e9 qui semble tutoyer le ciel. L\u00e0-bas, les panoramas \u00e0 couper le souffle rivalisent avec l\u2019histoire captivante de ce lieu hors du commun. Quand l\u2019hiver vient envelopper le village de son givre scintillant, Barg\u00e8me d\u00e9voile une facette de la Provence que peu osent imaginer : sauvage, myst\u00e9rieuse et majestueuse.<\/p>\n<h2>Une forteresse charg\u00e9e d\u2019histoire et de l\u00e9gendes<\/h2>\n<p>Au sommet de Barg\u00e8me se dresse une <strong>imposante forteresse<\/strong>, t\u00e9moin des si\u00e8cles pass\u00e9s. \u00c9rig\u00e9e au 11\u1d49 si\u00e8cle par les seigneurs de Pontev\u00e8s, elle dominait autrefois la r\u00e9gion comme un symbole de puissance et de protection. On raconte que ce ch\u00e2teau, aujourd\u2019hui partiellement en ruines, aurait vu des alliances forg\u00e9es, des batailles livr\u00e9es et des secrets murmur\u00e9s entre ses murs.<\/p>\n<p>En hiver, sous un voile de givre, la forteresse prend <strong>des allures de conte<\/strong>. Les visiteurs, en parcourant ses vestiges, ne peuvent s\u2019emp\u00eacher d\u2019imaginer les chevaliers qui veillaient jadis sur ces terres. Chaque pierre, chaque br\u00e8che dans les remparts semble raconter une page de ce r\u00e9cit chevaleresque, rendant cette exp\u00e9rience aussi fascinante qu\u2019\u00e9mouvante.<\/p>\n<blockquote class=\"instagram-media\" style=\"background: #FFF; border: 0; border-radius: 3px; margin: 1px; max-width: 540px; min-width: 326px; padding: 0; width: calc(100% - 2px);\" data-instgrm-permalink=\"https:\/\/www.instagram.com\/p\/Bm4DXJ8Ac1G\/?utm_source=ig_embed&amp;utm_campaign=loading\" data-instgrm-version=\"14\">\n<div style=\"padding: 16px;\">\n<p>&nbsp;<\/p>\n<div style=\"flex-direction: row; align-items: center;\">\n<div style=\"background-color: #f4f4f4; border-radius: 50%; flex-grow: 0; height: 40px; margin-right: 14px; width: 40px;\"><\/div>\n<div style=\"flex-direction: column; flex-grow: 1; justify-content: center;\">\n<div style=\"background-color: #f4f4f4; border-radius: 4px; flex-grow: 0; height: 14px; margin-bottom: 6px; width: 100px;\"><\/div>\n<div style=\"background-color: #f4f4f4; border-radius: 4px; flex-grow: 0; height: 14px; width: 60px;\"><\/div>\n<\/div>\n<\/div>\n<div style=\"padding: 19% 0;\"><\/div>\n<div style=\"height: 50px; margin: 0 auto 12px; width: 50px;\"><\/div>\n<div style=\"padding-top: 8px;\">\n<div style=\"color: #3897f0; font-family: Arial,sans-serif; font-size: 14px; font-style: normal; font-weight: 550; line-height: 18px;\">Voir cette publication sur Instagram<\/div>\n<\/div>\n<div style=\"padding: 12.5% 0;\"><\/div>\n<div style=\"flex-direction: row; margin-bottom: 14px; align-items: center;\">\n<div>\n<div style=\"background-color: #f4f4f4; border-radius: 50%; height: 12.5px; width: 12.5px;\"><\/div>\n<div style=\"background-color: #f4f4f4; height: 12.5px; width: 12.5px; flex-grow: 0; margin-right: 14px; margin-left: 2px;\"><\/div>\n<div style=\"background-color: #f4f4f4; border-radius: 50%; height: 12.5px; width: 12.5px;\"><\/div>\n<\/div>\n<div style=\"margin-left: 8px;\">\n<div style=\"background-color: #f4f4f4; border-radius: 50%; flex-grow: 0; height: 20px; width: 20px;\"><\/div>\n<div style=\"width: 0; height: 0; border-top: 2px solid transparent; border-left: 6px solid #f4f4f4; border-bottom: 2px solid transparent;\"><\/div>\n<\/div>\n<div style=\"margin-left: auto;\">\n<div style=\"width: 0px; border-top: 8px solid #F4F4F4; border-right: 8px solid transparent;\"><\/div>\n<div style=\"background-color: #f4f4f4; flex-grow: 0; height: 12px; width: 16px;\"><\/div>\n<div style=\"width: 0; height: 0; border-top: 8px solid #F4F4F4; border-left: 8px solid transparent;\"><\/div>\n<\/div>\n<\/div>\n<div style=\"flex-direction: column; flex-grow: 1; justify-content: center; margin-bottom: 24px;\">\n<div style=\"background-color: #f4f4f4; border-radius: 4px; flex-grow: 0; height: 14px; margin-bottom: 6px; width: 224px;\"><\/div>\n<div style=\"background-color: #f4f4f4; border-radius: 4px; flex-grow: 0; height: 14px; width: 144px;\"><\/div>\n<\/div>\n<p>&nbsp;<\/p>\n<p style=\"color: #c9c8cd; font-family: Arial,sans-serif; font-size: 14px; line-height: 17px; margin-bottom: 0; margin-top: 8px; overflow: hidden; padding: 8px 0 7px; text-align: center;\"><a style=\"color: #c9c8cd; font-family: Arial,sans-serif; font-size: 14px; font-style: normal; font-weight: normal; line-height: 17px; text-decoration: none;\" href=\"https:\/\/www.instagram.com\/p\/Bm4DXJ8Ac1G\/?utm_source=ig_embed&amp;utm_campaign=loading\" target=\"_blank\" rel=\"noopener\">Une publication partag\u00e9e par Jose Marinheiro Da-cruz (@jose006)<\/a><\/p>\n<\/div>\n<\/blockquote>\n<h2>Une vue \u00e0 couper le souffle sur une Provence m\u00e9connue<\/h2>\n<p>Depuis ses hauteurs, Barg\u00e8me offre un spectacle naturel unique. En contrebas, les vall\u00e9es proven\u00e7ales s\u2019\u00e9tendent \u00e0 perte de vue, parsem\u00e9es de villages pittoresques et de for\u00eats verdoyantes. Par temps clair, l\u2019horizon r\u00e9v\u00e8le les Alpes enneig\u00e9es, les rivages de la M\u00e9diterran\u00e9e et parfois m\u00eame les contours de la <a href=\"https:\/\/discover.ulysse.com\/decouverte-plus-beaux-lacs-montagneux-corse\">Corse<\/a>.<\/p>\n<p>L\u2019hiver sublime ce tableau : le contraste entre les sommets blanchis et les vall\u00e9es reste grav\u00e9 dans la m\u00e9moire des visiteurs. Ce panorama invite \u00e0 une contemplation rare, o\u00f9 l\u2019on red\u00e9couvre une <a href=\"https:\/\/discover.ulysse.com\/escapade-villages-charme-unique-provence\">Provence<\/a> loin des champs de lavande et des cigales, <strong>une Provence brute et authentique<\/strong>, envelopp\u00e9e de silence et de grandeur.<\/p>\n<blockquote class=\"instagram-media\" style=\"background: #FFF; border: 0; border-radius: 3px; margin: 1px; max-width: 540px; min-width: 326px; padding: 0; width: calc(100% - 2px);\" data-instgrm-permalink=\"https:\/\/www.instagram.com\/p\/BeFt384BG9D\/?utm_source=ig_embed&amp;utm_campaign=loading\" data-instgrm-version=\"14\">\n<div style=\"padding: 16px;\">\n<p>&nbsp;<\/p>\n<div style=\"flex-direction: row; align-items: center;\">\n<div style=\"background-color: #f4f4f4; border-radius: 50%; flex-grow: 0; height: 40px; margin-right: 14px; width: 40px;\"><\/div>\n<div style=\"flex-direction: column; flex-grow: 1; justify-content: center;\">\n<div style=\"background-color: #f4f4f4; border-radius: 4px; flex-grow: 0; height: 14px; margin-bottom: 6px; width: 100px;\"><\/div>\n<div style=\"background-color: #f4f4f4; border-radius: 4px; flex-grow: 0; height: 14px; width: 60px;\"><\/div>\n<\/div>\n<\/div>\n<div style=\"padding: 19% 0;\"><\/div>\n<div style=\"height: 50px; margin: 0 auto 12px; width: 50px;\"><\/div>\n<div style=\"padding-top: 8px;\">\n<div style=\"color: #3897f0; font-family: Arial,sans-serif; font-size: 14px; font-style: normal; font-weight: 550; line-height: 18px;\">Voir cette publication sur Instagram<\/div>\n<\/div>\n<div style=\"padding: 12.5% 0;\"><\/div>\n<div style=\"flex-direction: row; margin-bottom: 14px; align-items: center;\">\n<div>\n<div style=\"background-color: #f4f4f4; border-radius: 50%; height: 12.5px; width: 12.5px;\"><\/div>\n<div style=\"background-color: #f4f4f4; height: 12.5px; width: 12.5px; flex-grow: 0; margin-right: 14px; margin-left: 2px;\"><\/div>\n<div style=\"background-color: #f4f4f4; border-radius: 50%; height: 12.5px; width: 12.5px;\"><\/div>\n<\/div>\n<div style=\"margin-left: 8px;\">\n<div style=\"background-color: #f4f4f4; border-radius: 50%; flex-grow: 0; height: 20px; width: 20px;\"><\/div>\n<div style=\"width: 0; height: 0; border-top: 2px solid transparent; border-left: 6px solid #f4f4f4; border-bottom: 2px solid transparent;\"><\/div>\n<\/div>\n<div style=\"margin-left: auto;\">\n<div style=\"width: 0px; border-top: 8px solid #F4F4F4; border-right: 8px solid transparent;\"><\/div>\n<div style=\"background-color: #f4f4f4; flex-grow: 0; height: 12px; width: 16px;\"><\/div>\n<div style=\"width: 0; height: 0; border-top: 8px solid #F4F4F4; border-left: 8px solid transparent;\"><\/div>\n<\/div>\n<\/div>\n<div style=\"flex-direction: column; flex-grow: 1; justify-content: center; margin-bottom: 24px;\">\n<div style=\"background-color: #f4f4f4; border-radius: 4px; flex-grow: 0; height: 14px; margin-bottom: 6px; width: 224px;\"><\/div>\n<div style=\"background-color: #f4f4f4; border-radius: 4px; flex-grow: 0; height: 14px; width: 144px;\"><\/div>\n<\/div>\n<p>&nbsp;<\/p>\n<p style=\"color: #c9c8cd; font-family: Arial,sans-serif; font-size: 14px; line-height: 17px; margin-bottom: 0; margin-top: 8px; overflow: hidden; padding: 8px 0 7px; text-align: center;\"><a style=\"color: #c9c8cd; font-family: Arial,sans-serif; font-size: 14px; font-style: normal; font-weight: normal; line-height: 17px; text-decoration: none;\" href=\"https:\/\/www.instagram.com\/p\/BeFt384BG9D\/?utm_source=ig_embed&amp;utm_campaign=loading\" target=\"_blank\" rel=\"noopener\">Une publication partag\u00e9e par Camille Moirenc Photographe (@camille_moirenc)<\/a><\/p>\n<\/div>\n<\/blockquote>\n<h2>Un village vivant, t\u00e9moin d\u2019un autre temps<\/h2>\n<p>Barg\u00e8me n\u2019est pas seulement un belv\u00e9d\u00e8re naturel, c\u2019est aussi un v\u00e9ritable tr\u00e9sor architectural. Ses ruelles pav\u00e9es, ses maisons en pierre et ses placettes ombrag\u00e9es plongent les visiteurs dans une <strong>ambiance m\u00e9di\u00e9vale<\/strong>. Parmi les joyaux du village, <strong>l\u2019\u00e9glise Saint-Nicolas<\/strong>, datant du 13\u1d49 si\u00e8cle, se distingue par son retable baroque et ses fresques anciennes.<\/p>\n<p>Chaque coin de rue r\u00e9v\u00e8le une surprise : une porte fortifi\u00e9e, une fontaine discr\u00e8te ou un vestige des anciens remparts. En hiver, le givre enveloppe ces lieux d\u2019une lumi\u00e8re douce, offrant aux photographes un d\u00e9cor in\u00e9gal\u00e9.<\/p>\n<blockquote class=\"instagram-media\" style=\"background: #FFF; border: 0; border-radius: 3px; margin: 1px; max-width: 540px; min-width: 326px; padding: 0; width: calc(100% - 2px);\" data-instgrm-permalink=\"https:\/\/www.instagram.com\/p\/C18i67YqDjq\/?utm_source=ig_embed&amp;utm_campaign=loading\" data-instgrm-version=\"14\">\n<div style=\"padding: 16px;\">\n<p>&nbsp;<\/p>\n<div style=\"flex-direction: row; align-items: center;\">\n<div style=\"background-color: #f4f4f4; border-radius: 50%; flex-grow: 0; height: 40px; margin-right: 14px; width: 40px;\"><\/div>\n<div style=\"flex-direction: column; flex-grow: 1; justify-content: center;\">\n<div style=\"background-color: #f4f4f4; border-radius: 4px; flex-grow: 0; height: 14px; margin-bottom: 6px; width: 100px;\"><\/div>\n<div style=\"background-color: #f4f4f4; border-radius: 4px; flex-grow: 0; height: 14px; width: 60px;\"><\/div>\n<\/div>\n<\/div>\n<div style=\"padding: 19% 0;\"><\/div>\n<div style=\"height: 50px; margin: 0 auto 12px; width: 50px;\"><\/div>\n<div style=\"padding-top: 8px;\">\n<div style=\"color: #3897f0; font-family: Arial,sans-serif; font-size: 14px; font-style: normal; font-weight: 550; line-height: 18px;\">Voir cette publication sur Instagram<\/div>\n<\/div>\n<div style=\"padding: 12.5% 0;\"><\/div>\n<div style=\"flex-direction: row; margin-bottom: 14px; align-items: center;\">\n<div>\n<div style=\"background-color: #f4f4f4; border-radius: 50%; height: 12.5px; width: 12.5px;\"><\/div>\n<div style=\"background-color: #f4f4f4; height: 12.5px; width: 12.5px; flex-grow: 0; margin-right: 14px; margin-left: 2px;\"><\/div>\n<div style=\"background-color: #f4f4f4; border-radius: 50%; height: 12.5px; width: 12.5px;\"><\/div>\n<\/div>\n<div style=\"margin-left: 8px;\">\n<div style=\"background-color: #f4f4f4; border-radius: 50%; flex-grow: 0; height: 20px; width: 20px;\"><\/div>\n<div style=\"width: 0; height: 0; border-top: 2px solid transparent; border-left: 6px solid #f4f4f4; border-bottom: 2px solid transparent;\"><\/div>\n<\/div>\n<div style=\"margin-left: auto;\">\n<div style=\"width: 0px; border-top: 8px solid #F4F4F4; border-right: 8px solid transparent;\"><\/div>\n<div style=\"background-color: #f4f4f4; flex-grow: 0; height: 12px; width: 16px;\"><\/div>\n<div style=\"width: 0; height: 0; border-top: 8px solid #F4F4F4; border-left: 8px solid transparent;\"><\/div>\n<\/div>\n<\/div>\n<div style=\"flex-direction: column; flex-grow: 1; justify-content: center; margin-bottom: 24px;\">\n<div style=\"background-color: #f4f4f4; border-radius: 4px; flex-grow: 0; height: 14px; margin-bottom: 6px; width: 224px;\"><\/div>\n<div style=\"background-color: #f4f4f4; border-radius: 4px; flex-grow: 0; height: 14px; width: 144px;\"><\/div>\n<\/div>\n<p>&nbsp;<\/p>\n<p style=\"color: #c9c8cd; font-family: Arial,sans-serif; font-size: 14px; line-height: 17px; margin-bottom: 0; margin-top: 8px; overflow: hidden; padding: 8px 0 7px; text-align: center;\"><a style=\"color: #c9c8cd; font-family: Arial,sans-serif; font-size: 14px; font-style: normal; font-weight: normal; line-height: 17px; text-decoration: none;\" href=\"https:\/\/www.instagram.com\/p\/C18i67YqDjq\/?utm_source=ig_embed&amp;utm_campaign=loading\" target=\"_blank\" rel=\"noopener\">Une publication partag\u00e9e par Rom\u00e0 Jim\u00e9nez (@romanetjc2)<\/a><\/p>\n<\/div>\n<\/blockquote>\n<h2>Une exp\u00e9rience hivernale hors des sentiers battus<\/h2>\n<p>Alors que la Provence est souvent associ\u00e9e \u00e0 la chaleur estivale, Barg\u00e8me propose une alternative \u00e9tonnante. Les amateurs de randonn\u00e9e trouvent leur bonheur sur les sentiers qui serpentent autour du village. Entre les panoramas grandioses et les rencontres inattendues avec la faune locale, ces <strong>balades hivernales<\/strong> offrent un d\u00e9paysement total.<\/p>\n<p>Avec seulement <strong>153 habitants<\/strong>, Barg\u00e8me conserve un charme authentique. Les visiteurs y d\u00e9couvrent une hospitalit\u00e9 simple et chaleureuse, que ce soit dans un g\u00eete pittoresque ou autour d\u2019un repas aux saveurs locales.<\/p>\n<h2>Un joyau rare \u00e0 pr\u00e9server<\/h2>\n<p>Si Barg\u00e8me fascine par son histoire et sa beaut\u00e9, <strong>il repr\u00e9sente aussi un d\u00e9fi<\/strong>. La pr\u00e9servation de son patrimoine et de son environnement est essentielle pour garantir sa p\u00e9rennit\u00e9. Les visiteurs, en adoptant un comportement respectueux et en soutenant les initiatives locales, participent \u00e0 cet effort.<\/p>\n<p>Barg\u00e8me est bien plus qu\u2019un village perch\u00e9 : c\u2019est une exp\u00e9rience immersive, un voyage dans une <strong>Provence m\u00e9connue et envo\u00fbtante<\/strong>. Entre son histoire mill\u00e9naire, ses panoramas d\u2019exception et son atmosph\u00e8re paisible, ce village est une invitation \u00e0 ralentir, \u00e0 observer et \u00e0 ressentir.<\/p>\n<blockquote class=\"instagram-media\" style=\"background: #FFF; border: 0; border-radius: 3px; margin: 1px; max-width: 540px; min-width: 326px; padding: 0; width: calc(100% - 2px);\" data-instgrm-permalink=\"https:\/\/www.instagram.com\/p\/C4nMYDmtvSD\/?utm_source=ig_embed&amp;utm_campaign=loading\" data-instgrm-version=\"14\">\n<div style=\"padding: 16px;\">\n<p>&nbsp;<\/p>\n<div style=\"flex-direction: row; align-items: center;\">\n<div style=\"background-color: #f4f4f4; border-radius: 50%; flex-grow: 0; height: 40px; margin-right: 14px; width: 40px;\"><\/div>\n<div style=\"flex-direction: column; flex-grow: 1; justify-content: center;\">\n<div style=\"background-color: #f4f4f4; border-radius: 4px; flex-grow: 0; height: 14px; margin-bottom: 6px; width: 100px;\"><\/div>\n<div style=\"background-color: #f4f4f4; border-radius: 4px; flex-grow: 0; height: 14px; width: 60px;\"><\/div>\n<\/div>\n<\/div>\n<div style=\"padding: 19% 0;\"><\/div>\n<div style=\"height: 50px; margin: 0 auto 12px; width: 50px;\"><\/div>\n<div style=\"padding-top: 8px;\">\n<div style=\"color: #3897f0; font-family: Arial,sans-serif; font-size: 14px; font-style: normal; font-weight: 550; line-height: 18px;\">Voir cette publication sur Instagram<\/div>\n<\/div>\n<div style=\"padding: 12.5% 0;\"><\/div>\n<div style=\"flex-direction: row; margin-bottom: 14px; align-items: center;\">\n<div>\n<div style=\"background-color: #f4f4f4; border-radius: 50%; height: 12.5px; width: 12.5px;\"><\/div>\n<div style=\"background-color: #f4f4f4; height: 12.5px; width: 12.5px; flex-grow: 0; margin-right: 14px; margin-left: 2px;\"><\/div>\n<div style=\"background-color: #f4f4f4; border-radius: 50%; height: 12.5px; width: 12.5px;\"><\/div>\n<\/div>\n<div style=\"margin-left: 8px;\">\n<div style=\"background-color: #f4f4f4; border-radius: 50%; flex-grow: 0; height: 20px; width: 20px;\"><\/div>\n<div style=\"width: 0; height: 0; border-top: 2px solid transparent; border-left: 6px solid #f4f4f4; border-bottom: 2px solid transparent;\"><\/div>\n<\/div>\n<div style=\"margin-left: auto;\">\n<div style=\"width: 0px; border-top: 8px solid #F4F4F4; border-right: 8px solid transparent;\"><\/div>\n<div style=\"background-color: #f4f4f4; flex-grow: 0; height: 12px; width: 16px;\"><\/div>\n<div style=\"width: 0; height: 0; border-top: 8px solid #F4F4F4; border-left: 8px solid transparent;\"><\/div>\n<\/div>\n<\/div>\n<div style=\"flex-direction: column; flex-grow: 1; justify-content: center; margin-bottom: 24px;\">\n<div style=\"background-color: #f4f4f4; border-radius: 4px; flex-grow: 0; height: 14px; margin-bottom: 6px; width: 224px;\"><\/div>\n<div style=\"background-color: #f4f4f4; border-radius: 4px; flex-grow: 0; height: 14px; width: 144px;\"><\/div>\n<\/div>\n<p>&nbsp;<\/p>\n<p style=\"color: #c9c8cd; font-family: Arial,sans-serif; font-size: 14px; line-height: 17px; margin-bottom: 0; margin-top: 8px; overflow: hidden; padding: 8px 0 7px; text-align: center;\"><a style=\"color: #c9c8cd; font-family: Arial,sans-serif; font-size: 14px; font-style: normal; font-weight: normal; line-height: 17px; text-decoration: none;\" href=\"https:\/\/www.instagram.com\/p\/C4nMYDmtvSD\/?utm_source=ig_embed&amp;utm_campaign=loading\" target=\"_blank\" rel=\"noopener\">Une publication partag\u00e9e par Les Plus Beaux Villages \ud83c\uddeb\ud83c\uddf7 (@lesplusbeauxvillagesdefrance)<\/a><\/p>\n<\/div>\n<\/blockquote>\n<p>La prochaine fois que vous penserez \u00e0 la Provence, regardez vers les sommets. L\u00e0-haut, Barg\u00e8me vous attend, pr\u00eat \u00e0 d\u00e9voiler ses secrets et \u00e0 vous offrir une exp\u00e9rience qui restera grav\u00e9e dans votre m\u00e9moire.<\/p>\n","protected":false},"excerpt":{"rendered":"<p>Imaginez un lieu o\u00f9 le temps semble s\u2019\u00eatre arr\u00eat\u00e9, o\u00f9 les vieilles pierres murmurent des r\u00e9cits anciens et o\u00f9 la [&hellip;]<\/p>\n","protected":false},"author":3,"featured_media":24529,"comment_status":"open","ping_status":"closed","sticky":false,"template":"","format":"standard","meta":{"_acf_changed":false,"_sitemap_exclude":false,"_sitemap_priority":"","_sitemap_frequency":"","footnotes":"","rank_math_title":"","rank_math_description":"Nich\u00e9 au c\u0153ur du Haut-Var, le village m\u00e9di\u00e9val de Barg\u00e8me, perch\u00e9 \u00e0 1097 m\u00e8tres d'altitude, offre un spectacle saisissant. ","rank_math_canonical_url":"","rank_math_focus_keyword":"Barg\u00e8me"},"categories":[3],"tags":[],"class_list":["post-24508","post","type-post","status-publish","format-standard","has-post-thumbnail","hentry","category-voyage"],"acf":[],"_links":{"self":[{"href":"https:\/\/ulysse.com\/news\/wp-json\/wp\/v2\/posts\/24508","targetHints":{"allow":["GET"]}}],"collection":[{"href":"https:\/\/ulysse.com\/news\/wp-json\/wp\/v2\/posts"}],"about":[{"href":"https:\/\/ulysse.com\/news\/wp-json\/wp\/v2\/types\/post"}],"author":[{"embeddable":true,"href":"https:\/\/ulysse.com\/news\/wp-json\/wp\/v2\/users\/3"}],"replies":[{"embeddable":true,"href":"https:\/\/ulysse.com\/news\/wp-json\/wp\/v2\/comments?post=24508"}],"version-history":[{"count":4,"href":"https:\/\/ulysse.com\/news\/wp-json\/wp\/v2\/posts\/24508\/revisions"}],"predecessor-version":[{"id":24532,"href":"https:\/\/ulysse.com\/news\/wp-json\/wp\/v2\/posts\/24508\/revisions\/24532"}],"wp:featuredmedia":[{"embeddable":true,"href":"https:\/\/ulysse.com\/news\/wp-json\/wp\/v2\/media\/24529"}],"wp:attachment":[{"href":"https:\/\/ulysse.com\/news\/wp-json\/wp\/v2\/media?parent=24508"}],"wp:term":[{"taxonomy":"category","embeddable":true,"href":"https:\/\/ulysse.com\/news\/wp-json\/wp\/v2\/categories?post=24508"},{"taxonomy":"post_tag","embeddable":true,"href":"https:\/\/ulysse.com\/news\/wp-json\/wp\/v2\/tags?post=24508"}],"curies":[{"name":"wp","href":"https:\/\/api.w.org\/{rel}","templated":true}]}}