{"id":24642,"date":"2025-01-29T13:00:54","date_gmt":"2025-01-29T12:00:54","guid":{"rendered":"https:\/\/discover.ulysse.com\/?p=24642"},"modified":"2025-01-29T10:02:31","modified_gmt":"2025-01-29T09:02:31","slug":"echappez-touristes-endroits-peu-connus-vendee","status":"publish","type":"post","link":"https:\/\/ulysse.com\/news\/echappez-touristes-endroits-peu-connus-vendee","title":{"rendered":"\u00c9chappez aux touristes avec ces endroits peu connus en Vend\u00e9e"},"content":{"rendered":"<p>Nich\u00e9e entre l\u2019oc\u00e9an Atlantique et les bocages, la Vend\u00e9e est une terre de contrastes et de richesses insoup\u00e7onn\u00e9es. Derri\u00e8re son littoral appr\u00e9ci\u00e9 des vacanciers se cachent des tr\u00e9sors naturels, historiques et culturels qui invitent \u00e0 une exploration hors des sentiers battus. Des marais myst\u00e9rieux aux villages m\u00e9di\u00e9vaux enchanteurs, la Vend\u00e9e d\u00e9voile une facette authentique et captivante \u00e0 ceux qui prennent le temps de s\u2019y aventurer. Voici cinq lieux embl\u00e9matiques o\u00f9 se m\u00ealent histoire, beaut\u00e9 naturelle et s\u00e9r\u00e9nit\u00e9.<\/p>\n<h2>Le marais poitevin, une immersion au c\u0153ur de la nature de la Vend\u00e9e<\/h2>\n<p>Surnomm\u00e9 \u00e0 juste titre, la <strong>\u00ab Venise Verte \u00bb<\/strong>, le marais poitevin s\u2019\u00e9tend sur des milliers d\u2019hectares et offre un paysage unique en France. Ce labyrinthe de canaux, encadr\u00e9 par une v\u00e9g\u00e9tation luxuriante, se d\u00e9couvre au fil de l\u2019eau, \u00e0 bord d\u2019une barque \u00e0 fond plat. Les lumi\u00e8res changeantes, les reflets scintillants et le calme omnipr\u00e9sent en font une exp\u00e9rience apaisante et inoubliable.<\/p>\n<p>Les passionn\u00e9s de faune et de flore seront combl\u00e9s par les <strong>nombreuses esp\u00e8ces d\u2019oiseaux et de plantes<\/strong> qui habitent ces zones humides prot\u00e9g\u00e9es. Le charme des petits villages, comme Fontenay-le-Comte et ses ruelles pittoresques, compl\u00e8te cette escapade hors du temps.<\/p>\n<blockquote class=\"instagram-media\" style=\"background: #FFF; border: 0; border-radius: 3px; margin: 1px; max-width: 540px; min-width: 326px; padding: 0; width: calc(100% - 2px);\" data-instgrm-permalink=\"https:\/\/www.instagram.com\/p\/DEpBRC1IOlQ\/?utm_source=ig_embed&amp;utm_campaign=loading\" data-instgrm-version=\"14\">\n<div style=\"padding: 16px;\">\n<p>&nbsp;<\/p>\n<div style=\"flex-direction: row; align-items: center;\">\n<div style=\"background-color: #f4f4f4; border-radius: 50%; flex-grow: 0; height: 40px; margin-right: 14px; width: 40px;\"><\/div>\n<div style=\"flex-direction: column; flex-grow: 1; justify-content: center;\">\n<div style=\"background-color: #f4f4f4; border-radius: 4px; flex-grow: 0; height: 14px; margin-bottom: 6px; width: 100px;\"><\/div>\n<div style=\"background-color: #f4f4f4; border-radius: 4px; flex-grow: 0; height: 14px; width: 60px;\"><\/div>\n<\/div>\n<\/div>\n<div style=\"padding: 19% 0;\"><\/div>\n<div style=\"height: 50px; margin: 0 auto 12px; width: 50px;\"><\/div>\n<div style=\"padding-top: 8px;\">\n<div style=\"color: #3897f0; font-family: Arial,sans-serif; font-size: 14px; font-style: normal; font-weight: 550; line-height: 18px;\">Voir cette publication sur Instagram<\/div>\n<\/div>\n<div style=\"padding: 12.5% 0;\"><\/div>\n<div style=\"flex-direction: row; margin-bottom: 14px; align-items: center;\">\n<div>\n<div style=\"background-color: #f4f4f4; border-radius: 50%; height: 12.5px; width: 12.5px;\"><\/div>\n<div style=\"background-color: #f4f4f4; height: 12.5px; width: 12.5px; flex-grow: 0; margin-right: 14px; margin-left: 2px;\"><\/div>\n<div style=\"background-color: #f4f4f4; border-radius: 50%; height: 12.5px; width: 12.5px;\"><\/div>\n<\/div>\n<div style=\"margin-left: 8px;\">\n<div style=\"background-color: #f4f4f4; border-radius: 50%; flex-grow: 0; height: 20px; width: 20px;\"><\/div>\n<div style=\"width: 0; height: 0; border-top: 2px solid transparent; border-left: 6px solid #f4f4f4; border-bottom: 2px solid transparent;\"><\/div>\n<\/div>\n<div style=\"margin-left: auto;\">\n<div style=\"width: 0px; border-top: 8px solid #F4F4F4; border-right: 8px solid transparent;\"><\/div>\n<div style=\"background-color: #f4f4f4; flex-grow: 0; height: 12px; width: 16px;\"><\/div>\n<div style=\"width: 0; height: 0; border-top: 8px solid #F4F4F4; border-left: 8px solid transparent;\"><\/div>\n<\/div>\n<\/div>\n<div style=\"flex-direction: column; flex-grow: 1; justify-content: center; margin-bottom: 24px;\">\n<div style=\"background-color: #f4f4f4; border-radius: 4px; flex-grow: 0; height: 14px; margin-bottom: 6px; width: 224px;\"><\/div>\n<div style=\"background-color: #f4f4f4; border-radius: 4px; flex-grow: 0; height: 14px; width: 144px;\"><\/div>\n<\/div>\n<p>&nbsp;<\/p>\n<p style=\"color: #c9c8cd; font-family: Arial,sans-serif; font-size: 14px; line-height: 17px; margin-bottom: 0; margin-top: 8px; overflow: hidden; padding: 8px 0 7px; text-align: center;\"><a style=\"color: #c9c8cd; font-family: Arial,sans-serif; font-size: 14px; font-style: normal; font-weight: normal; line-height: 17px; text-decoration: none;\" href=\"https:\/\/www.instagram.com\/p\/DEpBRC1IOlQ\/?utm_source=ig_embed&amp;utm_campaign=loading\" target=\"_blank\" rel=\"noopener\">Une publication partag\u00e9e par Niort Marais Poitevin (@niortmaraispoitevin)<\/a><\/p>\n<\/div>\n<\/blockquote>\n<h2>L&#8217;\u00eele de Noirmoutier, entre terre et mer<\/h2>\n<p>Reli\u00e9e au continent par l\u2019\u00e9tonnant <strong>passage du Gois<\/strong>, une chauss\u00e9e submersible accessible uniquement \u00e0 mar\u00e9e basse, l\u2019\u00eele de Noirmoutier est un joyau de la c\u00f4te vend\u00e9enne. Ses <a href=\"https:\/\/discover.ulysse.com\/plus-belles-plages-la-vendee\">plages immacul\u00e9es<\/a>, ses marais salants et ses villages aux maisons blanchies d\u00e9gagent une atmosph\u00e8re intemporelle.<\/p>\n<p>Les amateurs d\u2019histoire appr\u00e9cieront le ch\u00e2teau m\u00e9di\u00e9val de Noirmoutier, parfaitement conserv\u00e9, tandis que les gourmands ne manqueront pas de d\u00e9guster les c\u00e9l\u00e8bres hu\u00eetres locales. L&#8217;\u00eele s\u00e9duit par son authenticit\u00e9 et la diversit\u00e9 de ses paysages, entre dunes sauvages, for\u00eats de pins et ports de p\u00eache anim\u00e9s.<\/p>\n<blockquote class=\"instagram-media\" style=\"background: #FFF; border: 0; border-radius: 3px; margin: 1px; max-width: 540px; min-width: 326px; padding: 0; width: calc(100% - 2px);\" data-instgrm-permalink=\"https:\/\/www.instagram.com\/p\/DE0JqI9P2vo\/?utm_source=ig_embed&amp;utm_campaign=loading\" data-instgrm-version=\"14\">\n<div style=\"padding: 16px;\">\n<p>&nbsp;<\/p>\n<div style=\"flex-direction: row; align-items: center;\">\n<div style=\"background-color: #f4f4f4; border-radius: 50%; flex-grow: 0; height: 40px; margin-right: 14px; width: 40px;\"><\/div>\n<div style=\"flex-direction: column; flex-grow: 1; justify-content: center;\">\n<div style=\"background-color: #f4f4f4; border-radius: 4px; flex-grow: 0; height: 14px; margin-bottom: 6px; width: 100px;\"><\/div>\n<div style=\"background-color: #f4f4f4; border-radius: 4px; flex-grow: 0; height: 14px; width: 60px;\"><\/div>\n<\/div>\n<\/div>\n<div style=\"padding: 19% 0;\"><\/div>\n<div style=\"height: 50px; margin: 0 auto 12px; width: 50px;\"><\/div>\n<div style=\"padding-top: 8px;\">\n<div style=\"color: #3897f0; font-family: Arial,sans-serif; font-size: 14px; font-style: normal; font-weight: 550; line-height: 18px;\">Voir cette publication sur Instagram<\/div>\n<\/div>\n<div style=\"padding: 12.5% 0;\"><\/div>\n<div style=\"flex-direction: row; margin-bottom: 14px; align-items: center;\">\n<div>\n<div style=\"background-color: #f4f4f4; border-radius: 50%; height: 12.5px; width: 12.5px;\"><\/div>\n<div style=\"background-color: #f4f4f4; height: 12.5px; width: 12.5px; flex-grow: 0; margin-right: 14px; margin-left: 2px;\"><\/div>\n<div style=\"background-color: #f4f4f4; border-radius: 50%; height: 12.5px; width: 12.5px;\"><\/div>\n<\/div>\n<div style=\"margin-left: 8px;\">\n<div style=\"background-color: #f4f4f4; border-radius: 50%; flex-grow: 0; height: 20px; width: 20px;\"><\/div>\n<div style=\"width: 0; height: 0; border-top: 2px solid transparent; border-left: 6px solid #f4f4f4; border-bottom: 2px solid transparent;\"><\/div>\n<\/div>\n<div style=\"margin-left: auto;\">\n<div style=\"width: 0px; border-top: 8px solid #F4F4F4; border-right: 8px solid transparent;\"><\/div>\n<div style=\"background-color: #f4f4f4; flex-grow: 0; height: 12px; width: 16px;\"><\/div>\n<div style=\"width: 0; height: 0; border-top: 8px solid #F4F4F4; border-left: 8px solid transparent;\"><\/div>\n<\/div>\n<\/div>\n<div style=\"flex-direction: column; flex-grow: 1; justify-content: center; margin-bottom: 24px;\">\n<div style=\"background-color: #f4f4f4; border-radius: 4px; flex-grow: 0; height: 14px; margin-bottom: 6px; width: 224px;\"><\/div>\n<div style=\"background-color: #f4f4f4; border-radius: 4px; flex-grow: 0; height: 14px; width: 144px;\"><\/div>\n<\/div>\n<p>&nbsp;<\/p>\n<p style=\"color: #c9c8cd; font-family: Arial,sans-serif; font-size: 14px; line-height: 17px; margin-bottom: 0; margin-top: 8px; overflow: hidden; padding: 8px 0 7px; text-align: center;\"><a style=\"color: #c9c8cd; font-family: Arial,sans-serif; font-size: 14px; font-style: normal; font-weight: normal; line-height: 17px; text-decoration: none;\" href=\"https:\/\/www.instagram.com\/p\/DE0JqI9P2vo\/?utm_source=ig_embed&amp;utm_campaign=loading\" target=\"_blank\" rel=\"noopener\">Une publication partag\u00e9e par \u00eele de Noirmoutier Tourisme (@iledenoirmoutiertourisme)<\/a><\/p>\n<\/div>\n<\/blockquote>\n<h2>Vouvant, un village hors du temps<\/h2>\n<p>Perch\u00e9 sur une colline, Vouvant est class\u00e9 parmi les \u00ab plus beaux villages de France \u00bb et ne manque pas de charmer les visiteurs. Selon la l\u00e9gende, il aurait \u00e9t\u00e9 <strong>b\u00e2ti par la f\u00e9e M\u00e9lusine<\/strong>, dont le souvenir demeure \u00e0 travers la tour qui porte son nom.<\/p>\n<p>Ce vestige m\u00e9di\u00e9val domine la vall\u00e9e de la M\u00e8re et offre des panoramas \u00e0 couper le souffle. En fl\u00e2nant dans les ruelles fleuries, on d\u00e9couvre des <strong>artistes install\u00e9s dans de petites galeries<\/strong>, t\u00e9moins d\u2019une vie culturelle foisonnante. L\u2019\u00e9glise romane Sainte-Marie, avec son architecture impressionnante, ajoute une dimension spirituelle \u00e0 cette immersion dans l\u2019histoire.<\/p>\n<blockquote class=\"instagram-media\" style=\"background: #FFF; border: 0; border-radius: 3px; margin: 1px; max-width: 540px; min-width: 326px; padding: 0; width: calc(100% - 2px);\" data-instgrm-permalink=\"https:\/\/www.instagram.com\/p\/Cd-zs9FsObL\/?utm_source=ig_embed&amp;utm_campaign=loading\" data-instgrm-version=\"14\">\n<div style=\"padding: 16px;\">\n<p>&nbsp;<\/p>\n<div style=\"flex-direction: row; align-items: center;\">\n<div style=\"background-color: #f4f4f4; border-radius: 50%; flex-grow: 0; height: 40px; margin-right: 14px; width: 40px;\"><\/div>\n<div style=\"flex-direction: column; flex-grow: 1; justify-content: center;\">\n<div style=\"background-color: #f4f4f4; border-radius: 4px; flex-grow: 0; height: 14px; margin-bottom: 6px; width: 100px;\"><\/div>\n<div style=\"background-color: #f4f4f4; border-radius: 4px; flex-grow: 0; height: 14px; width: 60px;\"><\/div>\n<\/div>\n<\/div>\n<div style=\"padding: 19% 0;\"><\/div>\n<div style=\"height: 50px; margin: 0 auto 12px; width: 50px;\"><\/div>\n<div style=\"padding-top: 8px;\">\n<div style=\"color: #3897f0; font-family: Arial,sans-serif; font-size: 14px; font-style: normal; font-weight: 550; line-height: 18px;\">Voir cette publication sur Instagram<\/div>\n<\/div>\n<div style=\"padding: 12.5% 0;\"><\/div>\n<div style=\"flex-direction: row; margin-bottom: 14px; align-items: center;\">\n<div>\n<div style=\"background-color: #f4f4f4; border-radius: 50%; height: 12.5px; width: 12.5px;\"><\/div>\n<div style=\"background-color: #f4f4f4; height: 12.5px; width: 12.5px; flex-grow: 0; margin-right: 14px; margin-left: 2px;\"><\/div>\n<div style=\"background-color: #f4f4f4; border-radius: 50%; height: 12.5px; width: 12.5px;\"><\/div>\n<\/div>\n<div style=\"margin-left: 8px;\">\n<div style=\"background-color: #f4f4f4; border-radius: 50%; flex-grow: 0; height: 20px; width: 20px;\"><\/div>\n<div style=\"width: 0; height: 0; border-top: 2px solid transparent; border-left: 6px solid #f4f4f4; border-bottom: 2px solid transparent;\"><\/div>\n<\/div>\n<div style=\"margin-left: auto;\">\n<div style=\"width: 0px; border-top: 8px solid #F4F4F4; border-right: 8px solid transparent;\"><\/div>\n<div style=\"background-color: #f4f4f4; flex-grow: 0; height: 12px; width: 16px;\"><\/div>\n<div style=\"width: 0; height: 0; border-top: 8px solid #F4F4F4; border-left: 8px solid transparent;\"><\/div>\n<\/div>\n<\/div>\n<div style=\"flex-direction: column; flex-grow: 1; justify-content: center; margin-bottom: 24px;\">\n<div style=\"background-color: #f4f4f4; border-radius: 4px; flex-grow: 0; height: 14px; margin-bottom: 6px; width: 224px;\"><\/div>\n<div style=\"background-color: #f4f4f4; border-radius: 4px; flex-grow: 0; height: 14px; width: 144px;\"><\/div>\n<\/div>\n<p>&nbsp;<\/p>\n<p style=\"color: #c9c8cd; font-family: Arial,sans-serif; font-size: 14px; line-height: 17px; margin-bottom: 0; margin-top: 8px; overflow: hidden; padding: 8px 0 7px; text-align: center;\"><a style=\"color: #c9c8cd; font-family: Arial,sans-serif; font-size: 14px; font-style: normal; font-weight: normal; line-height: 17px; text-decoration: none;\" href=\"https:\/\/www.instagram.com\/p\/Cd-zs9FsObL\/?utm_source=ig_embed&amp;utm_campaign=loading\" target=\"_blank\" rel=\"noopener\">Une publication partag\u00e9e par Commune de Vouvant (@vouvantofficiel)<\/a><\/p>\n<\/div>\n<\/blockquote>\n<h2>Le Puy du Fou, une \u00e9pop\u00e9e historique<\/h2>\n<p>Pour les amateurs de spectacles grandioses, le Puy du Fou est une destination incontournable. Ce<strong> parc \u00e0 th\u00e8me<\/strong> unique en son genre plonge ses visiteurs dans des \u00e9poques r\u00e9volues gr\u00e2ce \u00e0 des reconstitutions historiques spectaculaires.<\/p>\n<p>Que ce soit en assistant \u00e0 des batailles de gladiateurs, \u00e0 une course de chars ou \u00e0 des sc\u00e8nes de la R\u00e9volution fran\u00e7aise, l\u2019exp\u00e9rience est immersive et \u00e9ducative. La Cin\u00e9sc\u00e9nie, un spectacle nocturne \u00e9poustouflant, raconte <strong>l\u2019histoire de la Vend\u00e9e<\/strong> \u00e0 travers des jeux de lumi\u00e8re, des projections en 3D et des performances \u00e9mouvantes, marquant durablement les esprits.<\/p>\n<blockquote class=\"instagram-media\" style=\"background: #FFF; border: 0; border-radius: 3px; margin: 1px; max-width: 540px; min-width: 326px; padding: 0; width: calc(100% - 2px);\" data-instgrm-permalink=\"https:\/\/www.instagram.com\/p\/DFSU4JsT388\/?utm_source=ig_embed&amp;utm_campaign=loading\" data-instgrm-version=\"14\">\n<div style=\"padding: 16px;\">\n<p>&nbsp;<\/p>\n<div style=\"flex-direction: row; align-items: center;\">\n<div style=\"background-color: #f4f4f4; border-radius: 50%; flex-grow: 0; height: 40px; margin-right: 14px; width: 40px;\"><\/div>\n<div style=\"flex-direction: column; flex-grow: 1; justify-content: center;\">\n<div style=\"background-color: #f4f4f4; border-radius: 4px; flex-grow: 0; height: 14px; margin-bottom: 6px; width: 100px;\"><\/div>\n<div style=\"background-color: #f4f4f4; border-radius: 4px; flex-grow: 0; height: 14px; width: 60px;\"><\/div>\n<\/div>\n<\/div>\n<div style=\"padding: 19% 0;\"><\/div>\n<div style=\"height: 50px; margin: 0 auto 12px; width: 50px;\"><\/div>\n<div style=\"padding-top: 8px;\">\n<div style=\"color: #3897f0; font-family: Arial,sans-serif; font-size: 14px; font-style: normal; font-weight: 550; line-height: 18px;\">Voir cette publication sur Instagram<\/div>\n<\/div>\n<div style=\"padding: 12.5% 0;\"><\/div>\n<div style=\"flex-direction: row; margin-bottom: 14px; align-items: center;\">\n<div>\n<div style=\"background-color: #f4f4f4; border-radius: 50%; height: 12.5px; width: 12.5px;\"><\/div>\n<div style=\"background-color: #f4f4f4; height: 12.5px; width: 12.5px; flex-grow: 0; margin-right: 14px; margin-left: 2px;\"><\/div>\n<div style=\"background-color: #f4f4f4; border-radius: 50%; height: 12.5px; width: 12.5px;\"><\/div>\n<\/div>\n<div style=\"margin-left: 8px;\">\n<div style=\"background-color: #f4f4f4; border-radius: 50%; flex-grow: 0; height: 20px; width: 20px;\"><\/div>\n<div style=\"width: 0; height: 0; border-top: 2px solid transparent; border-left: 6px solid #f4f4f4; border-bottom: 2px solid transparent;\"><\/div>\n<\/div>\n<div style=\"margin-left: auto;\">\n<div style=\"width: 0px; border-top: 8px solid #F4F4F4; border-right: 8px solid transparent;\"><\/div>\n<div style=\"background-color: #f4f4f4; flex-grow: 0; height: 12px; width: 16px;\"><\/div>\n<div style=\"width: 0; height: 0; border-top: 8px solid #F4F4F4; border-left: 8px solid transparent;\"><\/div>\n<\/div>\n<\/div>\n<div style=\"flex-direction: column; flex-grow: 1; justify-content: center; margin-bottom: 24px;\">\n<div style=\"background-color: #f4f4f4; border-radius: 4px; flex-grow: 0; height: 14px; margin-bottom: 6px; width: 224px;\"><\/div>\n<div style=\"background-color: #f4f4f4; border-radius: 4px; flex-grow: 0; height: 14px; width: 144px;\"><\/div>\n<\/div>\n<p>&nbsp;<\/p>\n<p style=\"color: #c9c8cd; font-family: Arial,sans-serif; font-size: 14px; line-height: 17px; margin-bottom: 0; margin-top: 8px; overflow: hidden; padding: 8px 0 7px; text-align: center;\"><a style=\"color: #c9c8cd; font-family: Arial,sans-serif; font-size: 14px; font-style: normal; font-weight: normal; line-height: 17px; text-decoration: none;\" href=\"https:\/\/www.instagram.com\/p\/DFSU4JsT388\/?utm_source=ig_embed&amp;utm_campaign=loading\" target=\"_blank\" rel=\"noopener\">Une publication partag\u00e9e par Puy du Fou (@puydufou)<\/a><\/p>\n<\/div>\n<\/blockquote>\n<h2>L&#8217;\u00eele d\u2019Yeu, un paradis pr\u00e9serv\u00e9<\/h2>\n<p>Au large des c\u00f4tes vend\u00e9ennes, l\u2019\u00eele d\u2019Yeu offre un v\u00e9ritable d\u00e9paysement avec ses <strong>paysages sauvages<\/strong> et son riche patrimoine. Les criques isol\u00e9es et les falaises sculpt\u00e9es par l\u2019\u00e9rosion rappellent les c\u00f4tes bretonnes, tandis que les for\u00eats de pins et les landes conf\u00e8rent \u00e0 l\u2019\u00eele un charme singulier.<\/p>\n<p>Les amateurs d\u2019histoire appr\u00e9cieront le Vieux Ch\u00e2teau, une forteresse m\u00e9di\u00e9vale surplombant la mer, et les sites pr\u00e9historiques diss\u00e9min\u00e9s dans l\u2019\u00eele. Les visiteurs sont invit\u00e9s \u00e0 explorer ce cadre enchanteur \u00e0 pied ou \u00e0 v\u00e9lo, pour une exp\u00e9rience inoubliable en communion avec la nature.<\/p>\n<blockquote class=\"instagram-media\" style=\"background: #FFF; border: 0; border-radius: 3px; margin: 1px; max-width: 540px; min-width: 326px; padding: 0; width: calc(100% - 2px);\" data-instgrm-permalink=\"https:\/\/www.instagram.com\/p\/DC9n7y1ot3v\/?utm_source=ig_embed&amp;utm_campaign=loading\" data-instgrm-version=\"14\">\n<div style=\"padding: 16px;\">\n<p>&nbsp;<\/p>\n<div style=\"flex-direction: row; align-items: center;\">\n<div style=\"background-color: #f4f4f4; border-radius: 50%; flex-grow: 0; height: 40px; margin-right: 14px; width: 40px;\"><\/div>\n<div style=\"flex-direction: column; flex-grow: 1; justify-content: center;\">\n<div style=\"background-color: #f4f4f4; border-radius: 4px; flex-grow: 0; height: 14px; margin-bottom: 6px; width: 100px;\"><\/div>\n<div style=\"background-color: #f4f4f4; border-radius: 4px; flex-grow: 0; height: 14px; width: 60px;\"><\/div>\n<\/div>\n<\/div>\n<div style=\"padding: 19% 0;\"><\/div>\n<div style=\"height: 50px; margin: 0 auto 12px; width: 50px;\"><\/div>\n<div style=\"padding-top: 8px;\">\n<div style=\"color: #3897f0; font-family: Arial,sans-serif; font-size: 14px; font-style: normal; font-weight: 550; line-height: 18px;\">Voir cette publication sur Instagram<\/div>\n<\/div>\n<div style=\"padding: 12.5% 0;\"><\/div>\n<div style=\"flex-direction: row; margin-bottom: 14px; align-items: center;\">\n<div>\n<div style=\"background-color: #f4f4f4; border-radius: 50%; height: 12.5px; width: 12.5px;\"><\/div>\n<div style=\"background-color: #f4f4f4; height: 12.5px; width: 12.5px; flex-grow: 0; margin-right: 14px; margin-left: 2px;\"><\/div>\n<div style=\"background-color: #f4f4f4; border-radius: 50%; height: 12.5px; width: 12.5px;\"><\/div>\n<\/div>\n<div style=\"margin-left: 8px;\">\n<div style=\"background-color: #f4f4f4; border-radius: 50%; flex-grow: 0; height: 20px; width: 20px;\"><\/div>\n<div style=\"width: 0; height: 0; border-top: 2px solid transparent; border-left: 6px solid #f4f4f4; border-bottom: 2px solid transparent;\"><\/div>\n<\/div>\n<div style=\"margin-left: auto;\">\n<div style=\"width: 0px; border-top: 8px solid #F4F4F4; border-right: 8px solid transparent;\"><\/div>\n<div style=\"background-color: #f4f4f4; flex-grow: 0; height: 12px; width: 16px;\"><\/div>\n<div style=\"width: 0; height: 0; border-top: 8px solid #F4F4F4; border-left: 8px solid transparent;\"><\/div>\n<\/div>\n<\/div>\n<div style=\"flex-direction: column; flex-grow: 1; justify-content: center; margin-bottom: 24px;\">\n<div style=\"background-color: #f4f4f4; border-radius: 4px; flex-grow: 0; height: 14px; margin-bottom: 6px; width: 224px;\"><\/div>\n<div style=\"background-color: #f4f4f4; border-radius: 4px; flex-grow: 0; height: 14px; width: 144px;\"><\/div>\n<\/div>\n<p>&nbsp;<\/p>\n<p style=\"color: #c9c8cd; font-family: Arial,sans-serif; font-size: 14px; line-height: 17px; margin-bottom: 0; margin-top: 8px; overflow: hidden; padding: 8px 0 7px; text-align: center;\"><a style=\"color: #c9c8cd; font-family: Arial,sans-serif; font-size: 14px; font-style: normal; font-weight: normal; line-height: 17px; text-decoration: none;\" href=\"https:\/\/www.instagram.com\/p\/DC9n7y1ot3v\/?utm_source=ig_embed&amp;utm_campaign=loading\" target=\"_blank\" rel=\"noopener\">Une publication partag\u00e9e par Ile d&#8217;Yeu Office de Tourisme (@iledyeutourisme)<\/a><\/p>\n<\/div>\n<\/blockquote>\n<p>La <a href=\"https:\/\/discover.ulysse.com\/vendee-stations-balneaires\">Vend\u00e9e<\/a>, loin de se r\u00e9sumer \u00e0 son littoral, regorge de tr\u00e9sors culturels et naturels qui sauront s\u00e9duire tous les <strong>voyageurs en qu\u00eate d\u2019authenticit\u00e9<\/strong>. Ces cinq lieux, riches en histoire et en beaut\u00e9, illustrent parfaitement le caract\u00e8re unique de la Vend\u00e9e, o\u00f9 chaque d\u00e9tour est une invitation \u00e0 la d\u00e9couverte.<\/p>\n","protected":false},"excerpt":{"rendered":"<p>Nich\u00e9e entre l\u2019oc\u00e9an Atlantique et les bocages, la Vend\u00e9e est une terre de contrastes et de richesses insoup\u00e7onn\u00e9es. Derri\u00e8re son [&hellip;]<\/p>\n","protected":false},"author":3,"featured_media":24644,"comment_status":"open","ping_status":"closed","sticky":false,"template":"","format":"standard","meta":{"_acf_changed":false,"_sitemap_exclude":false,"_sitemap_priority":"","_sitemap_frequency":"","footnotes":"","rank_math_title":"","rank_math_description":"La Vend\u00e9e, entre littoral et bocages, offre un riche \u00e9ventail de lieux incontournables et de paysages naturels vari\u00e9s, \u00e0 d\u00e9couvrir absolument.","rank_math_canonical_url":"","rank_math_focus_keyword":"Vend\u00e9e"},"categories":[3],"tags":[],"class_list":["post-24642","post","type-post","status-publish","format-standard","has-post-thumbnail","hentry","category-voyage"],"acf":[],"_links":{"self":[{"href":"https:\/\/ulysse.com\/news\/wp-json\/wp\/v2\/posts\/24642","targetHints":{"allow":["GET"]}}],"collection":[{"href":"https:\/\/ulysse.com\/news\/wp-json\/wp\/v2\/posts"}],"about":[{"href":"https:\/\/ulysse.com\/news\/wp-json\/wp\/v2\/types\/post"}],"author":[{"embeddable":true,"href":"https:\/\/ulysse.com\/news\/wp-json\/wp\/v2\/users\/3"}],"replies":[{"embeddable":true,"href":"https:\/\/ulysse.com\/news\/wp-json\/wp\/v2\/comments?post=24642"}],"version-history":[{"count":4,"href":"https:\/\/ulysse.com\/news\/wp-json\/wp\/v2\/posts\/24642\/revisions"}],"predecessor-version":[{"id":24658,"href":"https:\/\/ulysse.com\/news\/wp-json\/wp\/v2\/posts\/24642\/revisions\/24658"}],"wp:featuredmedia":[{"embeddable":true,"href":"https:\/\/ulysse.com\/news\/wp-json\/wp\/v2\/media\/24644"}],"wp:attachment":[{"href":"https:\/\/ulysse.com\/news\/wp-json\/wp\/v2\/media?parent=24642"}],"wp:term":[{"taxonomy":"category","embeddable":true,"href":"https:\/\/ulysse.com\/news\/wp-json\/wp\/v2\/categories?post=24642"},{"taxonomy":"post_tag","embeddable":true,"href":"https:\/\/ulysse.com\/news\/wp-json\/wp\/v2\/tags?post=24642"}],"curies":[{"name":"wp","href":"https:\/\/api.w.org\/{rel}","templated":true}]}}