{"id":24680,"date":"2025-01-31T17:08:40","date_gmt":"2025-01-31T16:08:40","guid":{"rendered":"https:\/\/discover.ulysse.com\/?p=24680"},"modified":"2025-01-31T10:49:42","modified_gmt":"2025-01-31T09:49:42","slug":"dolomites-5-villages-montagne-plus-beaux-italie","status":"publish","type":"post","link":"https:\/\/ulysse.com\/news\/dolomites-5-villages-montagne-plus-beaux-italie","title":{"rendered":"Dolomites : ces 5 villages de montagne comptent parmi les plus beaux d\u2019Italie"},"content":{"rendered":"<p>Les Dolomites, majestueuse cha\u00eene montagneuse du nord de l&#8217;Italie, sont bien plus qu&#8217;un simple lieu de passage pour les amoureux de nature et d&#8217;aventure. Class\u00e9es au patrimoine mondial de l&#8217;UNESCO, ces montagnes fascinent par leurs paysages \u00e0 couper le souffle et leurs sommets imposants. Mais ce sont \u00e9galement leurs villages pittoresques, nich\u00e9s entre vall\u00e9es verdoyantes et cimes enneig\u00e9es, qui captivent l\u2019\u00e2me des voyageurs. D\u00e9couvrez cinq de ces joyaux cach\u00e9s, o\u00f9 se m\u00ealent histoire, culture et paysages sublimes, pour une escapade inoubliable au c\u0153ur des Alpes italiennes.<\/p>\n<h2>Ortisei, le village color\u00e9 du val Gardena<\/h2>\n<p>Le village d&#8217;Ortisei, situ\u00e9 dans la vall\u00e9e du val Gardena, est <strong>le plus grand de cette r\u00e9gion alpine<\/strong>. Il s\u00e9duit par ses ruelles pav\u00e9es bord\u00e9es de maisons traditionnelles color\u00e9es, offrant une atmosph\u00e8re chaleureuse et accueillante. Si ce village est un v\u00e9ritable havre de paix en toute saison, c\u2019est en hiver qu&#8217;il se transforme en un v\u00e9ritable centre n\u00e9vralgique pour les amateurs de sports d&#8217;hiver. Sa station de ski est l&#8217;une des plus pris\u00e9es de la r\u00e9gion.<\/p>\n<p>En \u00e9t\u00e9, Ortisei devient un point de d\u00e9part id\u00e9al pour les randonneurs, avec de <strong>multiples sentiers<\/strong> menant \u00e0 des panoramas \u00e0 couper le souffle. Une attraction incontournable est son t\u00e9l\u00e9ph\u00e9rique menant \u00e0<strong> l&#8217;Alpe de Siusi<\/strong>, le plus grand alpage d&#8217;Europe, o\u00f9 les amoureux de nature peuvent s&#8217;immerger dans un cadre pr\u00e9serv\u00e9.<\/p>\n<blockquote class=\"instagram-media\" style=\"background: #FFF; border: 0; border-radius: 3px; margin: 1px; max-width: 540px; min-width: 326px; padding: 0; width: calc(100% - 2px);\" data-instgrm-permalink=\"https:\/\/www.instagram.com\/p\/CDT1vHMsF-N\/?utm_source=ig_embed&amp;utm_campaign=loading\" data-instgrm-version=\"14\">\n<div style=\"padding: 16px;\">\n<p>&nbsp;<\/p>\n<div style=\"flex-direction: row; align-items: center;\">\n<div style=\"background-color: #f4f4f4; border-radius: 50%; flex-grow: 0; height: 40px; margin-right: 14px; width: 40px;\"><\/div>\n<div style=\"flex-direction: column; flex-grow: 1; justify-content: center;\">\n<div style=\"background-color: #f4f4f4; border-radius: 4px; flex-grow: 0; height: 14px; margin-bottom: 6px; width: 100px;\"><\/div>\n<div style=\"background-color: #f4f4f4; border-radius: 4px; flex-grow: 0; height: 14px; width: 60px;\"><\/div>\n<\/div>\n<\/div>\n<div style=\"padding: 19% 0;\"><\/div>\n<div style=\"height: 50px; margin: 0 auto 12px; width: 50px;\"><\/div>\n<div style=\"padding-top: 8px;\">\n<div style=\"color: #3897f0; font-family: Arial,sans-serif; font-size: 14px; font-style: normal; font-weight: 550; line-height: 18px;\">Voir cette publication sur Instagram<\/div>\n<\/div>\n<div style=\"padding: 12.5% 0;\"><\/div>\n<div style=\"flex-direction: row; margin-bottom: 14px; align-items: center;\">\n<div>\n<div style=\"background-color: #f4f4f4; border-radius: 50%; height: 12.5px; width: 12.5px;\"><\/div>\n<div style=\"background-color: #f4f4f4; height: 12.5px; width: 12.5px; flex-grow: 0; margin-right: 14px; margin-left: 2px;\"><\/div>\n<div style=\"background-color: #f4f4f4; border-radius: 50%; height: 12.5px; width: 12.5px;\"><\/div>\n<\/div>\n<div style=\"margin-left: 8px;\">\n<div style=\"background-color: #f4f4f4; border-radius: 50%; flex-grow: 0; height: 20px; width: 20px;\"><\/div>\n<div style=\"width: 0; height: 0; border-top: 2px solid transparent; border-left: 6px solid #f4f4f4; border-bottom: 2px solid transparent;\"><\/div>\n<\/div>\n<div style=\"margin-left: auto;\">\n<div style=\"width: 0px; border-top: 8px solid #F4F4F4; border-right: 8px solid transparent;\"><\/div>\n<div style=\"background-color: #f4f4f4; flex-grow: 0; height: 12px; width: 16px;\"><\/div>\n<div style=\"width: 0; height: 0; border-top: 8px solid #F4F4F4; border-left: 8px solid transparent;\"><\/div>\n<\/div>\n<\/div>\n<div style=\"flex-direction: column; flex-grow: 1; justify-content: center; margin-bottom: 24px;\">\n<div style=\"background-color: #f4f4f4; border-radius: 4px; flex-grow: 0; height: 14px; margin-bottom: 6px; width: 224px;\"><\/div>\n<div style=\"background-color: #f4f4f4; border-radius: 4px; flex-grow: 0; height: 14px; width: 144px;\"><\/div>\n<\/div>\n<p>&nbsp;<\/p>\n<p style=\"color: #c9c8cd; font-family: Arial,sans-serif; font-size: 14px; line-height: 17px; margin-bottom: 0; margin-top: 8px; overflow: hidden; padding: 8px 0 7px; text-align: center;\"><a style=\"color: #c9c8cd; font-family: Arial,sans-serif; font-size: 14px; font-style: normal; font-weight: normal; line-height: 17px; text-decoration: none;\" href=\"https:\/\/www.instagram.com\/p\/CDT1vHMsF-N\/?utm_source=ig_embed&amp;utm_campaign=loading\" target=\"_blank\" rel=\"noopener\">Une publication partag\u00e9e par Italy | Italia | Italiastyle20 (@italiastyle20)<\/a><\/p>\n<\/div>\n<\/blockquote>\n<h2>Castelrotto, voyage au c\u0153ur du Moyen \u00c2ge<\/h2>\n<p>Castelrotto est un village au charme ind\u00e9niable, situ\u00e9 au pied de l&#8217;Alpe de Siusi. Son nom, tir\u00e9 du latin \u00ab castellum ruptum \u00bb qui signifie <strong>\u00ab ch\u00e2teau en ruine \u00bb<\/strong>, fait r\u00e9f\u00e9rence aux vestiges d&#8217;une forteresse m\u00e9di\u00e9vale visible \u00e0 travers ses ruelles \u00e9troites. L\u2019histoire de ce village est \u00e9galement marqu\u00e9e par son <strong>majestueux campanile baroque<\/strong>, l\u2019un des plus hauts de la r\u00e9gion, qui domine la place centrale. La vue qu\u2019il offre sur les montagnes environnantes est tout simplement imprenable.<\/p>\n<p>Castelrotto est un endroit id\u00e9al pour s\u2019impr\u00e9gner de la culture locale et profiter de l\u2019atmosph\u00e8re tranquille qui r\u00e8gne dans ce petit bijou m\u00e9di\u00e9val. Le village constitue \u00e9galement une porte d\u2019entr\u00e9e vers des <strong>activit\u00e9s de plein air<\/strong>, qu&#8217;il s&#8217;agisse de randonn\u00e9es estivales ou de sports d&#8217;hiver.<\/p>\n<blockquote class=\"instagram-media\" style=\"background: #FFF; border: 0; border-radius: 3px; margin: 1px; max-width: 540px; min-width: 326px; padding: 0; width: calc(100% - 2px);\" data-instgrm-permalink=\"https:\/\/www.instagram.com\/p\/CEoizTMHZrf\/?utm_source=ig_embed&amp;utm_campaign=loading\" data-instgrm-version=\"14\">\n<div style=\"padding: 16px;\">\n<p>&nbsp;<\/p>\n<div style=\"flex-direction: row; align-items: center;\">\n<div style=\"background-color: #f4f4f4; border-radius: 50%; flex-grow: 0; height: 40px; margin-right: 14px; width: 40px;\"><\/div>\n<div style=\"flex-direction: column; flex-grow: 1; justify-content: center;\">\n<div style=\"background-color: #f4f4f4; border-radius: 4px; flex-grow: 0; height: 14px; margin-bottom: 6px; width: 100px;\"><\/div>\n<div style=\"background-color: #f4f4f4; border-radius: 4px; flex-grow: 0; height: 14px; width: 60px;\"><\/div>\n<\/div>\n<\/div>\n<div style=\"padding: 19% 0;\"><\/div>\n<div style=\"height: 50px; margin: 0 auto 12px; width: 50px;\"><\/div>\n<div style=\"padding-top: 8px;\">\n<div style=\"color: #3897f0; font-family: Arial,sans-serif; font-size: 14px; font-style: normal; font-weight: 550; line-height: 18px;\">Voir cette publication sur Instagram<\/div>\n<\/div>\n<div style=\"padding: 12.5% 0;\"><\/div>\n<div style=\"flex-direction: row; margin-bottom: 14px; align-items: center;\">\n<div>\n<div style=\"background-color: #f4f4f4; border-radius: 50%; height: 12.5px; width: 12.5px;\"><\/div>\n<div style=\"background-color: #f4f4f4; height: 12.5px; width: 12.5px; flex-grow: 0; margin-right: 14px; margin-left: 2px;\"><\/div>\n<div style=\"background-color: #f4f4f4; border-radius: 50%; height: 12.5px; width: 12.5px;\"><\/div>\n<\/div>\n<div style=\"margin-left: 8px;\">\n<div style=\"background-color: #f4f4f4; border-radius: 50%; flex-grow: 0; height: 20px; width: 20px;\"><\/div>\n<div style=\"width: 0; height: 0; border-top: 2px solid transparent; border-left: 6px solid #f4f4f4; border-bottom: 2px solid transparent;\"><\/div>\n<\/div>\n<div style=\"margin-left: auto;\">\n<div style=\"width: 0px; border-top: 8px solid #F4F4F4; border-right: 8px solid transparent;\"><\/div>\n<div style=\"background-color: #f4f4f4; flex-grow: 0; height: 12px; width: 16px;\"><\/div>\n<div style=\"width: 0; height: 0; border-top: 8px solid #F4F4F4; border-left: 8px solid transparent;\"><\/div>\n<\/div>\n<\/div>\n<div style=\"flex-direction: column; flex-grow: 1; justify-content: center; margin-bottom: 24px;\">\n<div style=\"background-color: #f4f4f4; border-radius: 4px; flex-grow: 0; height: 14px; margin-bottom: 6px; width: 224px;\"><\/div>\n<div style=\"background-color: #f4f4f4; border-radius: 4px; flex-grow: 0; height: 14px; width: 144px;\"><\/div>\n<\/div>\n<p>&nbsp;<\/p>\n<p style=\"color: #c9c8cd; font-family: Arial,sans-serif; font-size: 14px; line-height: 17px; margin-bottom: 0; margin-top: 8px; overflow: hidden; padding: 8px 0 7px; text-align: center;\"><a style=\"color: #c9c8cd; font-family: Arial,sans-serif; font-size: 14px; font-style: normal; font-weight: normal; line-height: 17px; text-decoration: none;\" href=\"https:\/\/www.instagram.com\/p\/CEoizTMHZrf\/?utm_source=ig_embed&amp;utm_campaign=loading\" target=\"_blank\" rel=\"noopener\">Une publication partag\u00e9e par PASSIONE DOLOMITI (@passionedolomiti)<\/a><\/p>\n<\/div>\n<\/blockquote>\n<h1>San Vigilio di Marebbe, entre ski et nature sauvage<\/h1>\n<p>Perch\u00e9 \u00e0 l\u2019entr\u00e9e de la <strong>vall\u00e9e lat\u00e9rale du val Badia<\/strong>, San Vigilio di Marebbe est un village \u00e0 l\u2019ambiance conviviale et anim\u00e9e. Entre ses nombreux bars, restaurants et commerces, ce village offre une atmosph\u00e8re id\u00e9ale pour se d\u00e9tendre apr\u00e8s une journ\u00e9e de ski \u00e0 la station de Plan de Corones, situ\u00e9e \u00e0 proximit\u00e9.<\/p>\n<p>En plus de sa station de ski, San Vigilio est un point de d\u00e9part privil\u00e9gi\u00e9 pour explorer le <strong>parc naturel de Fanes-Sennes-Braies<\/strong>, un v\u00e9ritable paradis pour les randonneurs et amoureux de la nature. Ce parc, avec ses lacs cristallins et ses for\u00eats denses, est l\u2019endroit r\u00eav\u00e9 pour ceux en qu\u00eate de paysages \u00e9poustouflants et d\u2019aventures en plein air.<\/p>\n<blockquote class=\"instagram-media\" style=\"background: #FFF; border: 0; border-radius: 3px; margin: 1px; max-width: 540px; min-width: 326px; padding: 0; width: calc(100% - 2px);\" data-instgrm-permalink=\"https:\/\/www.instagram.com\/p\/DE7-D4eNoDM\/?utm_source=ig_embed&amp;utm_campaign=loading\" data-instgrm-version=\"14\">\n<div style=\"padding: 16px;\">\n<p>&nbsp;<\/p>\n<div style=\"flex-direction: row; align-items: center;\">\n<div style=\"background-color: #f4f4f4; border-radius: 50%; flex-grow: 0; height: 40px; margin-right: 14px; width: 40px;\"><\/div>\n<div style=\"flex-direction: column; flex-grow: 1; justify-content: center;\">\n<div style=\"background-color: #f4f4f4; border-radius: 4px; flex-grow: 0; height: 14px; margin-bottom: 6px; width: 100px;\"><\/div>\n<div style=\"background-color: #f4f4f4; border-radius: 4px; flex-grow: 0; height: 14px; width: 60px;\"><\/div>\n<\/div>\n<\/div>\n<div style=\"padding: 19% 0;\"><\/div>\n<div style=\"height: 50px; margin: 0 auto 12px; width: 50px;\"><\/div>\n<div style=\"padding-top: 8px;\">\n<div style=\"color: #3897f0; font-family: Arial,sans-serif; font-size: 14px; font-style: normal; font-weight: 550; line-height: 18px;\">Voir cette publication sur Instagram<\/div>\n<\/div>\n<div style=\"padding: 12.5% 0;\"><\/div>\n<div style=\"flex-direction: row; margin-bottom: 14px; align-items: center;\">\n<div>\n<div style=\"background-color: #f4f4f4; border-radius: 50%; height: 12.5px; width: 12.5px;\"><\/div>\n<div style=\"background-color: #f4f4f4; height: 12.5px; width: 12.5px; flex-grow: 0; margin-right: 14px; margin-left: 2px;\"><\/div>\n<div style=\"background-color: #f4f4f4; border-radius: 50%; height: 12.5px; width: 12.5px;\"><\/div>\n<\/div>\n<div style=\"margin-left: 8px;\">\n<div style=\"background-color: #f4f4f4; border-radius: 50%; flex-grow: 0; height: 20px; width: 20px;\"><\/div>\n<div style=\"width: 0; height: 0; border-top: 2px solid transparent; border-left: 6px solid #f4f4f4; border-bottom: 2px solid transparent;\"><\/div>\n<\/div>\n<div style=\"margin-left: auto;\">\n<div style=\"width: 0px; border-top: 8px solid #F4F4F4; border-right: 8px solid transparent;\"><\/div>\n<div style=\"background-color: #f4f4f4; flex-grow: 0; height: 12px; width: 16px;\"><\/div>\n<div style=\"width: 0; height: 0; border-top: 8px solid #F4F4F4; border-left: 8px solid transparent;\"><\/div>\n<\/div>\n<\/div>\n<div style=\"flex-direction: column; flex-grow: 1; justify-content: center; margin-bottom: 24px;\">\n<div style=\"background-color: #f4f4f4; border-radius: 4px; flex-grow: 0; height: 14px; margin-bottom: 6px; width: 224px;\"><\/div>\n<div style=\"background-color: #f4f4f4; border-radius: 4px; flex-grow: 0; height: 14px; width: 144px;\"><\/div>\n<\/div>\n<p>&nbsp;<\/p>\n<p style=\"color: #c9c8cd; font-family: Arial,sans-serif; font-size: 14px; line-height: 17px; margin-bottom: 0; margin-top: 8px; overflow: hidden; padding: 8px 0 7px; text-align: center;\"><a style=\"color: #c9c8cd; font-family: Arial,sans-serif; font-size: 14px; font-style: normal; font-weight: normal; line-height: 17px; text-decoration: none;\" href=\"https:\/\/www.instagram.com\/p\/DE7-D4eNoDM\/?utm_source=ig_embed&amp;utm_campaign=loading\" target=\"_blank\" rel=\"noopener\">Une publication partag\u00e9e par San Vigilio Dolomites (@sanvigilio_official)<\/a><\/p>\n<\/div>\n<\/blockquote>\n<h2>Molveno, un lac au charme irr\u00e9sistible<\/h2>\n<p>Au village de Molveno, le <strong>lac \u00e9ponyme<\/strong> est la v\u00e9ritable star de la r\u00e9gion. R\u00e9put\u00e9 pour \u00eatre le plus beau <a href=\"https:\/\/discover.ulysse.com\/plus-beaux-lacs-nord-italie\">lac d\u2019Italie<\/a>, il attire chaque ann\u00e9e de nombreux visiteurs, venus admirer ses eaux turquoise et ses montagnes environnantes. Ce <strong>lac artificiel<\/strong>, aliment\u00e9 par des conduites souterraines, est un v\u00e9ritable havre de paix pour les amateurs de sports nautiques.<\/p>\n<p>Que ce soit pour faire du bateau, de la p\u00eache ou simplement se d\u00e9tendre au bord de l\u2019eau, Molveno offre un cadre exceptionnel pour <strong>profiter de la nature dans toute sa splendeur<\/strong>. En hiver, le village se transforme en un point de d\u00e9part id\u00e9al pour les amateurs de ski, avec un acc\u00e8s facile aux stations voisines.<\/p>\n<blockquote class=\"instagram-media\" style=\"background: #FFF; border: 0; border-radius: 3px; margin: 1px; max-width: 540px; min-width: 326px; padding: 0; width: calc(100% - 2px);\" data-instgrm-permalink=\"https:\/\/www.instagram.com\/p\/DEpBTnYK6xE\/?utm_source=ig_embed&amp;utm_campaign=loading\" data-instgrm-version=\"14\">\n<div style=\"padding: 16px;\">\n<p>&nbsp;<\/p>\n<div style=\"flex-direction: row; align-items: center;\">\n<div style=\"background-color: #f4f4f4; border-radius: 50%; flex-grow: 0; height: 40px; margin-right: 14px; width: 40px;\"><\/div>\n<div style=\"flex-direction: column; flex-grow: 1; justify-content: center;\">\n<div style=\"background-color: #f4f4f4; border-radius: 4px; flex-grow: 0; height: 14px; margin-bottom: 6px; width: 100px;\"><\/div>\n<div style=\"background-color: #f4f4f4; border-radius: 4px; flex-grow: 0; height: 14px; width: 60px;\"><\/div>\n<\/div>\n<\/div>\n<div style=\"padding: 19% 0;\"><\/div>\n<div style=\"height: 50px; margin: 0 auto 12px; width: 50px;\"><\/div>\n<div style=\"padding-top: 8px;\">\n<div style=\"color: #3897f0; font-family: Arial,sans-serif; font-size: 14px; font-style: normal; font-weight: 550; line-height: 18px;\">Voir cette publication sur Instagram<\/div>\n<\/div>\n<div style=\"padding: 12.5% 0;\"><\/div>\n<div style=\"flex-direction: row; margin-bottom: 14px; align-items: center;\">\n<div>\n<div style=\"background-color: #f4f4f4; border-radius: 50%; height: 12.5px; width: 12.5px;\"><\/div>\n<div style=\"background-color: #f4f4f4; height: 12.5px; width: 12.5px; flex-grow: 0; margin-right: 14px; margin-left: 2px;\"><\/div>\n<div style=\"background-color: #f4f4f4; border-radius: 50%; height: 12.5px; width: 12.5px;\"><\/div>\n<\/div>\n<div style=\"margin-left: 8px;\">\n<div style=\"background-color: #f4f4f4; border-radius: 50%; flex-grow: 0; height: 20px; width: 20px;\"><\/div>\n<div style=\"width: 0; height: 0; border-top: 2px solid transparent; border-left: 6px solid #f4f4f4; border-bottom: 2px solid transparent;\"><\/div>\n<\/div>\n<div style=\"margin-left: auto;\">\n<div style=\"width: 0px; border-top: 8px solid #F4F4F4; border-right: 8px solid transparent;\"><\/div>\n<div style=\"background-color: #f4f4f4; flex-grow: 0; height: 12px; width: 16px;\"><\/div>\n<div style=\"width: 0; height: 0; border-top: 8px solid #F4F4F4; border-left: 8px solid transparent;\"><\/div>\n<\/div>\n<\/div>\n<div style=\"flex-direction: column; flex-grow: 1; justify-content: center; margin-bottom: 24px;\">\n<div style=\"background-color: #f4f4f4; border-radius: 4px; flex-grow: 0; height: 14px; margin-bottom: 6px; width: 224px;\"><\/div>\n<div style=\"background-color: #f4f4f4; border-radius: 4px; flex-grow: 0; height: 14px; width: 144px;\"><\/div>\n<\/div>\n<p>&nbsp;<\/p>\n<p style=\"color: #c9c8cd; font-family: Arial,sans-serif; font-size: 14px; line-height: 17px; margin-bottom: 0; margin-top: 8px; overflow: hidden; padding: 8px 0 7px; text-align: center;\"><a style=\"color: #c9c8cd; font-family: Arial,sans-serif; font-size: 14px; font-style: normal; font-weight: normal; line-height: 17px; text-decoration: none;\" href=\"https:\/\/www.instagram.com\/p\/DEpBTnYK6xE\/?utm_source=ig_embed&amp;utm_campaign=loading\" target=\"_blank\" rel=\"noopener\">Une publication partag\u00e9e par Lago di Molveno (@lagodimolveno)<\/a><\/p>\n<\/div>\n<\/blockquote>\n<h2>Arabba, le paradis des sportifs en toute saison<\/h2>\n<p>Arabba, nich\u00e9 au pied du massif du Sella, est le village parfait pour les passionn\u00e9s de sport, <strong>quelle que soit la saison<\/strong>. En \u00e9t\u00e9, il attire les cyclistes qui viennent d\u00e9fier les c\u00e9l\u00e8bres cols du Tour d\u2019Italie, notamment le col de Pordoi, mais aussi le col de Campolongo et le col de Falzarego. Ces <strong>cols embl\u00e9matiques<\/strong> offrent des panoramas impressionnants et des d\u00e9fis physiques pour les plus audacieux.<\/p>\n<p>En hiver, Arabba se transforme en un <strong>centre de sports d\u2019hiver<\/strong> de premier plan, avec sa station de ski de la Marmolada, c\u00e9l\u00e8bre pour ses pistes vari\u00e9es et adapt\u00e9es \u00e0 tous les niveaux. Les remont\u00e9es m\u00e9caniques permettent \u00e9galement d&#8217;acc\u00e9der au circuit skiable de la Sellaronda, un ensemble de pistes reliant plusieurs stations de ski de la r\u00e9gion.<\/p>\n<blockquote class=\"instagram-media\" style=\"background: #FFF; border: 0; border-radius: 3px; margin: 1px; max-width: 540px; min-width: 326px; padding: 0; width: calc(100% - 2px);\" data-instgrm-permalink=\"https:\/\/www.instagram.com\/p\/DBGNHi5ICaP\/?utm_source=ig_embed&amp;utm_campaign=loading\" data-instgrm-version=\"14\">\n<div style=\"padding: 16px;\">\n<p>&nbsp;<\/p>\n<div style=\"flex-direction: row; align-items: center;\">\n<div style=\"background-color: #f4f4f4; border-radius: 50%; flex-grow: 0; height: 40px; margin-right: 14px; width: 40px;\"><\/div>\n<div style=\"flex-direction: column; flex-grow: 1; justify-content: center;\">\n<div style=\"background-color: #f4f4f4; border-radius: 4px; flex-grow: 0; height: 14px; margin-bottom: 6px; width: 100px;\"><\/div>\n<div style=\"background-color: #f4f4f4; border-radius: 4px; flex-grow: 0; height: 14px; width: 60px;\"><\/div>\n<\/div>\n<\/div>\n<div style=\"padding: 19% 0;\"><\/div>\n<div style=\"height: 50px; margin: 0 auto 12px; width: 50px;\"><\/div>\n<div style=\"padding-top: 8px;\">\n<div style=\"color: #3897f0; font-family: Arial,sans-serif; font-size: 14px; font-style: normal; font-weight: 550; line-height: 18px;\">Voir cette publication sur Instagram<\/div>\n<\/div>\n<div style=\"padding: 12.5% 0;\"><\/div>\n<div style=\"flex-direction: row; margin-bottom: 14px; align-items: center;\">\n<div>\n<div style=\"background-color: #f4f4f4; border-radius: 50%; height: 12.5px; width: 12.5px;\"><\/div>\n<div style=\"background-color: #f4f4f4; height: 12.5px; width: 12.5px; flex-grow: 0; margin-right: 14px; margin-left: 2px;\"><\/div>\n<div style=\"background-color: #f4f4f4; border-radius: 50%; height: 12.5px; width: 12.5px;\"><\/div>\n<\/div>\n<div style=\"margin-left: 8px;\">\n<div style=\"background-color: #f4f4f4; border-radius: 50%; flex-grow: 0; height: 20px; width: 20px;\"><\/div>\n<div style=\"width: 0; height: 0; border-top: 2px solid transparent; border-left: 6px solid #f4f4f4; border-bottom: 2px solid transparent;\"><\/div>\n<\/div>\n<div style=\"margin-left: auto;\">\n<div style=\"width: 0px; border-top: 8px solid #F4F4F4; border-right: 8px solid transparent;\"><\/div>\n<div style=\"background-color: #f4f4f4; flex-grow: 0; height: 12px; width: 16px;\"><\/div>\n<div style=\"width: 0; height: 0; border-top: 8px solid #F4F4F4; border-left: 8px solid transparent;\"><\/div>\n<\/div>\n<\/div>\n<div style=\"flex-direction: column; flex-grow: 1; justify-content: center; margin-bottom: 24px;\">\n<div style=\"background-color: #f4f4f4; border-radius: 4px; flex-grow: 0; height: 14px; margin-bottom: 6px; width: 224px;\"><\/div>\n<div style=\"background-color: #f4f4f4; border-radius: 4px; flex-grow: 0; height: 14px; width: 144px;\"><\/div>\n<\/div>\n<p>&nbsp;<\/p>\n<p style=\"color: #c9c8cd; font-family: Arial,sans-serif; font-size: 14px; line-height: 17px; margin-bottom: 0; margin-top: 8px; overflow: hidden; padding: 8px 0 7px; text-align: center;\"><a style=\"color: #c9c8cd; font-family: Arial,sans-serif; font-size: 14px; font-style: normal; font-weight: normal; line-height: 17px; text-decoration: none;\" href=\"https:\/\/www.instagram.com\/p\/DBGNHi5ICaP\/?utm_source=ig_embed&amp;utm_campaign=loading\" target=\"_blank\" rel=\"noopener\">Une publication partag\u00e9e par Arabba Dolomites Fodom (@arabba_dolomites)<\/a><\/p>\n<\/div>\n<\/blockquote>\n<p>Ces cinq villages des <a href=\"https:\/\/discover.ulysse.com\/experiences-montagnes-italiennes\">Dolomites<\/a> sont l\u2019essence m\u00eame de l\u2019Italie alpine : un m\u00e9lange subtil de paysages exceptionnels, d\u2019histoire, et d\u2019activit\u00e9s en plein air. Que vous soyez amateur de sports de montagne ou en qu\u00eate de s\u00e9r\u00e9nit\u00e9, ils offrent un cadre id\u00e9al pour vivre une exp\u00e9rience inoubliable au c\u0153ur des Alpes italiennes.<\/p>\n","protected":false},"excerpt":{"rendered":"<p>Les Dolomites, majestueuse cha\u00eene montagneuse du nord de l&#8217;Italie, sont bien plus qu&#8217;un simple lieu de passage pour les amoureux [&hellip;]<\/p>\n","protected":false},"author":3,"featured_media":24692,"comment_status":"open","ping_status":"closed","sticky":false,"template":"","format":"standard","meta":{"_acf_changed":false,"_sitemap_exclude":false,"_sitemap_priority":"","_sitemap_frequency":"","footnotes":"","rank_math_title":"","rank_math_description":"Au c\u0153ur des Dolomites se cachent 5 des plus beaux villages d'Italie. Une escapade unique vous attend entre cimes enneig\u00e9es et vall\u00e9es vertes.","rank_math_canonical_url":"","rank_math_focus_keyword":"village"},"categories":[3],"tags":[],"class_list":["post-24680","post","type-post","status-publish","format-standard","has-post-thumbnail","hentry","category-voyage"],"acf":[],"_links":{"self":[{"href":"https:\/\/ulysse.com\/news\/wp-json\/wp\/v2\/posts\/24680","targetHints":{"allow":["GET"]}}],"collection":[{"href":"https:\/\/ulysse.com\/news\/wp-json\/wp\/v2\/posts"}],"about":[{"href":"https:\/\/ulysse.com\/news\/wp-json\/wp\/v2\/types\/post"}],"author":[{"embeddable":true,"href":"https:\/\/ulysse.com\/news\/wp-json\/wp\/v2\/users\/3"}],"replies":[{"embeddable":true,"href":"https:\/\/ulysse.com\/news\/wp-json\/wp\/v2\/comments?post=24680"}],"version-history":[{"count":4,"href":"https:\/\/ulysse.com\/news\/wp-json\/wp\/v2\/posts\/24680\/revisions"}],"predecessor-version":[{"id":24775,"href":"https:\/\/ulysse.com\/news\/wp-json\/wp\/v2\/posts\/24680\/revisions\/24775"}],"wp:featuredmedia":[{"embeddable":true,"href":"https:\/\/ulysse.com\/news\/wp-json\/wp\/v2\/media\/24692"}],"wp:attachment":[{"href":"https:\/\/ulysse.com\/news\/wp-json\/wp\/v2\/media?parent=24680"}],"wp:term":[{"taxonomy":"category","embeddable":true,"href":"https:\/\/ulysse.com\/news\/wp-json\/wp\/v2\/categories?post=24680"},{"taxonomy":"post_tag","embeddable":true,"href":"https:\/\/ulysse.com\/news\/wp-json\/wp\/v2\/tags?post=24680"}],"curies":[{"name":"wp","href":"https:\/\/api.w.org\/{rel}","templated":true}]}}