{"id":25423,"date":"2025-02-14T09:00:05","date_gmt":"2025-02-14T08:00:05","guid":{"rendered":"https:\/\/discover.ulysse.com\/?p=25423"},"modified":"2025-02-13T20:36:10","modified_gmt":"2025-02-13T19:36:10","slug":"5-stations-thermales-ideales-plein-vitamine-d","status":"publish","type":"post","link":"https:\/\/ulysse.com\/news\/5-stations-thermales-ideales-plein-vitamine-d","title":{"rendered":"5 stations thermales incontournables pour recharger vos batteries au soleil"},"content":{"rendered":"<p>Alors que l\u2019hiver bat son plein et que la grisaille s\u2019installe, nombreux sont ceux qui r\u00eavent de chaleur et de d\u00e9tente. Et si la solution se trouvait en France, dans une station thermale o\u00f9 l\u2019ensoleillement g\u00e9n\u00e9reux permettrait de faire le plein de vitamine D tout en profitant des bienfaits des eaux min\u00e9rales ? Entre mer, montagne et campagne, certaines destinations offrent un cadre idyllique pour conjuguer soins thermaux et lumi\u00e8re naturelle. D\u00e9couvrez cinq stations thermales baign\u00e9es de soleil, id\u00e9ales pour une pause r\u00e9g\u00e9n\u00e9rante loin du froid hivernal.<\/p>\n<h2>Balaruc-les-Bains, station entre M\u00e9diterran\u00e9e et \u00e9tang de Thau<\/h2>\n<p>Dans le sud de la France, \u00e0 quelques kilom\u00e8tres de S\u00e8te, Balaruc-les-Bains est un v\u00e9ritable<strong> havre de bien-\u00eatre baign\u00e9 de soleil.<\/strong> Avec plus de 2 800 heures d\u2019ensoleillement par an, cette station thermale b\u00e9n\u00e9ficie d\u2019un <strong>climat<\/strong> <strong>marin temp\u00e9r\u00e9<\/strong>, parfait pour une cure en toute saison. Situ\u00e9e sur une presqu\u2019\u00eele bordant l\u2019\u00e9tang de Thau, elle offre un environnement naturel exceptionnel, o\u00f9 l\u2019air iod\u00e9 se m\u00eale aux <strong>propri\u00e9t\u00e9s curatives<\/strong> de ses eaux riches en bicarbonates et oligo-\u00e9l\u00e9ments.<\/p>\n<p>Les bienfaits de cette eau sont particuli\u00e8rement appr\u00e9ci\u00e9s pour le traitement des rhumatismes et troubles circulatoires, faisant de Balaruc-les-Bains la <strong>premi\u00e8re destination thermale de France<\/strong>. Entre une s\u00e9ance de soins et une balade en bord de lagune, le <a href=\"https:\/\/discover.ulysse.com\/fevrier-en-t-shirt-destinations-hiver-soleil\">soleil m\u00e9diterran\u00e9en<\/a> prolonge ses effets apaisants, rendant l\u2019exp\u00e9rience aussi b\u00e9n\u00e9fique pour le corps que pour l\u2019esprit.<\/p>\n<blockquote class=\"instagram-media\" style=\"background: #FFF; border: 0; border-radius: 3px; margin: 1px; max-width: 540px; min-width: 326px; padding: 0; width: calc(100% - 2px);\" data-instgrm-permalink=\"https:\/\/www.instagram.com\/reel\/DFNCF8Nheqb\/?utm_source=ig_embed&amp;utm_campaign=loading\" data-instgrm-version=\"14\">\n<div style=\"padding: 16px;\">\n<p>&nbsp;<\/p>\n<div style=\"flex-direction: row; align-items: center;\">\n<div style=\"background-color: #f4f4f4; border-radius: 50%; flex-grow: 0; height: 40px; margin-right: 14px; width: 40px;\"><\/div>\n<div style=\"flex-direction: column; flex-grow: 1; justify-content: center;\">\n<div style=\"background-color: #f4f4f4; border-radius: 4px; flex-grow: 0; height: 14px; margin-bottom: 6px; width: 100px;\"><\/div>\n<div style=\"background-color: #f4f4f4; border-radius: 4px; flex-grow: 0; height: 14px; width: 60px;\"><\/div>\n<\/div>\n<\/div>\n<div style=\"padding: 19% 0;\"><\/div>\n<div style=\"height: 50px; margin: 0 auto 12px; width: 50px;\"><\/div>\n<div style=\"padding-top: 8px;\">\n<div style=\"color: #3897f0; font-family: Arial,sans-serif; font-size: 14px; font-style: normal; font-weight: 550; line-height: 18px;\">Voir cette publication sur Instagram<\/div>\n<\/div>\n<div style=\"padding: 12.5% 0;\"><\/div>\n<div style=\"flex-direction: row; margin-bottom: 14px; align-items: center;\">\n<div>\n<div style=\"background-color: #f4f4f4; border-radius: 50%; height: 12.5px; width: 12.5px;\"><\/div>\n<div style=\"background-color: #f4f4f4; height: 12.5px; width: 12.5px; flex-grow: 0; margin-right: 14px; margin-left: 2px;\"><\/div>\n<div style=\"background-color: #f4f4f4; border-radius: 50%; height: 12.5px; width: 12.5px;\"><\/div>\n<\/div>\n<div style=\"margin-left: 8px;\">\n<div style=\"background-color: #f4f4f4; border-radius: 50%; flex-grow: 0; height: 20px; width: 20px;\"><\/div>\n<div style=\"width: 0; height: 0; border-top: 2px solid transparent; border-left: 6px solid #f4f4f4; border-bottom: 2px solid transparent;\"><\/div>\n<\/div>\n<div style=\"margin-left: auto;\">\n<div style=\"width: 0px; border-top: 8px solid #F4F4F4; border-right: 8px solid transparent;\"><\/div>\n<div style=\"background-color: #f4f4f4; flex-grow: 0; height: 12px; width: 16px;\"><\/div>\n<div style=\"width: 0; height: 0; border-top: 8px solid #F4F4F4; border-left: 8px solid transparent;\"><\/div>\n<\/div>\n<\/div>\n<div style=\"flex-direction: column; flex-grow: 1; justify-content: center; margin-bottom: 24px;\">\n<div style=\"background-color: #f4f4f4; border-radius: 4px; flex-grow: 0; height: 14px; margin-bottom: 6px; width: 224px;\"><\/div>\n<div style=\"background-color: #f4f4f4; border-radius: 4px; flex-grow: 0; height: 14px; width: 144px;\"><\/div>\n<\/div>\n<p>&nbsp;<\/p>\n<p style=\"color: #c9c8cd; font-family: Arial,sans-serif; font-size: 14px; line-height: 17px; margin-bottom: 0; margin-top: 8px; overflow: hidden; padding: 8px 0 7px; text-align: center;\"><a style=\"color: #c9c8cd; font-family: Arial,sans-serif; font-size: 14px; font-style: normal; font-weight: normal; line-height: 17px; text-decoration: none;\" href=\"https:\/\/www.instagram.com\/reel\/DFNCF8Nheqb\/?utm_source=ig_embed&amp;utm_campaign=loading\" target=\"_blank\" rel=\"noopener\">Une publication partag\u00e9e par Thermes de Balaruc Les Bains (@thermes_balaruc)<\/a><\/p>\n<\/div>\n<\/blockquote>\n<h2>Digne-les-Bains, la douceur alpine sous un ciel bleu<\/h2>\n<p>Blottie au c\u0153ur des <a href=\"https:\/\/discover.ulysse.com\/plus-beaux-villages-alpes-de-haute-provence\">Alpes-de-Haute-Provence<\/a>, <a href=\"https:\/\/discover.ulysse.com\/hauteurs-alpes-station-thermale\">Digne-les-Bains<\/a> combine air pur et climat ensoleill\u00e9. Avec pr\u00e8s de 300 jours de soleil par an, cette station thermale profite d\u2019un environnement exceptionnel, o\u00f9 l\u2019<strong>influence m\u00e9diterran\u00e9enne adoucit les temp\u00e9ratures<\/strong> sans jamais atteindre les extr\u00eames. \u00c0 600 m\u00e8tres d\u2019altitude, l\u2019air y est plus l\u00e9ger, favorisant la d\u00e9tente et la r\u00e9g\u00e9n\u00e9ration.<\/p>\n<p>Ses<strong> eaux chaudes et soufr\u00e9es<\/strong> sont utilis\u00e9es depuis l\u2019Antiquit\u00e9 pour soulager les affections respiratoires et articulaires. Entre deux bains thermaux, les paysages environnants invitent \u00e0 <strong>la contemplation<\/strong> : montagnes majestueuses, champs de lavande et sentiers de randonn\u00e9e offrent un d\u00e9cor idyllique pour une cure plac\u00e9e sous le signe du bien-\u00eatre et de l\u2019\u00e9vasion.<\/p>\n<blockquote class=\"instagram-media\" style=\"background: #FFF; border: 0; border-radius: 3px; margin: 1px; max-width: 540px; min-width: 326px; padding: 0; width: calc(100% - 2px);\" data-instgrm-permalink=\"https:\/\/www.instagram.com\/p\/C7vs0ikMUVe\/?utm_source=ig_embed&amp;utm_campaign=loading\" data-instgrm-version=\"14\">\n<div style=\"padding: 16px;\">\n<p>&nbsp;<\/p>\n<div style=\"flex-direction: row; align-items: center;\">\n<div style=\"background-color: #f4f4f4; border-radius: 50%; flex-grow: 0; height: 40px; margin-right: 14px; width: 40px;\"><\/div>\n<div style=\"flex-direction: column; flex-grow: 1; justify-content: center;\">\n<div style=\"background-color: #f4f4f4; border-radius: 4px; flex-grow: 0; height: 14px; margin-bottom: 6px; width: 100px;\"><\/div>\n<div style=\"background-color: #f4f4f4; border-radius: 4px; flex-grow: 0; height: 14px; width: 60px;\"><\/div>\n<\/div>\n<\/div>\n<div style=\"padding: 19% 0;\"><\/div>\n<div style=\"height: 50px; margin: 0 auto 12px; width: 50px;\"><\/div>\n<div style=\"padding-top: 8px;\">\n<div style=\"color: #3897f0; font-family: Arial,sans-serif; font-size: 14px; font-style: normal; font-weight: 550; line-height: 18px;\">Voir cette publication sur Instagram<\/div>\n<\/div>\n<div style=\"padding: 12.5% 0;\"><\/div>\n<div style=\"flex-direction: row; margin-bottom: 14px; align-items: center;\">\n<div>\n<div style=\"background-color: #f4f4f4; border-radius: 50%; height: 12.5px; width: 12.5px;\"><\/div>\n<div style=\"background-color: #f4f4f4; height: 12.5px; width: 12.5px; flex-grow: 0; margin-right: 14px; margin-left: 2px;\"><\/div>\n<div style=\"background-color: #f4f4f4; border-radius: 50%; height: 12.5px; width: 12.5px;\"><\/div>\n<\/div>\n<div style=\"margin-left: 8px;\">\n<div style=\"background-color: #f4f4f4; border-radius: 50%; flex-grow: 0; height: 20px; width: 20px;\"><\/div>\n<div style=\"width: 0; height: 0; border-top: 2px solid transparent; border-left: 6px solid #f4f4f4; border-bottom: 2px solid transparent;\"><\/div>\n<\/div>\n<div style=\"margin-left: auto;\">\n<div style=\"width: 0px; border-top: 8px solid #F4F4F4; border-right: 8px solid transparent;\"><\/div>\n<div style=\"background-color: #f4f4f4; flex-grow: 0; height: 12px; width: 16px;\"><\/div>\n<div style=\"width: 0; height: 0; border-top: 8px solid #F4F4F4; border-left: 8px solid transparent;\"><\/div>\n<\/div>\n<\/div>\n<div style=\"flex-direction: column; flex-grow: 1; justify-content: center; margin-bottom: 24px;\">\n<div style=\"background-color: #f4f4f4; border-radius: 4px; flex-grow: 0; height: 14px; margin-bottom: 6px; width: 224px;\"><\/div>\n<div style=\"background-color: #f4f4f4; border-radius: 4px; flex-grow: 0; height: 14px; width: 144px;\"><\/div>\n<\/div>\n<p>&nbsp;<\/p>\n<p style=\"color: #c9c8cd; font-family: Arial,sans-serif; font-size: 14px; line-height: 17px; margin-bottom: 0; margin-top: 8px; overflow: hidden; padding: 8px 0 7px; text-align: center;\"><a style=\"color: #c9c8cd; font-family: Arial,sans-serif; font-size: 14px; font-style: normal; font-weight: normal; line-height: 17px; text-decoration: none;\" href=\"https:\/\/www.instagram.com\/p\/C7vs0ikMUVe\/?utm_source=ig_embed&amp;utm_campaign=loading\" target=\"_blank\" rel=\"noopener\">Une publication partag\u00e9e par Thermes &amp; Spa Digne les Bains (@spathermesdignelesbains)<\/a><\/p>\n<\/div>\n<\/blockquote>\n<h2>Gr\u00e9oux-les-Bains, oasis proven\u00e7ale au c\u0153ur du Verdon<\/h2>\n<p>Au sud-est de la France, Gr\u00e9oux-les-Bains s\u00e9duit par son <a href=\"https:\/\/discover.ulysse.com\/escapade-villages-charme-unique-provence\">charme proven\u00e7al<\/a> et son climat radieux. Situ\u00e9e aux portes du parc naturel du <a href=\"https:\/\/discover.ulysse.com\/loin-des-foules-voici-7-rivieres-sauvages-du-sud-de-la-france-a-explorer\">Verdon<\/a>, cette station thermale profite d\u2019un ensoleillement comparable \u00e0 celui du littoral m\u00e9diterran\u00e9en, tout en offrant un cadre plus paisible, \u00e0<strong> l\u2019abri de l\u2019agitation c\u00f4ti\u00e8re<\/strong>.<\/p>\n<p>R\u00e9put\u00e9es depuis l\u2019\u00e9poque romaine, ses eaux min\u00e9rales <strong>riches en calcium et en magn\u00e9sium<\/strong> sont particuli\u00e8rement indiqu\u00e9es pour les soins en rhumatologie et voies respiratoires. Entre les s\u00e9ances de soins, les visiteurs peuvent fl\u00e2ner dans le<strong> village typiquement proven\u00e7al<\/strong>, o\u00f9 les ruelles pav\u00e9es, les march\u00e9s aux senteurs de lavande et les collines baign\u00e9es de lumi\u00e8re invitent \u00e0 la d\u00e9tente.<\/p>\n<blockquote class=\"instagram-media\" style=\"background: #FFF; border: 0; border-radius: 3px; margin: 1px; max-width: 540px; min-width: 326px; padding: 0; width: calc(100% - 2px);\" data-instgrm-permalink=\"https:\/\/www.instagram.com\/p\/DCRb9JqM0O-\/?utm_source=ig_embed&amp;utm_campaign=loading\" data-instgrm-version=\"14\">\n<div style=\"padding: 16px;\">\n<p>&nbsp;<\/p>\n<div style=\"flex-direction: row; align-items: center;\">\n<div style=\"background-color: #f4f4f4; border-radius: 50%; flex-grow: 0; height: 40px; margin-right: 14px; width: 40px;\"><\/div>\n<div style=\"flex-direction: column; flex-grow: 1; justify-content: center;\">\n<div style=\"background-color: #f4f4f4; border-radius: 4px; flex-grow: 0; height: 14px; margin-bottom: 6px; width: 100px;\"><\/div>\n<div style=\"background-color: #f4f4f4; border-radius: 4px; flex-grow: 0; height: 14px; width: 60px;\"><\/div>\n<\/div>\n<\/div>\n<div style=\"padding: 19% 0;\"><\/div>\n<div style=\"height: 50px; margin: 0 auto 12px; width: 50px;\"><\/div>\n<div style=\"padding-top: 8px;\">\n<div style=\"color: #3897f0; font-family: Arial,sans-serif; font-size: 14px; font-style: normal; font-weight: 550; line-height: 18px;\">Voir cette publication sur Instagram<\/div>\n<\/div>\n<div style=\"padding: 12.5% 0;\"><\/div>\n<div style=\"flex-direction: row; margin-bottom: 14px; align-items: center;\">\n<div>\n<div style=\"background-color: #f4f4f4; border-radius: 50%; height: 12.5px; width: 12.5px;\"><\/div>\n<div style=\"background-color: #f4f4f4; height: 12.5px; width: 12.5px; flex-grow: 0; margin-right: 14px; margin-left: 2px;\"><\/div>\n<div style=\"background-color: #f4f4f4; border-radius: 50%; height: 12.5px; width: 12.5px;\"><\/div>\n<\/div>\n<div style=\"margin-left: 8px;\">\n<div style=\"background-color: #f4f4f4; border-radius: 50%; flex-grow: 0; height: 20px; width: 20px;\"><\/div>\n<div style=\"width: 0; height: 0; border-top: 2px solid transparent; border-left: 6px solid #f4f4f4; border-bottom: 2px solid transparent;\"><\/div>\n<\/div>\n<div style=\"margin-left: auto;\">\n<div style=\"width: 0px; border-top: 8px solid #F4F4F4; border-right: 8px solid transparent;\"><\/div>\n<div style=\"background-color: #f4f4f4; flex-grow: 0; height: 12px; width: 16px;\"><\/div>\n<div style=\"width: 0; height: 0; border-top: 8px solid #F4F4F4; border-left: 8px solid transparent;\"><\/div>\n<\/div>\n<\/div>\n<div style=\"flex-direction: column; flex-grow: 1; justify-content: center; margin-bottom: 24px;\">\n<div style=\"background-color: #f4f4f4; border-radius: 4px; flex-grow: 0; height: 14px; margin-bottom: 6px; width: 224px;\"><\/div>\n<div style=\"background-color: #f4f4f4; border-radius: 4px; flex-grow: 0; height: 14px; width: 144px;\"><\/div>\n<\/div>\n<p>&nbsp;<\/p>\n<p style=\"color: #c9c8cd; font-family: Arial,sans-serif; font-size: 14px; line-height: 17px; margin-bottom: 0; margin-top: 8px; overflow: hidden; padding: 8px 0 7px; text-align: center;\"><a style=\"color: #c9c8cd; font-family: Arial,sans-serif; font-size: 14px; font-style: normal; font-weight: normal; line-height: 17px; text-decoration: none;\" href=\"https:\/\/www.instagram.com\/p\/DCRb9JqM0O-\/?utm_source=ig_embed&amp;utm_campaign=loading\" target=\"_blank\" rel=\"noopener\">Une publication partag\u00e9e par Chai\u0302ne Thermale du Soleil (@chaine_thermale_du_soleil)<\/a><\/p>\n<\/div>\n<\/blockquote>\n<h2>Cambo-les-Bains, entre tradition basque et thermalisme ensoleill\u00e9<\/h2>\n<p>Dans le <a href=\"https:\/\/discover.ulysse.com\/pays-basque-gorges-naturelles-damazonie\">Pays basque<\/a>, <a href=\"https:\/\/discover.ulysse.com\/pays-basque-nature-et-richesse-culturelle\">Cambo-les-Bains<\/a> se distingue par son climat oc\u00e9anique temp\u00e9r\u00e9 et lumineux. Situ\u00e9e \u00e0 proximit\u00e9 de Biarritz, cette station thermale conjugue l\u2019influence apaisante de l\u2019oc\u00e9an et les bienfaits d\u2019un soleil g\u00e9n\u00e9reux. Son cadre verdoyant, entre collines et for\u00eats, en fait une <strong>destination id\u00e9ale pour une cure ressour\u00e7ante<\/strong>.<\/p>\n<p>Ses eaux <strong>riches en silice et soufre<\/strong> sont r\u00e9put\u00e9es pour traiter les affections respiratoires et rhumatismales, offrant une prise en charge efficace et naturelle des douleurs chroniques. En dehors des soins, les visiteurs peuvent explorer le <strong>patrimoine basque<\/strong>, entre villages traditionnels, gastronomie locale et excursions sur la c\u00f4te atlantique.<\/p>\n<blockquote class=\"instagram-media\" style=\"background: #FFF; border: 0; border-radius: 3px; margin: 1px; max-width: 540px; min-width: 326px; padding: 0; width: calc(100% - 2px);\" data-instgrm-permalink=\"https:\/\/www.instagram.com\/p\/DCgA2dJgJFl\/?utm_source=ig_embed&amp;utm_campaign=loading\" data-instgrm-version=\"14\">\n<div style=\"padding: 16px;\">\n<p>&nbsp;<\/p>\n<div style=\"flex-direction: row; align-items: center;\">\n<div style=\"background-color: #f4f4f4; border-radius: 50%; flex-grow: 0; height: 40px; margin-right: 14px; width: 40px;\"><\/div>\n<div style=\"flex-direction: column; flex-grow: 1; justify-content: center;\">\n<div style=\"background-color: #f4f4f4; border-radius: 4px; flex-grow: 0; height: 14px; margin-bottom: 6px; width: 100px;\"><\/div>\n<div style=\"background-color: #f4f4f4; border-radius: 4px; flex-grow: 0; height: 14px; width: 60px;\"><\/div>\n<\/div>\n<\/div>\n<div style=\"padding: 19% 0;\"><\/div>\n<div style=\"height: 50px; margin: 0 auto 12px; width: 50px;\"><\/div>\n<div style=\"padding-top: 8px;\">\n<div style=\"color: #3897f0; font-family: Arial,sans-serif; font-size: 14px; font-style: normal; font-weight: 550; line-height: 18px;\">Sieh dir diesen Beitrag auf Instagram an<\/div>\n<\/div>\n<div style=\"padding: 12.5% 0;\"><\/div>\n<div style=\"flex-direction: row; margin-bottom: 14px; align-items: center;\">\n<div>\n<div style=\"background-color: #f4f4f4; border-radius: 50%; height: 12.5px; width: 12.5px;\"><\/div>\n<div style=\"background-color: #f4f4f4; height: 12.5px; width: 12.5px; flex-grow: 0; margin-right: 14px; margin-left: 2px;\"><\/div>\n<div style=\"background-color: #f4f4f4; border-radius: 50%; height: 12.5px; width: 12.5px;\"><\/div>\n<\/div>\n<div style=\"margin-left: 8px;\">\n<div style=\"background-color: #f4f4f4; border-radius: 50%; flex-grow: 0; height: 20px; width: 20px;\"><\/div>\n<div style=\"width: 0; height: 0; border-top: 2px solid transparent; border-left: 6px solid #f4f4f4; border-bottom: 2px solid transparent;\"><\/div>\n<\/div>\n<div style=\"margin-left: auto;\">\n<div style=\"width: 0px; border-top: 8px solid #F4F4F4; border-right: 8px solid transparent;\"><\/div>\n<div style=\"background-color: #f4f4f4; flex-grow: 0; height: 12px; width: 16px;\"><\/div>\n<div style=\"width: 0; height: 0; border-top: 8px solid #F4F4F4; border-left: 8px solid transparent;\"><\/div>\n<\/div>\n<\/div>\n<div style=\"flex-direction: column; flex-grow: 1; justify-content: center; margin-bottom: 24px;\">\n<div style=\"background-color: #f4f4f4; border-radius: 4px; flex-grow: 0; height: 14px; margin-bottom: 6px; width: 224px;\"><\/div>\n<div style=\"background-color: #f4f4f4; border-radius: 4px; flex-grow: 0; height: 14px; width: 144px;\"><\/div>\n<\/div>\n<p>&nbsp;<\/p>\n<p style=\"color: #c9c8cd; font-family: Arial,sans-serif; font-size: 14px; line-height: 17px; margin-bottom: 0; margin-top: 8px; overflow: hidden; padding: 8px 0 7px; text-align: center;\"><a style=\"color: #c9c8cd; font-family: Arial,sans-serif; font-size: 14px; font-style: normal; font-weight: normal; line-height: 17px; text-decoration: none;\" href=\"https:\/\/www.instagram.com\/p\/DCgA2dJgJFl\/?utm_source=ig_embed&amp;utm_campaign=loading\" target=\"_blank\" rel=\"noopener\">Ein Beitrag geteilt von Thermes de Cambo Les Bains (@thermes_cambo_les_bains)<\/a><\/p>\n<\/div>\n<\/blockquote>\n<h2>Cilaos, un bain de soleil tropical \u00e0 La R\u00e9union<\/h2>\n<p>Pour une cure sous des<strong> latitudes plus exotiques<\/strong>, direction <a href=\"https:\/\/discover.ulysse.com\/un-des-plus-beaux-villages-france-reunion\">Cilaos<\/a>, sur l\u2019\u00eele de La R\u00e9union. Situ\u00e9e au c\u0153ur d\u2019un cirque montagneux spectaculaire, <strong>\u00e0 1 200 m\u00e8tres d\u2019altitude<\/strong>, cette station thermale b\u00e9n\u00e9ficie d\u2019un ensoleillement tropical exceptionnel, avec une temp\u00e9rature moyenne douce et un<strong> air pur<\/strong> id\u00e9al pour la r\u00e9cup\u00e9ration.<\/p>\n<p>Ses sources thermales, <strong>naturellement chaudes et min\u00e9ralis\u00e9es<\/strong>, sont r\u00e9put\u00e9es pour leurs vertus sur les troubles digestifs et maladies m\u00e9taboliques. Apr\u00e8s une s\u00e9ance de soins, les amateurs de randonn\u00e9e peuvent partir \u00e0 la d\u00e9couverte des <a href=\"https:\/\/discover.ulysse.com\/reunion-parcours-paradis-sauvage-ocean-indien\">paysages uniques de l\u2019\u00eele<\/a> : for\u00eats luxuriantes, cascades et sentiers volcaniques offrent un d\u00e9cor d\u2019une beaut\u00e9 saisissante, renfor\u00e7ant l\u2019effet r\u00e9g\u00e9n\u00e9rant de la cure.<\/p>\n<blockquote class=\"instagram-media\" style=\"background: #FFF; border: 0; border-radius: 3px; margin: 1px; max-width: 540px; min-width: 326px; padding: 0; width: calc(100% - 2px);\" data-instgrm-permalink=\"https:\/\/www.instagram.com\/p\/B911PSqB1VI\/?utm_source=ig_embed&amp;utm_campaign=loading\" data-instgrm-version=\"14\">\n<div style=\"padding: 16px;\">\n<p>&nbsp;<\/p>\n<div style=\"flex-direction: row; align-items: center;\">\n<div style=\"background-color: #f4f4f4; border-radius: 50%; flex-grow: 0; height: 40px; margin-right: 14px; width: 40px;\"><\/div>\n<div style=\"flex-direction: column; flex-grow: 1; justify-content: center;\">\n<div style=\"background-color: #f4f4f4; border-radius: 4px; flex-grow: 0; height: 14px; margin-bottom: 6px; width: 100px;\"><\/div>\n<div style=\"background-color: #f4f4f4; border-radius: 4px; flex-grow: 0; height: 14px; width: 60px;\"><\/div>\n<\/div>\n<\/div>\n<div style=\"padding: 19% 0;\"><\/div>\n<div style=\"height: 50px; margin: 0 auto 12px; width: 50px;\"><\/div>\n<div style=\"padding-top: 8px;\">\n<div style=\"color: #3897f0; font-family: Arial,sans-serif; font-size: 14px; font-style: normal; font-weight: 550; line-height: 18px;\">Voir cette publication sur Instagram<\/div>\n<\/div>\n<div style=\"padding: 12.5% 0;\"><\/div>\n<div style=\"flex-direction: row; margin-bottom: 14px; align-items: center;\">\n<div>\n<div style=\"background-color: #f4f4f4; border-radius: 50%; height: 12.5px; width: 12.5px;\"><\/div>\n<div style=\"background-color: #f4f4f4; height: 12.5px; width: 12.5px; flex-grow: 0; margin-right: 14px; margin-left: 2px;\"><\/div>\n<div style=\"background-color: #f4f4f4; border-radius: 50%; height: 12.5px; width: 12.5px;\"><\/div>\n<\/div>\n<div style=\"margin-left: 8px;\">\n<div style=\"background-color: #f4f4f4; border-radius: 50%; flex-grow: 0; height: 20px; width: 20px;\"><\/div>\n<div style=\"width: 0; height: 0; border-top: 2px solid transparent; border-left: 6px solid #f4f4f4; border-bottom: 2px solid transparent;\"><\/div>\n<\/div>\n<div style=\"margin-left: auto;\">\n<div style=\"width: 0px; border-top: 8px solid #F4F4F4; border-right: 8px solid transparent;\"><\/div>\n<div style=\"background-color: #f4f4f4; flex-grow: 0; height: 12px; width: 16px;\"><\/div>\n<div style=\"width: 0; height: 0; border-top: 8px solid #F4F4F4; border-left: 8px solid transparent;\"><\/div>\n<\/div>\n<\/div>\n<div style=\"flex-direction: column; flex-grow: 1; justify-content: center; margin-bottom: 24px;\">\n<div style=\"background-color: #f4f4f4; border-radius: 4px; flex-grow: 0; height: 14px; margin-bottom: 6px; width: 224px;\"><\/div>\n<div style=\"background-color: #f4f4f4; border-radius: 4px; flex-grow: 0; height: 14px; width: 144px;\"><\/div>\n<\/div>\n<p>&nbsp;<\/p>\n<p style=\"color: #c9c8cd; font-family: Arial,sans-serif; font-size: 14px; line-height: 17px; margin-bottom: 0; margin-top: 8px; overflow: hidden; padding: 8px 0 7px; text-align: center;\"><a style=\"color: #c9c8cd; font-family: Arial,sans-serif; font-size: 14px; font-style: normal; font-weight: normal; line-height: 17px; text-decoration: none;\" href=\"https:\/\/www.instagram.com\/p\/B911PSqB1VI\/?utm_source=ig_embed&amp;utm_campaign=loading\" target=\"_blank\" rel=\"noopener\">Une publication partag\u00e9e par DroneCopters | Jonathan.P (@dronecopters_974)<\/a><\/p>\n<\/div>\n<\/blockquote>\n<p>Ces cinq stations thermales offrent bien plus qu\u2019un simple traitement thermal : elles permettent une v\u00e9ritable <strong>escapade sous le soleil<\/strong>, o\u00f9 la lumi\u00e8re et les bienfaits de l\u2019eau se conjuguent pour un ressourcement complet. Que ce soit au bord de la M\u00e9diterran\u00e9e, au c\u0153ur des montagnes ou sous le soleil tropical, chaque destination offre un cadre unique, <strong>propice \u00e0 la d\u00e9tente et au bien-\u00eatre<\/strong>. En plein mois de f\u00e9vrier, c\u2019est peut-\u00eatre l\u2019occasion parfaite de s\u2019accorder une pause ensoleill\u00e9e pour retrouver \u00e9nergie et vitalit\u00e9.<\/p>\n","protected":false},"excerpt":{"rendered":"<p>Alors que l\u2019hiver bat son plein et que la grisaille s\u2019installe, nombreux sont ceux qui r\u00eavent de chaleur et de [&hellip;]<\/p>\n","protected":false},"author":3,"featured_media":25428,"comment_status":"open","ping_status":"closed","sticky":false,"template":"","format":"standard","meta":{"_acf_changed":false,"_sitemap_exclude":false,"_sitemap_priority":"","_sitemap_frequency":"","footnotes":"","rank_math_title":"","rank_math_description":"Et si vous \u00e9chappiez \u00e0 la grisaille hivernale pour une cure de bien-\u00eatre sous un soleil \u00e9clatant ? Pour cela, direction ces 5 stations thermales.","rank_math_canonical_url":"","rank_math_focus_keyword":"station"},"categories":[3],"tags":[],"class_list":["post-25423","post","type-post","status-publish","format-standard","has-post-thumbnail","hentry","category-voyage"],"acf":[],"_links":{"self":[{"href":"https:\/\/ulysse.com\/news\/wp-json\/wp\/v2\/posts\/25423","targetHints":{"allow":["GET"]}}],"collection":[{"href":"https:\/\/ulysse.com\/news\/wp-json\/wp\/v2\/posts"}],"about":[{"href":"https:\/\/ulysse.com\/news\/wp-json\/wp\/v2\/types\/post"}],"author":[{"embeddable":true,"href":"https:\/\/ulysse.com\/news\/wp-json\/wp\/v2\/users\/3"}],"replies":[{"embeddable":true,"href":"https:\/\/ulysse.com\/news\/wp-json\/wp\/v2\/comments?post=25423"}],"version-history":[{"count":5,"href":"https:\/\/ulysse.com\/news\/wp-json\/wp\/v2\/posts\/25423\/revisions"}],"predecessor-version":[{"id":25429,"href":"https:\/\/ulysse.com\/news\/wp-json\/wp\/v2\/posts\/25423\/revisions\/25429"}],"wp:featuredmedia":[{"embeddable":true,"href":"https:\/\/ulysse.com\/news\/wp-json\/wp\/v2\/media\/25428"}],"wp:attachment":[{"href":"https:\/\/ulysse.com\/news\/wp-json\/wp\/v2\/media?parent=25423"}],"wp:term":[{"taxonomy":"category","embeddable":true,"href":"https:\/\/ulysse.com\/news\/wp-json\/wp\/v2\/categories?post=25423"},{"taxonomy":"post_tag","embeddable":true,"href":"https:\/\/ulysse.com\/news\/wp-json\/wp\/v2\/tags?post=25423"}],"curies":[{"name":"wp","href":"https:\/\/api.w.org\/{rel}","templated":true}]}}