{"id":25472,"date":"2025-02-16T12:00:50","date_gmt":"2025-02-16T11:00:50","guid":{"rendered":"https:\/\/discover.ulysse.com\/?p=25472"},"modified":"2025-02-16T11:38:38","modified_gmt":"2025-02-16T10:38:38","slug":"oubliez-rome-et-venise-ville-italienne-meconnue","status":"publish","type":"post","link":"https:\/\/ulysse.com\/news\/oubliez-rome-et-venise-ville-italienne-meconnue","title":{"rendered":"Oubliez Rome et Venise : cette ville italienne m\u00e9connue est la nouvelle star des voyageurs"},"content":{"rendered":"<p>Les voyageurs lass\u00e9s des foules de Rome ou Venise cherchent d\u00e9sormais des destinations plus confidentielles, mais tout aussi fascinantes. Salerne, ville au riche pass\u00e9 historique et aux paysages enchanteurs, s\u2019impose comme l\u2019un des joyaux les mieux gard\u00e9s d\u2019Italie. Situ\u00e9e entre Naples et la c\u00e9l\u00e8bre c\u00f4te amalfitaine, elle s\u00e9duit par son patrimoine exceptionnel, sa douceur de vivre et son acc\u00e8s d\u00e9sormais facilit\u00e9 gr\u00e2ce \u00e0 l\u2019ouverture d\u2019une liaison a\u00e9rienne directe avec Paris en juin 2025. Avant que les foules ne l\u2019envahissent, voici pourquoi Salerne m\u00e9rite d\u2019\u00eatre d\u00e9couverte sans attendre.<\/p>\n<h2>Un pass\u00e9 prestigieux qui traverse les si\u00e8cles<\/h2>\n<p>Salerne est une<strong> ville charg\u00e9e d\u2019histoire<\/strong>, o\u00f9 chaque rue raconte un pan du pass\u00e9 italien. Fond\u00e9e par les Romains, elle a ensuite prosp\u00e9r\u00e9 sous les Byzantins avant de devenir, au Moyen \u00c2ge, un centre intellectuel de renom gr\u00e2ce \u00e0 la <strong>premi\u00e8re \u00e9cole de m\u00e9decine d\u2019Europe<\/strong>.<\/p>\n<p>Son patrimoine architectural est un v\u00e9ritable voyage dans le temps. La <strong>cath\u00e9drale Saint-Matthieu<\/strong>, construite au 11\u00e8me si\u00e8cle, impressionne par ses mosa\u00efques byzantines, son clo\u00eetre inspir\u00e9 de l\u2019art arabe et sa crypte, o\u00f9 repose l\u2019\u00e9vang\u00e9liste Matthieu. Non loin, le <strong>ch\u00e2teau d\u2019Arechi<\/strong>, perch\u00e9 \u00e0 300 m\u00e8tres d\u2019altitude, domine la ville et offre un panorama spectaculaire sur la baie. En fl\u00e2nant dans la vieille ville, on d\u00e9couvre \u00e9galement des<strong> vestiges normands<\/strong>, des palais Renaissance et des aqueducs m\u00e9di\u00e9vaux dissimul\u00e9s entre les fa\u00e7ades color\u00e9es.<\/p>\n<blockquote class=\"instagram-media\" style=\"background: #FFF; border: 0; border-radius: 3px; margin: 1px; max-width: 540px; min-width: 326px; padding: 0; width: calc(100% - 2px);\" data-instgrm-permalink=\"https:\/\/www.instagram.com\/p\/Cstb3uEIGcw\/?utm_source=ig_embed&amp;utm_campaign=loading\" data-instgrm-version=\"14\">\n<div style=\"padding: 16px;\">\n<p>&nbsp;<\/p>\n<div style=\"flex-direction: row; align-items: center;\">\n<div style=\"background-color: #f4f4f4; border-radius: 50%; flex-grow: 0; height: 40px; margin-right: 14px; width: 40px;\"><\/div>\n<div style=\"flex-direction: column; flex-grow: 1; justify-content: center;\">\n<div style=\"background-color: #f4f4f4; border-radius: 4px; flex-grow: 0; height: 14px; margin-bottom: 6px; width: 100px;\"><\/div>\n<div style=\"background-color: #f4f4f4; border-radius: 4px; flex-grow: 0; height: 14px; width: 60px;\"><\/div>\n<\/div>\n<\/div>\n<div style=\"padding: 19% 0;\"><\/div>\n<div style=\"height: 50px; margin: 0 auto 12px; width: 50px;\"><\/div>\n<div style=\"padding-top: 8px;\">\n<div style=\"color: #3897f0; font-family: Arial,sans-serif; font-size: 14px; font-style: normal; font-weight: 550; line-height: 18px;\">Voir cette publication sur Instagram<\/div>\n<\/div>\n<div style=\"padding: 12.5% 0;\"><\/div>\n<div style=\"flex-direction: row; margin-bottom: 14px; align-items: center;\">\n<div>\n<div style=\"background-color: #f4f4f4; border-radius: 50%; height: 12.5px; width: 12.5px;\"><\/div>\n<div style=\"background-color: #f4f4f4; height: 12.5px; width: 12.5px; flex-grow: 0; margin-right: 14px; margin-left: 2px;\"><\/div>\n<div style=\"background-color: #f4f4f4; border-radius: 50%; height: 12.5px; width: 12.5px;\"><\/div>\n<\/div>\n<div style=\"margin-left: 8px;\">\n<div style=\"background-color: #f4f4f4; border-radius: 50%; flex-grow: 0; height: 20px; width: 20px;\"><\/div>\n<div style=\"width: 0; height: 0; border-top: 2px solid transparent; border-left: 6px solid #f4f4f4; border-bottom: 2px solid transparent;\"><\/div>\n<\/div>\n<div style=\"margin-left: auto;\">\n<div style=\"width: 0px; border-top: 8px solid #F4F4F4; border-right: 8px solid transparent;\"><\/div>\n<div style=\"background-color: #f4f4f4; flex-grow: 0; height: 12px; width: 16px;\"><\/div>\n<div style=\"width: 0; height: 0; border-top: 8px solid #F4F4F4; border-left: 8px solid transparent;\"><\/div>\n<\/div>\n<\/div>\n<div style=\"flex-direction: column; flex-grow: 1; justify-content: center; margin-bottom: 24px;\">\n<div style=\"background-color: #f4f4f4; border-radius: 4px; flex-grow: 0; height: 14px; margin-bottom: 6px; width: 224px;\"><\/div>\n<div style=\"background-color: #f4f4f4; border-radius: 4px; flex-grow: 0; height: 14px; width: 144px;\"><\/div>\n<\/div>\n<p>&nbsp;<\/p>\n<p style=\"color: #c9c8cd; font-family: Arial,sans-serif; font-size: 14px; line-height: 17px; margin-bottom: 0; margin-top: 8px; overflow: hidden; padding: 8px 0 7px; text-align: center;\"><a style=\"color: #c9c8cd; font-family: Arial,sans-serif; font-size: 14px; font-style: normal; font-weight: normal; line-height: 17px; text-decoration: none;\" href=\"https:\/\/www.instagram.com\/p\/Cstb3uEIGcw\/?utm_source=ig_embed&amp;utm_campaign=loading\" target=\"_blank\" rel=\"noopener\">Une publication partag\u00e9e par Cosimina Frasca (@_cosimina_)<\/a><\/p>\n<\/div>\n<\/blockquote>\n<h2>L&#8217;alternative id\u00e9ale \u00e0 la c\u00f4te amalfitaine<\/h2>\n<p>Si la\u00a0<a href=\"https:\/\/discover.ulysse.com\/villespaysages-enchanteurs-cote-amalfitaine\">c\u00f4te amalfitaine<\/a> \u00e9voque des images de villages perch\u00e9s et de panoramas inoubliables, elle est aussi victime de son succ\u00e8s, avec des routes congestionn\u00e9es et des <strong>prix exorbitants en haute saison<\/strong>. Salerne, elle, offre un acc\u00e8s direct \u00e0 cette r\u00e9gion de r\u00eave, sans les inconv\u00e9nients du <a href=\"https:\/\/discover.ulysse.com\/5-villes-europeennes-authentiques-que-le-tourisme-de-masse-na-pas-encore-defigurees\">tourisme de masse<\/a>.<\/p>\n<p>La ville poss\u00e8de un <strong>magnifique front de mer<\/strong>, le <strong>lungomare Trieste<\/strong>, parfait pour une promenade au coucher du soleil. Depuis son port, des ferries relient directement Positano, <a href=\"https:\/\/discover.ulysse.com\/petite-ville-italienne-mesures-radicales-contrer-surtourisme\">Amalfi<\/a> et Capri, offrant une alternative agr\u00e9able aux routes sinueuses de la c\u00f4te. Mais Salerne ne se limite pas \u00e0 un simple point de d\u00e9part : ses plages, moins fr\u00e9quent\u00e9es, sont id\u00e9ales pour une baignade dans des eaux turquoise, loin de la cohue.<\/p>\n<blockquote class=\"instagram-media\" style=\"background: #FFF; border: 0; border-radius: 3px; margin: 1px; max-width: 540px; min-width: 326px; padding: 0; width: calc(100% - 2px);\" data-instgrm-permalink=\"https:\/\/www.instagram.com\/p\/CqIQJkbonte\/?utm_source=ig_embed&amp;utm_campaign=loading\" data-instgrm-version=\"14\">\n<div style=\"padding: 16px;\">\n<p>&nbsp;<\/p>\n<div style=\"flex-direction: row; align-items: center;\">\n<div style=\"background-color: #f4f4f4; border-radius: 50%; flex-grow: 0; height: 40px; margin-right: 14px; width: 40px;\"><\/div>\n<div style=\"flex-direction: column; flex-grow: 1; justify-content: center;\">\n<div style=\"background-color: #f4f4f4; border-radius: 4px; flex-grow: 0; height: 14px; margin-bottom: 6px; width: 100px;\"><\/div>\n<div style=\"background-color: #f4f4f4; border-radius: 4px; flex-grow: 0; height: 14px; width: 60px;\"><\/div>\n<\/div>\n<\/div>\n<div style=\"padding: 19% 0;\"><\/div>\n<div style=\"height: 50px; margin: 0 auto 12px; width: 50px;\"><\/div>\n<div style=\"padding-top: 8px;\">\n<div style=\"color: #3897f0; font-family: Arial,sans-serif; font-size: 14px; font-style: normal; font-weight: 550; line-height: 18px;\">Voir cette publication sur Instagram<\/div>\n<\/div>\n<div style=\"padding: 12.5% 0;\"><\/div>\n<div style=\"flex-direction: row; margin-bottom: 14px; align-items: center;\">\n<div>\n<div style=\"background-color: #f4f4f4; border-radius: 50%; height: 12.5px; width: 12.5px;\"><\/div>\n<div style=\"background-color: #f4f4f4; height: 12.5px; width: 12.5px; flex-grow: 0; margin-right: 14px; margin-left: 2px;\"><\/div>\n<div style=\"background-color: #f4f4f4; border-radius: 50%; height: 12.5px; width: 12.5px;\"><\/div>\n<\/div>\n<div style=\"margin-left: 8px;\">\n<div style=\"background-color: #f4f4f4; border-radius: 50%; flex-grow: 0; height: 20px; width: 20px;\"><\/div>\n<div style=\"width: 0; height: 0; border-top: 2px solid transparent; border-left: 6px solid #f4f4f4; border-bottom: 2px solid transparent;\"><\/div>\n<\/div>\n<div style=\"margin-left: auto;\">\n<div style=\"width: 0px; border-top: 8px solid #F4F4F4; border-right: 8px solid transparent;\"><\/div>\n<div style=\"background-color: #f4f4f4; flex-grow: 0; height: 12px; width: 16px;\"><\/div>\n<div style=\"width: 0; height: 0; border-top: 8px solid #F4F4F4; border-left: 8px solid transparent;\"><\/div>\n<\/div>\n<\/div>\n<div style=\"flex-direction: column; flex-grow: 1; justify-content: center; margin-bottom: 24px;\">\n<div style=\"background-color: #f4f4f4; border-radius: 4px; flex-grow: 0; height: 14px; margin-bottom: 6px; width: 224px;\"><\/div>\n<div style=\"background-color: #f4f4f4; border-radius: 4px; flex-grow: 0; height: 14px; width: 144px;\"><\/div>\n<\/div>\n<p>&nbsp;<\/p>\n<p style=\"color: #c9c8cd; font-family: Arial,sans-serif; font-size: 14px; line-height: 17px; margin-bottom: 0; margin-top: 8px; overflow: hidden; padding: 8px 0 7px; text-align: center;\"><a style=\"color: #c9c8cd; font-family: Arial,sans-serif; font-size: 14px; font-style: normal; font-weight: normal; line-height: 17px; text-decoration: none;\" href=\"https:\/\/www.instagram.com\/p\/CqIQJkbonte\/?utm_source=ig_embed&amp;utm_campaign=loading\" target=\"_blank\" rel=\"noopener\">Une publication partag\u00e9e par Cosimina Frasca (@_cosimina_)<\/a><\/p>\n<\/div>\n<\/blockquote>\n<h2>Un havre de culture et de nature<\/h2>\n<p><a href=\"https:\/\/discover.ulysse.com\/road-trip-italie-voyage-belles-routes-italiennes\">Salerne<\/a> ne se r\u00e9sume pas \u00e0 ses monuments : elle offre aussi une atmosph\u00e8re vivante et authentique, o\u00f9 se m\u00ealent culture et <a href=\"https:\/\/discover.ulysse.com\/randonnee-italie-meilleurs-circuits-paysages-envoutants\">nature<\/a>. Le <strong>Jardin de Minerva<\/strong>, l\u2019un des plus anciens jardins botaniques d\u2019Europe, plonge les visiteurs dans un univers de plantes m\u00e9dicinales et d\u2019essences rares, utilis\u00e9es d\u00e8s le Moyen \u00c2ge par les \u00e9tudiants en m\u00e9decine.<\/p>\n<p>Les amateurs d\u2019art trouveront leur bonheur \u00e0 la <strong>Pinacoth\u00e8que provinciale<\/strong>, qui expose des \u0153uvres de ma\u00eetres italiens du 15\u1d49 au 18\u1d49 si\u00e8cle. Quant aux passionn\u00e9s d\u2019histoire militaire, le <strong>mus\u00e9e du d\u00e9barquement de Salerne<\/strong> retrace un \u00e9pisode cl\u00e9 de la Seconde Guerre mondiale, souvent m\u00e9connu en dehors de l\u2019Italie.<\/p>\n<blockquote class=\"instagram-media\" style=\"background: #FFF; border: 0; border-radius: 3px; margin: 1px; max-width: 540px; min-width: 326px; padding: 0; width: calc(100% - 2px);\" data-instgrm-permalink=\"https:\/\/www.instagram.com\/p\/CQ9MEVrN1gf\/?utm_source=ig_embed&amp;utm_campaign=loading\" data-instgrm-version=\"14\">\n<div style=\"padding: 16px;\">\n<p>&nbsp;<\/p>\n<div style=\"flex-direction: row; align-items: center;\">\n<div style=\"background-color: #f4f4f4; border-radius: 50%; flex-grow: 0; height: 40px; margin-right: 14px; width: 40px;\"><\/div>\n<div style=\"flex-direction: column; flex-grow: 1; justify-content: center;\">\n<div style=\"background-color: #f4f4f4; border-radius: 4px; flex-grow: 0; height: 14px; margin-bottom: 6px; width: 100px;\"><\/div>\n<div style=\"background-color: #f4f4f4; border-radius: 4px; flex-grow: 0; height: 14px; width: 60px;\"><\/div>\n<\/div>\n<\/div>\n<div style=\"padding: 19% 0;\"><\/div>\n<div style=\"height: 50px; margin: 0 auto 12px; width: 50px;\"><\/div>\n<div style=\"padding-top: 8px;\">\n<div style=\"color: #3897f0; font-family: Arial,sans-serif; font-size: 14px; font-style: normal; font-weight: 550; line-height: 18px;\">Voir cette publication sur Instagram<\/div>\n<\/div>\n<div style=\"padding: 12.5% 0;\"><\/div>\n<div style=\"flex-direction: row; margin-bottom: 14px; align-items: center;\">\n<div>\n<div style=\"background-color: #f4f4f4; border-radius: 50%; height: 12.5px; width: 12.5px;\"><\/div>\n<div style=\"background-color: #f4f4f4; height: 12.5px; width: 12.5px; flex-grow: 0; margin-right: 14px; margin-left: 2px;\"><\/div>\n<div style=\"background-color: #f4f4f4; border-radius: 50%; height: 12.5px; width: 12.5px;\"><\/div>\n<\/div>\n<div style=\"margin-left: 8px;\">\n<div style=\"background-color: #f4f4f4; border-radius: 50%; flex-grow: 0; height: 20px; width: 20px;\"><\/div>\n<div style=\"width: 0; height: 0; border-top: 2px solid transparent; border-left: 6px solid #f4f4f4; border-bottom: 2px solid transparent;\"><\/div>\n<\/div>\n<div style=\"margin-left: auto;\">\n<div style=\"width: 0px; border-top: 8px solid #F4F4F4; border-right: 8px solid transparent;\"><\/div>\n<div style=\"background-color: #f4f4f4; flex-grow: 0; height: 12px; width: 16px;\"><\/div>\n<div style=\"width: 0; height: 0; border-top: 8px solid #F4F4F4; border-left: 8px solid transparent;\"><\/div>\n<\/div>\n<\/div>\n<div style=\"flex-direction: column; flex-grow: 1; justify-content: center; margin-bottom: 24px;\">\n<div style=\"background-color: #f4f4f4; border-radius: 4px; flex-grow: 0; height: 14px; margin-bottom: 6px; width: 224px;\"><\/div>\n<div style=\"background-color: #f4f4f4; border-radius: 4px; flex-grow: 0; height: 14px; width: 144px;\"><\/div>\n<\/div>\n<p>&nbsp;<\/p>\n<p style=\"color: #c9c8cd; font-family: Arial,sans-serif; font-size: 14px; line-height: 17px; margin-bottom: 0; margin-top: 8px; overflow: hidden; padding: 8px 0 7px; text-align: center;\"><a style=\"color: #c9c8cd; font-family: Arial,sans-serif; font-size: 14px; font-style: normal; font-weight: normal; line-height: 17px; text-decoration: none;\" href=\"https:\/\/www.instagram.com\/p\/CQ9MEVrN1gf\/?utm_source=ig_embed&amp;utm_campaign=loading\" target=\"_blank\" rel=\"noopener\">Une publication partag\u00e9e par Travel\ud83c\udf34 Explore\ud83c\udfd9 World\ud83c\udf0e (@destinationvibzes)<\/a><\/p>\n<\/div>\n<\/blockquote>\n<h2>Une ville o\u00f9 d\u00e9couvrir des saveurs authentiques<\/h2>\n<p>Visiter Salerne, c\u2019est aussi se r\u00e9galer d\u2019une cuisine aux <strong>influences m\u00e9diterran\u00e9ennes et montagnardes<\/strong>. Ici, la mozzarella di bufala r\u00e8gne en ma\u00eetre, notamment la fameuse \u00ab\u00a0<strong>Zizzona <\/strong>\u00bb di Battipaglia, une version g\u00e9ante et ultra-cr\u00e9meuse du fromage iconique.<\/p>\n<p>Les restaurants du centre-ville et du front de mer proposent des <strong>sp\u00e9cialit\u00e9s locales savoureuses<\/strong>, comme les <strong>spaghetti alle vongole<\/strong> pr\u00e9par\u00e9s avec des palourdes fra\u00eechement p\u00each\u00e9es ou encore<strong> la parmigiana di melanzane<\/strong>, un gratin d\u2019aubergines fondant \u00e0 souhait. Et pour terminer sur une note sucr\u00e9e, <strong>la sfogliatella<\/strong>, d\u00e9licieuse p\u00e2tisserie feuillet\u00e9e fourr\u00e9e \u00e0 la ricotta et aux agrumes, est un incontournable.<\/p>\n<blockquote class=\"instagram-media\" style=\"background: #FFF; border: 0; border-radius: 3px; margin: 1px; max-width: 540px; min-width: 326px; padding: 0; width: calc(100% - 2px);\" data-instgrm-permalink=\"https:\/\/www.instagram.com\/p\/Ch_JWuir5Mf\/?utm_source=ig_embed&amp;utm_campaign=loading\" data-instgrm-version=\"14\">\n<div style=\"padding: 16px;\">\n<p>&nbsp;<\/p>\n<div style=\"flex-direction: row; align-items: center;\">\n<div style=\"background-color: #f4f4f4; border-radius: 50%; flex-grow: 0; height: 40px; margin-right: 14px; width: 40px;\"><\/div>\n<div style=\"flex-direction: column; flex-grow: 1; justify-content: center;\">\n<div style=\"background-color: #f4f4f4; border-radius: 4px; flex-grow: 0; height: 14px; margin-bottom: 6px; width: 100px;\"><\/div>\n<div style=\"background-color: #f4f4f4; border-radius: 4px; flex-grow: 0; height: 14px; width: 60px;\"><\/div>\n<\/div>\n<\/div>\n<div style=\"padding: 19% 0;\"><\/div>\n<div style=\"height: 50px; margin: 0 auto 12px; width: 50px;\"><\/div>\n<div style=\"padding-top: 8px;\">\n<div style=\"color: #3897f0; font-family: Arial,sans-serif; font-size: 14px; font-style: normal; font-weight: 550; line-height: 18px;\">Voir cette publication sur Instagram<\/div>\n<\/div>\n<div style=\"padding: 12.5% 0;\"><\/div>\n<div style=\"flex-direction: row; margin-bottom: 14px; align-items: center;\">\n<div>\n<div style=\"background-color: #f4f4f4; border-radius: 50%; height: 12.5px; width: 12.5px;\"><\/div>\n<div style=\"background-color: #f4f4f4; height: 12.5px; width: 12.5px; flex-grow: 0; margin-right: 14px; margin-left: 2px;\"><\/div>\n<div style=\"background-color: #f4f4f4; border-radius: 50%; height: 12.5px; width: 12.5px;\"><\/div>\n<\/div>\n<div style=\"margin-left: 8px;\">\n<div style=\"background-color: #f4f4f4; border-radius: 50%; flex-grow: 0; height: 20px; width: 20px;\"><\/div>\n<div style=\"width: 0; height: 0; border-top: 2px solid transparent; border-left: 6px solid #f4f4f4; border-bottom: 2px solid transparent;\"><\/div>\n<\/div>\n<div style=\"margin-left: auto;\">\n<div style=\"width: 0px; border-top: 8px solid #F4F4F4; border-right: 8px solid transparent;\"><\/div>\n<div style=\"background-color: #f4f4f4; flex-grow: 0; height: 12px; width: 16px;\"><\/div>\n<div style=\"width: 0; height: 0; border-top: 8px solid #F4F4F4; border-left: 8px solid transparent;\"><\/div>\n<\/div>\n<\/div>\n<div style=\"flex-direction: column; flex-grow: 1; justify-content: center; margin-bottom: 24px;\">\n<div style=\"background-color: #f4f4f4; border-radius: 4px; flex-grow: 0; height: 14px; margin-bottom: 6px; width: 224px;\"><\/div>\n<div style=\"background-color: #f4f4f4; border-radius: 4px; flex-grow: 0; height: 14px; width: 144px;\"><\/div>\n<\/div>\n<p>&nbsp;<\/p>\n<p style=\"color: #c9c8cd; font-family: Arial,sans-serif; font-size: 14px; line-height: 17px; margin-bottom: 0; margin-top: 8px; overflow: hidden; padding: 8px 0 7px; text-align: center;\"><a style=\"color: #c9c8cd; font-family: Arial,sans-serif; font-size: 14px; font-style: normal; font-weight: normal; line-height: 17px; text-decoration: none;\" href=\"https:\/\/www.instagram.com\/p\/Ch_JWuir5Mf\/?utm_source=ig_embed&amp;utm_campaign=loading\" target=\"_blank\" rel=\"noopener\">Une publication partag\u00e9e par Fu\ud83d\udeb6\u200d\u2640\ufe0f (@primavera23_tokyo)<\/a><\/p>\n<\/div>\n<\/blockquote>\n<h2>Une destination confidentielle, plus pour longtemps<\/h2>\n<p>Jusqu\u2019\u00e0 pr\u00e9sent, Salerne \u00e9tait un<strong> secret bien gard\u00e9<\/strong>, appr\u00e9ci\u00e9e des Italiens, mais rarement mise en avant dans les circuits touristiques classiques. Mais les choses s\u2019appr\u00eatent \u00e0 changer : avec l\u2019<strong>ouverture de la liaison a\u00e9rienne<\/strong> entre Paris-Orly et Salerne<strong> d\u00e8s juin 2025<\/strong>, la ville va devenir plus accessible que jamais pour les voyageurs fran\u00e7ais.<\/p>\n<p>Plut\u00f4t que de suivre la foule \u00e0 Venise ou <a href=\"https:\/\/discover.ulysse.com\/plongee-passe-glorieux-florence-prouesses-architecturales\">Florence<\/a>, c\u2019est le moment id\u00e9al pour d\u00e9couvrir cette perle du sud de l\u2019Italie avant qu\u2019elle ne devienne la nouvelle tendance incontournable des escapades italiennes.<\/p>\n","protected":false},"excerpt":{"rendered":"<p>Les voyageurs lass\u00e9s des foules de Rome ou Venise cherchent d\u00e9sormais des destinations plus confidentielles, mais tout aussi fascinantes. Salerne, [&hellip;]<\/p>\n","protected":false},"author":3,"featured_media":25474,"comment_status":"open","ping_status":"closed","sticky":false,"template":"","format":"standard","meta":{"_acf_changed":false,"_sitemap_exclude":false,"_sitemap_priority":"","_sitemap_frequency":"","footnotes":"","rank_math_title":"","rank_math_description":"Et si la v\u00e9ritable perle de l\u2019Italie n\u2019\u00e9tait ni Rome, ni Venise, mais une ville encore pr\u00e9serv\u00e9e du tourisme de masse ? Bienvenue \u00e0 Salerne.","rank_math_canonical_url":"","rank_math_focus_keyword":"ville"},"categories":[3],"tags":[],"class_list":["post-25472","post","type-post","status-publish","format-standard","has-post-thumbnail","hentry","category-voyage"],"acf":[],"_links":{"self":[{"href":"https:\/\/ulysse.com\/news\/wp-json\/wp\/v2\/posts\/25472","targetHints":{"allow":["GET"]}}],"collection":[{"href":"https:\/\/ulysse.com\/news\/wp-json\/wp\/v2\/posts"}],"about":[{"href":"https:\/\/ulysse.com\/news\/wp-json\/wp\/v2\/types\/post"}],"author":[{"embeddable":true,"href":"https:\/\/ulysse.com\/news\/wp-json\/wp\/v2\/users\/3"}],"replies":[{"embeddable":true,"href":"https:\/\/ulysse.com\/news\/wp-json\/wp\/v2\/comments?post=25472"}],"version-history":[{"count":4,"href":"https:\/\/ulysse.com\/news\/wp-json\/wp\/v2\/posts\/25472\/revisions"}],"predecessor-version":[{"id":25477,"href":"https:\/\/ulysse.com\/news\/wp-json\/wp\/v2\/posts\/25472\/revisions\/25477"}],"wp:featuredmedia":[{"embeddable":true,"href":"https:\/\/ulysse.com\/news\/wp-json\/wp\/v2\/media\/25474"}],"wp:attachment":[{"href":"https:\/\/ulysse.com\/news\/wp-json\/wp\/v2\/media?parent=25472"}],"wp:term":[{"taxonomy":"category","embeddable":true,"href":"https:\/\/ulysse.com\/news\/wp-json\/wp\/v2\/categories?post=25472"},{"taxonomy":"post_tag","embeddable":true,"href":"https:\/\/ulysse.com\/news\/wp-json\/wp\/v2\/tags?post=25472"}],"curies":[{"name":"wp","href":"https:\/\/api.w.org\/{rel}","templated":true}]}}