{"id":25486,"date":"2025-02-16T14:00:47","date_gmt":"2025-02-16T13:00:47","guid":{"rendered":"https:\/\/discover.ulysse.com\/?p=25486"},"modified":"2025-02-16T13:31:00","modified_gmt":"2025-02-16T12:31:00","slug":"redecouvrez-paris-itineraires-de-randonnees","status":"publish","type":"post","link":"https:\/\/ulysse.com\/news\/redecouvrez-paris-itineraires-de-randonnees","title":{"rendered":"Red\u00e9couvrez Paris \u00e0 travers ces itin\u00e9raires de randonn\u00e9es m\u00e9connus"},"content":{"rendered":"<p>Paris, sous ses airs de ville tr\u00e9pidante, rec\u00e8le des itin\u00e9raires de randonn\u00e9e insoup\u00e7onn\u00e9s, loin de l\u2019agitation des grands boulevards. Entre sentiers cach\u00e9s, passages oubli\u00e9s et coul\u00e9es verdoyantes, la capitale offre une exp\u00e9rience immersive et surprenante \u00e0 ceux qui prennent le temps de l\u2019explorer autrement. Voici cinq itin\u00e9raires m\u00e9connus qui d\u00e9voilent une facette insoup\u00e7onn\u00e9e de Paris, entre nature, patrimoine et histoire.<\/p>\n<h2>La coul\u00e9e verte Ren\u00e9-Dumont, un \u00e9crin suspendu<\/h2>\n<p>Sur les traces d\u2019une <strong>ancienne voie ferr\u00e9e<\/strong>, la coul\u00e9e verte Ren\u00e9-Dumont s\u2019\u00e9tire sur pr\u00e8s de cinq kilom\u00e8tres entre Bastille et le bois de <a href=\"https:\/\/discover.ulysse.com\/3-chateaux-visiter-autour-paris\">Vincennes<\/a>. Cette promenade sur\u00e9lev\u00e9e traverse des tunnels v\u00e9g\u00e9talis\u00e9s, longe des<strong> jardins suspendus<\/strong> et offre une vue imprenable sur les toits parisiens. En parcourant ce chemin bord\u00e9 de glycines et de rosiers sauvages, on oublie presque que l\u2019on se trouve <strong>en plein c\u0153ur de la capitale<\/strong>. Le parcours se termine en douceur au parc de Reuilly, o\u00f9 tr\u00f4ne une vaste pelouse invitant \u00e0 la d\u00e9tente.<\/p>\n<blockquote class=\"instagram-media\" style=\"background: #FFF; border: 0; border-radius: 3px; margin: 1px; max-width: 540px; min-width: 326px; padding: 0; width: calc(100% - 2px);\" data-instgrm-permalink=\"https:\/\/www.instagram.com\/p\/CvrcrCmthgf\/?utm_source=ig_embed&amp;utm_campaign=loading\" data-instgrm-version=\"14\">\n<div style=\"padding: 16px;\">\n<p>&nbsp;<\/p>\n<div style=\"flex-direction: row; align-items: center;\">\n<div style=\"background-color: #f4f4f4; border-radius: 50%; flex-grow: 0; height: 40px; margin-right: 14px; width: 40px;\"><\/div>\n<div style=\"flex-direction: column; flex-grow: 1; justify-content: center;\">\n<div style=\"background-color: #f4f4f4; border-radius: 4px; flex-grow: 0; height: 14px; margin-bottom: 6px; width: 100px;\"><\/div>\n<div style=\"background-color: #f4f4f4; border-radius: 4px; flex-grow: 0; height: 14px; width: 60px;\"><\/div>\n<\/div>\n<\/div>\n<div style=\"padding: 19% 0;\"><\/div>\n<div style=\"height: 50px; margin: 0 auto 12px; width: 50px;\"><\/div>\n<div style=\"padding-top: 8px;\">\n<div style=\"color: #3897f0; font-family: Arial,sans-serif; font-size: 14px; font-style: normal; font-weight: 550; line-height: 18px;\">Voir cette publication sur Instagram<\/div>\n<\/div>\n<div style=\"padding: 12.5% 0;\"><\/div>\n<div style=\"flex-direction: row; margin-bottom: 14px; align-items: center;\">\n<div>\n<div style=\"background-color: #f4f4f4; border-radius: 50%; height: 12.5px; width: 12.5px;\"><\/div>\n<div style=\"background-color: #f4f4f4; height: 12.5px; width: 12.5px; flex-grow: 0; margin-right: 14px; margin-left: 2px;\"><\/div>\n<div style=\"background-color: #f4f4f4; border-radius: 50%; height: 12.5px; width: 12.5px;\"><\/div>\n<\/div>\n<div style=\"margin-left: 8px;\">\n<div style=\"background-color: #f4f4f4; border-radius: 50%; flex-grow: 0; height: 20px; width: 20px;\"><\/div>\n<div style=\"width: 0; height: 0; border-top: 2px solid transparent; border-left: 6px solid #f4f4f4; border-bottom: 2px solid transparent;\"><\/div>\n<\/div>\n<div style=\"margin-left: auto;\">\n<div style=\"width: 0px; border-top: 8px solid #F4F4F4; border-right: 8px solid transparent;\"><\/div>\n<div style=\"background-color: #f4f4f4; flex-grow: 0; height: 12px; width: 16px;\"><\/div>\n<div style=\"width: 0; height: 0; border-top: 8px solid #F4F4F4; border-left: 8px solid transparent;\"><\/div>\n<\/div>\n<\/div>\n<div style=\"flex-direction: column; flex-grow: 1; justify-content: center; margin-bottom: 24px;\">\n<div style=\"background-color: #f4f4f4; border-radius: 4px; flex-grow: 0; height: 14px; margin-bottom: 6px; width: 224px;\"><\/div>\n<div style=\"background-color: #f4f4f4; border-radius: 4px; flex-grow: 0; height: 14px; width: 144px;\"><\/div>\n<\/div>\n<p>&nbsp;<\/p>\n<p style=\"color: #c9c8cd; font-family: Arial,sans-serif; font-size: 14px; line-height: 17px; margin-bottom: 0; margin-top: 8px; overflow: hidden; padding: 8px 0 7px; text-align: center;\"><a style=\"color: #c9c8cd; font-family: Arial,sans-serif; font-size: 14px; font-style: normal; font-weight: normal; line-height: 17px; text-decoration: none;\" href=\"https:\/\/www.instagram.com\/p\/CvrcrCmthgf\/?utm_source=ig_embed&amp;utm_campaign=loading\" target=\"_blank\" rel=\"noopener\">Une publication partag\u00e9e par Camille (@camilleadecp)<\/a><\/p>\n<\/div>\n<\/blockquote>\n<h2>Les passages couverts, un voyage hors du temps<\/h2>\n<p>Discrets et <strong>pleins de myst\u00e8re<\/strong>, les passages couverts de <a href=\"https:\/\/discover.ulysse.com\/5-experiences-vivre-paris-fevrier-2025\">Paris<\/a> sont de v\u00e9ritables tr\u00e9sors architecturaux. T\u00e9moins du 19\u1d49 si\u00e8cle, ces galeries vitr\u00e9es abritent des boutiques d\u2019antiquaires, des librairies confidentielles et des caf\u00e9s au charme d\u00e9suet. Parmi les plus remarquables, la <strong>galerie Vivienne<\/strong>, avec son sol en mosa\u00efque et ses colonnes raffin\u00e9es, plonge les promeneurs dans une ambiance feutr\u00e9e. Le<strong> passage des Panoramas<\/strong>, quant \u00e0 lui, s\u00e9duit par son atmosph\u00e8re boh\u00e8me et ses enseignes historiques. Se perdre dans ces couloirs hors du temps, c\u2019est red\u00e9couvrir un <strong>Paris intime et raffin\u00e9<\/strong>.<\/p>\n<blockquote class=\"instagram-media\" style=\"background: #FFF; border: 0; border-radius: 3px; margin: 1px; max-width: 540px; min-width: 326px; padding: 0; width: calc(100% - 2px);\" data-instgrm-permalink=\"https:\/\/www.instagram.com\/p\/DGBUvt-iyAm\/?utm_source=ig_embed&amp;utm_campaign=loading\" data-instgrm-version=\"14\">\n<div style=\"padding: 16px;\">\n<p>&nbsp;<\/p>\n<div style=\"flex-direction: row; align-items: center;\">\n<div style=\"background-color: #f4f4f4; border-radius: 50%; flex-grow: 0; height: 40px; margin-right: 14px; width: 40px;\"><\/div>\n<div style=\"flex-direction: column; flex-grow: 1; justify-content: center;\">\n<div style=\"background-color: #f4f4f4; border-radius: 4px; flex-grow: 0; height: 14px; margin-bottom: 6px; width: 100px;\"><\/div>\n<div style=\"background-color: #f4f4f4; border-radius: 4px; flex-grow: 0; height: 14px; width: 60px;\"><\/div>\n<\/div>\n<\/div>\n<div style=\"padding: 19% 0;\"><\/div>\n<div style=\"height: 50px; margin: 0 auto 12px; width: 50px;\"><\/div>\n<div style=\"padding-top: 8px;\">\n<div style=\"color: #3897f0; font-family: Arial,sans-serif; font-size: 14px; font-style: normal; font-weight: 550; line-height: 18px;\">Voir cette publication sur Instagram<\/div>\n<\/div>\n<div style=\"padding: 12.5% 0;\"><\/div>\n<div style=\"flex-direction: row; margin-bottom: 14px; align-items: center;\">\n<div>\n<div style=\"background-color: #f4f4f4; border-radius: 50%; height: 12.5px; width: 12.5px;\"><\/div>\n<div style=\"background-color: #f4f4f4; height: 12.5px; width: 12.5px; flex-grow: 0; margin-right: 14px; margin-left: 2px;\"><\/div>\n<div style=\"background-color: #f4f4f4; border-radius: 50%; height: 12.5px; width: 12.5px;\"><\/div>\n<\/div>\n<div style=\"margin-left: 8px;\">\n<div style=\"background-color: #f4f4f4; border-radius: 50%; flex-grow: 0; height: 20px; width: 20px;\"><\/div>\n<div style=\"width: 0; height: 0; border-top: 2px solid transparent; border-left: 6px solid #f4f4f4; border-bottom: 2px solid transparent;\"><\/div>\n<\/div>\n<div style=\"margin-left: auto;\">\n<div style=\"width: 0px; border-top: 8px solid #F4F4F4; border-right: 8px solid transparent;\"><\/div>\n<div style=\"background-color: #f4f4f4; flex-grow: 0; height: 12px; width: 16px;\"><\/div>\n<div style=\"width: 0; height: 0; border-top: 8px solid #F4F4F4; border-left: 8px solid transparent;\"><\/div>\n<\/div>\n<\/div>\n<div style=\"flex-direction: column; flex-grow: 1; justify-content: center; margin-bottom: 24px;\">\n<div style=\"background-color: #f4f4f4; border-radius: 4px; flex-grow: 0; height: 14px; margin-bottom: 6px; width: 224px;\"><\/div>\n<div style=\"background-color: #f4f4f4; border-radius: 4px; flex-grow: 0; height: 14px; width: 144px;\"><\/div>\n<\/div>\n<p>&nbsp;<\/p>\n<p style=\"color: #c9c8cd; font-family: Arial,sans-serif; font-size: 14px; line-height: 17px; margin-bottom: 0; margin-top: 8px; overflow: hidden; padding: 8px 0 7px; text-align: center;\"><a style=\"color: #c9c8cd; font-family: Arial,sans-serif; font-size: 14px; font-style: normal; font-weight: normal; line-height: 17px; text-decoration: none;\" href=\"https:\/\/www.instagram.com\/p\/DGBUvt-iyAm\/?utm_source=ig_embed&amp;utm_campaign=loading\" target=\"_blank\" rel=\"noopener\">Une publication partag\u00e9e par La Bougeotte Franc\u0327aise (@labougeottefrancaise)<\/a><\/p>\n<\/div>\n<\/blockquote>\n<h2>Le sentier des Mar\u00e9chaux, une boucle m\u00e9connue autour de la capitale<\/h2>\n<p>Ceux qui recherchent un<strong> itin\u00e9raire plus long et vari\u00e9<\/strong> appr\u00e9cieront le sentier des Mar\u00e9chaux, un parcours de 50 km qui ceinture la ville en suivant les <strong>anciennes fortifications militaires<\/strong>. Cette randonn\u00e9e, \u00e0 mi-chemin entre nature et urbanisme, traverse des quartiers m\u00e9connus et offre des points de vue uniques sur la capitale. Du parc Montsouris aux rives de la <a href=\"https:\/\/discover.ulysse.com\/baigner-seine-autres-villes\">Seine<\/a> en passant par <strong>des jardins cach\u00e9s<\/strong>, cet itin\u00e9raire hors des sentiers battus r\u00e9v\u00e8le un Paris en mutation, o\u00f9 se m\u00ealent vestiges du pass\u00e9 et modernit\u00e9.<\/p>\n<blockquote class=\"instagram-media\" style=\"background: #FFF; border: 0; border-radius: 3px; margin: 1px; max-width: 540px; min-width: 326px; padding: 0; width: calc(100% - 2px);\" data-instgrm-permalink=\"https:\/\/www.instagram.com\/p\/C6t9dcey7ma\/?utm_source=ig_embed&amp;utm_campaign=loading\" data-instgrm-version=\"14\">\n<div style=\"padding: 16px;\">\n<p>&nbsp;<\/p>\n<div style=\"flex-direction: row; align-items: center;\">\n<div style=\"background-color: #f4f4f4; border-radius: 50%; flex-grow: 0; height: 40px; margin-right: 14px; width: 40px;\"><\/div>\n<div style=\"flex-direction: column; flex-grow: 1; justify-content: center;\">\n<div style=\"background-color: #f4f4f4; border-radius: 4px; flex-grow: 0; height: 14px; margin-bottom: 6px; width: 100px;\"><\/div>\n<div style=\"background-color: #f4f4f4; border-radius: 4px; flex-grow: 0; height: 14px; width: 60px;\"><\/div>\n<\/div>\n<\/div>\n<div style=\"padding: 19% 0;\"><\/div>\n<div style=\"height: 50px; margin: 0 auto 12px; width: 50px;\"><\/div>\n<div style=\"padding-top: 8px;\">\n<div style=\"color: #3897f0; font-family: Arial,sans-serif; font-size: 14px; font-style: normal; font-weight: 550; line-height: 18px;\">Voir cette publication sur Instagram<\/div>\n<\/div>\n<div style=\"padding: 12.5% 0;\"><\/div>\n<div style=\"flex-direction: row; margin-bottom: 14px; align-items: center;\">\n<div>\n<div style=\"background-color: #f4f4f4; border-radius: 50%; height: 12.5px; width: 12.5px;\"><\/div>\n<div style=\"background-color: #f4f4f4; height: 12.5px; width: 12.5px; flex-grow: 0; margin-right: 14px; margin-left: 2px;\"><\/div>\n<div style=\"background-color: #f4f4f4; border-radius: 50%; height: 12.5px; width: 12.5px;\"><\/div>\n<\/div>\n<div style=\"margin-left: 8px;\">\n<div style=\"background-color: #f4f4f4; border-radius: 50%; flex-grow: 0; height: 20px; width: 20px;\"><\/div>\n<div style=\"width: 0; height: 0; border-top: 2px solid transparent; border-left: 6px solid #f4f4f4; border-bottom: 2px solid transparent;\"><\/div>\n<\/div>\n<div style=\"margin-left: auto;\">\n<div style=\"width: 0px; border-top: 8px solid #F4F4F4; border-right: 8px solid transparent;\"><\/div>\n<div style=\"background-color: #f4f4f4; flex-grow: 0; height: 12px; width: 16px;\"><\/div>\n<div style=\"width: 0; height: 0; border-top: 8px solid #F4F4F4; border-left: 8px solid transparent;\"><\/div>\n<\/div>\n<\/div>\n<div style=\"flex-direction: column; flex-grow: 1; justify-content: center; margin-bottom: 24px;\">\n<div style=\"background-color: #f4f4f4; border-radius: 4px; flex-grow: 0; height: 14px; margin-bottom: 6px; width: 224px;\"><\/div>\n<div style=\"background-color: #f4f4f4; border-radius: 4px; flex-grow: 0; height: 14px; width: 144px;\"><\/div>\n<\/div>\n<p>&nbsp;<\/p>\n<p style=\"color: #c9c8cd; font-family: Arial,sans-serif; font-size: 14px; line-height: 17px; margin-bottom: 0; margin-top: 8px; overflow: hidden; padding: 8px 0 7px; text-align: center;\"><a style=\"color: #c9c8cd; font-family: Arial,sans-serif; font-size: 14px; font-style: normal; font-weight: normal; line-height: 17px; text-decoration: none;\" href=\"https:\/\/www.instagram.com\/p\/C6t9dcey7ma\/?utm_source=ig_embed&amp;utm_campaign=loading\" target=\"_blank\" rel=\"noopener\">Une publication partag\u00e9e par Long Bui Hoang (@kevinhippobui)<\/a><\/p>\n<\/div>\n<\/blockquote>\n<h2>La petite ceinture, une jungle urbaine oubli\u00e9e<\/h2>\n<p>Ancienne <strong>voie ferr\u00e9e encerclant Paris<\/strong>, la petite ceinture est aujourd\u2019hui un corridor \u00e9cologique pris\u00e9 des randonneurs en qu\u00eate de tranquillit\u00e9. Longtemps abandonn\u00e9e, cette ligne ferroviaire a \u00e9t\u00e9 r\u00e9habilit\u00e9e par endroits, laissant place \u00e0 <strong>une nature foisonnante<\/strong> o\u00f9 se c\u00f4toient foug\u00e8res, herbes folles et oiseaux rares. Plusieurs tron\u00e7ons sont ouverts au public, notamment dans <strong>le 15\u1d49 et le 20\u1d49 arrondissement<\/strong>, offrant une balade hors du temps, entre tunnels, ponts d\u00e9saffect\u00e9s et rails envahis par la v\u00e9g\u00e9tation. Ce sentier atypique, o\u00f9 la nature a repris ses droits, offre un contraste saisissant avec le<a href=\"https:\/\/discover.ulysse.com\/ce-village-du-nord-loin-de-lagitation-parisienne-est-elu-village-prefere-des-francais\"> tumulte parisien<\/a>.<\/p>\n<blockquote class=\"instagram-media\" style=\"background: #FFF; border: 0; border-radius: 3px; margin: 1px; max-width: 540px; min-width: 326px; padding: 0; width: calc(100% - 2px);\" data-instgrm-permalink=\"https:\/\/www.instagram.com\/p\/CRQOUeNIby4\/?utm_source=ig_embed&amp;utm_campaign=loading\" data-instgrm-version=\"14\">\n<div style=\"padding: 16px;\">\n<p>&nbsp;<\/p>\n<div style=\"flex-direction: row; align-items: center;\">\n<div style=\"background-color: #f4f4f4; border-radius: 50%; flex-grow: 0; height: 40px; margin-right: 14px; width: 40px;\"><\/div>\n<div style=\"flex-direction: column; flex-grow: 1; justify-content: center;\">\n<div style=\"background-color: #f4f4f4; border-radius: 4px; flex-grow: 0; height: 14px; margin-bottom: 6px; width: 100px;\"><\/div>\n<div style=\"background-color: #f4f4f4; border-radius: 4px; flex-grow: 0; height: 14px; width: 60px;\"><\/div>\n<\/div>\n<\/div>\n<div style=\"padding: 19% 0;\"><\/div>\n<div style=\"height: 50px; margin: 0 auto 12px; width: 50px;\"><\/div>\n<div style=\"padding-top: 8px;\">\n<div style=\"color: #3897f0; font-family: Arial,sans-serif; font-size: 14px; font-style: normal; font-weight: 550; line-height: 18px;\">Voir cette publication sur Instagram<\/div>\n<\/div>\n<div style=\"padding: 12.5% 0;\"><\/div>\n<div style=\"flex-direction: row; margin-bottom: 14px; align-items: center;\">\n<div>\n<div style=\"background-color: #f4f4f4; border-radius: 50%; height: 12.5px; width: 12.5px;\"><\/div>\n<div style=\"background-color: #f4f4f4; height: 12.5px; width: 12.5px; flex-grow: 0; margin-right: 14px; margin-left: 2px;\"><\/div>\n<div style=\"background-color: #f4f4f4; border-radius: 50%; height: 12.5px; width: 12.5px;\"><\/div>\n<\/div>\n<div style=\"margin-left: 8px;\">\n<div style=\"background-color: #f4f4f4; border-radius: 50%; flex-grow: 0; height: 20px; width: 20px;\"><\/div>\n<div style=\"width: 0; height: 0; border-top: 2px solid transparent; border-left: 6px solid #f4f4f4; border-bottom: 2px solid transparent;\"><\/div>\n<\/div>\n<div style=\"margin-left: auto;\">\n<div style=\"width: 0px; border-top: 8px solid #F4F4F4; border-right: 8px solid transparent;\"><\/div>\n<div style=\"background-color: #f4f4f4; flex-grow: 0; height: 12px; width: 16px;\"><\/div>\n<div style=\"width: 0; height: 0; border-top: 8px solid #F4F4F4; border-left: 8px solid transparent;\"><\/div>\n<\/div>\n<\/div>\n<div style=\"flex-direction: column; flex-grow: 1; justify-content: center; margin-bottom: 24px;\">\n<div style=\"background-color: #f4f4f4; border-radius: 4px; flex-grow: 0; height: 14px; margin-bottom: 6px; width: 224px;\"><\/div>\n<div style=\"background-color: #f4f4f4; border-radius: 4px; flex-grow: 0; height: 14px; width: 144px;\"><\/div>\n<\/div>\n<p>&nbsp;<\/p>\n<p style=\"color: #c9c8cd; font-family: Arial,sans-serif; font-size: 14px; line-height: 17px; margin-bottom: 0; margin-top: 8px; overflow: hidden; padding: 8px 0 7px; text-align: center;\"><a style=\"color: #c9c8cd; font-family: Arial,sans-serif; font-size: 14px; font-style: normal; font-weight: normal; line-height: 17px; text-decoration: none;\" href=\"https:\/\/www.instagram.com\/p\/CRQOUeNIby4\/?utm_source=ig_embed&amp;utm_campaign=loading\" target=\"_blank\" rel=\"noopener\">Une publication partag\u00e9e par PARIS INSOLITE &amp; SECRET (@paris.insolite.secret)<\/a><\/p>\n<\/div>\n<\/blockquote>\n<h2>Les \u00eeles de la Seine, un Paris insulaire et m\u00e9connu<\/h2>\n<p>Loin du brouhaha des quais, les \u00eeles de la Seine offrent une escapade insolite, \u00e0 la fronti\u00e8re entre la ville et la nature. Depuis l\u2019<strong>\u00eele aux Cygnes<\/strong>, un chemin arbor\u00e9 m\u00e8ne \u00e0 la r\u00e9plique de la<a href=\"https:\/\/discover.ulysse.com\/explorer-new-york-sans-casser-tirelire-bons-plans-manon\"> statue de la Libert\u00e9<\/a>, tandis que l\u2019<strong>\u00eele Saint-Germain<\/strong>, avec ses prairies sauvages et son jardin zen, invite \u00e0 une pause contemplative. Plus discr\u00e8te, l<strong>\u2019\u00eele de la Jatte<\/strong>, ch\u00e8re aux impressionnistes, propose une promenade bucolique le long des p\u00e9niches et des villas cossues. Ces <strong>\u00eelots confidentiels<\/strong>, souvent <strong>ignor\u00e9s des Parisiens eux-m\u00eames<\/strong>, offrent un cadre paisible et d\u00e9paysant, parfait pour une randonn\u00e9e urbaine hors du commun.<\/p>\n<blockquote class=\"instagram-media\" style=\"background: #FFF; border: 0; border-radius: 3px; margin: 1px; max-width: 540px; min-width: 326px; padding: 0; width: calc(100% - 2px);\" data-instgrm-permalink=\"https:\/\/www.instagram.com\/p\/CGx5AveBEn3\/?utm_source=ig_embed&amp;utm_campaign=loading\" data-instgrm-version=\"14\">\n<div style=\"padding: 16px;\">\n<p>&nbsp;<\/p>\n<div style=\"flex-direction: row; align-items: center;\">\n<div style=\"background-color: #f4f4f4; border-radius: 50%; flex-grow: 0; height: 40px; margin-right: 14px; width: 40px;\"><\/div>\n<div style=\"flex-direction: column; flex-grow: 1; justify-content: center;\">\n<div style=\"background-color: #f4f4f4; border-radius: 4px; flex-grow: 0; height: 14px; margin-bottom: 6px; width: 100px;\"><\/div>\n<div style=\"background-color: #f4f4f4; border-radius: 4px; flex-grow: 0; height: 14px; width: 60px;\"><\/div>\n<\/div>\n<\/div>\n<div style=\"padding: 19% 0;\"><\/div>\n<div style=\"height: 50px; margin: 0 auto 12px; width: 50px;\"><\/div>\n<div style=\"padding-top: 8px;\">\n<div style=\"color: #3897f0; font-family: Arial,sans-serif; font-size: 14px; font-style: normal; font-weight: 550; line-height: 18px;\">Voir cette publication sur Instagram<\/div>\n<\/div>\n<div style=\"padding: 12.5% 0;\"><\/div>\n<div style=\"flex-direction: row; margin-bottom: 14px; align-items: center;\">\n<div>\n<div style=\"background-color: #f4f4f4; border-radius: 50%; height: 12.5px; width: 12.5px;\"><\/div>\n<div style=\"background-color: #f4f4f4; height: 12.5px; width: 12.5px; flex-grow: 0; margin-right: 14px; margin-left: 2px;\"><\/div>\n<div style=\"background-color: #f4f4f4; border-radius: 50%; height: 12.5px; width: 12.5px;\"><\/div>\n<\/div>\n<div style=\"margin-left: 8px;\">\n<div style=\"background-color: #f4f4f4; border-radius: 50%; flex-grow: 0; height: 20px; width: 20px;\"><\/div>\n<div style=\"width: 0; height: 0; border-top: 2px solid transparent; border-left: 6px solid #f4f4f4; border-bottom: 2px solid transparent;\"><\/div>\n<\/div>\n<div style=\"margin-left: auto;\">\n<div style=\"width: 0px; border-top: 8px solid #F4F4F4; border-right: 8px solid transparent;\"><\/div>\n<div style=\"background-color: #f4f4f4; flex-grow: 0; height: 12px; width: 16px;\"><\/div>\n<div style=\"width: 0; height: 0; border-top: 8px solid #F4F4F4; border-left: 8px solid transparent;\"><\/div>\n<\/div>\n<\/div>\n<div style=\"flex-direction: column; flex-grow: 1; justify-content: center; margin-bottom: 24px;\">\n<div style=\"background-color: #f4f4f4; border-radius: 4px; flex-grow: 0; height: 14px; margin-bottom: 6px; width: 224px;\"><\/div>\n<div style=\"background-color: #f4f4f4; border-radius: 4px; flex-grow: 0; height: 14px; width: 144px;\"><\/div>\n<\/div>\n<p>&nbsp;<\/p>\n<p style=\"color: #c9c8cd; font-family: Arial,sans-serif; font-size: 14px; line-height: 17px; margin-bottom: 0; margin-top: 8px; overflow: hidden; padding: 8px 0 7px; text-align: center;\"><a style=\"color: #c9c8cd; font-family: Arial,sans-serif; font-size: 14px; font-style: normal; font-weight: normal; line-height: 17px; text-decoration: none;\" href=\"https:\/\/www.instagram.com\/p\/CGx5AveBEn3\/?utm_source=ig_embed&amp;utm_campaign=loading\" target=\"_blank\" rel=\"noopener\">Une publication partag\u00e9e par Audrey Racine (@audreyr_tv)<\/a><\/p>\n<\/div>\n<\/blockquote>\n<p>En empruntant ces itin\u00e9raires insolites, les promeneurs red\u00e9couvrent<strong> une capitale plus intime et surprenante<\/strong>. Que ce soit sur une voie ferr\u00e9e abandonn\u00e9e, au fil de l\u2019eau ou \u00e0 travers des galeries oubli\u00e9es, Paris se r\u00e9v\u00e8le sous un jour nouveau,<strong> loin des circuits touristiques habituels<\/strong>. Pour ceux qui aiment l\u2019aventure, ces randonn\u00e9es m\u00e9connues sont une invitation \u00e0 explorer la ville autrement, en laissant place \u00e0 l\u2019impr\u00e9vu et \u00e0 l\u2019\u00e9merveillement.<\/p>\n","protected":false},"excerpt":{"rendered":"<p>Paris, sous ses airs de ville tr\u00e9pidante, rec\u00e8le des itin\u00e9raires de randonn\u00e9e insoup\u00e7onn\u00e9s, loin de l\u2019agitation des grands boulevards. Entre [&hellip;]<\/p>\n","protected":false},"author":3,"featured_media":25488,"comment_status":"open","ping_status":"closed","sticky":false,"template":"","format":"standard","meta":{"_acf_changed":false,"_sitemap_exclude":false,"_sitemap_priority":"","_sitemap_frequency":"","footnotes":"","rank_math_title":"","rank_math_description":"Paris ne se limite pas \u00e0 ses monuments embl\u00e9matiques ; la capitale regorge de sentiers cach\u00e9s o\u00f9 nature et histoire se rencontrent.","rank_math_canonical_url":"","rank_math_focus_keyword":"Paris"},"categories":[3],"tags":[],"class_list":["post-25486","post","type-post","status-publish","format-standard","has-post-thumbnail","hentry","category-voyage"],"acf":[],"_links":{"self":[{"href":"https:\/\/ulysse.com\/news\/wp-json\/wp\/v2\/posts\/25486","targetHints":{"allow":["GET"]}}],"collection":[{"href":"https:\/\/ulysse.com\/news\/wp-json\/wp\/v2\/posts"}],"about":[{"href":"https:\/\/ulysse.com\/news\/wp-json\/wp\/v2\/types\/post"}],"author":[{"embeddable":true,"href":"https:\/\/ulysse.com\/news\/wp-json\/wp\/v2\/users\/3"}],"replies":[{"embeddable":true,"href":"https:\/\/ulysse.com\/news\/wp-json\/wp\/v2\/comments?post=25486"}],"version-history":[{"count":4,"href":"https:\/\/ulysse.com\/news\/wp-json\/wp\/v2\/posts\/25486\/revisions"}],"predecessor-version":[{"id":25492,"href":"https:\/\/ulysse.com\/news\/wp-json\/wp\/v2\/posts\/25486\/revisions\/25492"}],"wp:featuredmedia":[{"embeddable":true,"href":"https:\/\/ulysse.com\/news\/wp-json\/wp\/v2\/media\/25488"}],"wp:attachment":[{"href":"https:\/\/ulysse.com\/news\/wp-json\/wp\/v2\/media?parent=25486"}],"wp:term":[{"taxonomy":"category","embeddable":true,"href":"https:\/\/ulysse.com\/news\/wp-json\/wp\/v2\/categories?post=25486"},{"taxonomy":"post_tag","embeddable":true,"href":"https:\/\/ulysse.com\/news\/wp-json\/wp\/v2\/tags?post=25486"}],"curies":[{"name":"wp","href":"https:\/\/api.w.org\/{rel}","templated":true}]}}