{"id":25500,"date":"2025-02-16T16:00:52","date_gmt":"2025-02-16T15:00:52","guid":{"rendered":"https:\/\/discover.ulysse.com\/?p=25500"},"modified":"2025-02-16T15:48:15","modified_gmt":"2025-02-16T14:48:15","slug":"stations-ski-entre-or-blanc-et-avenir-incertain","status":"publish","type":"post","link":"https:\/\/ulysse.com\/news\/stations-ski-entre-or-blanc-et-avenir-incertain","title":{"rendered":"Stations de ski : entre or blanc et avenir incertain, la grande mutation est en marche"},"content":{"rendered":"<p>Les stations de ski fran\u00e7aises sont \u00e0 un tournant historique. Si certaines continuent d\u2019engranger des revenus records, d&#8217;autres, situ\u00e9es en moyenne montagne, voient leur survie remise en question par le r\u00e9chauffement climatique et la rar\u00e9faction de la neige. Face \u00e0 cette r\u00e9alit\u00e9, les strat\u00e9gies divergent : investir massivement pour prolonger la saison blanche ou amorcer une reconversion vers un tourisme quatre saisons. Mais alors que les investissements s\u2019envolent et que la demande \u00e9volue, un dilemme se pose : jusqu\u2019\u00e0 quand le mod\u00e8le actuel tiendra-t-il ? L\u2019or blanc est-il toujours une mine d\u2019or ou bien devient-il une impasse co\u00fbteuse ?<\/p>\n<h2>Les stations de ski sous tension entre prosp\u00e9rit\u00e9 et vuln\u00e9rabilit\u00e9<\/h2>\n<p>Le ski demeure un <strong>moteur \u00e9conomique puissant<\/strong>. En France, il repr\u00e9sente<strong> 80 % de l\u2019activit\u00e9 touristique<\/strong> en montagne, g\u00e9n\u00e9rant chaque ann\u00e9e pr\u00e8s de<strong> 10 milliards d\u2019euros de recet<\/strong>tes. Les grandes stations d\u2019altitude, comme <a href=\"https:\/\/discover.ulysse.com\/station-alpine-casse-codes-experience-inedite\">Tignes-Val-d\u2019Is\u00e8re<\/a>, <a href=\"https:\/\/discover.ulysse.com\/courchevel-accessible-petits-budgets\">Courchevel<\/a> ou <a href=\"https:\/\/discover.ulysse.com\/chamonix-destination-amateurs-ski-nature-sauvage\">Chamonix<\/a>, enregistrent des taux de fr\u00e9quentation solides, port\u00e9s par une client\u00e8le ais\u00e9e et internationale. Ces sites, mieux enneig\u00e9s, b\u00e9n\u00e9ficient d\u2019investissements colossaux, avec des infrastructures modernis\u00e9es et des<strong> offres premium attractives<\/strong>.<\/p>\n<p>Mais ce succ\u00e8s contraste avec la r\u00e9alit\u00e9 des stations de moyenne montagne, o\u00f9 les hivers deviennent impr\u00e9visibles. D&#8217;ici \u00e0 2050, <strong>un hiver sur deux<\/strong> pourrait \u00eatre pauvre en neige \u00e0 basse altitude, selon M\u00e9t\u00e9o-France. La pression \u00e9conomique p\u00e8se d\u00e9j\u00e0 sur certaines stations, comme L\u2019Alpe du Grand Serre, contrainte d\u2019annoncer <strong>sa fermeture prochaine<\/strong>. Faute d\u2019un enneigement suffisant, plusieurs domaines voient leur viabilit\u00e9 remise en cause.<\/p>\n<blockquote class=\"instagram-media\" style=\"background: #FFF; border: 0; border-radius: 3px; margin: 1px; max-width: 540px; min-width: 326px; padding: 0; width: calc(100% - 2px);\" data-instgrm-permalink=\"https:\/\/www.instagram.com\/reel\/DE-J8hyo7FI\/?utm_source=ig_embed&amp;utm_campaign=loading\" data-instgrm-version=\"14\">\n<div style=\"padding: 16px;\">\n<p>&nbsp;<\/p>\n<div style=\"flex-direction: row; align-items: center;\">\n<div style=\"background-color: #f4f4f4; border-radius: 50%; flex-grow: 0; height: 40px; margin-right: 14px; width: 40px;\"><\/div>\n<div style=\"flex-direction: column; flex-grow: 1; justify-content: center;\">\n<div style=\"background-color: #f4f4f4; border-radius: 4px; flex-grow: 0; height: 14px; margin-bottom: 6px; width: 100px;\"><\/div>\n<div style=\"background-color: #f4f4f4; border-radius: 4px; flex-grow: 0; height: 14px; width: 60px;\"><\/div>\n<\/div>\n<\/div>\n<div style=\"padding: 19% 0;\"><\/div>\n<div style=\"height: 50px; margin: 0 auto 12px; width: 50px;\"><\/div>\n<div style=\"padding-top: 8px;\">\n<div style=\"color: #3897f0; font-family: Arial,sans-serif; font-size: 14px; font-style: normal; font-weight: 550; line-height: 18px;\">Voir cette publication sur Instagram<\/div>\n<\/div>\n<div style=\"padding: 12.5% 0;\"><\/div>\n<div style=\"flex-direction: row; margin-bottom: 14px; align-items: center;\">\n<div>\n<div style=\"background-color: #f4f4f4; border-radius: 50%; height: 12.5px; width: 12.5px;\"><\/div>\n<div style=\"background-color: #f4f4f4; height: 12.5px; width: 12.5px; flex-grow: 0; margin-right: 14px; margin-left: 2px;\"><\/div>\n<div style=\"background-color: #f4f4f4; border-radius: 50%; height: 12.5px; width: 12.5px;\"><\/div>\n<\/div>\n<div style=\"margin-left: 8px;\">\n<div style=\"background-color: #f4f4f4; border-radius: 50%; flex-grow: 0; height: 20px; width: 20px;\"><\/div>\n<div style=\"width: 0; height: 0; border-top: 2px solid transparent; border-left: 6px solid #f4f4f4; border-bottom: 2px solid transparent;\"><\/div>\n<\/div>\n<div style=\"margin-left: auto;\">\n<div style=\"width: 0px; border-top: 8px solid #F4F4F4; border-right: 8px solid transparent;\"><\/div>\n<div style=\"background-color: #f4f4f4; flex-grow: 0; height: 12px; width: 16px;\"><\/div>\n<div style=\"width: 0; height: 0; border-top: 8px solid #F4F4F4; border-left: 8px solid transparent;\"><\/div>\n<\/div>\n<\/div>\n<div style=\"flex-direction: column; flex-grow: 1; justify-content: center; margin-bottom: 24px;\">\n<div style=\"background-color: #f4f4f4; border-radius: 4px; flex-grow: 0; height: 14px; margin-bottom: 6px; width: 224px;\"><\/div>\n<div style=\"background-color: #f4f4f4; border-radius: 4px; flex-grow: 0; height: 14px; width: 144px;\"><\/div>\n<\/div>\n<p>&nbsp;<\/p>\n<p style=\"color: #c9c8cd; font-family: Arial,sans-serif; font-size: 14px; line-height: 17px; margin-bottom: 0; margin-top: 8px; overflow: hidden; padding: 8px 0 7px; text-align: center;\"><a style=\"color: #c9c8cd; font-family: Arial,sans-serif; font-size: 14px; font-style: normal; font-weight: normal; line-height: 17px; text-decoration: none;\" href=\"https:\/\/www.instagram.com\/reel\/DE-J8hyo7FI\/?utm_source=ig_embed&amp;utm_campaign=loading\" target=\"_blank\" rel=\"noopener\">Une publication partag\u00e9e par L\u00e9man Bleu (@lemanbleu)<\/a><\/p>\n<\/div>\n<\/blockquote>\n<h2>La fuite en avant : neige artificielle et infrastructures XXL<\/h2>\n<p>Pour maintenir l\u2019activit\u00e9, de nombreuses stations misent sur la <a href=\"https:\/\/discover.ulysse.com\/ski-france-vit-derniers-jours\">neige artificielle.<\/a> Aujourd\u2019hui, 45 % des pistes fran\u00e7aises sont couvertes par des canons \u00e0 neige, une proportion qui ne cesse d\u2019augmenter. Mais cette solution, bien que techniquement efficace, pose des <strong>probl\u00e8mes environnementaux et financiers<\/strong>. Produire de la neige de culture demande de <strong>grandes quantit\u00e9s d\u2019eau et d\u2019\u00e9nergie<\/strong>, des ressources qui deviennent elles-m\u00eames de plus en plus limit\u00e9es.<\/p>\n<p>Par ailleurs, certaines stations optent pour des <strong>investissements spectaculaires<\/strong> afin de compenser les pertes li\u00e9es au climat. \u00c0 Gourette, dans les Pyr\u00e9n\u00e9es, ou \u00e0 Orelle, en Savoie, de nouveaux t\u00e9l\u00e9ph\u00e9riques permettent d\u2019atteindre les altitudes les plus \u00e9lev\u00e9es, o\u00f9 l\u2019enneigement reste plus stable. Ces am\u00e9nagements sont co\u00fbteux et n\u00e9cessitent un <strong>endettement massif des collectivit\u00e9s<\/strong>, ce qui suscite des d\u00e9bats sur la viabilit\u00e9 du mod\u00e8le \u00e0 long terme.<\/p>\n<blockquote class=\"instagram-media\" style=\"background: #FFF; border: 0; border-radius: 3px; margin: 1px; max-width: 540px; min-width: 326px; padding: 0; width: calc(100% - 2px);\" data-instgrm-permalink=\"https:\/\/www.instagram.com\/reel\/DEH7g9mNbQR\/?utm_source=ig_embed&amp;utm_campaign=loading\" data-instgrm-version=\"14\">\n<div style=\"padding: 16px;\">\n<p>&nbsp;<\/p>\n<div style=\"flex-direction: row; align-items: center;\">\n<div style=\"background-color: #f4f4f4; border-radius: 50%; flex-grow: 0; height: 40px; margin-right: 14px; width: 40px;\"><\/div>\n<div style=\"flex-direction: column; flex-grow: 1; justify-content: center;\">\n<div style=\"background-color: #f4f4f4; border-radius: 4px; flex-grow: 0; height: 14px; margin-bottom: 6px; width: 100px;\"><\/div>\n<div style=\"background-color: #f4f4f4; border-radius: 4px; flex-grow: 0; height: 14px; width: 60px;\"><\/div>\n<\/div>\n<\/div>\n<div style=\"padding: 19% 0;\"><\/div>\n<div style=\"height: 50px; margin: 0 auto 12px; width: 50px;\"><\/div>\n<div style=\"padding-top: 8px;\">\n<div style=\"color: #3897f0; font-family: Arial,sans-serif; font-size: 14px; font-style: normal; font-weight: 550; line-height: 18px;\">Voir cette publication sur Instagram<\/div>\n<\/div>\n<div style=\"padding: 12.5% 0;\"><\/div>\n<div style=\"flex-direction: row; margin-bottom: 14px; align-items: center;\">\n<div>\n<div style=\"background-color: #f4f4f4; border-radius: 50%; height: 12.5px; width: 12.5px;\"><\/div>\n<div style=\"background-color: #f4f4f4; height: 12.5px; width: 12.5px; flex-grow: 0; margin-right: 14px; margin-left: 2px;\"><\/div>\n<div style=\"background-color: #f4f4f4; border-radius: 50%; height: 12.5px; width: 12.5px;\"><\/div>\n<\/div>\n<div style=\"margin-left: 8px;\">\n<div style=\"background-color: #f4f4f4; border-radius: 50%; flex-grow: 0; height: 20px; width: 20px;\"><\/div>\n<div style=\"width: 0; height: 0; border-top: 2px solid transparent; border-left: 6px solid #f4f4f4; border-bottom: 2px solid transparent;\"><\/div>\n<\/div>\n<div style=\"margin-left: auto;\">\n<div style=\"width: 0px; border-top: 8px solid #F4F4F4; border-right: 8px solid transparent;\"><\/div>\n<div style=\"background-color: #f4f4f4; flex-grow: 0; height: 12px; width: 16px;\"><\/div>\n<div style=\"width: 0; height: 0; border-top: 8px solid #F4F4F4; border-left: 8px solid transparent;\"><\/div>\n<\/div>\n<\/div>\n<div style=\"flex-direction: column; flex-grow: 1; justify-content: center; margin-bottom: 24px;\">\n<div style=\"background-color: #f4f4f4; border-radius: 4px; flex-grow: 0; height: 14px; margin-bottom: 6px; width: 224px;\"><\/div>\n<div style=\"background-color: #f4f4f4; border-radius: 4px; flex-grow: 0; height: 14px; width: 144px;\"><\/div>\n<\/div>\n<p>&nbsp;<\/p>\n<p style=\"color: #c9c8cd; font-family: Arial,sans-serif; font-size: 14px; line-height: 17px; margin-bottom: 0; margin-top: 8px; overflow: hidden; padding: 8px 0 7px; text-align: center;\"><a style=\"color: #c9c8cd; font-family: Arial,sans-serif; font-size: 14px; font-style: normal; font-weight: normal; line-height: 17px; text-decoration: none;\" href=\"https:\/\/www.instagram.com\/reel\/DEH7g9mNbQR\/?utm_source=ig_embed&amp;utm_campaign=loading\" target=\"_blank\" rel=\"noopener\">Une publication partag\u00e9e par Y\u2019a pas de plan\u00e8te B &#8211; RTBF (@yapasdeplaneteb)<\/a><\/p>\n<\/div>\n<\/blockquote>\n<h2>Vers une diversification n\u00e9cessaire mais incertaine<\/h2>\n<p>Si l\u2019industrie du ski domine encore, l\u2019id\u00e9e d\u2019une reconversion vers un<strong> tourisme quatre saisons<\/strong> gagne du terrain. Tyroliennes, VTT, randonn\u00e9es, spas et activit\u00e9s de bien-\u00eatre apparaissent comme des<strong> alternatives cr\u00e9dibles<\/strong> pour maintenir l\u2019attractivit\u00e9 des territoires. Pourtant, seulement <strong>4 % des investissements<\/strong> sont aujourd\u2019hui allou\u00e9s aux activit\u00e9s hors neige, signe que la transition est encore timide.<\/p>\n<p>Les stations les plus fragiles tentent d\u2019innover, \u00e0 l\u2019image de <a href=\"https:\/\/discover.ulysse.com\/font-romeu-experiences-incontournables-hiver\">Font-Romeu<\/a>, qui mise sur l\u2019accueil de stages sportifs de haut niveau, ou encore des <a href=\"https:\/\/discover.ulysse.com\/inconvenients-des-vosges\">Vosges<\/a> et du <a href=\"https:\/\/discover.ulysse.com\/5-stations-ski-moins-4-heures-train-paris\">Jura<\/a>, o\u00f9 des projets \u00e9cotouristiques voient le jour. Mais l\u2019\u00e9quation reste complexe : <strong>comment compenser l\u2019absence de skieurs<\/strong>, qui restent les plus d\u00e9pensiers ? Contrairement aux sports d\u2019hiver, les activit\u00e9s estivales attirent une client\u00e8le plus volatile et moins encline \u00e0 des s\u00e9jours longs et co\u00fbteux.<\/p>\n<blockquote class=\"instagram-media\" style=\"background: #FFF; border: 0; border-radius: 3px; margin: 1px; max-width: 540px; min-width: 326px; padding: 0; width: calc(100% - 2px);\" data-instgrm-permalink=\"https:\/\/www.instagram.com\/reel\/DF45iw1P-fp\/?utm_source=ig_embed&amp;utm_campaign=loading\" data-instgrm-version=\"14\">\n<div style=\"padding: 16px;\">\n<p>&nbsp;<\/p>\n<div style=\"flex-direction: row; align-items: center;\">\n<div style=\"background-color: #f4f4f4; border-radius: 50%; flex-grow: 0; height: 40px; margin-right: 14px; width: 40px;\"><\/div>\n<div style=\"flex-direction: column; flex-grow: 1; justify-content: center;\">\n<div style=\"background-color: #f4f4f4; border-radius: 4px; flex-grow: 0; height: 14px; margin-bottom: 6px; width: 100px;\"><\/div>\n<div style=\"background-color: #f4f4f4; border-radius: 4px; flex-grow: 0; height: 14px; width: 60px;\"><\/div>\n<\/div>\n<\/div>\n<div style=\"padding: 19% 0;\"><\/div>\n<div style=\"height: 50px; margin: 0 auto 12px; width: 50px;\"><\/div>\n<div style=\"padding-top: 8px;\">\n<div style=\"color: #3897f0; font-family: Arial,sans-serif; font-size: 14px; font-style: normal; font-weight: 550; line-height: 18px;\">Voir cette publication sur Instagram<\/div>\n<\/div>\n<div style=\"padding: 12.5% 0;\"><\/div>\n<div style=\"flex-direction: row; margin-bottom: 14px; align-items: center;\">\n<div>\n<div style=\"background-color: #f4f4f4; border-radius: 50%; height: 12.5px; width: 12.5px;\"><\/div>\n<div style=\"background-color: #f4f4f4; height: 12.5px; width: 12.5px; flex-grow: 0; margin-right: 14px; margin-left: 2px;\"><\/div>\n<div style=\"background-color: #f4f4f4; border-radius: 50%; height: 12.5px; width: 12.5px;\"><\/div>\n<\/div>\n<div style=\"margin-left: 8px;\">\n<div style=\"background-color: #f4f4f4; border-radius: 50%; flex-grow: 0; height: 20px; width: 20px;\"><\/div>\n<div style=\"width: 0; height: 0; border-top: 2px solid transparent; border-left: 6px solid #f4f4f4; border-bottom: 2px solid transparent;\"><\/div>\n<\/div>\n<div style=\"margin-left: auto;\">\n<div style=\"width: 0px; border-top: 8px solid #F4F4F4; border-right: 8px solid transparent;\"><\/div>\n<div style=\"background-color: #f4f4f4; flex-grow: 0; height: 12px; width: 16px;\"><\/div>\n<div style=\"width: 0; height: 0; border-top: 8px solid #F4F4F4; border-left: 8px solid transparent;\"><\/div>\n<\/div>\n<\/div>\n<div style=\"flex-direction: column; flex-grow: 1; justify-content: center; margin-bottom: 24px;\">\n<div style=\"background-color: #f4f4f4; border-radius: 4px; flex-grow: 0; height: 14px; margin-bottom: 6px; width: 224px;\"><\/div>\n<div style=\"background-color: #f4f4f4; border-radius: 4px; flex-grow: 0; height: 14px; width: 144px;\"><\/div>\n<\/div>\n<p>&nbsp;<\/p>\n<p style=\"color: #c9c8cd; font-family: Arial,sans-serif; font-size: 14px; line-height: 17px; margin-bottom: 0; margin-top: 8px; overflow: hidden; padding: 8px 0 7px; text-align: center;\"><a style=\"color: #c9c8cd; font-family: Arial,sans-serif; font-size: 14px; font-style: normal; font-weight: normal; line-height: 17px; text-decoration: none;\" href=\"https:\/\/www.instagram.com\/reel\/DF45iw1P-fp\/?utm_source=ig_embed&amp;utm_campaign=loading\" target=\"_blank\" rel=\"noopener\">Une publication partag\u00e9e par La Montagne (@lamontagne.fr)<\/a><\/p>\n<\/div>\n<\/blockquote>\n<h2>La montagne \u00e0 deux vitesses : vers une fracture in\u00e9vitable ?<\/h2>\n<p>Une fracture \u00e9conomique et climatique se dessine entre les <a href=\"https:\/\/discover.ulysse.com\/plus-hautes-stations-ski-alpes-sommets\">stations de haute altitude<\/a>, capables de s\u2019adapter, et celles de moyenne montagne,<strong> menac\u00e9es de disparition<\/strong>. Tandis que les domaines stars renforcent leur offre premium pour attirer une client\u00e8le \u00e9litiste, d\u2019autres voient leurs finances plonger dans le rouge.<\/p>\n<blockquote class=\"instagram-media\" style=\"background: #FFF; border: 0; border-radius: 3px; margin: 1px; max-width: 540px; min-width: 326px; padding: 0; width: calc(100% - 2px);\" data-instgrm-permalink=\"https:\/\/www.instagram.com\/reel\/DFs_RlPvMiC\/?utm_source=ig_embed&amp;utm_campaign=loading\" data-instgrm-version=\"14\">\n<div style=\"padding: 16px;\">\n<p>&nbsp;<\/p>\n<div style=\"flex-direction: row; align-items: center;\">\n<div style=\"background-color: #f4f4f4; border-radius: 50%; flex-grow: 0; height: 40px; margin-right: 14px; width: 40px;\"><\/div>\n<div style=\"flex-direction: column; flex-grow: 1; justify-content: center;\">\n<div style=\"background-color: #f4f4f4; border-radius: 4px; flex-grow: 0; height: 14px; margin-bottom: 6px; width: 100px;\"><\/div>\n<div style=\"background-color: #f4f4f4; border-radius: 4px; flex-grow: 0; height: 14px; width: 60px;\"><\/div>\n<\/div>\n<\/div>\n<div style=\"padding: 19% 0;\"><\/div>\n<div style=\"height: 50px; margin: 0 auto 12px; width: 50px;\"><\/div>\n<div style=\"padding-top: 8px;\">\n<div style=\"color: #3897f0; font-family: Arial,sans-serif; font-size: 14px; font-style: normal; font-weight: 550; line-height: 18px;\">Voir cette publication sur Instagram<\/div>\n<\/div>\n<div style=\"padding: 12.5% 0;\"><\/div>\n<div style=\"flex-direction: row; margin-bottom: 14px; align-items: center;\">\n<div>\n<div style=\"background-color: #f4f4f4; border-radius: 50%; height: 12.5px; width: 12.5px;\"><\/div>\n<div style=\"background-color: #f4f4f4; height: 12.5px; width: 12.5px; flex-grow: 0; margin-right: 14px; margin-left: 2px;\"><\/div>\n<div style=\"background-color: #f4f4f4; border-radius: 50%; height: 12.5px; width: 12.5px;\"><\/div>\n<\/div>\n<div style=\"margin-left: 8px;\">\n<div style=\"background-color: #f4f4f4; border-radius: 50%; flex-grow: 0; height: 20px; width: 20px;\"><\/div>\n<div style=\"width: 0; height: 0; border-top: 2px solid transparent; border-left: 6px solid #f4f4f4; border-bottom: 2px solid transparent;\"><\/div>\n<\/div>\n<div style=\"margin-left: auto;\">\n<div style=\"width: 0px; border-top: 8px solid #F4F4F4; border-right: 8px solid transparent;\"><\/div>\n<div style=\"background-color: #f4f4f4; flex-grow: 0; height: 12px; width: 16px;\"><\/div>\n<div style=\"width: 0; height: 0; border-top: 8px solid #F4F4F4; border-left: 8px solid transparent;\"><\/div>\n<\/div>\n<\/div>\n<div style=\"flex-direction: column; flex-grow: 1; justify-content: center; margin-bottom: 24px;\">\n<div style=\"background-color: #f4f4f4; border-radius: 4px; flex-grow: 0; height: 14px; margin-bottom: 6px; width: 224px;\"><\/div>\n<div style=\"background-color: #f4f4f4; border-radius: 4px; flex-grow: 0; height: 14px; width: 144px;\"><\/div>\n<\/div>\n<p>&nbsp;<\/p>\n<p style=\"color: #c9c8cd; font-family: Arial,sans-serif; font-size: 14px; line-height: 17px; margin-bottom: 0; margin-top: 8px; overflow: hidden; padding: 8px 0 7px; text-align: center;\"><a style=\"color: #c9c8cd; font-family: Arial,sans-serif; font-size: 14px; font-style: normal; font-weight: normal; line-height: 17px; text-decoration: none;\" href=\"https:\/\/www.instagram.com\/reel\/DFs_RlPvMiC\/?utm_source=ig_embed&amp;utm_campaign=loading\" target=\"_blank\" rel=\"noopener\">Une publication partag\u00e9e par 2050NOW (@2050now)<\/a><\/p>\n<\/div>\n<\/blockquote>\n<p>Dans ce contexte, certaines collectivit\u00e9s veulent<strong> reprendre la main sur leur avenir<\/strong>. \u00c0 Tignes, la municipalit\u00e9 a d\u00e9cid\u00e9 de ne pas renouveler sa d\u00e9l\u00e9gation de service public avec la Compagnie des Alpes, choisissant de g\u00e9rer elle-m\u00eame ses infrastructures pour <strong>mieux contr\u00f4ler sa transition<\/strong> hors du tout-ski. D\u2019autres suivent la m\u00eame voie, esp\u00e9rant ma\u00eetriser leur adaptation avant qu\u2019il ne soit trop tard.<\/p>\n<p>L\u2019avenir des <a href=\"https:\/\/discover.ulysse.com\/skier-face-mer-station-cote-dazur\">stations de ski fran\u00e7aises<\/a> semble donc se dessiner sur une ligne de cr\u00eate. Le mod\u00e8le actuel peut-il encore tenir plusieurs d\u00e9cennies ? Ou bien faut-il d\u00e8s maintenant pr\u00e9parer une <strong>mutation profonde<\/strong>, quitte \u00e0 abandonner progressivement une industrie qui a fait la richesse des montagnes ? Une chose est s\u00fbre : le temps de l\u2019insouciance est r\u00e9volu, et la montagne n\u2019a d\u2019autre choix que d\u2019inventer son futur.<\/p>\n","protected":false},"excerpt":{"rendered":"<p>Les stations de ski fran\u00e7aises sont \u00e0 un tournant historique. Si certaines continuent d\u2019engranger des revenus records, d&#8217;autres, situ\u00e9es en [&hellip;]<\/p>\n","protected":false},"author":3,"featured_media":25502,"comment_status":"open","ping_status":"closed","sticky":false,"template":"","format":"standard","meta":{"_acf_changed":false,"_sitemap_exclude":false,"_sitemap_priority":"","_sitemap_frequency":"","footnotes":"","rank_math_title":"","rank_math_description":"Entre sommets enneig\u00e9s, pistes menac\u00e9es et incertitude, les stations de ski fran\u00e7aises jouent leur avenir sur une pente glissante.","rank_math_canonical_url":"","rank_math_focus_keyword":"station"},"categories":[3],"tags":[],"class_list":["post-25500","post","type-post","status-publish","format-standard","has-post-thumbnail","hentry","category-voyage"],"acf":[],"_links":{"self":[{"href":"https:\/\/ulysse.com\/news\/wp-json\/wp\/v2\/posts\/25500","targetHints":{"allow":["GET"]}}],"collection":[{"href":"https:\/\/ulysse.com\/news\/wp-json\/wp\/v2\/posts"}],"about":[{"href":"https:\/\/ulysse.com\/news\/wp-json\/wp\/v2\/types\/post"}],"author":[{"embeddable":true,"href":"https:\/\/ulysse.com\/news\/wp-json\/wp\/v2\/users\/3"}],"replies":[{"embeddable":true,"href":"https:\/\/ulysse.com\/news\/wp-json\/wp\/v2\/comments?post=25500"}],"version-history":[{"count":3,"href":"https:\/\/ulysse.com\/news\/wp-json\/wp\/v2\/posts\/25500\/revisions"}],"predecessor-version":[{"id":25504,"href":"https:\/\/ulysse.com\/news\/wp-json\/wp\/v2\/posts\/25500\/revisions\/25504"}],"wp:featuredmedia":[{"embeddable":true,"href":"https:\/\/ulysse.com\/news\/wp-json\/wp\/v2\/media\/25502"}],"wp:attachment":[{"href":"https:\/\/ulysse.com\/news\/wp-json\/wp\/v2\/media?parent=25500"}],"wp:term":[{"taxonomy":"category","embeddable":true,"href":"https:\/\/ulysse.com\/news\/wp-json\/wp\/v2\/categories?post=25500"},{"taxonomy":"post_tag","embeddable":true,"href":"https:\/\/ulysse.com\/news\/wp-json\/wp\/v2\/tags?post=25500"}],"curies":[{"name":"wp","href":"https:\/\/api.w.org\/{rel}","templated":true}]}}