{"id":25535,"date":"2025-02-17T15:00:46","date_gmt":"2025-02-17T14:00:46","guid":{"rendered":"https:\/\/discover.ulysse.com\/?p=25535"},"modified":"2025-02-17T11:50:01","modified_gmt":"2025-02-17T10:50:01","slug":"bientot-incontournable-station-balneaire-2025","status":"publish","type":"post","link":"https:\/\/ulysse.com\/news\/bientot-incontournable-station-balneaire-2025","title":{"rendered":"Bient\u00f4t incontournable, cette station baln\u00e9aire va marquer les esprits en 2025"},"content":{"rendered":"<p>\u00c0 l\u2019aube de la saison estivale 2025, une destination baln\u00e9aire de Nouvelle-Aquitaine est en train de se transformer en un v\u00e9ritable incontournable. Situ\u00e9e entre l\u2019oc\u00e9an Atlantique et l\u2019estuaire de la Gironde, Soulac-sur-Mer a longtemps cultiv\u00e9 une image discr\u00e8te, r\u00e9serv\u00e9e aux amateurs d\u2019authenticit\u00e9. Mais aujourd\u2019hui, gr\u00e2ce \u00e0 une valorisation de son patrimoine, une modernisation de ses infrastructures et une mont\u00e9e en gamme de ses services touristiques, la station baln\u00e9aire m\u00e9docaine s\u2019impose peu \u00e0 peu comme une r\u00e9f\u00e9rence sur la c\u00f4te atlantique. 2025 pourrait bien \u00eatre l\u2019ann\u00e9e de la cons\u00e9cration.<\/p>\n<h2>Un \u00e9crin naturel entre mer et for\u00eat<\/h2>\n<p>Nich\u00e9 \u00e0 la pointe du <a href=\"https:\/\/discover.ulysse.com\/chateau-madoc-cache-histoire-fascinante\">M\u00e9doc<\/a>, Soulac-sur-Mer b\u00e9n\u00e9ficie d\u2019un cadre unique, combinant plages de sable fin, dunes sauvages et vastes for\u00eats de pins. Ce paysage pr\u00e9serv\u00e9 attire chaque ann\u00e9e des milliers de visiteurs, s\u00e9duits par une <strong>nature encore intacte<\/strong> et propice \u00e0 la d\u00e9tente.<\/p>\n<p>Les plages de Soulac s\u2019\u00e9tendent sur plus de sept kilom\u00e8tres, offrant un terrain de jeu id\u00e9al pour les <strong>amateurs de sports nautiques<\/strong>. Le surf y est roi, avec des spots r\u00e9put\u00e9s qui attirent aussi bien les d\u00e9butants que les surfeurs confirm\u00e9s. En 2025, <strong>une comp\u00e9tition internationale<\/strong> devrait m\u00eame s\u2019y tenir, renfor\u00e7ant encore l\u2019image de la station comme un haut lieu de la glisse.<\/p>\n<blockquote class=\"instagram-media\" style=\"background: #FFF; border: 0; border-radius: 3px; margin: 1px; max-width: 540px; min-width: 326px; padding: 0; width: calc(100% - 2px);\" data-instgrm-permalink=\"https:\/\/www.instagram.com\/p\/C9C6g7rK5n0\/?utm_source=ig_embed&amp;utm_campaign=loading\" data-instgrm-version=\"14\">\n<div style=\"padding: 16px;\">\n<p>&nbsp;<\/p>\n<div style=\"flex-direction: row; align-items: center;\">\n<div style=\"background-color: #f4f4f4; border-radius: 50%; flex-grow: 0; height: 40px; margin-right: 14px; width: 40px;\"><\/div>\n<div style=\"flex-direction: column; flex-grow: 1; justify-content: center;\">\n<div style=\"background-color: #f4f4f4; border-radius: 4px; flex-grow: 0; height: 14px; margin-bottom: 6px; width: 100px;\"><\/div>\n<div style=\"background-color: #f4f4f4; border-radius: 4px; flex-grow: 0; height: 14px; width: 60px;\"><\/div>\n<\/div>\n<\/div>\n<div style=\"padding: 19% 0;\"><\/div>\n<div style=\"height: 50px; margin: 0 auto 12px; width: 50px;\"><\/div>\n<div style=\"padding-top: 8px;\">\n<div style=\"color: #3897f0; font-family: Arial,sans-serif; font-size: 14px; font-style: normal; font-weight: 550; line-height: 18px;\">Voir cette publication sur Instagram<\/div>\n<\/div>\n<div style=\"padding: 12.5% 0;\"><\/div>\n<div style=\"flex-direction: row; margin-bottom: 14px; align-items: center;\">\n<div>\n<div style=\"background-color: #f4f4f4; border-radius: 50%; height: 12.5px; width: 12.5px;\"><\/div>\n<div style=\"background-color: #f4f4f4; height: 12.5px; width: 12.5px; flex-grow: 0; margin-right: 14px; margin-left: 2px;\"><\/div>\n<div style=\"background-color: #f4f4f4; border-radius: 50%; height: 12.5px; width: 12.5px;\"><\/div>\n<\/div>\n<div style=\"margin-left: 8px;\">\n<div style=\"background-color: #f4f4f4; border-radius: 50%; flex-grow: 0; height: 20px; width: 20px;\"><\/div>\n<div style=\"width: 0; height: 0; border-top: 2px solid transparent; border-left: 6px solid #f4f4f4; border-bottom: 2px solid transparent;\"><\/div>\n<\/div>\n<div style=\"margin-left: auto;\">\n<div style=\"width: 0px; border-top: 8px solid #F4F4F4; border-right: 8px solid transparent;\"><\/div>\n<div style=\"background-color: #f4f4f4; flex-grow: 0; height: 12px; width: 16px;\"><\/div>\n<div style=\"width: 0; height: 0; border-top: 8px solid #F4F4F4; border-left: 8px solid transparent;\"><\/div>\n<\/div>\n<\/div>\n<div style=\"flex-direction: column; flex-grow: 1; justify-content: center; margin-bottom: 24px;\">\n<div style=\"background-color: #f4f4f4; border-radius: 4px; flex-grow: 0; height: 14px; margin-bottom: 6px; width: 224px;\"><\/div>\n<div style=\"background-color: #f4f4f4; border-radius: 4px; flex-grow: 0; height: 14px; width: 144px;\"><\/div>\n<\/div>\n<p>&nbsp;<\/p>\n<p style=\"color: #c9c8cd; font-family: Arial,sans-serif; font-size: 14px; line-height: 17px; margin-bottom: 0; margin-top: 8px; overflow: hidden; padding: 8px 0 7px; text-align: center;\"><a style=\"color: #c9c8cd; font-family: Arial,sans-serif; font-size: 14px; font-style: normal; font-weight: normal; line-height: 17px; text-decoration: none;\" href=\"https:\/\/www.instagram.com\/p\/C9C6g7rK5n0\/?utm_source=ig_embed&amp;utm_campaign=loading\" target=\"_blank\" rel=\"noopener\">Une publication partag\u00e9e par Ville de Soulac sur Mer (@ville_de_soulac)<\/a><\/p>\n<\/div>\n<\/blockquote>\n<p>Mais Soulac ne se limite pas \u00e0 ses plages. Son <strong>arri\u00e8re-pays bois\u00e9<\/strong> et son <a href=\"https:\/\/discover.ulysse.com\/village-perche-plus-grand-estuaire-europe\">estuaire<\/a> offrent de nombreuses possibilit\u00e9s d\u2019\u00e9vasion, que ce soit \u00e0 pied, \u00e0 v\u00e9lo ou en bateau. La commune mise \u00e9galement sur un <a href=\"https:\/\/discover.ulysse.com\/7-millions-visiteurs-et-zero-remords-bordeaux\">tourisme plus \u00e9cologique<\/a>, avec des initiatives pour encourager les visiteurs \u00e0 <strong>explorer ses paysages en douceur<\/strong>, loin du tourisme de masse.<\/p>\n<h2>Une histoire fascinante, entre vestiges antiques et patrimoine pr\u00e9serv\u00e9<\/h2>\n<p>Soulac-sur-Mer n\u2019est pas qu\u2019une station baln\u00e9aire : c\u2019est<strong> un t\u00e9moin du pass\u00e9<\/strong>, avec une histoire qui remonte \u00e0 l\u2019Antiquit\u00e9. L\u2019ancienne cit\u00e9 romaine de Noviamagus, <strong>engloutie par les sables<\/strong>, rappelle combien cette r\u00e9gion a toujours \u00e9t\u00e9 fa\u00e7onn\u00e9e par les \u00e9l\u00e9ments.<\/p>\n<p>Mais c\u2019est surtout son <strong>patrimoine architectural du 19\u1d49 si\u00e8cle<\/strong> qui fait aujourd\u2019hui son charme. Plus de 500 villas color\u00e9es et finement orn\u00e9es, h\u00e9rit\u00e9es de l\u2019\u00e2ge d\u2019or des bains de mer, bordent ses rues paisibles. La <strong>basilique Notre-Dame-de-la-Fin-des-Terres<\/strong>, joyau de l\u2019art roman, est un autre symbole de la ville. Class\u00e9e au patrimoine mondial de l\u2019UNESCO, elle incarne l\u2019identit\u00e9 soulacaise et son lien ind\u00e9fectible avec l\u2019oc\u00e9an.<\/p>\n<blockquote class=\"instagram-media\" style=\"background: #FFF; border: 0; border-radius: 3px; margin: 1px; max-width: 540px; min-width: 326px; padding: 0; width: calc(100% - 2px);\" data-instgrm-permalink=\"https:\/\/www.instagram.com\/p\/DAQCz4OsISQ\/?utm_source=ig_embed&amp;utm_campaign=loading\" data-instgrm-version=\"14\">\n<div style=\"padding: 16px;\">\n<p>&nbsp;<\/p>\n<div style=\"flex-direction: row; align-items: center;\">\n<div style=\"background-color: #f4f4f4; border-radius: 50%; flex-grow: 0; height: 40px; margin-right: 14px; width: 40px;\"><\/div>\n<div style=\"flex-direction: column; flex-grow: 1; justify-content: center;\">\n<div style=\"background-color: #f4f4f4; border-radius: 4px; flex-grow: 0; height: 14px; margin-bottom: 6px; width: 100px;\"><\/div>\n<div style=\"background-color: #f4f4f4; border-radius: 4px; flex-grow: 0; height: 14px; width: 60px;\"><\/div>\n<\/div>\n<\/div>\n<div style=\"padding: 19% 0;\"><\/div>\n<div style=\"height: 50px; margin: 0 auto 12px; width: 50px;\"><\/div>\n<div style=\"padding-top: 8px;\">\n<div style=\"color: #3897f0; font-family: Arial,sans-serif; font-size: 14px; font-style: normal; font-weight: 550; line-height: 18px;\">Voir cette publication sur Instagram<\/div>\n<\/div>\n<div style=\"padding: 12.5% 0;\"><\/div>\n<div style=\"flex-direction: row; margin-bottom: 14px; align-items: center;\">\n<div>\n<div style=\"background-color: #f4f4f4; border-radius: 50%; height: 12.5px; width: 12.5px;\"><\/div>\n<div style=\"background-color: #f4f4f4; height: 12.5px; width: 12.5px; flex-grow: 0; margin-right: 14px; margin-left: 2px;\"><\/div>\n<div style=\"background-color: #f4f4f4; border-radius: 50%; height: 12.5px; width: 12.5px;\"><\/div>\n<\/div>\n<div style=\"margin-left: 8px;\">\n<div style=\"background-color: #f4f4f4; border-radius: 50%; flex-grow: 0; height: 20px; width: 20px;\"><\/div>\n<div style=\"width: 0; height: 0; border-top: 2px solid transparent; border-left: 6px solid #f4f4f4; border-bottom: 2px solid transparent;\"><\/div>\n<\/div>\n<div style=\"margin-left: auto;\">\n<div style=\"width: 0px; border-top: 8px solid #F4F4F4; border-right: 8px solid transparent;\"><\/div>\n<div style=\"background-color: #f4f4f4; flex-grow: 0; height: 12px; width: 16px;\"><\/div>\n<div style=\"width: 0; height: 0; border-top: 8px solid #F4F4F4; border-left: 8px solid transparent;\"><\/div>\n<\/div>\n<\/div>\n<div style=\"flex-direction: column; flex-grow: 1; justify-content: center; margin-bottom: 24px;\">\n<div style=\"background-color: #f4f4f4; border-radius: 4px; flex-grow: 0; height: 14px; margin-bottom: 6px; width: 224px;\"><\/div>\n<div style=\"background-color: #f4f4f4; border-radius: 4px; flex-grow: 0; height: 14px; width: 144px;\"><\/div>\n<\/div>\n<p>&nbsp;<\/p>\n<p style=\"color: #c9c8cd; font-family: Arial,sans-serif; font-size: 14px; line-height: 17px; margin-bottom: 0; margin-top: 8px; overflow: hidden; padding: 8px 0 7px; text-align: center;\"><a style=\"color: #c9c8cd; font-family: Arial,sans-serif; font-size: 14px; font-style: normal; font-weight: normal; line-height: 17px; text-decoration: none;\" href=\"https:\/\/www.instagram.com\/p\/DAQCz4OsISQ\/?utm_source=ig_embed&amp;utm_campaign=loading\" target=\"_blank\" rel=\"noopener\">Une publication partag\u00e9e par Ville de Soulac sur Mer (@ville_de_soulac)<\/a><\/p>\n<\/div>\n<\/blockquote>\n<p>En 2025, la commune pr\u00e9voit d\u2019accro\u00eetre la mise en valeur de son patrimoine, avec des <strong>parcours immersifs et interactifs<\/strong> qui permettront aux visiteurs de voyager \u00e0 travers le temps en d\u00e9couvrant l\u2019histoire fascinante de la station et de la ville.<\/p>\n<h2>Une mont\u00e9e en gamme de l\u2019offre touristique<\/h2>\n<p>Si Soulac-sur-Mer a su conserver son authenticit\u00e9, elle n\u2019en demeure pas moins<strong> tourn\u00e9e vers l\u2019avenir<\/strong>. Consciente de l\u2019\u00e9volution des attentes des voyageurs, la station a amorc\u00e9 une mont\u00e9e en gamme de ses infrastructures pour offrir une<strong> exp\u00e9rience plus compl\u00e8te et qualitative<\/strong>.<\/p>\n<p>Le <strong>front de mer a \u00e9t\u00e9 r\u00e9am\u00e9nag\u00e9<\/strong>, int\u00e9grant des espaces pi\u00e9tons, des pistes cyclables et des terrasses ouvertes sur l\u2019oc\u00e9an. C\u00f4t\u00e9 h\u00e9bergement, de nouveaux<a href=\"https:\/\/discover.ulysse.com\/lyon-leldorado-voyageurs-ecoresponsables\"> \u00e9tablissements \u00e9coresponsables<\/a> ont vu le jour, r\u00e9pondant aux exigences d\u2019un tourisme plus durable. H\u00f4tels de charme, chambres d\u2019h\u00f4tes \u00e9l\u00e9gantes et lodges int\u00e9gr\u00e9s dans la nature se multiplient, attirant une client\u00e8le<strong> en qu\u00eate d\u2019authenticit\u00e9 et de confort<\/strong>.<\/p>\n<blockquote class=\"instagram-media\" style=\"background: #FFF; border: 0; border-radius: 3px; margin: 1px; max-width: 540px; min-width: 326px; padding: 0; width: calc(100% - 2px);\" data-instgrm-permalink=\"https:\/\/www.instagram.com\/reel\/C5Qvt9sK7Vk\/?utm_source=ig_embed&amp;utm_campaign=loading\" data-instgrm-version=\"14\">\n<div style=\"padding: 16px;\">\n<p>&nbsp;<\/p>\n<div style=\"flex-direction: row; align-items: center;\">\n<div style=\"background-color: #f4f4f4; border-radius: 50%; flex-grow: 0; height: 40px; margin-right: 14px; width: 40px;\"><\/div>\n<div style=\"flex-direction: column; flex-grow: 1; justify-content: center;\">\n<div style=\"background-color: #f4f4f4; border-radius: 4px; flex-grow: 0; height: 14px; margin-bottom: 6px; width: 100px;\"><\/div>\n<div style=\"background-color: #f4f4f4; border-radius: 4px; flex-grow: 0; height: 14px; width: 60px;\"><\/div>\n<\/div>\n<\/div>\n<div style=\"padding: 19% 0;\"><\/div>\n<div style=\"height: 50px; margin: 0 auto 12px; width: 50px;\"><\/div>\n<div style=\"padding-top: 8px;\">\n<div style=\"color: #3897f0; font-family: Arial,sans-serif; font-size: 14px; font-style: normal; font-weight: 550; line-height: 18px;\">Voir cette publication sur Instagram<\/div>\n<\/div>\n<div style=\"padding: 12.5% 0;\"><\/div>\n<div style=\"flex-direction: row; margin-bottom: 14px; align-items: center;\">\n<div>\n<div style=\"background-color: #f4f4f4; border-radius: 50%; height: 12.5px; width: 12.5px;\"><\/div>\n<div style=\"background-color: #f4f4f4; height: 12.5px; width: 12.5px; flex-grow: 0; margin-right: 14px; margin-left: 2px;\"><\/div>\n<div style=\"background-color: #f4f4f4; border-radius: 50%; height: 12.5px; width: 12.5px;\"><\/div>\n<\/div>\n<div style=\"margin-left: 8px;\">\n<div style=\"background-color: #f4f4f4; border-radius: 50%; flex-grow: 0; height: 20px; width: 20px;\"><\/div>\n<div style=\"width: 0; height: 0; border-top: 2px solid transparent; border-left: 6px solid #f4f4f4; border-bottom: 2px solid transparent;\"><\/div>\n<\/div>\n<div style=\"margin-left: auto;\">\n<div style=\"width: 0px; border-top: 8px solid #F4F4F4; border-right: 8px solid transparent;\"><\/div>\n<div style=\"background-color: #f4f4f4; flex-grow: 0; height: 12px; width: 16px;\"><\/div>\n<div style=\"width: 0; height: 0; border-top: 8px solid #F4F4F4; border-left: 8px solid transparent;\"><\/div>\n<\/div>\n<\/div>\n<div style=\"flex-direction: column; flex-grow: 1; justify-content: center; margin-bottom: 24px;\">\n<div style=\"background-color: #f4f4f4; border-radius: 4px; flex-grow: 0; height: 14px; margin-bottom: 6px; width: 224px;\"><\/div>\n<div style=\"background-color: #f4f4f4; border-radius: 4px; flex-grow: 0; height: 14px; width: 144px;\"><\/div>\n<\/div>\n<p>&nbsp;<\/p>\n<p style=\"color: #c9c8cd; font-family: Arial,sans-serif; font-size: 14px; line-height: 17px; margin-bottom: 0; margin-top: 8px; overflow: hidden; padding: 8px 0 7px; text-align: center;\"><a style=\"color: #c9c8cd; font-family: Arial,sans-serif; font-size: 14px; font-style: normal; font-weight: normal; line-height: 17px; text-decoration: none;\" href=\"https:\/\/www.instagram.com\/reel\/C5Qvt9sK7Vk\/?utm_source=ig_embed&amp;utm_campaign=loading\" target=\"_blank\" rel=\"noopener\">Une publication partag\u00e9e par Ville de Soulac sur Mer (@ville_de_soulac)<\/a><\/p>\n<\/div>\n<\/blockquote>\n<p>Les commerces et restaurants ne sont pas en reste. La <strong>gastronomie locale<\/strong>, entre produits de la mer et sp\u00e9cialit\u00e9s m\u00e9docaines, est mise \u00e0 l\u2019honneur, avec une multiplication des adresses privil\u00e9giant les circuits courts et les produits du terroir.<\/p>\n<h2>2025, l\u2019ann\u00e9e de la r\u00e9v\u00e9lation pour la station baln\u00e9aire<\/h2>\n<p>Alors que Soulac-sur-Mer a longtemps v\u00e9cu dans l\u2019ombre de stations plus connues, 2025 pourrait bien \u00eatre l\u2019ann\u00e9e o\u00f9 elle s\u2019impose comme <strong>un incontournable du tourisme atlantique<\/strong>. Son cadre naturel unique, son patrimoine pr\u00e9serv\u00e9, son engagement \u00e9cologique et sa mont\u00e9e en gamme en font une destination id\u00e9ale pour ceux qui recherchent authenticit\u00e9, d\u00e9tente et d\u00e9couvertes culturelles.<\/p>\n<p>Les premiers signes sont d\u00e9j\u00e0 l\u00e0 : un <strong>afflux croissant de visiteurs<\/strong>, une reconnaissance de plus en plus marqu\u00e9e pour sa qualit\u00e9 de vie et son offre touristique en pleine expansion. Si vous cherchez une station baln\u00e9aire o\u00f9 tradition et modernit\u00e9 se rencontrent harmonieusement, il est peut-\u00eatre temps de (re)d\u00e9couvrir Soulac-sur-Mer avant que tout le monde ne s\u2019y pr\u00e9cipite.<\/p>\n","protected":false},"excerpt":{"rendered":"<p>\u00c0 l\u2019aube de la saison estivale 2025, une destination baln\u00e9aire de Nouvelle-Aquitaine est en train de se transformer en un [&hellip;]<\/p>\n","protected":false},"author":3,"featured_media":25539,"comment_status":"open","ping_status":"closed","sticky":false,"template":"","format":"standard","meta":{"_acf_changed":false,"_sitemap_exclude":false,"_sitemap_priority":"","_sitemap_frequency":"","footnotes":"","rank_math_title":"","rank_math_description":"En 2025, Soulac-sur-Mer ne sera plus seulement une \u00e9tape discr\u00e8te du M\u00e9doc : elle s\u2019impose comme la station baln\u00e9aire \u00e0 ne pas manquer.","rank_math_canonical_url":"","rank_math_focus_keyword":"station"},"categories":[3],"tags":[],"class_list":["post-25535","post","type-post","status-publish","format-standard","has-post-thumbnail","hentry","category-voyage"],"acf":[],"_links":{"self":[{"href":"https:\/\/ulysse.com\/news\/wp-json\/wp\/v2\/posts\/25535","targetHints":{"allow":["GET"]}}],"collection":[{"href":"https:\/\/ulysse.com\/news\/wp-json\/wp\/v2\/posts"}],"about":[{"href":"https:\/\/ulysse.com\/news\/wp-json\/wp\/v2\/types\/post"}],"author":[{"embeddable":true,"href":"https:\/\/ulysse.com\/news\/wp-json\/wp\/v2\/users\/3"}],"replies":[{"embeddable":true,"href":"https:\/\/ulysse.com\/news\/wp-json\/wp\/v2\/comments?post=25535"}],"version-history":[{"count":4,"href":"https:\/\/ulysse.com\/news\/wp-json\/wp\/v2\/posts\/25535\/revisions"}],"predecessor-version":[{"id":25540,"href":"https:\/\/ulysse.com\/news\/wp-json\/wp\/v2\/posts\/25535\/revisions\/25540"}],"wp:featuredmedia":[{"embeddable":true,"href":"https:\/\/ulysse.com\/news\/wp-json\/wp\/v2\/media\/25539"}],"wp:attachment":[{"href":"https:\/\/ulysse.com\/news\/wp-json\/wp\/v2\/media?parent=25535"}],"wp:term":[{"taxonomy":"category","embeddable":true,"href":"https:\/\/ulysse.com\/news\/wp-json\/wp\/v2\/categories?post=25535"},{"taxonomy":"post_tag","embeddable":true,"href":"https:\/\/ulysse.com\/news\/wp-json\/wp\/v2\/tags?post=25535"}],"curies":[{"name":"wp","href":"https:\/\/api.w.org\/{rel}","templated":true}]}}