{"id":25559,"date":"2025-02-18T07:00:40","date_gmt":"2025-02-18T06:00:40","guid":{"rendered":"https:\/\/discover.ulysse.com\/?p=25559"},"modified":"2025-02-17T21:07:05","modified_gmt":"2025-02-17T20:07:05","slug":"coulisses-interdites-versailles-accessibles","status":"publish","type":"post","link":"https:\/\/ulysse.com\/news\/coulisses-interdites-versailles-accessibles","title":{"rendered":"Les coulisses interdites de Versailles sont enfin accessibles !"},"content":{"rendered":"<p>Derri\u00e8re les fastes du ch\u00e2teau de Versailles, symboles \u00e9clatants du pouvoir absolu de Louis XIV, se cachent des lieux rest\u00e9s inaccessibles au public. \u00c0 partir du 15 f\u00e9vrier 2025, une opportunit\u00e9 unique s\u2019offre aux visiteurs : d\u00e9couvrir des espaces jusqu\u2019alors interdits, t\u00e9moins des grandes transformations politiques fran\u00e7aises. Jusqu\u2019\u00e0 fin septembre, il sera possible d\u2019arpenter la Salle du Congr\u00e8s et l\u2019appartement du pr\u00e9sident du Parlement, situ\u00e9s dans l\u2019aile du Midi. Ces pi\u00e8ces secr\u00e8tes, o\u00f9 se sont jou\u00e9es des d\u00e9cisions majeures, offrent une plong\u00e9e fascinante dans l\u2019\u00e9volution du ch\u00e2teau, pass\u00e9 de r\u00e9sidence royale \u00e0 th\u00e9\u00e2tre de la R\u00e9publique.<\/p>\n<h2>L\u2019aile du Midi : du faste royal aux d\u00e9cisions r\u00e9publicaines<\/h2>\n<p>Construite sous Louis XIV, l\u2019aile du Midi faisait partie du <strong>projet d\u2019agrandissement du ch\u00e2teau de Versailles<\/strong>. Si son architecture s\u2019inscrit dans la continuit\u00e9 du style classique versaillais,<strong> son r\u00f4le a progressivement \u00e9volu\u00e9<\/strong>. Au lendemain de la guerre de 1870 et de la chute du Second Empire, Versailles devient le centre de la r\u00e9organisation politique fran\u00e7aise.<\/p>\n<p>Face aux troubles de la Commune de <a href=\"https:\/\/discover.ulysse.com\/pourquoi-personne-ne-parle-facette-paris\">Paris<\/a>, l\u2019Assembl\u00e9e nationale trouve refuge dans ces murs en 1871. Quatre ans plus tard, en 1875, l\u2019instauration du bicam\u00e9risme (<strong>Assembl\u00e9e nationale et S\u00e9nat<\/strong>) conduit \u00e0 la cr\u00e9ation de la Salle du Congr\u00e8s, une pi\u00e8ce spectaculaire o\u00f9 se r\u00e9unissent encore aujourd\u2019hui les parlementaires pour modifier la Constitution.<\/p>\n<blockquote class=\"instagram-media\" style=\"background: #FFF; border: 0; border-radius: 3px; margin: 1px; max-width: 540px; min-width: 326px; padding: 0; width: calc(100% - 2px);\" data-instgrm-permalink=\"https:\/\/www.instagram.com\/p\/DCRzAHgIN7-\/?utm_source=ig_embed&amp;utm_campaign=loading\" data-instgrm-version=\"14\">\n<div style=\"padding: 16px;\">\n<p>&nbsp;<\/p>\n<div style=\"flex-direction: row; align-items: center;\">\n<div style=\"background-color: #f4f4f4; border-radius: 50%; flex-grow: 0; height: 40px; margin-right: 14px; width: 40px;\"><\/div>\n<div style=\"flex-direction: column; flex-grow: 1; justify-content: center;\">\n<div style=\"background-color: #f4f4f4; border-radius: 4px; flex-grow: 0; height: 14px; margin-bottom: 6px; width: 100px;\"><\/div>\n<div style=\"background-color: #f4f4f4; border-radius: 4px; flex-grow: 0; height: 14px; width: 60px;\"><\/div>\n<\/div>\n<\/div>\n<div style=\"padding: 19% 0;\"><\/div>\n<div style=\"height: 50px; margin: 0 auto 12px; width: 50px;\"><\/div>\n<div style=\"padding-top: 8px;\">\n<div style=\"color: #3897f0; font-family: Arial,sans-serif; font-size: 14px; font-style: normal; font-weight: 550; line-height: 18px;\">Voir cette publication sur Instagram<\/div>\n<\/div>\n<div style=\"padding: 12.5% 0;\"><\/div>\n<div style=\"flex-direction: row; margin-bottom: 14px; align-items: center;\">\n<div>\n<div style=\"background-color: #f4f4f4; border-radius: 50%; height: 12.5px; width: 12.5px;\"><\/div>\n<div style=\"background-color: #f4f4f4; height: 12.5px; width: 12.5px; flex-grow: 0; margin-right: 14px; margin-left: 2px;\"><\/div>\n<div style=\"background-color: #f4f4f4; border-radius: 50%; height: 12.5px; width: 12.5px;\"><\/div>\n<\/div>\n<div style=\"margin-left: 8px;\">\n<div style=\"background-color: #f4f4f4; border-radius: 50%; flex-grow: 0; height: 20px; width: 20px;\"><\/div>\n<div style=\"width: 0; height: 0; border-top: 2px solid transparent; border-left: 6px solid #f4f4f4; border-bottom: 2px solid transparent;\"><\/div>\n<\/div>\n<div style=\"margin-left: auto;\">\n<div style=\"width: 0px; border-top: 8px solid #F4F4F4; border-right: 8px solid transparent;\"><\/div>\n<div style=\"background-color: #f4f4f4; flex-grow: 0; height: 12px; width: 16px;\"><\/div>\n<div style=\"width: 0; height: 0; border-top: 8px solid #F4F4F4; border-left: 8px solid transparent;\"><\/div>\n<\/div>\n<\/div>\n<div style=\"flex-direction: column; flex-grow: 1; justify-content: center; margin-bottom: 24px;\">\n<div style=\"background-color: #f4f4f4; border-radius: 4px; flex-grow: 0; height: 14px; margin-bottom: 6px; width: 224px;\"><\/div>\n<div style=\"background-color: #f4f4f4; border-radius: 4px; flex-grow: 0; height: 14px; width: 144px;\"><\/div>\n<\/div>\n<p>&nbsp;<\/p>\n<p style=\"color: #c9c8cd; font-family: Arial,sans-serif; font-size: 14px; line-height: 17px; margin-bottom: 0; margin-top: 8px; overflow: hidden; padding: 8px 0 7px; text-align: center;\"><a style=\"color: #c9c8cd; font-family: Arial,sans-serif; font-size: 14px; font-style: normal; font-weight: normal; line-height: 17px; text-decoration: none;\" href=\"https:\/\/www.instagram.com\/p\/DCRzAHgIN7-\/?utm_source=ig_embed&amp;utm_campaign=loading\" target=\"_blank\" rel=\"noopener\">Une publication partag\u00e9e par Cha\u0302teau de Versailles (@chateauversailles)<\/a><\/p>\n<\/div>\n<\/blockquote>\n<h2>Une plong\u00e9e dans un d\u00e9cor charg\u00e9 d\u2019histoire<\/h2>\n<p>Derri\u00e8re les portes habituellement closes de <strong>l\u2019aile du Midi<\/strong>, le visiteur d\u00e9couvre un univers bien diff\u00e9rent du faste baroque du ch\u00e2teau. La Salle du Congr\u00e8s, plus vaste que l\u2019h\u00e9micycle du Palais Bourbon, est domin\u00e9e par <strong>une<\/strong> <strong>imposante peinture<\/strong> repr\u00e9sentant l\u2019ouverture des \u00c9tats g\u00e9n\u00e9raux de 1789, un rappel saisissant des soubresauts r\u00e9volutionnaires qui ont boulevers\u00e9 la monarchie. Les boiseries sombres, les si\u00e8ges dispos\u00e9s en gradins et le perchoir pr\u00e9sidentiel rappellent imm\u00e9diatement <strong>la solennit\u00e9 des d\u00e9bats<\/strong> qui s\u2019y tiennent.<\/p>\n<p>L\u2019autre espace in\u00e9dit, l\u2019<strong>appartement du pr\u00e9sident du Congr\u00e8s<\/strong>, est un bijou d\u2019architecture n\u00e9o-Louis XV. Ce lieu, destin\u00e9 aux r\u00e9ceptions officielles, se distingue par ses plafonds richement d\u00e9cor\u00e9s et son mobilier d\u2019apparat. Parmi les \u0153uvres expos\u00e9es, le c\u00e9l\u00e8bre \u00ab <strong>Napol\u00e9on franchissant les Alpes<\/strong> \u00bb de David, ainsi que des portraits des figures embl\u00e9matiques de la IIIe R\u00e9publique comme L\u00e9on Gambetta ou Adolphe Thiers, offrent un voyage dans l\u2019histoire politique fran\u00e7aise.<\/p>\n<blockquote class=\"instagram-media\" style=\"background: #FFF; border: 0; border-radius: 3px; margin: 1px; max-width: 540px; min-width: 326px; padding: 0; width: calc(100% - 2px);\" data-instgrm-permalink=\"https:\/\/www.instagram.com\/p\/C4K5uQ8I3nr\/?utm_source=ig_embed&amp;utm_campaign=loading\" data-instgrm-version=\"14\">\n<div style=\"padding: 16px;\">\n<p>&nbsp;<\/p>\n<div style=\"flex-direction: row; align-items: center;\">\n<div style=\"background-color: #f4f4f4; border-radius: 50%; flex-grow: 0; height: 40px; margin-right: 14px; width: 40px;\"><\/div>\n<div style=\"flex-direction: column; flex-grow: 1; justify-content: center;\">\n<div style=\"background-color: #f4f4f4; border-radius: 4px; flex-grow: 0; height: 14px; margin-bottom: 6px; width: 100px;\"><\/div>\n<div style=\"background-color: #f4f4f4; border-radius: 4px; flex-grow: 0; height: 14px; width: 60px;\"><\/div>\n<\/div>\n<\/div>\n<div style=\"padding: 19% 0;\"><\/div>\n<div style=\"height: 50px; margin: 0 auto 12px; width: 50px;\"><\/div>\n<div style=\"padding-top: 8px;\">\n<div style=\"color: #3897f0; font-family: Arial,sans-serif; font-size: 14px; font-style: normal; font-weight: 550; line-height: 18px;\">Voir cette publication sur Instagram<\/div>\n<\/div>\n<div style=\"padding: 12.5% 0;\"><\/div>\n<div style=\"flex-direction: row; margin-bottom: 14px; align-items: center;\">\n<div>\n<div style=\"background-color: #f4f4f4; border-radius: 50%; height: 12.5px; width: 12.5px;\"><\/div>\n<div style=\"background-color: #f4f4f4; height: 12.5px; width: 12.5px; flex-grow: 0; margin-right: 14px; margin-left: 2px;\"><\/div>\n<div style=\"background-color: #f4f4f4; border-radius: 50%; height: 12.5px; width: 12.5px;\"><\/div>\n<\/div>\n<div style=\"margin-left: 8px;\">\n<div style=\"background-color: #f4f4f4; border-radius: 50%; flex-grow: 0; height: 20px; width: 20px;\"><\/div>\n<div style=\"width: 0; height: 0; border-top: 2px solid transparent; border-left: 6px solid #f4f4f4; border-bottom: 2px solid transparent;\"><\/div>\n<\/div>\n<div style=\"margin-left: auto;\">\n<div style=\"width: 0px; border-top: 8px solid #F4F4F4; border-right: 8px solid transparent;\"><\/div>\n<div style=\"background-color: #f4f4f4; flex-grow: 0; height: 12px; width: 16px;\"><\/div>\n<div style=\"width: 0; height: 0; border-top: 8px solid #F4F4F4; border-left: 8px solid transparent;\"><\/div>\n<\/div>\n<\/div>\n<div style=\"flex-direction: column; flex-grow: 1; justify-content: center; margin-bottom: 24px;\">\n<div style=\"background-color: #f4f4f4; border-radius: 4px; flex-grow: 0; height: 14px; margin-bottom: 6px; width: 224px;\"><\/div>\n<div style=\"background-color: #f4f4f4; border-radius: 4px; flex-grow: 0; height: 14px; width: 144px;\"><\/div>\n<\/div>\n<p>&nbsp;<\/p>\n<p style=\"color: #c9c8cd; font-family: Arial,sans-serif; font-size: 14px; line-height: 17px; margin-bottom: 0; margin-top: 8px; overflow: hidden; padding: 8px 0 7px; text-align: center;\"><a style=\"color: #c9c8cd; font-family: Arial,sans-serif; font-size: 14px; font-style: normal; font-weight: normal; line-height: 17px; text-decoration: none;\" href=\"https:\/\/www.instagram.com\/p\/C4K5uQ8I3nr\/?utm_source=ig_embed&amp;utm_campaign=loading\" target=\"_blank\" rel=\"noopener\">Une publication partag\u00e9e par Cha\u0302teau de Versailles (@chateauversailles)<\/a><\/p>\n<\/div>\n<\/blockquote>\n<h2>Une ouverture exceptionnelle, mais temporaire<\/h2>\n<p>Cet <strong>acc\u00e8s aux coulisses du pouvoir<\/strong> ne durera que quelques mois, <strong>jusqu\u2019au 30 septembre 2025<\/strong>. Disponible uniquement les week-ends et jours f\u00e9ri\u00e9s, la visite est incluse dans le billet classique du ch\u00e2teau. Pour les curieux souhaitant une <strong>exp\u00e9rience plus approfondie<\/strong>, des visites guid\u00e9es seront propos\u00e9es en semaine, permettant d\u2019explorer ces salles sous un regard expert.<\/p>\n<p>Cette initiative s\u2019inscrit dans la <strong>c\u00e9l\u00e9bration des 150 ans des lois constitutionnelles<\/strong> de 1875, un moment cl\u00e9 dans la structuration de la R\u00e9publique fran\u00e7aise. C\u2019est l\u2019occasion id\u00e9ale de d\u00e9couvrir comment ce <a href=\"https:\/\/discover.ulysse.com\/noel-royal-visitant-ces-chateau-ile-de-france\">ch\u00e2teau<\/a>, symbole absolu de la monarchie, est devenu un<strong> haut lieu des institutions r\u00e9publicaines<\/strong>.<\/p>\n<blockquote class=\"instagram-media\" style=\"background: #FFF; border: 0; border-radius: 3px; margin: 1px; max-width: 540px; min-width: 326px; padding: 0; width: calc(100% - 2px);\" data-instgrm-permalink=\"https:\/\/www.instagram.com\/p\/DGGk2EKot3z\/?utm_source=ig_embed&amp;utm_campaign=loading\" data-instgrm-version=\"14\">\n<div style=\"padding: 16px;\">\n<p>&nbsp;<\/p>\n<div style=\"flex-direction: row; align-items: center;\">\n<div style=\"background-color: #f4f4f4; border-radius: 50%; flex-grow: 0; height: 40px; margin-right: 14px; width: 40px;\"><\/div>\n<div style=\"flex-direction: column; flex-grow: 1; justify-content: center;\">\n<div style=\"background-color: #f4f4f4; border-radius: 4px; flex-grow: 0; height: 14px; margin-bottom: 6px; width: 100px;\"><\/div>\n<div style=\"background-color: #f4f4f4; border-radius: 4px; flex-grow: 0; height: 14px; width: 60px;\"><\/div>\n<\/div>\n<\/div>\n<div style=\"padding: 19% 0;\"><\/div>\n<div style=\"height: 50px; margin: 0 auto 12px; width: 50px;\"><\/div>\n<div style=\"padding-top: 8px;\">\n<div style=\"color: #3897f0; font-family: Arial,sans-serif; font-size: 14px; font-style: normal; font-weight: 550; line-height: 18px;\">Voir cette publication sur Instagram<\/div>\n<\/div>\n<div style=\"padding: 12.5% 0;\"><\/div>\n<div style=\"flex-direction: row; margin-bottom: 14px; align-items: center;\">\n<div>\n<div style=\"background-color: #f4f4f4; border-radius: 50%; height: 12.5px; width: 12.5px;\"><\/div>\n<div style=\"background-color: #f4f4f4; height: 12.5px; width: 12.5px; flex-grow: 0; margin-right: 14px; margin-left: 2px;\"><\/div>\n<div style=\"background-color: #f4f4f4; border-radius: 50%; height: 12.5px; width: 12.5px;\"><\/div>\n<\/div>\n<div style=\"margin-left: 8px;\">\n<div style=\"background-color: #f4f4f4; border-radius: 50%; flex-grow: 0; height: 20px; width: 20px;\"><\/div>\n<div style=\"width: 0; height: 0; border-top: 2px solid transparent; border-left: 6px solid #f4f4f4; border-bottom: 2px solid transparent;\"><\/div>\n<\/div>\n<div style=\"margin-left: auto;\">\n<div style=\"width: 0px; border-top: 8px solid #F4F4F4; border-right: 8px solid transparent;\"><\/div>\n<div style=\"background-color: #f4f4f4; flex-grow: 0; height: 12px; width: 16px;\"><\/div>\n<div style=\"width: 0; height: 0; border-top: 8px solid #F4F4F4; border-left: 8px solid transparent;\"><\/div>\n<\/div>\n<\/div>\n<div style=\"flex-direction: column; flex-grow: 1; justify-content: center; margin-bottom: 24px;\">\n<div style=\"background-color: #f4f4f4; border-radius: 4px; flex-grow: 0; height: 14px; margin-bottom: 6px; width: 224px;\"><\/div>\n<div style=\"background-color: #f4f4f4; border-radius: 4px; flex-grow: 0; height: 14px; width: 144px;\"><\/div>\n<\/div>\n<p>&nbsp;<\/p>\n<p style=\"color: #c9c8cd; font-family: Arial,sans-serif; font-size: 14px; line-height: 17px; margin-bottom: 0; margin-top: 8px; overflow: hidden; padding: 8px 0 7px; text-align: center;\"><a style=\"color: #c9c8cd; font-family: Arial,sans-serif; font-size: 14px; font-style: normal; font-weight: normal; line-height: 17px; text-decoration: none;\" href=\"https:\/\/www.instagram.com\/p\/DGGk2EKot3z\/?utm_source=ig_embed&amp;utm_campaign=loading\" target=\"_blank\" rel=\"noopener\">Une publication partag\u00e9e par Cha\u0302teau de Versailles (@chateauversailles)<\/a><\/p>\n<\/div>\n<\/blockquote>\n<h2>Infos pratiques \u00e0 conna\u00eetre absolument avant de visiter le ch\u00e2teau de Versailles<\/h2>\n<p>Cette ouverture exceptionnelle aura lieu <strong>du 15 f\u00e9vrier au 30 septembre 2025<\/strong>, avec un acc\u00e8s possible tous les week-ends et jours f\u00e9ri\u00e9s. En semaine, des visites guid\u00e9es payantes permettront d\u2019explorer ces espaces sous un regard expert. L\u2019entr\u00e9e \u00e0 ces lieux in\u00e9dits est incluse dans le <strong>billet standard du ch\u00e2teau<\/strong>, dont le tarif est fix\u00e9 \u00e0 <strong>24 \u20ac en basse saison et 32 \u20ac en haute saison<\/strong>.<\/p>\n<p>L\u2019<strong>acc\u00e8s est gratuit<\/strong> pour les moins de 26 ans, les personnes en situation de handicap, ainsi que pour tous les visiteurs lors du 1\u1d49\u02b3 dimanche du mois de mars. La <strong>r\u00e9servation est obligatoire<\/strong> et peut \u00eatre effectu\u00e9e en ligne. Pour s\u2019y rendre, le ch\u00e2teau de Versailles est facilement accessible depuis Paris en RER C, avec un arr\u00eat \u00e0 Versailles Ch\u00e2teau-Rive Gauche.<\/p>\n<blockquote class=\"instagram-media\" style=\"background: #FFF; border: 0; border-radius: 3px; margin: 1px; max-width: 540px; min-width: 326px; padding: 0; width: calc(100% - 2px);\" data-instgrm-permalink=\"https:\/\/www.instagram.com\/p\/DFIQ82WIZnb\/?utm_source=ig_embed&amp;utm_campaign=loading\" data-instgrm-version=\"14\">\n<div style=\"padding: 16px;\">\n<p>&nbsp;<\/p>\n<div style=\"flex-direction: row; align-items: center;\">\n<div style=\"background-color: #f4f4f4; border-radius: 50%; flex-grow: 0; height: 40px; margin-right: 14px; width: 40px;\"><\/div>\n<div style=\"flex-direction: column; flex-grow: 1; justify-content: center;\">\n<div style=\"background-color: #f4f4f4; border-radius: 4px; flex-grow: 0; height: 14px; margin-bottom: 6px; width: 100px;\"><\/div>\n<div style=\"background-color: #f4f4f4; border-radius: 4px; flex-grow: 0; height: 14px; width: 60px;\"><\/div>\n<\/div>\n<\/div>\n<div style=\"padding: 19% 0;\"><\/div>\n<div style=\"height: 50px; margin: 0 auto 12px; width: 50px;\"><\/div>\n<div style=\"padding-top: 8px;\">\n<div style=\"color: #3897f0; font-family: Arial,sans-serif; font-size: 14px; font-style: normal; font-weight: 550; line-height: 18px;\">Voir cette publication sur Instagram<\/div>\n<\/div>\n<div style=\"padding: 12.5% 0;\"><\/div>\n<div style=\"flex-direction: row; margin-bottom: 14px; align-items: center;\">\n<div>\n<div style=\"background-color: #f4f4f4; border-radius: 50%; height: 12.5px; width: 12.5px;\"><\/div>\n<div style=\"background-color: #f4f4f4; height: 12.5px; width: 12.5px; flex-grow: 0; margin-right: 14px; margin-left: 2px;\"><\/div>\n<div style=\"background-color: #f4f4f4; border-radius: 50%; height: 12.5px; width: 12.5px;\"><\/div>\n<\/div>\n<div style=\"margin-left: 8px;\">\n<div style=\"background-color: #f4f4f4; border-radius: 50%; flex-grow: 0; height: 20px; width: 20px;\"><\/div>\n<div style=\"width: 0; height: 0; border-top: 2px solid transparent; border-left: 6px solid #f4f4f4; border-bottom: 2px solid transparent;\"><\/div>\n<\/div>\n<div style=\"margin-left: auto;\">\n<div style=\"width: 0px; border-top: 8px solid #F4F4F4; border-right: 8px solid transparent;\"><\/div>\n<div style=\"background-color: #f4f4f4; flex-grow: 0; height: 12px; width: 16px;\"><\/div>\n<div style=\"width: 0; height: 0; border-top: 8px solid #F4F4F4; border-left: 8px solid transparent;\"><\/div>\n<\/div>\n<\/div>\n<div style=\"flex-direction: column; flex-grow: 1; justify-content: center; margin-bottom: 24px;\">\n<div style=\"background-color: #f4f4f4; border-radius: 4px; flex-grow: 0; height: 14px; margin-bottom: 6px; width: 224px;\"><\/div>\n<div style=\"background-color: #f4f4f4; border-radius: 4px; flex-grow: 0; height: 14px; width: 144px;\"><\/div>\n<\/div>\n<p>&nbsp;<\/p>\n<p style=\"color: #c9c8cd; font-family: Arial,sans-serif; font-size: 14px; line-height: 17px; margin-bottom: 0; margin-top: 8px; overflow: hidden; padding: 8px 0 7px; text-align: center;\"><a style=\"color: #c9c8cd; font-family: Arial,sans-serif; font-size: 14px; font-style: normal; font-weight: normal; line-height: 17px; text-decoration: none;\" href=\"https:\/\/www.instagram.com\/p\/DFIQ82WIZnb\/?utm_source=ig_embed&amp;utm_campaign=loading\" target=\"_blank\" rel=\"noopener\">Une publication partag\u00e9e par Cha\u0302teau de Versailles (@chateauversailles)<\/a><\/p>\n<\/div>\n<\/blockquote>\n<p>Si Versailles est d\u00e9j\u00e0 une<strong> \u00e9tape incontournable<\/strong> pour tout amateur d\u2019histoire et de patrimoine, cette ouverture \u00e9ph\u00e9m\u00e8re offre <strong>une raison suppl\u00e9mentaire de s\u2019y rendre<\/strong> en 2025. Un secret bien gard\u00e9 s\u2019appr\u00eate \u00e0 \u00eatre d\u00e9voil\u00e9, et il serait dommage de ne pas en profiter !<\/p>\n","protected":false},"excerpt":{"rendered":"<p>Derri\u00e8re les fastes du ch\u00e2teau de Versailles, symboles \u00e9clatants du pouvoir absolu de Louis XIV, se cachent des lieux rest\u00e9s [&hellip;]<\/p>\n","protected":false},"author":3,"featured_media":25560,"comment_status":"open","ping_status":"closed","sticky":false,"template":"","format":"standard","meta":{"_acf_changed":false,"_sitemap_exclude":false,"_sitemap_priority":"","_sitemap_frequency":"","footnotes":"","rank_math_title":"","rank_math_description":"Et si Versailles avait encore des secrets \u00e0 vous r\u00e9v\u00e9ler ? Pour la premi\u00e8re fois, des salles rest\u00e9es inaccessibles au public ouvrent leurs portes.","rank_math_canonical_url":"","rank_math_focus_keyword":"Versailles"},"categories":[3],"tags":[],"class_list":["post-25559","post","type-post","status-publish","format-standard","has-post-thumbnail","hentry","category-voyage"],"acf":[],"_links":{"self":[{"href":"https:\/\/ulysse.com\/news\/wp-json\/wp\/v2\/posts\/25559","targetHints":{"allow":["GET"]}}],"collection":[{"href":"https:\/\/ulysse.com\/news\/wp-json\/wp\/v2\/posts"}],"about":[{"href":"https:\/\/ulysse.com\/news\/wp-json\/wp\/v2\/types\/post"}],"author":[{"embeddable":true,"href":"https:\/\/ulysse.com\/news\/wp-json\/wp\/v2\/users\/3"}],"replies":[{"embeddable":true,"href":"https:\/\/ulysse.com\/news\/wp-json\/wp\/v2\/comments?post=25559"}],"version-history":[{"count":4,"href":"https:\/\/ulysse.com\/news\/wp-json\/wp\/v2\/posts\/25559\/revisions"}],"predecessor-version":[{"id":25591,"href":"https:\/\/ulysse.com\/news\/wp-json\/wp\/v2\/posts\/25559\/revisions\/25591"}],"wp:featuredmedia":[{"embeddable":true,"href":"https:\/\/ulysse.com\/news\/wp-json\/wp\/v2\/media\/25560"}],"wp:attachment":[{"href":"https:\/\/ulysse.com\/news\/wp-json\/wp\/v2\/media?parent=25559"}],"wp:term":[{"taxonomy":"category","embeddable":true,"href":"https:\/\/ulysse.com\/news\/wp-json\/wp\/v2\/categories?post=25559"},{"taxonomy":"post_tag","embeddable":true,"href":"https:\/\/ulysse.com\/news\/wp-json\/wp\/v2\/tags?post=25559"}],"curies":[{"name":"wp","href":"https:\/\/api.w.org\/{rel}","templated":true}]}}