{"id":25596,"date":"2025-02-18T12:00:04","date_gmt":"2025-02-18T11:00:04","guid":{"rendered":"https:\/\/discover.ulysse.com\/?p=25596"},"modified":"2025-02-18T11:06:41","modified_gmt":"2025-02-18T10:06:41","slug":"bordeaux-degringole-classement","status":"publish","type":"post","link":"https:\/\/ulysse.com\/news\/bordeaux-degringole-classement","title":{"rendered":"Bordeaux d\u00e9gringole encore dans le classement : la fin d\u2019un \u00e2ge d\u2019or ?"},"content":{"rendered":"<p data-start=\"71\" data-end=\"565\">Longtemps per\u00e7ue comme une ville dynamique et attractive, Bordeaux semble aujourd\u2019hui moins s\u00e9duisante aux yeux des classements. Chaque ann\u00e9e,<strong> l\u2019association &#8220;Villes et villages o\u00f9 il fait bon vivre&#8221;<\/strong> publie son palmar\u00e8s des communes fran\u00e7aises les plus agr\u00e9ables, et la tendance pour la capitale girondine est loin d\u2019\u00eatre r\u00e9jouissante. Derri\u00e8re les chiffres, ce recul pose une question essentielle : Bordeaux est-elle victime d\u2019un simple accident de parcours ou bien d\u2019un d\u00e9clin plus profond ?<\/p>\n<h2 data-start=\"567\" data-end=\"610\">Un recul inqui\u00e9tant dans le classement<\/h2>\n<p data-start=\"612\" data-end=\"951\">Les r\u00e9sultats du palmar\u00e8s 2025, relay\u00e9es par <a href=\"https:\/\/actu.fr\/nouvelle-aquitaine\/bordeaux_33063\/bordeaux-continue-sa-chute-dans-le-palmares-des-villes-ou-il-fait-bon-vivre_62263325.html\" target=\"_blank\" rel=\"noopener\">Actu Bordeaux<\/a>, confirment une tendance amorc\u00e9e ces derni\u00e8res ann\u00e9es. Bordeaux perd encore du terrain. En seulement cinq ans, la ville est pass\u00e9e de <strong>la 8e \u00e0 la 37e place<\/strong>. Rien qu\u2019en un an, elle a chut\u00e9 de huit rangs suppl\u00e9mentaires, un d\u00e9crochage notable qui ne semble pas inqui\u00e9ter la mairie, mais qui agace l\u2019opposition.<\/p>\n<p data-start=\"953\" data-end=\"1328\">Le classement, \u00e9tabli sur 190 crit\u00e8res, prend en compte des aspects vari\u00e9s comme la <a href=\"https:\/\/discover.ulysse.com\/ville-francaise-seduit-retraites-reference-qualite-vie\">qualit\u00e9 de vie<\/a>, la s\u00e9curit\u00e9, les transports, la fiscalit\u00e9 locale, l\u2019acc\u00e8s aux soins ou encore l\u2019<a href=\"https:\/\/discover.ulysse.com\/investir-immobilier-locatif-villes\">attractivit\u00e9 immobili\u00e8re<\/a>. Autre facteur qui p\u00e8se cette ann\u00e9e, les risques environnementaux comme les inondations et la r\u00e9currence des catastrophes naturelles, d\u00e9sormais int\u00e9gr\u00e9s \u00e0 l\u2019\u00e9valuation.<\/p>\n<p data-start=\"1330\" data-end=\"1463\">Si certaines villes progressent, <strong>Bordeaux, elle, recule ann\u00e9e apr\u00e8s ann\u00e9e<\/strong>. Un signal d\u2019alarme ou une simple fluctuation passag\u00e8re ?<\/p>\n<h2 data-start=\"2514\" data-end=\"2579\">Bordeaux toujours en t\u00eate en Gironde, mais d\u00e9pass\u00e9e ailleurs<\/h2>\n<p data-start=\"2581\" data-end=\"2926\">Si <a href=\"https:\/\/discover.ulysse.com\/7-millions-visiteurs-et-zero-remords-bordeaux\">Bordeaux<\/a> reste la premi\u00e8re ville de Gironde dans ce classement, ce statut appara\u00eet d\u00e9sormais plus comme un lot de consolation que comme un v\u00e9ritable motif de fiert\u00e9. En <a href=\"https:\/\/discover.ulysse.com\/nouvelle-aquitaine-geant-de-sable-avale-foret\">Nouvelle-Aquitaine<\/a>, la ville est largement d\u00e9pass\u00e9e par plusieurs communes. <a href=\"https:\/\/discover.ulysse.com\/biarritz-meilleurs-spots-surf\">Biarritz<\/a> domine le classement, suivie de Bayonne en quatri\u00e8me position et d\u2019Anglet en neuvi\u00e8me.<\/p>\n<p data-start=\"2928\" data-end=\"3227\">D\u2019autres villes du Sud-Ouest confirment \u00e9galement leur attractivit\u00e9 croissante, au d\u00e9triment de Bordeaux. Dans la m\u00e9tropole bordelaise, d\u2019autres communes figurent aussi dans le classement, mais loin derri\u00e8re. M\u00e9rignac pointe \u00e0 la 98e place, B\u00e8gles \u00e0 la 168e, Talence \u00e0 la 173e et Pessac \u00e0 la 185e.<\/p>\n<p data-start=\"3229\" data-end=\"3344\">La dynamique r\u00e9gionale ne joue pas en faveur de la capitale girondine, qui voit sa supr\u00e9matie remise en question.<\/p>\n<h2 data-start=\"3346\" data-end=\"3388\">Une ville qui perd son attractivit\u00e9 ?<\/h2>\n<p data-start=\"3390\" data-end=\"3728\">Si Bordeaux continue de d\u00e9cro\u00eetre dans ce classement, c\u2019est aussi parce que les perceptions changent. Il y a encore quelques ann\u00e9es, la ville \u00e9tait per\u00e7ue comme un eldorado, avec un cadre de vie agr\u00e9able, un dynamisme \u00e9conomique et un essor touristique. Mais aujourd\u2019hui, les Bordelais sont nombreux \u00e0 exprimer une certaine d\u00e9sillusion.<\/p>\n<p data-start=\"3730\" data-end=\"4202\">L\u2019explosion des prix de l\u2019immobilier pousse certains habitants vers la p\u00e9riph\u00e9rie. La saturation des transports, avec un tramway souvent critiqu\u00e9 pour ses dysfonctionnements, rend les d\u00e9placements de plus en plus difficiles. Le sentiment d\u2019ins\u00e9curit\u00e9 croissant, notamment dans certains quartiers, accentue la m\u00e9fiance de la population. La propret\u00e9 et la gestion des d\u00e9chets sont \u00e9galement des sujets de pr\u00e9occupation r\u00e9currents, r\u00e9guli\u00e8rement d\u00e9nonc\u00e9s par les habitants.<\/p>\n<p data-start=\"4204\" data-end=\"4413\">Ces \u00e9l\u00e9ments p\u00e8sent sur l\u2019image de la ville et influencent directement son classement. Bordeaux souffre \u00e9galement de la comparaison avec d\u2019autres villes qui ont su mieux s\u2019adapter aux nouveaux d\u00e9fis urbains.<\/p>\n<h2 data-start=\"4415\" data-end=\"4459\">Bordeaux peut-elle redresser la barre ?<\/h2>\n<p data-start=\"4461\" data-end=\"4763\">La question reste ouverte. La situation actuelle est-elle le sympt\u00f4me d\u2019un malaise profond ou bien une simple mauvaise passe ? Si la municipalit\u00e9 actuelle continue \u00e0 minimiser le probl\u00e8me, elle pourrait se retrouver confront\u00e9e \u00e0 une mont\u00e9e du m\u00e9contentement lors des prochaines \u00e9ch\u00e9ances \u00e9lectorales.<\/p>\n<p data-start=\"4765\" data-end=\"5027\" data-is-last-node=\"\">Les Bordelais attendent des r\u00e9ponses concr\u00e8tes et des actions visibles sur les questions de s\u00e9curit\u00e9, de transport et de cadre de vie. Faute de quoi, Bordeaux pourrait bien continuer sa chute\u2026 jusqu\u2019\u00e0 sortir compl\u00e8tement du radar des villes o\u00f9 il fait bon vivre.<\/p>\n","protected":false},"excerpt":{"rendered":"<p>Longtemps per\u00e7ue comme une ville dynamique et attractive, Bordeaux semble aujourd\u2019hui moins s\u00e9duisante aux yeux des classements. Chaque ann\u00e9e, l\u2019association [&hellip;]<\/p>\n","protected":false},"author":4,"featured_media":25599,"comment_status":"open","ping_status":"closed","sticky":false,"template":"","format":"standard","meta":{"_acf_changed":false,"_sitemap_exclude":false,"_sitemap_priority":"","_sitemap_frequency":"","footnotes":"","rank_math_title":"","rank_math_description":"Bordeaux, jadis pris\u00e9e, chute encore au classement. D\u00e9clin passager ou vraie perte d\u2019attractivit\u00e9 ?","rank_math_canonical_url":"","rank_math_focus_keyword":"bordeaux"},"categories":[3],"tags":[],"class_list":["post-25596","post","type-post","status-publish","format-standard","has-post-thumbnail","hentry","category-voyage"],"acf":[],"_links":{"self":[{"href":"https:\/\/ulysse.com\/news\/wp-json\/wp\/v2\/posts\/25596","targetHints":{"allow":["GET"]}}],"collection":[{"href":"https:\/\/ulysse.com\/news\/wp-json\/wp\/v2\/posts"}],"about":[{"href":"https:\/\/ulysse.com\/news\/wp-json\/wp\/v2\/types\/post"}],"author":[{"embeddable":true,"href":"https:\/\/ulysse.com\/news\/wp-json\/wp\/v2\/users\/4"}],"replies":[{"embeddable":true,"href":"https:\/\/ulysse.com\/news\/wp-json\/wp\/v2\/comments?post=25596"}],"version-history":[{"count":2,"href":"https:\/\/ulysse.com\/news\/wp-json\/wp\/v2\/posts\/25596\/revisions"}],"predecessor-version":[{"id":25601,"href":"https:\/\/ulysse.com\/news\/wp-json\/wp\/v2\/posts\/25596\/revisions\/25601"}],"wp:featuredmedia":[{"embeddable":true,"href":"https:\/\/ulysse.com\/news\/wp-json\/wp\/v2\/media\/25599"}],"wp:attachment":[{"href":"https:\/\/ulysse.com\/news\/wp-json\/wp\/v2\/media?parent=25596"}],"wp:term":[{"taxonomy":"category","embeddable":true,"href":"https:\/\/ulysse.com\/news\/wp-json\/wp\/v2\/categories?post=25596"},{"taxonomy":"post_tag","embeddable":true,"href":"https:\/\/ulysse.com\/news\/wp-json\/wp\/v2\/tags?post=25596"}],"curies":[{"name":"wp","href":"https:\/\/api.w.org\/{rel}","templated":true}]}}