{"id":25627,"date":"2025-02-18T17:00:43","date_gmt":"2025-02-18T16:00:43","guid":{"rendered":"https:\/\/discover.ulysse.com\/?p=25627"},"modified":"2025-02-18T12:53:37","modified_gmt":"2025-02-18T11:53:37","slug":"mauvaise-nouvelle-pour-airbnb-a-marseille-la-mairie-serre-la-vis","status":"publish","type":"post","link":"https:\/\/ulysse.com\/news\/mauvaise-nouvelle-pour-airbnb-a-marseille-la-mairie-serre-la-vis","title":{"rendered":"Mauvaise nouvelle pour Airbnb \u00e0 Marseille : la mairie serre la vis"},"content":{"rendered":"<p data-start=\"151\" data-end=\"427\">Marseille est confront\u00e9e \u00e0 une crise du logement sans pr\u00e9c\u00e9dent. Entre <strong data-start=\"222\" data-end=\"260\">explosion des prix de l&#8217;immobilier<\/strong>, p\u00e9nurie de logements accessibles et multiplication des meubl\u00e9s touristiques, la municipalit\u00e9 a d\u00e9cid\u00e9 d&#8217;agir avec <strong data-start=\"380\" data-end=\"424\">une nouvelle r\u00e9glementation plus stricte<\/strong>.<\/p>\n<p data-start=\"429\" data-end=\"631\">Une annonce qui ne fait pas l\u2019unanimit\u00e9 et qui relance le d\u00e9bat sur l\u2019encadrement des locations de courte dur\u00e9e. Selon <a href=\"https:\/\/actu.fr\/provence-alpes-cote-d-azur\/marseille_13055\/airbnb-a-marseille-les-regles-changent-la-mairie-durcit-encore-le-ton_62264346.html\" target=\"_blank\" rel=\"noopener\">Actu Marseille<\/a>, cette mesure marque un tournant dans la politique municipale.<\/p>\n<h2 data-start=\"633\" data-end=\"684\"><strong data-start=\"636\" data-end=\"682\">Une r\u00e9duction du nombre de jours autoris\u00e9s<\/strong><\/h2>\n<p data-start=\"686\" data-end=\"949\">Jusqu\u2019\u00e0 pr\u00e9sent, les propri\u00e9taires marseillais pouvaient louer leur <strong data-start=\"754\" data-end=\"778\">r\u00e9sidence principale<\/strong> jusqu&#8217;\u00e0 <strong data-start=\"787\" data-end=\"807\">120 jours par an<\/strong> via des plateformes comme <a href=\"https:\/\/discover.ulysse.com\/airbnb-2025-nouvelle-tva-va-plomber-vacances\">Airbnb<\/a>. Mais la mairie a d\u00e9cid\u00e9 de <strong data-start=\"873\" data-end=\"908\">ramener cette limite \u00e0 90 jours<\/strong>, soit <strong data-start=\"915\" data-end=\"946\">trois mois par an seulement<\/strong>.<\/p>\n<p data-start=\"951\" data-end=\"1113\">Cette d\u00e9cision, rendue possible par une loi vot\u00e9e en novembre 2024, vise \u00e0 limiter l\u2019expansion des meubl\u00e9s de tourisme, accus\u00e9s d&#8217;aggraver la crise du logement.<\/p>\n<p data-start=\"1115\" data-end=\"1200\">Le maire Beno\u00eet Payan assume pleinement cette mesure et se veut intransigeant : \u00ab J\u2019ai toujours dit qu\u2019\u00e0 Marseille, nous aurons la r\u00e9glementation la plus stricte et la plus forte de France pour lutter contre les meubl\u00e9s de tourisme. Avec cette nouvelle mesure, nous franchissons une \u00e9tape suppl\u00e9mentaire et nous nous en rapprochons. \u00bb<\/p>\n<h2 data-start=\"1461\" data-end=\"1506\"><strong data-start=\"1464\" data-end=\"1504\">Des sanctions financi\u00e8res renforc\u00e9es<\/strong><\/h2>\n<p data-start=\"1508\" data-end=\"1717\">Les propri\u00e9taires qui ne respecteront pas cette nouvelle limitation s&#8217;exposent \u00e0 une <strong data-start=\"1593\" data-end=\"1634\">amende pouvant atteindre 15 000 euros<\/strong>. Une somme dissuasive qui montre la volont\u00e9 de la mairie de mettre fin aux abus.<\/p>\n<p data-start=\"1719\" data-end=\"1809\">\u00c0 Marseille, la municipalit\u00e9 avait d\u00e9j\u00e0 pris d&#8217;autres mesures ces derni\u00e8res ann\u00e9es :<\/p>\n<ul data-start=\"1810\" data-end=\"2082\">\n<li data-start=\"1810\" data-end=\"1886\">Interdiction des bo\u00eetes \u00e0 cl\u00e9s pour limiter les locations ill\u00e9gales,<\/li>\n<li data-start=\"1887\" data-end=\"1951\">Taxe de s\u00e9jour plus \u00e9lev\u00e9e pour les meubl\u00e9s de tourisme,<\/li>\n<li data-start=\"1952\" data-end=\"1999\">Suppression des annonces non conformes,<\/li>\n<li data-start=\"2000\" data-end=\"2082\">Encadrement des changements d\u2019usage des logements en meubl\u00e9s touristiques.<\/li>\n<\/ul>\n<p data-start=\"2084\" data-end=\"2196\">Mais est-ce suffisant pour contrer la flamb\u00e9e des prix de l\u2019immobilier et le manque de logements disponibles ?<\/p>\n<h2 data-start=\"2198\" data-end=\"2292\"><strong data-start=\"2201\" data-end=\"2290\">Marseille en crise : 40 000 logements insalubres, des milliers de demandes en attente<\/strong><\/h2>\n<p data-start=\"2294\" data-end=\"2566\">La ville est confront\u00e9e \u00e0 un grave probl\u00e8me de logement. Selon les donn\u00e9es de l&#8217;Insee et de la Fondation Abb\u00e9 Pierre, Marseille compte <strong data-start=\"2437\" data-end=\"2476\">environ 40 000 logements insalubres<\/strong> et des milliers de demandes de logements sociaux restent sans r\u00e9ponse chaque ann\u00e9e.<\/p>\n<p data-start=\"2568\" data-end=\"2878\">Le ph\u00e9nom\u00e8ne Airbnb est-il vraiment responsable de cette situation ? Selon un rapport de l&#8217;Observatoire des Loyers, les prix de l&#8217;immobilier \u00e0 Marseille ont augment\u00e9 de plus de 30 % en cinq ans, notamment dans les quartiers pris\u00e9s par les touristes comme Le Panier, le Vieux-Port et les Catalans.<\/p>\n<p data-start=\"2880\" data-end=\"3037\">\u00c0 titre de comparaison, Paris a impos\u00e9 une <strong data-start=\"2923\" data-end=\"2959\">restriction similaire \u00e0 90 jours<\/strong>, mais cela n\u2019a pas emp\u00each\u00e9 les prix de l&#8217;immobilier de continuer \u00e0 grimper.<\/p>\n<h2 data-start=\"3039\" data-end=\"3108\"><strong data-start=\"3042\" data-end=\"3106\">Des cons\u00e9quences sur le tourisme et les petits propri\u00e9taires<\/strong><\/h2>\n<p data-start=\"3110\" data-end=\"3402\">Si la mairie veut prot\u00e9ger l&#8217;acc\u00e8s au logement pour les habitants, cette d\u00e9cision pourrait aussi affecter l&#8217;\u00e9conomie locale. Marseille attire <strong data-start=\"3256\" data-end=\"3298\">plus de 5 millions de visiteurs par an<\/strong>, dont une grande partie opte pour des logements Airbnb plut\u00f4t que des h\u00f4tels, souvent plus chers.<\/p>\n<p data-start=\"3404\" data-end=\"3601\">En r\u00e9duisant l\u2019offre de locations de courte dur\u00e9e, la ville pourrait voir certains touristes se d\u00e9tourner vers d\u2019autres destinations, au profit de villes o\u00f9 la r\u00e9glementation est plus souple.<\/p>\n<p data-start=\"3603\" data-end=\"3915\">Les propri\u00e9taires de meubl\u00e9s touristiques, eux, d\u00e9noncent une chasse aux sorci\u00e8res qui p\u00e9nalise ceux qui cherchent simplement un compl\u00e9ment de revenu. Pour certains, l&#8217;encadrement strict pourrait m\u00eame les pousser \u00e0 revendre leurs biens, ce qui aurait un effet impr\u00e9visible sur le march\u00e9 immobilier.<\/p>\n<h2 data-start=\"3917\" data-end=\"3969\"><strong data-start=\"3920\" data-end=\"3967\">Une solution ou un simple effet d\u2019annonce ?<\/strong><\/h2>\n<p data-start=\"3971\" data-end=\"4202\">La question reste enti\u00e8re : ces nouvelles restrictions vont-elles r\u00e9ellement am\u00e9liorer la situation du logement \u00e0 <a href=\"https:\/\/discover.ulysse.com\/disney-debarque-rhone-croisiere-lyon-marseille\">Marseille<\/a> ou ne sont-elles qu\u2019un coup de communication de la mairie pour r\u00e9pondre \u00e0 la pression populaire ?<\/p>\n<p data-start=\"4204\" data-end=\"4494\" data-is-last-node=\"\">Le d\u00e9bat est loin d\u2019\u00eatre clos, et les prochaines ann\u00e9es permettront de voir si cette d\u00e9cision a un impact r\u00e9el sur le march\u00e9 locatif. Une chose est s\u00fbre, cette mesure ne fait pas que des heureux et risque de raviver les tensions entre municipalit\u00e9, propri\u00e9taires et acteurs du tourisme.<\/p>\n","protected":false},"excerpt":{"rendered":"<p>Marseille est confront\u00e9e \u00e0 une crise du logement sans pr\u00e9c\u00e9dent. Entre explosion des prix de l&#8217;immobilier, p\u00e9nurie de logements accessibles [&hellip;]<\/p>\n","protected":false},"author":4,"featured_media":25628,"comment_status":"open","ping_status":"closed","sticky":false,"template":"","format":"standard","meta":{"_acf_changed":false,"_sitemap_exclude":false,"_sitemap_priority":"","_sitemap_frequency":"","footnotes":"","rank_math_title":"","rank_math_description":"Marseille serre la vis sur les locations Airbnb, mais cette nouvelle restriction va-t-elle vraiment r\u00e9soudre la crise du logement ?","rank_math_canonical_url":"","rank_math_focus_keyword":"airbnb"},"categories":[3],"tags":[],"class_list":["post-25627","post","type-post","status-publish","format-standard","has-post-thumbnail","hentry","category-voyage"],"acf":[],"_links":{"self":[{"href":"https:\/\/ulysse.com\/news\/wp-json\/wp\/v2\/posts\/25627","targetHints":{"allow":["GET"]}}],"collection":[{"href":"https:\/\/ulysse.com\/news\/wp-json\/wp\/v2\/posts"}],"about":[{"href":"https:\/\/ulysse.com\/news\/wp-json\/wp\/v2\/types\/post"}],"author":[{"embeddable":true,"href":"https:\/\/ulysse.com\/news\/wp-json\/wp\/v2\/users\/4"}],"replies":[{"embeddable":true,"href":"https:\/\/ulysse.com\/news\/wp-json\/wp\/v2\/comments?post=25627"}],"version-history":[{"count":1,"href":"https:\/\/ulysse.com\/news\/wp-json\/wp\/v2\/posts\/25627\/revisions"}],"predecessor-version":[{"id":25629,"href":"https:\/\/ulysse.com\/news\/wp-json\/wp\/v2\/posts\/25627\/revisions\/25629"}],"wp:featuredmedia":[{"embeddable":true,"href":"https:\/\/ulysse.com\/news\/wp-json\/wp\/v2\/media\/25628"}],"wp:attachment":[{"href":"https:\/\/ulysse.com\/news\/wp-json\/wp\/v2\/media?parent=25627"}],"wp:term":[{"taxonomy":"category","embeddable":true,"href":"https:\/\/ulysse.com\/news\/wp-json\/wp\/v2\/categories?post=25627"},{"taxonomy":"post_tag","embeddable":true,"href":"https:\/\/ulysse.com\/news\/wp-json\/wp\/v2\/tags?post=25627"}],"curies":[{"name":"wp","href":"https:\/\/api.w.org\/{rel}","templated":true}]}}