{"id":25644,"date":"2025-02-19T10:00:27","date_gmt":"2025-02-19T09:00:27","guid":{"rendered":"https:\/\/discover.ulysse.com\/?p=25644"},"modified":"2025-02-18T20:22:39","modified_gmt":"2025-02-18T19:22:39","slug":"village-meconnu-bretagne-mise-du-tourisme-2025","status":"publish","type":"post","link":"https:\/\/ulysse.com\/news\/village-meconnu-bretagne-mise-du-tourisme-2025","title":{"rendered":"Ce village m\u00e9connu de Bretagne rafle la mise du tourisme en 2025"},"content":{"rendered":"<p>Dans l\u2019ombre des destinations bretonnes les plus pris\u00e9es, Malestroit s\u2019impose cette ann\u00e9e comme la r\u00e9v\u00e9lation touristique. Cette petite<strong> cit\u00e9 de caract\u00e8re<\/strong> du Morbihan, autrefois discr\u00e8te, conna\u00eet un engouement fulgurant. Son centre m\u00e9di\u00e9val parfaitement pr\u00e9serv\u00e9, ses ruelles pleines de myst\u00e8res et son cadre naturel idyllique en font une alternative s\u00e9duisante aux grandes villes touristiques. Avec son dynamisme culturel et son authenticit\u00e9, le village de\u00a0 Malestroit attire de plus en plus de visiteurs, au point de devenir l\u2019un des favoris du prestigieux concours Le Village pr\u00e9f\u00e9r\u00e9 des Fran\u00e7ais 2025. Mais qu\u2019a-t-elle de si particulier pour conqu\u00e9rir le c\u0153ur des voyageurs ?<\/p>\n<h2>Une cit\u00e9 mill\u00e9naire au charme intact<\/h2>\n<p>D\u00e8s l\u2019entr\u00e9e dans <a href=\"https:\/\/discover.ulysse.com\/bretagne-lieux-exception-hors-sentiers-battus\">Malestroit<\/a>, le visiteur est transport\u00e9 dans une autre \u00e9poque. Le c\u0153ur historique, avec ses maisons \u00e0 colombages et ses ruelles pav\u00e9es, t\u00e9moigne d\u2019un pass\u00e9 florissant. La <strong>place du Bouffay<\/strong>, v\u00e9ritable \u00e9picentre de la cit\u00e9, est entour\u00e9e de b\u00e2tisses du 15\u1d49 et 16\u1d49 si\u00e8cle.<\/p>\n<p>Les fa\u00e7ades sculpt\u00e9es regorgent de d\u00e9tails surprenants, avec des<strong> repr\u00e9sentations \u00e9nigmatiques<\/strong> comme la truie qui file ou le li\u00e8vre jouant du biniou. Ces sculptures, h\u00e9rit\u00e9es des fabliaux du Moyen \u00c2ge, ajoutent une <strong>touche myst\u00e9rieuse et ludique<\/strong> \u00e0 la ville.<\/p>\n<blockquote class=\"instagram-media\" style=\"background: #FFF; border: 0; border-radius: 3px; margin: 1px; max-width: 540px; min-width: 326px; padding: 0; width: calc(100% - 2px);\" data-instgrm-permalink=\"https:\/\/www.instagram.com\/p\/DE76AGwIJzp\/?utm_source=ig_embed&amp;utm_campaign=loading\" data-instgrm-version=\"14\">\n<div style=\"padding: 16px;\">\n<p>&nbsp;<\/p>\n<div style=\"flex-direction: row; align-items: center;\">\n<div style=\"background-color: #f4f4f4; border-radius: 50%; flex-grow: 0; height: 40px; margin-right: 14px; width: 40px;\"><\/div>\n<div style=\"flex-direction: column; flex-grow: 1; justify-content: center;\">\n<div style=\"background-color: #f4f4f4; border-radius: 4px; flex-grow: 0; height: 14px; margin-bottom: 6px; width: 100px;\"><\/div>\n<div style=\"background-color: #f4f4f4; border-radius: 4px; flex-grow: 0; height: 14px; width: 60px;\"><\/div>\n<\/div>\n<\/div>\n<div style=\"padding: 19% 0;\"><\/div>\n<div style=\"height: 50px; margin: 0 auto 12px; width: 50px;\"><\/div>\n<div style=\"padding-top: 8px;\">\n<div style=\"color: #3897f0; font-family: Arial,sans-serif; font-size: 14px; font-style: normal; font-weight: 550; line-height: 18px;\">Voir cette publication sur Instagram<\/div>\n<\/div>\n<div style=\"padding: 12.5% 0;\"><\/div>\n<div style=\"flex-direction: row; margin-bottom: 14px; align-items: center;\">\n<div>\n<div style=\"background-color: #f4f4f4; border-radius: 50%; height: 12.5px; width: 12.5px;\"><\/div>\n<div style=\"background-color: #f4f4f4; height: 12.5px; width: 12.5px; flex-grow: 0; margin-right: 14px; margin-left: 2px;\"><\/div>\n<div style=\"background-color: #f4f4f4; border-radius: 50%; height: 12.5px; width: 12.5px;\"><\/div>\n<\/div>\n<div style=\"margin-left: 8px;\">\n<div style=\"background-color: #f4f4f4; border-radius: 50%; flex-grow: 0; height: 20px; width: 20px;\"><\/div>\n<div style=\"width: 0; height: 0; border-top: 2px solid transparent; border-left: 6px solid #f4f4f4; border-bottom: 2px solid transparent;\"><\/div>\n<\/div>\n<div style=\"margin-left: auto;\">\n<div style=\"width: 0px; border-top: 8px solid #F4F4F4; border-right: 8px solid transparent;\"><\/div>\n<div style=\"background-color: #f4f4f4; flex-grow: 0; height: 12px; width: 16px;\"><\/div>\n<div style=\"width: 0; height: 0; border-top: 8px solid #F4F4F4; border-left: 8px solid transparent;\"><\/div>\n<\/div>\n<\/div>\n<div style=\"flex-direction: column; flex-grow: 1; justify-content: center; margin-bottom: 24px;\">\n<div style=\"background-color: #f4f4f4; border-radius: 4px; flex-grow: 0; height: 14px; margin-bottom: 6px; width: 224px;\"><\/div>\n<div style=\"background-color: #f4f4f4; border-radius: 4px; flex-grow: 0; height: 14px; width: 144px;\"><\/div>\n<\/div>\n<p>&nbsp;<\/p>\n<p style=\"color: #c9c8cd; font-family: Arial,sans-serif; font-size: 14px; line-height: 17px; margin-bottom: 0; margin-top: 8px; overflow: hidden; padding: 8px 0 7px; text-align: center;\"><a style=\"color: #c9c8cd; font-family: Arial,sans-serif; font-size: 14px; font-style: normal; font-weight: normal; line-height: 17px; text-decoration: none;\" href=\"https:\/\/www.instagram.com\/p\/DE76AGwIJzp\/?utm_source=ig_embed&amp;utm_campaign=loading\" target=\"_blank\" rel=\"noopener\">Une publication partag\u00e9e par Morbihan Tourisme (@morbihantourisme)<\/a><\/p>\n<\/div>\n<\/blockquote>\n<h3><strong>Une \u00e9glise charg\u00e9e d\u2019histoire<\/strong><\/h3>\n<p>Impossible de visiter le village de Malestroit sans s\u2019arr\u00eater devant l\u2019<strong>\u00e9glise Saint-Gilles<\/strong>, un \u00e9difice aux influences romanes et gothiques. Construite sur une <strong>source sacr\u00e9e<\/strong>, elle rec\u00e8le de nombreux myst\u00e8res, notamment des vitraux fascinants et des fresques anciennes encore inexplor\u00e9es. \u00c0 certaines heures de la journ\u00e9e, un <strong>jeu d\u2019ombres projet\u00e9 sur ses murs<\/strong> laisse appara\u00eetre un profil humain, un ph\u00e9nom\u00e8ne intrigant qui alimente les l\u00e9gendes locales.<\/p>\n<h3><strong>Un lieu cl\u00e9 de l\u2019histoire de France<\/strong><\/h3>\n<p>Le village de Malestroit ne se r\u00e9sume pas \u00e0 son architecture, il est aussi un t\u00e9moin privil\u00e9gi\u00e9 des <strong>grandes heures de l\u2019Histoire<\/strong>. En 1343, la ville fut le th\u00e9\u00e2tre d\u2019une tr\u00eave entre le roi de France Philippe VI de Valois et le roi d\u2019Angleterre \u00c9douard III, en pleine guerre de Cent Ans. Aujourd\u2019hui encore, <strong>les vestiges de la chapelle de la Madeleine<\/strong>, o\u00f9 fut sign\u00e9 cet accord, rappellent l\u2019importance strat\u00e9gique de la cit\u00e9.<\/p>\n<h2>Un cadre naturel entre canal et for\u00eat l\u00e9gendaire<\/h2>\n<p>Situ\u00e9e sur les rives de l\u2019Oust, Malestroit offre un d\u00e9cor paisible et verdoyant. Travers\u00e9e par le canal de <a href=\"https:\/\/discover.ulysse.com\/le-voyage-a-nantes-retour-controverse-2023\">Nantes<\/a> \u00e0 Brest, elle constitue un point d\u2019\u00e9tape incontournable pour les plaisanciers et les amateurs de randonn\u00e9e. Le chemin de halage, qui longe le canal, est id\u00e9al pour une<strong> promenade \u00e0 pied ou \u00e0 v\u00e9lo<\/strong>. Les plus aventureux peuvent embarquer pour une balade fluviale et d\u00e9couvrir<strong> les \u00e9cluses et les moulins<\/strong> qui jalonnent la rivi\u00e8re.<\/p>\n<blockquote class=\"instagram-media\" style=\"background: #FFF; border: 0; border-radius: 3px; margin: 1px; max-width: 540px; min-width: 326px; padding: 0; width: calc(100% - 2px);\" data-instgrm-permalink=\"https:\/\/www.instagram.com\/p\/C-Qlx5tMxIM\/?utm_source=ig_embed&amp;utm_campaign=loading\" data-instgrm-version=\"14\">\n<div style=\"padding: 16px;\">\n<p>&nbsp;<\/p>\n<div style=\"flex-direction: row; align-items: center;\">\n<div style=\"background-color: #f4f4f4; border-radius: 50%; flex-grow: 0; height: 40px; margin-right: 14px; width: 40px;\"><\/div>\n<div style=\"flex-direction: column; flex-grow: 1; justify-content: center;\">\n<div style=\"background-color: #f4f4f4; border-radius: 4px; flex-grow: 0; height: 14px; margin-bottom: 6px; width: 100px;\"><\/div>\n<div style=\"background-color: #f4f4f4; border-radius: 4px; flex-grow: 0; height: 14px; width: 60px;\"><\/div>\n<\/div>\n<\/div>\n<div style=\"padding: 19% 0;\"><\/div>\n<div style=\"height: 50px; margin: 0 auto 12px; width: 50px;\"><\/div>\n<div style=\"padding-top: 8px;\">\n<div style=\"color: #3897f0; font-family: Arial,sans-serif; font-size: 14px; font-style: normal; font-weight: 550; line-height: 18px;\">Voir cette publication sur Instagram<\/div>\n<\/div>\n<div style=\"padding: 12.5% 0;\"><\/div>\n<div style=\"flex-direction: row; margin-bottom: 14px; align-items: center;\">\n<div>\n<div style=\"background-color: #f4f4f4; border-radius: 50%; height: 12.5px; width: 12.5px;\"><\/div>\n<div style=\"background-color: #f4f4f4; height: 12.5px; width: 12.5px; flex-grow: 0; margin-right: 14px; margin-left: 2px;\"><\/div>\n<div style=\"background-color: #f4f4f4; border-radius: 50%; height: 12.5px; width: 12.5px;\"><\/div>\n<\/div>\n<div style=\"margin-left: 8px;\">\n<div style=\"background-color: #f4f4f4; border-radius: 50%; flex-grow: 0; height: 20px; width: 20px;\"><\/div>\n<div style=\"width: 0; height: 0; border-top: 2px solid transparent; border-left: 6px solid #f4f4f4; border-bottom: 2px solid transparent;\"><\/div>\n<\/div>\n<div style=\"margin-left: auto;\">\n<div style=\"width: 0px; border-top: 8px solid #F4F4F4; border-right: 8px solid transparent;\"><\/div>\n<div style=\"background-color: #f4f4f4; flex-grow: 0; height: 12px; width: 16px;\"><\/div>\n<div style=\"width: 0; height: 0; border-top: 8px solid #F4F4F4; border-left: 8px solid transparent;\"><\/div>\n<\/div>\n<\/div>\n<div style=\"flex-direction: column; flex-grow: 1; justify-content: center; margin-bottom: 24px;\">\n<div style=\"background-color: #f4f4f4; border-radius: 4px; flex-grow: 0; height: 14px; margin-bottom: 6px; width: 224px;\"><\/div>\n<div style=\"background-color: #f4f4f4; border-radius: 4px; flex-grow: 0; height: 14px; width: 144px;\"><\/div>\n<\/div>\n<p>&nbsp;<\/p>\n<p style=\"color: #c9c8cd; font-family: Arial,sans-serif; font-size: 14px; line-height: 17px; margin-bottom: 0; margin-top: 8px; overflow: hidden; padding: 8px 0 7px; text-align: center;\"><a style=\"color: #c9c8cd; font-family: Arial,sans-serif; font-size: 14px; font-style: normal; font-weight: normal; line-height: 17px; text-decoration: none;\" href=\"https:\/\/www.instagram.com\/p\/C-Qlx5tMxIM\/?utm_source=ig_embed&amp;utm_campaign=loading\" target=\"_blank\" rel=\"noopener\">Une publication partag\u00e9e par S\u00e9bastien Virot (@sebastienvirot)<\/a><\/p>\n<\/div>\n<\/blockquote>\n<p>\u00c0 quelques kilom\u00e8tres de Malestroit s\u2019\u00e9tend la <strong>for\u00eat de Broc\u00e9liande<\/strong>, berceau des l\u00e9gendes arthuriennes. Les amateurs de mythes et d\u2019histoires fantastiques y trouveront leur bonheur, en explorant des sites embl\u00e9matiques comme <strong>la fontaine de Barenton ou le tombeau de Merlin<\/strong>.<\/p>\n<h2>Un village anim\u00e9 toute l\u2019ann\u00e9e<\/h2>\n<p>Malestroit ne se contente pas d\u2019\u00eatre beau, le village <strong>vibre au rythme des festivals<\/strong>. Chaque \u00e9t\u00e9, la cit\u00e9 accueille le festival <strong>Au Pont du Rock<\/strong>, l\u2019un des plus anciens festivals de musique ind\u00e9pendante en France. De grands noms du rock et des artistes \u00e9mergents y font le show devant des milliers de spectateurs.<\/p>\n<p>Mais l\u2019animation ne se limite pas \u00e0 la saison estivale. Tout au long de l\u2019ann\u00e9e, le village de Malestroit propose une diversit\u00e9 d\u2019\u00e9v\u00e9nements qui rythment la vie locale. Les <strong data-start=\"510\" data-end=\"532\">vendredis du canal<\/strong> transforment les soir\u00e9es d\u2019\u00e9t\u00e9 en v\u00e9ritables sc\u00e8nes \u00e0 ciel ouvert, o\u00f9 concerts et spectacles animent les quais.<\/p>\n<p>Les <strong data-start=\"649\" data-end=\"671\">march\u00e9s artisanaux<\/strong> mettent \u00e0 l\u2019honneur les savoir-faire bretons, offrant aux visiteurs une immersion dans l\u2019artisanat local. Enfin, les <strong data-start=\"789\" data-end=\"809\">f\u00eates m\u00e9di\u00e9vales<\/strong> replongent la ville dans son pass\u00e9 \u00e0 travers des reconstitutions historiques et des animations spectaculaires, faisant de Malestroit une destination aussi vivante qu\u2019authentique.<\/p>\n<blockquote class=\"instagram-media\" style=\"background: #FFF; border: 0; border-radius: 3px; margin: 1px; max-width: 540px; min-width: 326px; padding: 0; width: calc(100% - 2px);\" data-instgrm-permalink=\"https:\/\/www.instagram.com\/p\/C-KACv_tR5R\/?utm_source=ig_embed&amp;utm_campaign=loading\" data-instgrm-version=\"14\">\n<div style=\"padding: 16px;\">\n<p>&nbsp;<\/p>\n<div style=\"flex-direction: row; align-items: center;\">\n<div style=\"background-color: #f4f4f4; border-radius: 50%; flex-grow: 0; height: 40px; margin-right: 14px; width: 40px;\"><\/div>\n<div style=\"flex-direction: column; flex-grow: 1; justify-content: center;\">\n<div style=\"background-color: #f4f4f4; border-radius: 4px; flex-grow: 0; height: 14px; margin-bottom: 6px; width: 100px;\"><\/div>\n<div style=\"background-color: #f4f4f4; border-radius: 4px; flex-grow: 0; height: 14px; width: 60px;\"><\/div>\n<\/div>\n<\/div>\n<div style=\"padding: 19% 0;\"><\/div>\n<div style=\"height: 50px; margin: 0 auto 12px; width: 50px;\"><\/div>\n<div style=\"padding-top: 8px;\">\n<div style=\"color: #3897f0; font-family: Arial,sans-serif; font-size: 14px; font-style: normal; font-weight: 550; line-height: 18px;\">Voir cette publication sur Instagram<\/div>\n<\/div>\n<div style=\"padding: 12.5% 0;\"><\/div>\n<div style=\"flex-direction: row; margin-bottom: 14px; align-items: center;\">\n<div>\n<div style=\"background-color: #f4f4f4; border-radius: 50%; height: 12.5px; width: 12.5px;\"><\/div>\n<div style=\"background-color: #f4f4f4; height: 12.5px; width: 12.5px; flex-grow: 0; margin-right: 14px; margin-left: 2px;\"><\/div>\n<div style=\"background-color: #f4f4f4; border-radius: 50%; height: 12.5px; width: 12.5px;\"><\/div>\n<\/div>\n<div style=\"margin-left: 8px;\">\n<div style=\"background-color: #f4f4f4; border-radius: 50%; flex-grow: 0; height: 20px; width: 20px;\"><\/div>\n<div style=\"width: 0; height: 0; border-top: 2px solid transparent; border-left: 6px solid #f4f4f4; border-bottom: 2px solid transparent;\"><\/div>\n<\/div>\n<div style=\"margin-left: auto;\">\n<div style=\"width: 0px; border-top: 8px solid #F4F4F4; border-right: 8px solid transparent;\"><\/div>\n<div style=\"background-color: #f4f4f4; flex-grow: 0; height: 12px; width: 16px;\"><\/div>\n<div style=\"width: 0; height: 0; border-top: 8px solid #F4F4F4; border-left: 8px solid transparent;\"><\/div>\n<\/div>\n<\/div>\n<div style=\"flex-direction: column; flex-grow: 1; justify-content: center; margin-bottom: 24px;\">\n<div style=\"background-color: #f4f4f4; border-radius: 4px; flex-grow: 0; height: 14px; margin-bottom: 6px; width: 224px;\"><\/div>\n<div style=\"background-color: #f4f4f4; border-radius: 4px; flex-grow: 0; height: 14px; width: 144px;\"><\/div>\n<\/div>\n<p>&nbsp;<\/p>\n<p style=\"color: #c9c8cd; font-family: Arial,sans-serif; font-size: 14px; line-height: 17px; margin-bottom: 0; margin-top: 8px; overflow: hidden; padding: 8px 0 7px; text-align: center;\"><a style=\"color: #c9c8cd; font-family: Arial,sans-serif; font-size: 14px; font-style: normal; font-weight: normal; line-height: 17px; text-decoration: none;\" href=\"https:\/\/www.instagram.com\/p\/C-KACv_tR5R\/?utm_source=ig_embed&amp;utm_campaign=loading\" target=\"_blank\" rel=\"noopener\">Une publication partag\u00e9e par Anne Kerdi (@annekerdi)<\/a><\/p>\n<\/div>\n<\/blockquote>\n<h2>Pourquoi le village de Malestroit est la destination montante de 2025 ?<\/h2>\n<p>Avec son authenticit\u00e9 pr\u00e9serv\u00e9e, ses paysages enchanteurs et son effervescence culturelle, Malestroit est devenue une <strong>alternative s\u00e9duisante<\/strong> aux grandes destinations touristiques de <a href=\"https:\/\/discover.ulysse.com\/bretagne-nouveau-titre-prestigieux-2025\">Bretagne<\/a>. Plus confidentielle que <a href=\"https:\/\/discover.ulysse.com\/5-villages-bretons-figes-dans-le-temps\">Rochefort-en-Terre<\/a> ou <a href=\"https:\/\/discover.ulysse.com\/villages-pittoresques-bretagne\">Locronan<\/a>, elle s\u00e9duit les voyageurs en qu\u00eate de beaut\u00e9, d\u2019histoire et de tranquillit\u00e9.<\/p>\n<blockquote class=\"instagram-media\" style=\"background: #FFF; border: 0; border-radius: 3px; margin: 1px; max-width: 540px; min-width: 326px; padding: 0; width: calc(100% - 2px);\" data-instgrm-permalink=\"https:\/\/www.instagram.com\/p\/DC9vt9DNlhU\/?utm_source=ig_embed&amp;utm_campaign=loading\" data-instgrm-version=\"14\">\n<div style=\"padding: 16px;\">\n<p>&nbsp;<\/p>\n<div style=\"flex-direction: row; align-items: center;\">\n<div style=\"background-color: #f4f4f4; border-radius: 50%; flex-grow: 0; height: 40px; margin-right: 14px; width: 40px;\"><\/div>\n<div style=\"flex-direction: column; flex-grow: 1; justify-content: center;\">\n<div style=\"background-color: #f4f4f4; border-radius: 4px; flex-grow: 0; height: 14px; margin-bottom: 6px; width: 100px;\"><\/div>\n<div style=\"background-color: #f4f4f4; border-radius: 4px; flex-grow: 0; height: 14px; width: 60px;\"><\/div>\n<\/div>\n<\/div>\n<div style=\"padding: 19% 0;\"><\/div>\n<div style=\"height: 50px; margin: 0 auto 12px; width: 50px;\"><\/div>\n<div style=\"padding-top: 8px;\">\n<div style=\"color: #3897f0; font-family: Arial,sans-serif; font-size: 14px; font-style: normal; font-weight: 550; line-height: 18px;\">Voir cette publication sur Instagram<\/div>\n<\/div>\n<div style=\"padding: 12.5% 0;\"><\/div>\n<div style=\"flex-direction: row; margin-bottom: 14px; align-items: center;\">\n<div>\n<div style=\"background-color: #f4f4f4; border-radius: 50%; height: 12.5px; width: 12.5px;\"><\/div>\n<div style=\"background-color: #f4f4f4; height: 12.5px; width: 12.5px; flex-grow: 0; margin-right: 14px; margin-left: 2px;\"><\/div>\n<div style=\"background-color: #f4f4f4; border-radius: 50%; height: 12.5px; width: 12.5px;\"><\/div>\n<\/div>\n<div style=\"margin-left: 8px;\">\n<div style=\"background-color: #f4f4f4; border-radius: 50%; flex-grow: 0; height: 20px; width: 20px;\"><\/div>\n<div style=\"width: 0; height: 0; border-top: 2px solid transparent; border-left: 6px solid #f4f4f4; border-bottom: 2px solid transparent;\"><\/div>\n<\/div>\n<div style=\"margin-left: auto;\">\n<div style=\"width: 0px; border-top: 8px solid #F4F4F4; border-right: 8px solid transparent;\"><\/div>\n<div style=\"background-color: #f4f4f4; flex-grow: 0; height: 12px; width: 16px;\"><\/div>\n<div style=\"width: 0; height: 0; border-top: 8px solid #F4F4F4; border-left: 8px solid transparent;\"><\/div>\n<\/div>\n<\/div>\n<div style=\"flex-direction: column; flex-grow: 1; justify-content: center; margin-bottom: 24px;\">\n<div style=\"background-color: #f4f4f4; border-radius: 4px; flex-grow: 0; height: 14px; margin-bottom: 6px; width: 224px;\"><\/div>\n<div style=\"background-color: #f4f4f4; border-radius: 4px; flex-grow: 0; height: 14px; width: 144px;\"><\/div>\n<\/div>\n<p>&nbsp;<\/p>\n<p style=\"color: #c9c8cd; font-family: Arial,sans-serif; font-size: 14px; line-height: 17px; margin-bottom: 0; margin-top: 8px; overflow: hidden; padding: 8px 0 7px; text-align: center;\"><a style=\"color: #c9c8cd; font-family: Arial,sans-serif; font-size: 14px; font-style: normal; font-weight: normal; line-height: 17px; text-decoration: none;\" href=\"https:\/\/www.instagram.com\/p\/DC9vt9DNlhU\/?utm_source=ig_embed&amp;utm_campaign=loading\" target=\"_blank\" rel=\"noopener\">Une publication partag\u00e9e par Morbihan Tourisme (@morbihantourisme)<\/a><\/p>\n<\/div>\n<\/blockquote>\n<p>Si la tendance se confirme, Malestroit pourrait bien devenir<strong> le prochain incontournable du tourisme breton<\/strong>. Et qui sait, peut-\u00eatre remportera-t-elle le titre de<strong> Village pr\u00e9f\u00e9r\u00e9 des Fran\u00e7ais 2025<\/strong> ? Une chose est s\u00fbre, la perle de l\u2019Oust n\u2019a pas fini de faire parler d\u2019elle.<\/p>\n","protected":false},"excerpt":{"rendered":"<p>Dans l\u2019ombre des destinations bretonnes les plus pris\u00e9es, Malestroit s\u2019impose cette ann\u00e9e comme la r\u00e9v\u00e9lation touristique. Cette petite cit\u00e9 de [&hellip;]<\/p>\n","protected":false},"author":3,"featured_media":25648,"comment_status":"open","ping_status":"closed","sticky":false,"template":"","format":"standard","meta":{"_acf_changed":false,"_sitemap_exclude":false,"_sitemap_priority":"","_sitemap_frequency":"","footnotes":"","rank_math_title":"","rank_math_description":"Oubliez les foules de Saint-Malo et les cartes postales de Carnac : en 2025, c'est Malestroit, ce village breton m\u00e9connu, qui vole la vedette.","rank_math_canonical_url":"","rank_math_focus_keyword":"village"},"categories":[3],"tags":[],"class_list":["post-25644","post","type-post","status-publish","format-standard","has-post-thumbnail","hentry","category-voyage"],"acf":[],"_links":{"self":[{"href":"https:\/\/ulysse.com\/news\/wp-json\/wp\/v2\/posts\/25644","targetHints":{"allow":["GET"]}}],"collection":[{"href":"https:\/\/ulysse.com\/news\/wp-json\/wp\/v2\/posts"}],"about":[{"href":"https:\/\/ulysse.com\/news\/wp-json\/wp\/v2\/types\/post"}],"author":[{"embeddable":true,"href":"https:\/\/ulysse.com\/news\/wp-json\/wp\/v2\/users\/3"}],"replies":[{"embeddable":true,"href":"https:\/\/ulysse.com\/news\/wp-json\/wp\/v2\/comments?post=25644"}],"version-history":[{"count":4,"href":"https:\/\/ulysse.com\/news\/wp-json\/wp\/v2\/posts\/25644\/revisions"}],"predecessor-version":[{"id":25670,"href":"https:\/\/ulysse.com\/news\/wp-json\/wp\/v2\/posts\/25644\/revisions\/25670"}],"wp:featuredmedia":[{"embeddable":true,"href":"https:\/\/ulysse.com\/news\/wp-json\/wp\/v2\/media\/25648"}],"wp:attachment":[{"href":"https:\/\/ulysse.com\/news\/wp-json\/wp\/v2\/media?parent=25644"}],"wp:term":[{"taxonomy":"category","embeddable":true,"href":"https:\/\/ulysse.com\/news\/wp-json\/wp\/v2\/categories?post=25644"},{"taxonomy":"post_tag","embeddable":true,"href":"https:\/\/ulysse.com\/news\/wp-json\/wp\/v2\/tags?post=25644"}],"curies":[{"name":"wp","href":"https:\/\/api.w.org\/{rel}","templated":true}]}}