{"id":25651,"date":"2025-02-20T07:00:43","date_gmt":"2025-02-20T06:00:43","guid":{"rendered":"https:\/\/discover.ulysse.com\/?p=25651"},"modified":"2025-02-19T16:02:51","modified_gmt":"2025-02-19T15:02:51","slug":"perchee-alpes-ville-plus-cachees-de-france","status":"publish","type":"post","link":"https:\/\/ulysse.com\/news\/perchee-alpes-ville-plus-cachees-de-france","title":{"rendered":"Perch\u00e9e dans les Alpes, cette ville secr\u00e8te reste l\u2019une des plus cach\u00e9es de France"},"content":{"rendered":"<p>Nich\u00e9e au c\u0153ur des Alpes fran\u00e7aises, cette ville perch\u00e9e \u00e0 plus de 1300 m\u00e8tres d\u2019altitude cache bien des tr\u00e9sors. Derri\u00e8re ses remparts s\u00e9culaires, elle d\u00e9voile un pass\u00e9 fascinant marqu\u00e9 par l\u2019ing\u00e9niosit\u00e9 de Vauban. Avec ses ruelles pav\u00e9es, son air pur vivifiant et un ensoleillement exceptionnel, elle attire autant les passionn\u00e9s d\u2019histoire que les amateurs de sensations fortes. L\u2019hiver, ses montagnes deviennent un terrain de jeu pour les skieurs, tandis que l\u2019\u00e9t\u00e9, les aventuriers s\u2019\u00e9lancent sur ses sentiers escarp\u00e9s. Entre adr\u00e9naline et plaisirs gourmands, cette perle des Hautes-Alpes r\u00e9serve une exp\u00e9rience inoubliable. Bienvenue \u00e0 Brian\u00e7on.<\/p>\n<h2>Un patrimoine historique au c\u0153ur des montagnes<\/h2>\n<p>Brian\u00e7on est un v\u00e9ritable <strong>livre d\u2019histoire \u00e0 ciel ouvert<\/strong>. \u00c0 la fin du 17\u1d49 si\u00e8cle, apr\u00e8s des invasions r\u00e9p\u00e9t\u00e9es, Louis XIV charge Vauban de <strong>fortifier la ville<\/strong>. Il en r\u00e9sulte un r\u00e9seau de forts impressionnant, con\u00e7u pour prot\u00e9ger les vall\u00e9es strat\u00e9giques alentour. Aujourd\u2019hui, ces fortifications class\u00e9es offrent un <strong>panorama spectaculaire sur les Alpes<\/strong> et se visitent \u00e0 pied, r\u00e9v\u00e9lant un pass\u00e9 militaire fascinant.<\/p>\n<p>Le centre historique, aussi appel\u00e9 <strong>cit\u00e9 Vauban<\/strong>, s\u00e9duit par ses ruelles pav\u00e9es, ses placettes pittoresques et ses monuments pr\u00e9serv\u00e9s. Parmi eux, la <strong>coll\u00e9giale Notre-Dame-et-Saint-Nicolas<\/strong>, perch\u00e9e sur les hauteurs, domine la ville avec \u00e9l\u00e9gance. <strong>Les Gargouilles<\/strong>, ces canaux en pierre qui serpentent les rues, rappellent quant \u00e0 eux l\u2019ing\u00e9niosit\u00e9 des anciens habitants pour \u00e9vacuer l\u2019eau de pluie en altitude.<\/p>\n<blockquote class=\"instagram-media\" style=\"background: #FFF; border: 0; border-radius: 3px; margin: 1px; max-width: 540px; min-width: 326px; padding: 0; width: calc(100% - 2px);\" data-instgrm-permalink=\"https:\/\/www.instagram.com\/p\/DFrxIXjNciQ\/?utm_source=ig_embed&amp;utm_campaign=loading\" data-instgrm-version=\"14\">\n<div style=\"padding: 16px;\">\n<p>&nbsp;<\/p>\n<div style=\"flex-direction: row; align-items: center;\">\n<div style=\"background-color: #f4f4f4; border-radius: 50%; flex-grow: 0; height: 40px; margin-right: 14px; width: 40px;\"><\/div>\n<div style=\"flex-direction: column; flex-grow: 1; justify-content: center;\">\n<div style=\"background-color: #f4f4f4; border-radius: 4px; flex-grow: 0; height: 14px; margin-bottom: 6px; width: 100px;\"><\/div>\n<div style=\"background-color: #f4f4f4; border-radius: 4px; flex-grow: 0; height: 14px; width: 60px;\"><\/div>\n<\/div>\n<\/div>\n<div style=\"padding: 19% 0;\"><\/div>\n<div style=\"height: 50px; margin: 0 auto 12px; width: 50px;\"><\/div>\n<div style=\"padding-top: 8px;\">\n<div style=\"color: #3897f0; font-family: Arial,sans-serif; font-size: 14px; font-style: normal; font-weight: 550; line-height: 18px;\">Voir cette publication sur Instagram<\/div>\n<\/div>\n<div style=\"padding: 12.5% 0;\"><\/div>\n<div style=\"flex-direction: row; margin-bottom: 14px; align-items: center;\">\n<div>\n<div style=\"background-color: #f4f4f4; border-radius: 50%; height: 12.5px; width: 12.5px;\"><\/div>\n<div style=\"background-color: #f4f4f4; height: 12.5px; width: 12.5px; flex-grow: 0; margin-right: 14px; margin-left: 2px;\"><\/div>\n<div style=\"background-color: #f4f4f4; border-radius: 50%; height: 12.5px; width: 12.5px;\"><\/div>\n<\/div>\n<div style=\"margin-left: 8px;\">\n<div style=\"background-color: #f4f4f4; border-radius: 50%; flex-grow: 0; height: 20px; width: 20px;\"><\/div>\n<div style=\"width: 0; height: 0; border-top: 2px solid transparent; border-left: 6px solid #f4f4f4; border-bottom: 2px solid transparent;\"><\/div>\n<\/div>\n<div style=\"margin-left: auto;\">\n<div style=\"width: 0px; border-top: 8px solid #F4F4F4; border-right: 8px solid transparent;\"><\/div>\n<div style=\"background-color: #f4f4f4; flex-grow: 0; height: 12px; width: 16px;\"><\/div>\n<div style=\"width: 0; height: 0; border-top: 8px solid #F4F4F4; border-left: 8px solid transparent;\"><\/div>\n<\/div>\n<\/div>\n<div style=\"flex-direction: column; flex-grow: 1; justify-content: center; margin-bottom: 24px;\">\n<div style=\"background-color: #f4f4f4; border-radius: 4px; flex-grow: 0; height: 14px; margin-bottom: 6px; width: 224px;\"><\/div>\n<div style=\"background-color: #f4f4f4; border-radius: 4px; flex-grow: 0; height: 14px; width: 144px;\"><\/div>\n<\/div>\n<p>&nbsp;<\/p>\n<p style=\"color: #c9c8cd; font-family: Arial,sans-serif; font-size: 14px; line-height: 17px; margin-bottom: 0; margin-top: 8px; overflow: hidden; padding: 8px 0 7px; text-align: center;\"><a style=\"color: #c9c8cd; font-family: Arial,sans-serif; font-size: 14px; font-style: normal; font-weight: normal; line-height: 17px; text-decoration: none;\" href=\"https:\/\/www.instagram.com\/p\/DFrxIXjNciQ\/?utm_source=ig_embed&amp;utm_campaign=loading\" target=\"_blank\" rel=\"noopener\">Une publication partag\u00e9e par Adrien Gilbert (@gilbertadr)<\/a><\/p>\n<\/div>\n<\/blockquote>\n<h2>Un paradis pour les amateurs de sensations fortes<\/h2>\n<p>Que ce soit en hiver ou en \u00e9t\u00e9, Brian\u00e7on est un terrain de jeu id\u00e9al pour les <strong>sportifs en qu\u00eate de d\u00e9fis<\/strong>. En hiver, elle devient une porte d\u2019entr\u00e9e vers<a href=\"https:\/\/discover.ulysse.com\/stations-de-ski-ideales-skieurs-debutants\"> Serre Chevalier<\/a>, l\u2019un des plus grands domaines skiables des Alpes du Sud, r\u00e9put\u00e9 pour ses <strong>pistes vari\u00e9es et enneigement exceptionnel<\/strong>. Ski alpin, snowboard, randonn\u00e9es en raquettes ou encore escalade sur cascades de glace attirent les amateurs de sensations hivernales.<\/p>\n<blockquote class=\"instagram-media\" style=\"background: #FFF; border: 0; border-radius: 3px; margin: 1px; max-width: 540px; min-width: 326px; padding: 0; width: calc(100% - 2px);\" data-instgrm-permalink=\"https:\/\/www.instagram.com\/reel\/DCtc1_5sSZv\/?utm_source=ig_embed&amp;utm_campaign=loading\" data-instgrm-version=\"14\">\n<div style=\"padding: 16px;\">\n<p>&nbsp;<\/p>\n<div style=\"flex-direction: row; align-items: center;\">\n<div style=\"background-color: #f4f4f4; border-radius: 50%; flex-grow: 0; height: 40px; margin-right: 14px; width: 40px;\"><\/div>\n<div style=\"flex-direction: column; flex-grow: 1; justify-content: center;\">\n<div style=\"background-color: #f4f4f4; border-radius: 4px; flex-grow: 0; height: 14px; margin-bottom: 6px; width: 100px;\"><\/div>\n<div style=\"background-color: #f4f4f4; border-radius: 4px; flex-grow: 0; height: 14px; width: 60px;\"><\/div>\n<\/div>\n<\/div>\n<div style=\"padding: 19% 0;\"><\/div>\n<div style=\"height: 50px; margin: 0 auto 12px; width: 50px;\"><\/div>\n<div style=\"padding-top: 8px;\">\n<div style=\"color: #3897f0; font-family: Arial,sans-serif; font-size: 14px; font-style: normal; font-weight: 550; line-height: 18px;\">Voir cette publication sur Instagram<\/div>\n<\/div>\n<div style=\"padding: 12.5% 0;\"><\/div>\n<div style=\"flex-direction: row; margin-bottom: 14px; align-items: center;\">\n<div>\n<div style=\"background-color: #f4f4f4; border-radius: 50%; height: 12.5px; width: 12.5px;\"><\/div>\n<div style=\"background-color: #f4f4f4; height: 12.5px; width: 12.5px; flex-grow: 0; margin-right: 14px; margin-left: 2px;\"><\/div>\n<div style=\"background-color: #f4f4f4; border-radius: 50%; height: 12.5px; width: 12.5px;\"><\/div>\n<\/div>\n<div style=\"margin-left: 8px;\">\n<div style=\"background-color: #f4f4f4; border-radius: 50%; flex-grow: 0; height: 20px; width: 20px;\"><\/div>\n<div style=\"width: 0; height: 0; border-top: 2px solid transparent; border-left: 6px solid #f4f4f4; border-bottom: 2px solid transparent;\"><\/div>\n<\/div>\n<div style=\"margin-left: auto;\">\n<div style=\"width: 0px; border-top: 8px solid #F4F4F4; border-right: 8px solid transparent;\"><\/div>\n<div style=\"background-color: #f4f4f4; flex-grow: 0; height: 12px; width: 16px;\"><\/div>\n<div style=\"width: 0; height: 0; border-top: 8px solid #F4F4F4; border-left: 8px solid transparent;\"><\/div>\n<\/div>\n<\/div>\n<div style=\"flex-direction: column; flex-grow: 1; justify-content: center; margin-bottom: 24px;\">\n<div style=\"background-color: #f4f4f4; border-radius: 4px; flex-grow: 0; height: 14px; margin-bottom: 6px; width: 224px;\"><\/div>\n<div style=\"background-color: #f4f4f4; border-radius: 4px; flex-grow: 0; height: 14px; width: 144px;\"><\/div>\n<\/div>\n<p>&nbsp;<\/p>\n<p style=\"color: #c9c8cd; font-family: Arial,sans-serif; font-size: 14px; line-height: 17px; margin-bottom: 0; margin-top: 8px; overflow: hidden; padding: 8px 0 7px; text-align: center;\"><a style=\"color: #c9c8cd; font-family: Arial,sans-serif; font-size: 14px; font-style: normal; font-weight: normal; line-height: 17px; text-decoration: none;\" href=\"https:\/\/www.instagram.com\/reel\/DCtc1_5sSZv\/?utm_source=ig_embed&amp;utm_campaign=loading\" target=\"_blank\" rel=\"noopener\">Une publication partag\u00e9e par Ville de Brianc\u0327on (@ville_de_briancon)<\/a><\/p>\n<\/div>\n<\/blockquote>\n<p>Lorsque les beaux jours reviennent, les montagnes environnantes se transforment en un <strong>immense terrain d\u2019aventure<\/strong>. Les adeptes de randonn\u00e9e, de VTT, de <a href=\"https:\/\/discover.ulysse.com\/top-5-des-lieux-ou-faire-du-parapente-en-france\">parapente<\/a> ou de <a href=\"https:\/\/discover.ulysse.com\/sommets-5-meilleures-via-ferrata-france\">via ferrata<\/a> trouvent ici des parcours \u00e9poustouflants, entre lacs d\u2019altitude, for\u00eats pr\u00e9serv\u00e9es et cr\u00eates vertigineuses. Les plus t\u00e9m\u00e9raires s\u2019essaient au <strong>rafting et au kayak sur la Durance<\/strong>, qui offre des rapides r\u00e9put\u00e9s parmi les meilleurs de la r\u00e9gion.<\/p>\n<h2>Des saveurs montagnardes \u00e0 d\u00e9guster sans mod\u00e9ration<\/h2>\n<p>Apr\u00e8s l\u2019effort, place au r\u00e9confort. Brian\u00e7on est aussi une <strong>destination pour les \u00e9picuriens<\/strong>, o\u00f9 la gastronomie montagnarde prend tout son sens. Les restaurants et auberges locales proposent des plats g\u00e9n\u00e9reux, parfaits pour reprendre des forces apr\u00e8s une journ\u00e9e d\u2019aventure.<\/p>\n<p>Au menu, les<strong> sp\u00e9cialit\u00e9s alpines<\/strong> r\u00e9galent les gourmands : la raclette, la fondue savoyarde, mais aussi la tartiflette, pr\u00e9par\u00e9e avec des produits locaux de grande qualit\u00e9. Les plus curieux d\u00e9couvrent aussi des recettes typiques du Brian\u00e7onnais, comme <strong>les tourtons<\/strong>, petits beignets fourr\u00e9s au fromage ou \u00e0 la viande, ou encore <strong>les oreilles d\u2019\u00e2ne<\/strong>, une d\u00e9licieuse gratin\u00e9e d\u2019\u00e9pinards sauvages et de fromage. Pour accompagner ces mets, rien de tel qu\u2019un <strong>verre de G\u00e9n\u00e9pi<\/strong>, liqueur traditionnelle des Alpes, \u00e9labor\u00e9e \u00e0 partir de plantes cueillies en altitude.<\/p>\n<h2>Une ville confidentielle \u00e0 d\u00e9couvrir toute l\u2019ann\u00e9e<\/h2>\n<p>Moins fr\u00e9quent\u00e9e que certaines <a href=\"https:\/\/discover.ulysse.com\/stations-ski-entre-or-blanc-et-avenir-incertain\">grandes stations alpines<\/a>, Brian\u00e7on offre <strong>une authenticit\u00e9 rare<\/strong>, o\u00f9 le charme montagnard op\u00e8re \u00e0 chaque saison. En hiver, ses pistes enneig\u00e9es et ses march\u00e9s de No\u00ebl transportent dans un d\u00e9cor f\u00e9\u00e9rique. \u00c0 la belle saison, les randonn\u00e9es, les festivals et les terrasses ensoleill\u00e9es en font une escapade parfaite loin de l\u2019agitation.<\/p>\n<blockquote class=\"instagram-media\" style=\"background: #FFF; border: 0; border-radius: 3px; margin: 1px; max-width: 540px; min-width: 326px; padding: 0; width: calc(100% - 2px);\" data-instgrm-permalink=\"https:\/\/www.instagram.com\/p\/DF7VKaCohaj\/?utm_source=ig_embed&amp;utm_campaign=loading\" data-instgrm-version=\"14\">\n<div style=\"padding: 16px;\">\n<p>&nbsp;<\/p>\n<div style=\"flex-direction: row; align-items: center;\">\n<div style=\"background-color: #f4f4f4; border-radius: 50%; flex-grow: 0; height: 40px; margin-right: 14px; width: 40px;\"><\/div>\n<div style=\"flex-direction: column; flex-grow: 1; justify-content: center;\">\n<div style=\"background-color: #f4f4f4; border-radius: 4px; flex-grow: 0; height: 14px; margin-bottom: 6px; width: 100px;\"><\/div>\n<div style=\"background-color: #f4f4f4; border-radius: 4px; flex-grow: 0; height: 14px; width: 60px;\"><\/div>\n<\/div>\n<\/div>\n<div style=\"padding: 19% 0;\"><\/div>\n<div style=\"height: 50px; margin: 0 auto 12px; width: 50px;\"><\/div>\n<div style=\"padding-top: 8px;\">\n<div style=\"color: #3897f0; font-family: Arial,sans-serif; font-size: 14px; font-style: normal; font-weight: 550; line-height: 18px;\">Voir cette publication sur Instagram<\/div>\n<\/div>\n<div style=\"padding: 12.5% 0;\"><\/div>\n<div style=\"flex-direction: row; margin-bottom: 14px; align-items: center;\">\n<div>\n<div style=\"background-color: #f4f4f4; border-radius: 50%; height: 12.5px; width: 12.5px;\"><\/div>\n<div style=\"background-color: #f4f4f4; height: 12.5px; width: 12.5px; flex-grow: 0; margin-right: 14px; margin-left: 2px;\"><\/div>\n<div style=\"background-color: #f4f4f4; border-radius: 50%; height: 12.5px; width: 12.5px;\"><\/div>\n<\/div>\n<div style=\"margin-left: 8px;\">\n<div style=\"background-color: #f4f4f4; border-radius: 50%; flex-grow: 0; height: 20px; width: 20px;\"><\/div>\n<div style=\"width: 0; height: 0; border-top: 2px solid transparent; border-left: 6px solid #f4f4f4; border-bottom: 2px solid transparent;\"><\/div>\n<\/div>\n<div style=\"margin-left: auto;\">\n<div style=\"width: 0px; border-top: 8px solid #F4F4F4; border-right: 8px solid transparent;\"><\/div>\n<div style=\"background-color: #f4f4f4; flex-grow: 0; height: 12px; width: 16px;\"><\/div>\n<div style=\"width: 0; height: 0; border-top: 8px solid #F4F4F4; border-left: 8px solid transparent;\"><\/div>\n<\/div>\n<\/div>\n<div style=\"flex-direction: column; flex-grow: 1; justify-content: center; margin-bottom: 24px;\">\n<div style=\"background-color: #f4f4f4; border-radius: 4px; flex-grow: 0; height: 14px; margin-bottom: 6px; width: 224px;\"><\/div>\n<div style=\"background-color: #f4f4f4; border-radius: 4px; flex-grow: 0; height: 14px; width: 144px;\"><\/div>\n<\/div>\n<p>&nbsp;<\/p>\n<p style=\"color: #c9c8cd; font-family: Arial,sans-serif; font-size: 14px; line-height: 17px; margin-bottom: 0; margin-top: 8px; overflow: hidden; padding: 8px 0 7px; text-align: center;\"><a style=\"color: #c9c8cd; font-family: Arial,sans-serif; font-size: 14px; font-style: normal; font-weight: normal; line-height: 17px; text-decoration: none;\" href=\"https:\/\/www.instagram.com\/p\/DF7VKaCohaj\/?utm_source=ig_embed&amp;utm_campaign=loading\" target=\"_blank\" rel=\"noopener\">Une publication partag\u00e9e par Helly Mendes (@helly_mendes)<\/a><\/p>\n<\/div>\n<\/blockquote>\n<p>Avec son m\u00e9lange unique de patrimoine, de sport et de plaisirs gourmands, Brian\u00e7on s\u2019impose comme une <strong>destination \u00e0 part<\/strong>, o\u00f9 chaque visiteur trouve son bonheur. Que l\u2019on vienne pour l\u2019histoire, les sensations fortes ou la gastronomie, cette ville perch\u00e9e dans les Alpes ne cesse de surprendre et d\u2019envo\u00fbter ceux qui prennent le temps de la d\u00e9couvrir.<\/p>\n","protected":false},"excerpt":{"rendered":"<p>Nich\u00e9e au c\u0153ur des Alpes fran\u00e7aises, cette ville perch\u00e9e \u00e0 plus de 1300 m\u00e8tres d\u2019altitude cache bien des tr\u00e9sors. Derri\u00e8re [&hellip;]<\/p>\n","protected":false},"author":3,"featured_media":25652,"comment_status":"open","ping_status":"closed","sticky":false,"template":"","format":"standard","meta":{"_acf_changed":false,"_sitemap_exclude":false,"_sitemap_priority":"","_sitemap_frequency":"","footnotes":"","rank_math_title":"","rank_math_description":"Accroch\u00e9e aux flancs des Alpes, cette ville fortifi\u00e9e m\u00eale adr\u00e9naline et art de vivre dans un d\u00e9cor sensationnel, \u00e0 couper le souffle.","rank_math_canonical_url":"","rank_math_focus_keyword":"ville"},"categories":[3],"tags":[],"class_list":["post-25651","post","type-post","status-publish","format-standard","has-post-thumbnail","hentry","category-voyage"],"acf":[],"_links":{"self":[{"href":"https:\/\/ulysse.com\/news\/wp-json\/wp\/v2\/posts\/25651","targetHints":{"allow":["GET"]}}],"collection":[{"href":"https:\/\/ulysse.com\/news\/wp-json\/wp\/v2\/posts"}],"about":[{"href":"https:\/\/ulysse.com\/news\/wp-json\/wp\/v2\/types\/post"}],"author":[{"embeddable":true,"href":"https:\/\/ulysse.com\/news\/wp-json\/wp\/v2\/users\/3"}],"replies":[{"embeddable":true,"href":"https:\/\/ulysse.com\/news\/wp-json\/wp\/v2\/comments?post=25651"}],"version-history":[{"count":5,"href":"https:\/\/ulysse.com\/news\/wp-json\/wp\/v2\/posts\/25651\/revisions"}],"predecessor-version":[{"id":25712,"href":"https:\/\/ulysse.com\/news\/wp-json\/wp\/v2\/posts\/25651\/revisions\/25712"}],"wp:featuredmedia":[{"embeddable":true,"href":"https:\/\/ulysse.com\/news\/wp-json\/wp\/v2\/media\/25652"}],"wp:attachment":[{"href":"https:\/\/ulysse.com\/news\/wp-json\/wp\/v2\/media?parent=25651"}],"wp:term":[{"taxonomy":"category","embeddable":true,"href":"https:\/\/ulysse.com\/news\/wp-json\/wp\/v2\/categories?post=25651"},{"taxonomy":"post_tag","embeddable":true,"href":"https:\/\/ulysse.com\/news\/wp-json\/wp\/v2\/tags?post=25651"}],"curies":[{"name":"wp","href":"https:\/\/api.w.org\/{rel}","templated":true}]}}