{"id":25697,"date":"2025-02-19T16:00:17","date_gmt":"2025-02-19T15:00:17","guid":{"rendered":"https:\/\/discover.ulysse.com\/?p=25697"},"modified":"2025-02-19T15:55:51","modified_gmt":"2025-02-19T14:55:51","slug":"village-aisne-mise-village-prefere-des-francais","status":"publish","type":"post","link":"https:\/\/ulysse.com\/news\/village-aisne-mise-village-prefere-des-francais","title":{"rendered":"Ce village de l&#8217;Aisne favoris pour le titre de village pr\u00e9f\u00e9r\u00e9 des Fran\u00e7ais"},"content":{"rendered":"<p>Dans l\u2019ombre des grands noms du tourisme fran\u00e7ais, Longpont, un petit village de l\u2019Aisne, s\u2019appr\u00eate \u00e0 conqu\u00e9rir le c\u0153ur des Fran\u00e7ais. S\u00e9lectionn\u00e9 parmi les finalistes de l\u2019\u00e9mission \u00ab<strong> Le Village pr\u00e9f\u00e9r\u00e9 des Fran\u00e7ais<\/strong> \u00bb 2025, ce havre de paix au riche pass\u00e9 historique esp\u00e8re bien se hisser au sommet du classement. Derri\u00e8re ses ruelles pav\u00e9es et son abbaye mill\u00e9naire, Longpont d\u00e9ploie toute une strat\u00e9gie pour s\u00e9duire visiteurs et \u00e9lecteurs. Mais ce pari est-il \u00e0 la hauteur de ses ambitions ?<\/p>\n<h2>Un joyau cach\u00e9 des Hauts-de-France<\/h2>\n<p>\u00c0 90 km de <a href=\"https:\/\/discover.ulysse.com\/30-minutes-paris-cite-medievale-mantes-la-jolie\">Paris<\/a>, en lisi\u00e8re de la majestueuse for\u00eat de <a href=\"https:\/\/discover.ulysse.com\/paris-foret\">Retz<\/a>, Longpont offre une escapade bucolique o\u00f9 nature et patrimoine se rencontrent harmonieusement. Ce village d\u2019\u00e0 peine <strong>250 habitants<\/strong> rec\u00e8le un tr\u00e9sor architectural : <strong>l\u2019abbaye cistercienne de Longpont<\/strong>, fond\u00e9e en 1131 par Saint-Bernard. Malgr\u00e9 les affres du temps, ses imposantes ruines et sa fa\u00e7ade gothique de <strong>40 m\u00e8tres de haut<\/strong> continuent d\u2019attirer les amateurs d\u2019histoire et de vieilles pierres.<\/p>\n<p>Mais Longpont ne se r\u00e9sume pas \u00e0 son abbaye. Fl\u00e2ner dans le village, c\u2019est d\u00e9couvrir une porte fortifi\u00e9e aux accents m\u00e9di\u00e9vaux, un ancien lavoir, une glaci\u00e8re historique et des sentiers de randonn\u00e9e sillonnant une for\u00eat class\u00e9e \u00ab<strong> For\u00eat d\u2019Exception<\/strong> \u00bb. Loin du tourisme de masse, cette destination se positionne comme une invitation au ressourcement et \u00e0 la d\u00e9couverte d\u2019un <strong>patrimoine discret, mais fascinant<\/strong>.<\/p>\n<blockquote class=\"instagram-media\" style=\"background: #FFF; border: 0; border-radius: 3px; margin: 1px; max-width: 540px; min-width: 326px; padding: 0; width: calc(100% - 2px);\" data-instgrm-permalink=\"https:\/\/www.instagram.com\/p\/C_8iaClsPk8\/?utm_source=ig_embed&amp;utm_campaign=loading\" data-instgrm-version=\"14\">\n<div style=\"padding: 16px;\">\n<p>&nbsp;<\/p>\n<div style=\"flex-direction: row; align-items: center;\">\n<div style=\"background-color: #f4f4f4; border-radius: 50%; flex-grow: 0; height: 40px; margin-right: 14px; width: 40px;\"><\/div>\n<div style=\"flex-direction: column; flex-grow: 1; justify-content: center;\">\n<div style=\"background-color: #f4f4f4; border-radius: 4px; flex-grow: 0; height: 14px; margin-bottom: 6px; width: 100px;\"><\/div>\n<div style=\"background-color: #f4f4f4; border-radius: 4px; flex-grow: 0; height: 14px; width: 60px;\"><\/div>\n<\/div>\n<\/div>\n<div style=\"padding: 19% 0;\"><\/div>\n<div style=\"height: 50px; margin: 0 auto 12px; width: 50px;\"><\/div>\n<div style=\"padding-top: 8px;\">\n<div style=\"color: #3897f0; font-family: Arial,sans-serif; font-size: 14px; font-style: normal; font-weight: 550; line-height: 18px;\">Voir cette publication sur Instagram<\/div>\n<\/div>\n<div style=\"padding: 12.5% 0;\"><\/div>\n<div style=\"flex-direction: row; margin-bottom: 14px; align-items: center;\">\n<div>\n<div style=\"background-color: #f4f4f4; border-radius: 50%; height: 12.5px; width: 12.5px;\"><\/div>\n<div style=\"background-color: #f4f4f4; height: 12.5px; width: 12.5px; flex-grow: 0; margin-right: 14px; margin-left: 2px;\"><\/div>\n<div style=\"background-color: #f4f4f4; border-radius: 50%; height: 12.5px; width: 12.5px;\"><\/div>\n<\/div>\n<div style=\"margin-left: 8px;\">\n<div style=\"background-color: #f4f4f4; border-radius: 50%; flex-grow: 0; height: 20px; width: 20px;\"><\/div>\n<div style=\"width: 0; height: 0; border-top: 2px solid transparent; border-left: 6px solid #f4f4f4; border-bottom: 2px solid transparent;\"><\/div>\n<\/div>\n<div style=\"margin-left: auto;\">\n<div style=\"width: 0px; border-top: 8px solid #F4F4F4; border-right: 8px solid transparent;\"><\/div>\n<div style=\"background-color: #f4f4f4; flex-grow: 0; height: 12px; width: 16px;\"><\/div>\n<div style=\"width: 0; height: 0; border-top: 8px solid #F4F4F4; border-left: 8px solid transparent;\"><\/div>\n<\/div>\n<\/div>\n<div style=\"flex-direction: column; flex-grow: 1; justify-content: center; margin-bottom: 24px;\">\n<div style=\"background-color: #f4f4f4; border-radius: 4px; flex-grow: 0; height: 14px; margin-bottom: 6px; width: 224px;\"><\/div>\n<div style=\"background-color: #f4f4f4; border-radius: 4px; flex-grow: 0; height: 14px; width: 144px;\"><\/div>\n<\/div>\n<p>&nbsp;<\/p>\n<p style=\"color: #c9c8cd; font-family: Arial,sans-serif; font-size: 14px; line-height: 17px; margin-bottom: 0; margin-top: 8px; overflow: hidden; padding: 8px 0 7px; text-align: center;\"><a style=\"color: #c9c8cd; font-family: Arial,sans-serif; font-size: 14px; font-style: normal; font-weight: normal; line-height: 17px; text-decoration: none;\" href=\"https:\/\/www.instagram.com\/p\/C_8iaClsPk8\/?utm_source=ig_embed&amp;utm_campaign=loading\" target=\"_blank\" rel=\"noopener\">Une publication partag\u00e9e par Romane Sichet &amp; Florian Sichet (@linstantvoyages)<\/a><\/p>\n<\/div>\n<\/blockquote>\n<h2>Une candidature qui ne doit rien au hasard<\/h2>\n<p>\u00catre en lice pour le titre de village pr\u00e9f\u00e9r\u00e9 des Fran\u00e7ais ne s\u2019improvise pas. Conscients du potentiel de cette reconnaissance, les habitants et les acteurs locaux se mobilisent pour <strong>mettre Longpont sous les projecteurs<\/strong>. Communication renforc\u00e9e, mobilisation des r\u00e9seaux sociaux, organisation d\u2019\u00e9v\u00e9nements culturels et promotion de l\u2019artisanat local sont autant d\u2019actions men\u00e9es pour<strong> s\u00e9duire les \u00e9lecteurs<\/strong>.<\/p>\n<p>L\u2019\u00e9mission diffus\u00e9e sur France 3, suivie par des millions de t\u00e9l\u00e9spectateurs, constitue <strong>une vitrine exceptionnelle<\/strong>. Un sacre apporterait \u00e0 Longpont une affluence nouvelle, un dynamisme \u00e9conomique et une reconnaissance qui d\u00e9passe les fronti\u00e8res r\u00e9gionales. Le village esp\u00e8re suivre les traces de <a href=\"https:\/\/discover.ulysse.com\/quel-est-ce-village-vers-lequel-tout-le-monde-se-tourne-pour-les-vacances-de-la-toussaint-cette-annee\">Collioure<\/a>, <a href=\"https:\/\/www.20minutes.fr\/economie\/4106521-20240821-tourisme-difference-precedents-collioure-timide-effet-village-prefere-francais#:~:text=Le%2012%20juillet%2C%20Collioure%20a,demeure%20vivace%20dans%20le%20pays.\" target=\"_blank\" rel=\"noopener\">vainqueur en 2024<\/a>, qui a vu sa fr\u00e9quentation touristique exploser apr\u00e8s son sacre.<\/p>\n<blockquote class=\"instagram-media\" style=\"background: #FFF; border: 0; border-radius: 3px; margin: 1px; max-width: 540px; min-width: 326px; padding: 0; width: calc(100% - 2px);\" data-instgrm-permalink=\"https:\/\/www.instagram.com\/p\/DGOY8AKvYtr\/?utm_source=ig_embed&amp;utm_campaign=loading\" data-instgrm-version=\"14\">\n<div style=\"padding: 16px;\">\n<p>&nbsp;<\/p>\n<div style=\"flex-direction: row; align-items: center;\">\n<div style=\"background-color: #f4f4f4; border-radius: 50%; flex-grow: 0; height: 40px; margin-right: 14px; width: 40px;\"><\/div>\n<div style=\"flex-direction: column; flex-grow: 1; justify-content: center;\">\n<div style=\"background-color: #f4f4f4; border-radius: 4px; flex-grow: 0; height: 14px; margin-bottom: 6px; width: 100px;\"><\/div>\n<div style=\"background-color: #f4f4f4; border-radius: 4px; flex-grow: 0; height: 14px; width: 60px;\"><\/div>\n<\/div>\n<\/div>\n<div style=\"padding: 19% 0;\"><\/div>\n<div style=\"height: 50px; margin: 0 auto 12px; width: 50px;\"><\/div>\n<div style=\"padding-top: 8px;\">\n<div style=\"color: #3897f0; font-family: Arial,sans-serif; font-size: 14px; font-style: normal; font-weight: 550; line-height: 18px;\">Voir cette publication sur Instagram<\/div>\n<\/div>\n<div style=\"padding: 12.5% 0;\"><\/div>\n<div style=\"flex-direction: row; margin-bottom: 14px; align-items: center;\">\n<div>\n<div style=\"background-color: #f4f4f4; border-radius: 50%; height: 12.5px; width: 12.5px;\"><\/div>\n<div style=\"background-color: #f4f4f4; height: 12.5px; width: 12.5px; flex-grow: 0; margin-right: 14px; margin-left: 2px;\"><\/div>\n<div style=\"background-color: #f4f4f4; border-radius: 50%; height: 12.5px; width: 12.5px;\"><\/div>\n<\/div>\n<div style=\"margin-left: 8px;\">\n<div style=\"background-color: #f4f4f4; border-radius: 50%; flex-grow: 0; height: 20px; width: 20px;\"><\/div>\n<div style=\"width: 0; height: 0; border-top: 2px solid transparent; border-left: 6px solid #f4f4f4; border-bottom: 2px solid transparent;\"><\/div>\n<\/div>\n<div style=\"margin-left: auto;\">\n<div style=\"width: 0px; border-top: 8px solid #F4F4F4; border-right: 8px solid transparent;\"><\/div>\n<div style=\"background-color: #f4f4f4; flex-grow: 0; height: 12px; width: 16px;\"><\/div>\n<div style=\"width: 0; height: 0; border-top: 8px solid #F4F4F4; border-left: 8px solid transparent;\"><\/div>\n<\/div>\n<\/div>\n<div style=\"flex-direction: column; flex-grow: 1; justify-content: center; margin-bottom: 24px;\">\n<div style=\"background-color: #f4f4f4; border-radius: 4px; flex-grow: 0; height: 14px; margin-bottom: 6px; width: 224px;\"><\/div>\n<div style=\"background-color: #f4f4f4; border-radius: 4px; flex-grow: 0; height: 14px; width: 144px;\"><\/div>\n<\/div>\n<p>&nbsp;<\/p>\n<p style=\"color: #c9c8cd; font-family: Arial,sans-serif; font-size: 14px; line-height: 17px; margin-bottom: 0; margin-top: 8px; overflow: hidden; padding: 8px 0 7px; text-align: center;\"><a style=\"color: #c9c8cd; font-family: Arial,sans-serif; font-size: 14px; font-style: normal; font-weight: normal; line-height: 17px; text-decoration: none;\" href=\"https:\/\/www.instagram.com\/p\/DGOY8AKvYtr\/?utm_source=ig_embed&amp;utm_campaign=loading\" target=\"_blank\" rel=\"noopener\">Une publication partag\u00e9e par Re\u0301gion Hauts-de-France (@region_hautsdefrance)<\/a><\/p>\n<\/div>\n<\/blockquote>\n<h2>Le cin\u00e9ma : l&#8217;atout inattendu du village<\/h2>\n<p>Si Longpont attire aujourd\u2019hui l\u2019attention, c\u2019est aussi gr\u00e2ce \u00e0 une autre forme de notori\u00e9t\u00e9. Le village a r\u00e9cemment servi de<strong> lieu de tournage<\/strong> pour le film <a href=\"https:\/\/www.tourisme-villers-cotterets.fr\/activites\/PCUPIC0020010321_abbaye-de-longpont\/\" target=\"_blank\" rel=\"noopener\">Les Trois Mousquetaires : d\u2019Artagnan<\/a> (sorti en 2023), lui offrant une visibilit\u00e9 nationale. Ce d\u00e9cor authentique et charg\u00e9 d\u2019histoire se pr\u00eate parfaitement aux<strong> grandes fresques cin\u00e9matographiques<\/strong>, un argument suppl\u00e9mentaire pour s\u00e9duire un public en qu\u00eate d\u2019\u00e9vasion.<\/p>\n<h2>Un vote d\u00e9terminant et un avenir entre les mains des Fran\u00e7ais<\/h2>\n<p>Le vote du public, ouvert depuis le <strong>14 f\u00e9vrier 2025<\/strong>, d\u00e9terminera le grand gagnant de cette \u00e9dition. Les Fran\u00e7ais peuvent exprimer leur choix directement en ligne sur le <a href=\"https:\/\/www.france.tv\/france-3\/le-village-prefere-des-francais\/\" target=\"_blank\" rel=\"noopener\">site officiel de France TV<\/a>, et le village qui r\u00e9coltera le plus de voix sera couronn\u00e9 lors de l\u2019\u00e9mission diffus\u00e9e en<strong> juillet 2025 sur France 3<\/strong>.<\/p>\n<p>Chaque ann\u00e9e, le laur\u00e9at b\u00e9n\u00e9ficie d\u2019une <strong>notori\u00e9t\u00e9 exceptionnelle,<\/strong> attirant un afflux de visiteurs curieux de d\u00e9couvrir son patrimoine. Un timbre officiel \u00e9dit\u00e9 par La Poste viendra \u00e9galement immortaliser la victoire du village \u00e9lu, un privil\u00e8ge r\u00e9serv\u00e9 aux gagnants du concours.<\/p>\n<blockquote class=\"instagram-media\" style=\"background: #FFF; border: 0; border-radius: 3px; margin: 1px; max-width: 540px; min-width: 326px; padding: 0; width: calc(100% - 2px);\" data-instgrm-permalink=\"https:\/\/www.instagram.com\/p\/DGLDxS3A8Ic\/?utm_source=ig_embed&amp;utm_campaign=loading\" data-instgrm-version=\"14\">\n<div style=\"padding: 16px;\">\n<p>&nbsp;<\/p>\n<div style=\"flex-direction: row; align-items: center;\">\n<div style=\"background-color: #f4f4f4; border-radius: 50%; flex-grow: 0; height: 40px; margin-right: 14px; width: 40px;\"><\/div>\n<div style=\"flex-direction: column; flex-grow: 1; justify-content: center;\">\n<div style=\"background-color: #f4f4f4; border-radius: 4px; flex-grow: 0; height: 14px; margin-bottom: 6px; width: 100px;\"><\/div>\n<div style=\"background-color: #f4f4f4; border-radius: 4px; flex-grow: 0; height: 14px; width: 60px;\"><\/div>\n<\/div>\n<\/div>\n<div style=\"padding: 19% 0;\"><\/div>\n<div style=\"height: 50px; margin: 0 auto 12px; width: 50px;\"><\/div>\n<div style=\"padding-top: 8px;\">\n<div style=\"color: #3897f0; font-family: Arial,sans-serif; font-size: 14px; font-style: normal; font-weight: 550; line-height: 18px;\">Voir cette publication sur Instagram<\/div>\n<\/div>\n<div style=\"padding: 12.5% 0;\"><\/div>\n<div style=\"flex-direction: row; margin-bottom: 14px; align-items: center;\">\n<div>\n<div style=\"background-color: #f4f4f4; border-radius: 50%; height: 12.5px; width: 12.5px;\"><\/div>\n<div style=\"background-color: #f4f4f4; height: 12.5px; width: 12.5px; flex-grow: 0; margin-right: 14px; margin-left: 2px;\"><\/div>\n<div style=\"background-color: #f4f4f4; border-radius: 50%; height: 12.5px; width: 12.5px;\"><\/div>\n<\/div>\n<div style=\"margin-left: 8px;\">\n<div style=\"background-color: #f4f4f4; border-radius: 50%; flex-grow: 0; height: 20px; width: 20px;\"><\/div>\n<div style=\"width: 0; height: 0; border-top: 2px solid transparent; border-left: 6px solid #f4f4f4; border-bottom: 2px solid transparent;\"><\/div>\n<\/div>\n<div style=\"margin-left: auto;\">\n<div style=\"width: 0px; border-top: 8px solid #F4F4F4; border-right: 8px solid transparent;\"><\/div>\n<div style=\"background-color: #f4f4f4; flex-grow: 0; height: 12px; width: 16px;\"><\/div>\n<div style=\"width: 0; height: 0; border-top: 8px solid #F4F4F4; border-left: 8px solid transparent;\"><\/div>\n<\/div>\n<\/div>\n<div style=\"flex-direction: column; flex-grow: 1; justify-content: center; margin-bottom: 24px;\">\n<div style=\"background-color: #f4f4f4; border-radius: 4px; flex-grow: 0; height: 14px; margin-bottom: 6px; width: 224px;\"><\/div>\n<div style=\"background-color: #f4f4f4; border-radius: 4px; flex-grow: 0; height: 14px; width: 144px;\"><\/div>\n<\/div>\n<p>&nbsp;<\/p>\n<p style=\"color: #c9c8cd; font-family: Arial,sans-serif; font-size: 14px; line-height: 17px; margin-bottom: 0; margin-top: 8px; overflow: hidden; padding: 8px 0 7px; text-align: center;\"><a style=\"color: #c9c8cd; font-family: Arial,sans-serif; font-size: 14px; font-style: normal; font-weight: normal; line-height: 17px; text-decoration: none;\" href=\"https:\/\/www.instagram.com\/p\/DGLDxS3A8Ic\/?utm_source=ig_embed&amp;utm_campaign=loading\" target=\"_blank\" rel=\"noopener\">Une publication partag\u00e9e par Abbaye Notre-Dame de Longpont (@abbayedelongpont)<\/a><\/p>\n<\/div>\n<\/blockquote>\n<p>Longpont peut-il d\u00e9crocher cette r\u00e9compense et entrer dans le<strong> cercle tr\u00e8s ferm\u00e9 des villages prim\u00e9s<\/strong> ? La r\u00e9ponse d\u00e9pend d\u00e9sormais des votes des Fran\u00e7ais.<\/p>\n","protected":false},"excerpt":{"rendered":"<p>Dans l\u2019ombre des grands noms du tourisme fran\u00e7ais, Longpont, un petit village de l\u2019Aisne, s\u2019appr\u00eate \u00e0 conqu\u00e9rir le c\u0153ur des [&hellip;]<\/p>\n","protected":false},"author":3,"featured_media":25698,"comment_status":"open","ping_status":"closed","sticky":false,"template":"","format":"standard","meta":{"_acf_changed":false,"_sitemap_exclude":false,"_sitemap_priority":"","_sitemap_frequency":"","footnotes":"","rank_math_title":"","rank_math_description":"Et si le prochain village pr\u00e9f\u00e9r\u00e9 des Fran\u00e7ais \u00e9tait nich\u00e9 en plein c\u0153ur de l\u2019Aisne ? Longpont mise tout pour d\u00e9crocher le titre en 2025.","rank_math_canonical_url":"","rank_math_focus_keyword":"village"},"categories":[3],"tags":[],"class_list":["post-25697","post","type-post","status-publish","format-standard","has-post-thumbnail","hentry","category-voyage"],"acf":[],"_links":{"self":[{"href":"https:\/\/ulysse.com\/news\/wp-json\/wp\/v2\/posts\/25697","targetHints":{"allow":["GET"]}}],"collection":[{"href":"https:\/\/ulysse.com\/news\/wp-json\/wp\/v2\/posts"}],"about":[{"href":"https:\/\/ulysse.com\/news\/wp-json\/wp\/v2\/types\/post"}],"author":[{"embeddable":true,"href":"https:\/\/ulysse.com\/news\/wp-json\/wp\/v2\/users\/3"}],"replies":[{"embeddable":true,"href":"https:\/\/ulysse.com\/news\/wp-json\/wp\/v2\/comments?post=25697"}],"version-history":[{"count":3,"href":"https:\/\/ulysse.com\/news\/wp-json\/wp\/v2\/posts\/25697\/revisions"}],"predecessor-version":[{"id":25706,"href":"https:\/\/ulysse.com\/news\/wp-json\/wp\/v2\/posts\/25697\/revisions\/25706"}],"wp:featuredmedia":[{"embeddable":true,"href":"https:\/\/ulysse.com\/news\/wp-json\/wp\/v2\/media\/25698"}],"wp:attachment":[{"href":"https:\/\/ulysse.com\/news\/wp-json\/wp\/v2\/media?parent=25697"}],"wp:term":[{"taxonomy":"category","embeddable":true,"href":"https:\/\/ulysse.com\/news\/wp-json\/wp\/v2\/categories?post=25697"},{"taxonomy":"post_tag","embeddable":true,"href":"https:\/\/ulysse.com\/news\/wp-json\/wp\/v2\/tags?post=25697"}],"curies":[{"name":"wp","href":"https:\/\/api.w.org\/{rel}","templated":true}]}}