{"id":25700,"date":"2025-02-19T17:00:00","date_gmt":"2025-02-19T16:00:00","guid":{"rendered":"https:\/\/discover.ulysse.com\/?p=25700"},"modified":"2025-02-19T16:00:12","modified_gmt":"2025-02-19T15:00:12","slug":"idyllique-plage-record-pollution-france","status":"publish","type":"post","link":"https:\/\/ulysse.com\/news\/idyllique-plage-record-pollution-france","title":{"rendered":"Sous l\u2019apparence idyllique, cette plage d\u00e9tient le triste record de la pollution en France"},"content":{"rendered":"<p>L\u2019horizon bleu, le sable dor\u00e9, le bruit des vagues\u2026 Tout laisse penser que cette plage de Nouvelle-Aquitaine est un v\u00e9ritable coin de paradis. Pourtant, derri\u00e8re cette image idyllique, se cache une r\u00e9alit\u00e9 bien plus inqui\u00e9tante. Cette plage, pris\u00e9e des vacanciers, d\u00e9tient un triste record : elle est l\u2019une des plus pollu\u00e9es de France. Entre d\u00e9chets plastiques, eaux contamin\u00e9es et restrictions sanitaires, son \u00e9tat est alarmant. Que s\u2019est-il pass\u00e9 pour qu\u2019un tel joyau naturel devienne un point noir de la pollution c\u00f4ti\u00e8re ? D\u00e9cryptage d\u2019un probl\u00e8me qui ne cesse de s\u2019aggraver.<\/p>\n<h2>Une eau de baignade class\u00e9e insuffisante<\/h2>\n<p>Chaque \u00e9t\u00e9, les autorit\u00e9s sanitaires analysent la <strong>qualit\u00e9 des eaux de baignade en France<\/strong>. Si la majorit\u00e9 des plages affichent des r\u00e9sultats satisfaisants, certaines restent dans le rouge. C\u2019est notamment le cas de la <strong>plage nord de Port-des-Barques<\/strong>, en Charente-Maritime. Selon les derni\u00e8res analyses de l\u2019Agence r\u00e9gionale de sant\u00e9 (<a href=\"https:\/\/www.nouvelle-aquitaine.ars.sante.fr\/controle-des-eaux-de-baignades-en-nouvelle-aquitaine\" target=\"_blank\" rel=\"noopener\">ARS<\/a>), l\u2019eau y est jug\u00e9e \u00ab <a href=\"https:\/\/actu.fr\/planete\/pollution\/qualite-de-l-eau-insuffisante-quelles-sont-les-plages-ou-la-baignade-est-deconseillee-cet-ete_61403282.html\" target=\"_blank\" rel=\"noopener\">insuffisante<\/a> \u00bb, une classification qui entra\u00eene des interdictions de baignade r\u00e9guli\u00e8res.<\/p>\n<p>Le probl\u00e8me est r\u00e9current. En ao\u00fbt dernier, la mairie avait interdit la baignade apr\u00e8s la d\u00e9tection d\u2019un <strong>niveau trop \u00e9lev\u00e9 de bact\u00e9ries ent\u00e9rocoques<\/strong>, connues pour causer des infections digestives et cutan\u00e9es. La situation s\u2019est aggrav\u00e9e avec des pannes successives \u00e0 la station d\u2019\u00e9puration locale, entra\u00eenant des rejets d\u2019eaux us\u00e9es dans l\u2019estuaire de la Charente. Ces \u00e9pisodes de pollution rendent la <strong>plage impraticable<\/strong> \u00e0 plusieurs reprises dans l\u2019ann\u00e9e, au grand dam des habitants et des touristes.<\/p>\n<blockquote class=\"instagram-media\" style=\"background: #FFF; border: 0; border-radius: 3px; margin: 1px; max-width: 540px; min-width: 326px; padding: 0; width: calc(100% - 2px);\" data-instgrm-permalink=\"https:\/\/www.instagram.com\/p\/BLHCBXRjnew\/?utm_source=ig_embed&amp;utm_campaign=loading\" data-instgrm-version=\"14\">\n<div style=\"padding: 16px;\">\n<p>&nbsp;<\/p>\n<div style=\"flex-direction: row; align-items: center;\">\n<div style=\"background-color: #f4f4f4; border-radius: 50%; flex-grow: 0; height: 40px; margin-right: 14px; width: 40px;\"><\/div>\n<div style=\"flex-direction: column; flex-grow: 1; justify-content: center;\">\n<div style=\"background-color: #f4f4f4; border-radius: 4px; flex-grow: 0; height: 14px; margin-bottom: 6px; width: 100px;\"><\/div>\n<div style=\"background-color: #f4f4f4; border-radius: 4px; flex-grow: 0; height: 14px; width: 60px;\"><\/div>\n<\/div>\n<\/div>\n<div style=\"padding: 19% 0;\"><\/div>\n<div style=\"height: 50px; margin: 0 auto 12px; width: 50px;\"><\/div>\n<div style=\"padding-top: 8px;\">\n<div style=\"color: #3897f0; font-family: Arial,sans-serif; font-size: 14px; font-style: normal; font-weight: 550; line-height: 18px;\">Voir cette publication sur Instagram<\/div>\n<\/div>\n<div style=\"padding: 12.5% 0;\"><\/div>\n<div style=\"flex-direction: row; margin-bottom: 14px; align-items: center;\">\n<div>\n<div style=\"background-color: #f4f4f4; border-radius: 50%; height: 12.5px; width: 12.5px;\"><\/div>\n<div style=\"background-color: #f4f4f4; height: 12.5px; width: 12.5px; flex-grow: 0; margin-right: 14px; margin-left: 2px;\"><\/div>\n<div style=\"background-color: #f4f4f4; border-radius: 50%; height: 12.5px; width: 12.5px;\"><\/div>\n<\/div>\n<div style=\"margin-left: 8px;\">\n<div style=\"background-color: #f4f4f4; border-radius: 50%; flex-grow: 0; height: 20px; width: 20px;\"><\/div>\n<div style=\"width: 0; height: 0; border-top: 2px solid transparent; border-left: 6px solid #f4f4f4; border-bottom: 2px solid transparent;\"><\/div>\n<\/div>\n<div style=\"margin-left: auto;\">\n<div style=\"width: 0px; border-top: 8px solid #F4F4F4; border-right: 8px solid transparent;\"><\/div>\n<div style=\"background-color: #f4f4f4; flex-grow: 0; height: 12px; width: 16px;\"><\/div>\n<div style=\"width: 0; height: 0; border-top: 8px solid #F4F4F4; border-left: 8px solid transparent;\"><\/div>\n<\/div>\n<\/div>\n<div style=\"flex-direction: column; flex-grow: 1; justify-content: center; margin-bottom: 24px;\">\n<div style=\"background-color: #f4f4f4; border-radius: 4px; flex-grow: 0; height: 14px; margin-bottom: 6px; width: 224px;\"><\/div>\n<div style=\"background-color: #f4f4f4; border-radius: 4px; flex-grow: 0; height: 14px; width: 144px;\"><\/div>\n<\/div>\n<p>&nbsp;<\/p>\n<p style=\"color: #c9c8cd; font-family: Arial,sans-serif; font-size: 14px; line-height: 17px; margin-bottom: 0; margin-top: 8px; overflow: hidden; padding: 8px 0 7px; text-align: center;\"><a style=\"color: #c9c8cd; font-family: Arial,sans-serif; font-size: 14px; font-style: normal; font-weight: normal; line-height: 17px; text-decoration: none;\" href=\"https:\/\/www.instagram.com\/p\/BLHCBXRjnew\/?utm_source=ig_embed&amp;utm_campaign=loading\" target=\"_blank\" rel=\"noopener\">Une publication partag\u00e9e par Tom &#8211; Hypnose du sportif (@tom_aroundtheworld_)<\/a><\/p>\n<\/div>\n<\/blockquote>\n<h2>Une plage pollu\u00e9e pour plusieurs raisons<\/h2>\n<p>L\u2019\u00e9tat pr\u00e9occupant de la plage de Port-des-Barques ne r\u00e9sulte pas d\u2019un seul facteur, mais d\u2019un <strong>cumul de sources polluantes<\/strong>. D\u2019une part, les <strong>d\u00e9chets plastiques<\/strong> constituent un fl\u00e9au majeur. Bouteilles, sacs et emballages sont r\u00e9guli\u00e8rement retrouv\u00e9s sur le littoral, apport\u00e9s par les courants marins ou abandonn\u00e9s par les visiteurs. Ces r\u00e9sidus mettent des dizaines, voire des centaines d\u2019ann\u00e9es \u00e0 se d\u00e9grader, et nuisent gravement \u00e0 la faune marine.<\/p>\n<p>D\u2019autre part, les <strong>rejets agricoles et industriels<\/strong> amplifient le probl\u00e8me. L\u2019utilisation massive de pesticides et d\u2019engrais dans les exploitations voisines favorise le ruissellement de produits chimiques jusqu\u2019\u00e0 la mer. Parall\u00e8lement, les <strong>infrastructures de traitement des eaux<\/strong> sont parfois d\u00e9faillantes. La panne r\u00e9cente de la station d\u2019\u00e9puration, survenue apr\u00e8s un orage, en est l\u2019exemple parfait : un simple dysfonctionnement peut provoquer un d\u00e9versement d\u2019eaux us\u00e9es, entra\u00eenant une interdiction imm\u00e9diate de baignade.<\/p>\n<blockquote class=\"instagram-media\" style=\"background: #FFF; border: 0; border-radius: 3px; margin: 1px; max-width: 540px; min-width: 326px; padding: 0; width: calc(100% - 2px);\" data-instgrm-permalink=\"https:\/\/www.instagram.com\/tv\/C1hTP7gg14j\/?utm_source=ig_embed&amp;utm_campaign=loading\" data-instgrm-version=\"14\">\n<div style=\"padding: 16px;\">\n<p>&nbsp;<\/p>\n<div style=\"flex-direction: row; align-items: center;\">\n<div style=\"background-color: #f4f4f4; border-radius: 50%; flex-grow: 0; height: 40px; margin-right: 14px; width: 40px;\"><\/div>\n<div style=\"flex-direction: column; flex-grow: 1; justify-content: center;\">\n<div style=\"background-color: #f4f4f4; border-radius: 4px; flex-grow: 0; height: 14px; margin-bottom: 6px; width: 100px;\"><\/div>\n<div style=\"background-color: #f4f4f4; border-radius: 4px; flex-grow: 0; height: 14px; width: 60px;\"><\/div>\n<\/div>\n<\/div>\n<div style=\"padding: 19% 0;\"><\/div>\n<div style=\"height: 50px; margin: 0 auto 12px; width: 50px;\"><\/div>\n<div style=\"padding-top: 8px;\">\n<div style=\"color: #3897f0; font-family: Arial,sans-serif; font-size: 14px; font-style: normal; font-weight: 550; line-height: 18px;\">Voir cette publication sur Instagram<\/div>\n<\/div>\n<div style=\"padding: 12.5% 0;\"><\/div>\n<div style=\"flex-direction: row; margin-bottom: 14px; align-items: center;\">\n<div>\n<div style=\"background-color: #f4f4f4; border-radius: 50%; height: 12.5px; width: 12.5px;\"><\/div>\n<div style=\"background-color: #f4f4f4; height: 12.5px; width: 12.5px; flex-grow: 0; margin-right: 14px; margin-left: 2px;\"><\/div>\n<div style=\"background-color: #f4f4f4; border-radius: 50%; height: 12.5px; width: 12.5px;\"><\/div>\n<\/div>\n<div style=\"margin-left: 8px;\">\n<div style=\"background-color: #f4f4f4; border-radius: 50%; flex-grow: 0; height: 20px; width: 20px;\"><\/div>\n<div style=\"width: 0; height: 0; border-top: 2px solid transparent; border-left: 6px solid #f4f4f4; border-bottom: 2px solid transparent;\"><\/div>\n<\/div>\n<div style=\"margin-left: auto;\">\n<div style=\"width: 0px; border-top: 8px solid #F4F4F4; border-right: 8px solid transparent;\"><\/div>\n<div style=\"background-color: #f4f4f4; flex-grow: 0; height: 12px; width: 16px;\"><\/div>\n<div style=\"width: 0; height: 0; border-top: 8px solid #F4F4F4; border-left: 8px solid transparent;\"><\/div>\n<\/div>\n<\/div>\n<div style=\"flex-direction: column; flex-grow: 1; justify-content: center; margin-bottom: 24px;\">\n<div style=\"background-color: #f4f4f4; border-radius: 4px; flex-grow: 0; height: 14px; margin-bottom: 6px; width: 224px;\"><\/div>\n<div style=\"background-color: #f4f4f4; border-radius: 4px; flex-grow: 0; height: 14px; width: 144px;\"><\/div>\n<\/div>\n<p>&nbsp;<\/p>\n<p style=\"color: #c9c8cd; font-family: Arial,sans-serif; font-size: 14px; line-height: 17px; margin-bottom: 0; margin-top: 8px; overflow: hidden; padding: 8px 0 7px; text-align: center;\"><a style=\"color: #c9c8cd; font-family: Arial,sans-serif; font-size: 14px; font-style: normal; font-weight: normal; line-height: 17px; text-decoration: none;\" href=\"https:\/\/www.instagram.com\/tv\/C1hTP7gg14j\/?utm_source=ig_embed&amp;utm_campaign=loading\" target=\"_blank\" rel=\"noopener\">Une publication partag\u00e9e par Edith Cramatte (@edithcramatte)<\/a><\/p>\n<\/div>\n<\/blockquote>\n<h2>Un impact direct sur le tourisme<\/h2>\n<p>Cette pollution n\u2019a pas seulement des cons\u00e9quences environnementales : elle affecte aussi <strong>l\u2019\u00e9conomie locale<\/strong>. Port-des-Barques, comme beaucoup de stations baln\u00e9aires de <a href=\"https:\/\/discover.ulysse.com\/joyau-medieval-plus-beaux-villages-de-france\">Charente-Maritime<\/a>, vit en grande partie du tourisme estival. Or, les classements sanitaires n\u00e9gatifs et les fermetures r\u00e9p\u00e9t\u00e9es des plages ternissent son image.<\/p>\n<p>Les chiffres parlent d\u2019eux-m\u00eames : la fr\u00e9quentation de la plage nord a<strong> chut\u00e9 de 30 % en deux ans<\/strong>, d\u2019apr\u00e8s les professionnels du secteur. H\u00f4tels, restaurants et commerces de proximit\u00e9 souffrent de cette d\u00e9saffection. Certains vacanciers, mal inform\u00e9s, d\u00e9couvrent l\u2019interdiction de baignade<strong> en arrivant sur place<\/strong> et se tournent vers d\u2019autres destinations plus s\u00fbres. L\u2019impact \u00e9conomique se chiffre en <strong>millions d\u2019euros de pertes<\/strong> pour la commune et les acteurs du tourisme local.<\/p>\n<blockquote class=\"instagram-media\" style=\"background: #FFF; border: 0; border-radius: 3px; margin: 1px; max-width: 540px; min-width: 326px; padding: 0; width: calc(100% - 2px);\" data-instgrm-permalink=\"https:\/\/www.instagram.com\/p\/CFXE6S-FBAc\/?utm_source=ig_embed&amp;utm_campaign=loading\" data-instgrm-version=\"14\">\n<div style=\"padding: 16px;\">\n<p>&nbsp;<\/p>\n<div style=\"flex-direction: row; align-items: center;\">\n<div style=\"background-color: #f4f4f4; border-radius: 50%; flex-grow: 0; height: 40px; margin-right: 14px; width: 40px;\"><\/div>\n<div style=\"flex-direction: column; flex-grow: 1; justify-content: center;\">\n<div style=\"background-color: #f4f4f4; border-radius: 4px; flex-grow: 0; height: 14px; margin-bottom: 6px; width: 100px;\"><\/div>\n<div style=\"background-color: #f4f4f4; border-radius: 4px; flex-grow: 0; height: 14px; width: 60px;\"><\/div>\n<\/div>\n<\/div>\n<div style=\"padding: 19% 0;\"><\/div>\n<div style=\"height: 50px; margin: 0 auto 12px; width: 50px;\"><\/div>\n<div style=\"padding-top: 8px;\">\n<div style=\"color: #3897f0; font-family: Arial,sans-serif; font-size: 14px; font-style: normal; font-weight: 550; line-height: 18px;\">Voir cette publication sur Instagram<\/div>\n<\/div>\n<div style=\"padding: 12.5% 0;\"><\/div>\n<div style=\"flex-direction: row; margin-bottom: 14px; align-items: center;\">\n<div>\n<div style=\"background-color: #f4f4f4; border-radius: 50%; height: 12.5px; width: 12.5px;\"><\/div>\n<div style=\"background-color: #f4f4f4; height: 12.5px; width: 12.5px; flex-grow: 0; margin-right: 14px; margin-left: 2px;\"><\/div>\n<div style=\"background-color: #f4f4f4; border-radius: 50%; height: 12.5px; width: 12.5px;\"><\/div>\n<\/div>\n<div style=\"margin-left: 8px;\">\n<div style=\"background-color: #f4f4f4; border-radius: 50%; flex-grow: 0; height: 20px; width: 20px;\"><\/div>\n<div style=\"width: 0; height: 0; border-top: 2px solid transparent; border-left: 6px solid #f4f4f4; border-bottom: 2px solid transparent;\"><\/div>\n<\/div>\n<div style=\"margin-left: auto;\">\n<div style=\"width: 0px; border-top: 8px solid #F4F4F4; border-right: 8px solid transparent;\"><\/div>\n<div style=\"background-color: #f4f4f4; flex-grow: 0; height: 12px; width: 16px;\"><\/div>\n<div style=\"width: 0; height: 0; border-top: 8px solid #F4F4F4; border-left: 8px solid transparent;\"><\/div>\n<\/div>\n<\/div>\n<div style=\"flex-direction: column; flex-grow: 1; justify-content: center; margin-bottom: 24px;\">\n<div style=\"background-color: #f4f4f4; border-radius: 4px; flex-grow: 0; height: 14px; margin-bottom: 6px; width: 224px;\"><\/div>\n<div style=\"background-color: #f4f4f4; border-radius: 4px; flex-grow: 0; height: 14px; width: 144px;\"><\/div>\n<\/div>\n<p>&nbsp;<\/p>\n<p style=\"color: #c9c8cd; font-family: Arial,sans-serif; font-size: 14px; line-height: 17px; margin-bottom: 0; margin-top: 8px; overflow: hidden; padding: 8px 0 7px; text-align: center;\"><a style=\"color: #c9c8cd; font-family: Arial,sans-serif; font-size: 14px; font-style: normal; font-weight: normal; line-height: 17px; text-decoration: none;\" href=\"https:\/\/www.instagram.com\/p\/CFXE6S-FBAc\/?utm_source=ig_embed&amp;utm_campaign=loading\" target=\"_blank\" rel=\"noopener\">Une publication partag\u00e9e par Claire Lso (@clairelso)<\/a><\/p>\n<\/div>\n<\/blockquote>\n<h2>Des initiatives pour inverser la tendance<\/h2>\n<p>Face \u00e0 cette situation pr\u00e9occupante, des mesures ont \u00e9t\u00e9 mises en place pour tenter d\u2019<strong>am\u00e9liorer la qualit\u00e9 de l\u2019eau<\/strong> et limiter la pollution. Les autorit\u00e9s locales organisent r\u00e9guli\u00e8rement des campagnes de nettoyage, mobilisant b\u00e9n\u00e9voles et associations environnementales.<strong> Des filtres<\/strong> ont \u00e9t\u00e9 install\u00e9s aux embouchures des rivi\u00e8res pour capturer une partie des d\u00e9chets avant qu\u2019ils n\u2019atteignent l\u2019oc\u00e9an.<\/p>\n<p>Mais ces efforts restent insuffisants si les causes profondes du probl\u00e8me ne sont pas trait\u00e9es. Une <strong>modernisation des infrastructures de traitement des eaux<\/strong> appara\u00eet comme une priorit\u00e9 absolue. Par ailleurs, une sensibilisation plus efficace des touristes et des habitants est n\u00e9cessaire pour limiter l\u2019abandon de d\u00e9chets sur les plages.<\/p>\n<blockquote class=\"instagram-media\" style=\"background: #FFF; border: 0; border-radius: 3px; margin: 1px; max-width: 540px; min-width: 326px; padding: 0; width: calc(100% - 2px);\" data-instgrm-permalink=\"https:\/\/www.instagram.com\/p\/DAgtl43tDM8\/?utm_source=ig_embed&amp;utm_campaign=loading\" data-instgrm-version=\"14\">\n<div style=\"padding: 16px;\">\n<p>&nbsp;<\/p>\n<div style=\"flex-direction: row; align-items: center;\">\n<div style=\"background-color: #f4f4f4; border-radius: 50%; flex-grow: 0; height: 40px; margin-right: 14px; width: 40px;\"><\/div>\n<div style=\"flex-direction: column; flex-grow: 1; justify-content: center;\">\n<div style=\"background-color: #f4f4f4; border-radius: 4px; flex-grow: 0; height: 14px; margin-bottom: 6px; width: 100px;\"><\/div>\n<div style=\"background-color: #f4f4f4; border-radius: 4px; flex-grow: 0; height: 14px; width: 60px;\"><\/div>\n<\/div>\n<\/div>\n<div style=\"padding: 19% 0;\"><\/div>\n<div style=\"height: 50px; margin: 0 auto 12px; width: 50px;\"><\/div>\n<div style=\"padding-top: 8px;\">\n<div style=\"color: #3897f0; font-family: Arial,sans-serif; font-size: 14px; font-style: normal; font-weight: 550; line-height: 18px;\">Voir cette publication sur Instagram<\/div>\n<\/div>\n<div style=\"padding: 12.5% 0;\"><\/div>\n<div style=\"flex-direction: row; margin-bottom: 14px; align-items: center;\">\n<div>\n<div style=\"background-color: #f4f4f4; border-radius: 50%; height: 12.5px; width: 12.5px;\"><\/div>\n<div style=\"background-color: #f4f4f4; height: 12.5px; width: 12.5px; flex-grow: 0; margin-right: 14px; margin-left: 2px;\"><\/div>\n<div style=\"background-color: #f4f4f4; border-radius: 50%; height: 12.5px; width: 12.5px;\"><\/div>\n<\/div>\n<div style=\"margin-left: 8px;\">\n<div style=\"background-color: #f4f4f4; border-radius: 50%; flex-grow: 0; height: 20px; width: 20px;\"><\/div>\n<div style=\"width: 0; height: 0; border-top: 2px solid transparent; border-left: 6px solid #f4f4f4; border-bottom: 2px solid transparent;\"><\/div>\n<\/div>\n<div style=\"margin-left: auto;\">\n<div style=\"width: 0px; border-top: 8px solid #F4F4F4; border-right: 8px solid transparent;\"><\/div>\n<div style=\"background-color: #f4f4f4; flex-grow: 0; height: 12px; width: 16px;\"><\/div>\n<div style=\"width: 0; height: 0; border-top: 8px solid #F4F4F4; border-left: 8px solid transparent;\"><\/div>\n<\/div>\n<\/div>\n<div style=\"flex-direction: column; flex-grow: 1; justify-content: center; margin-bottom: 24px;\">\n<div style=\"background-color: #f4f4f4; border-radius: 4px; flex-grow: 0; height: 14px; margin-bottom: 6px; width: 224px;\"><\/div>\n<div style=\"background-color: #f4f4f4; border-radius: 4px; flex-grow: 0; height: 14px; width: 144px;\"><\/div>\n<\/div>\n<p>&nbsp;<\/p>\n<p style=\"color: #c9c8cd; font-family: Arial,sans-serif; font-size: 14px; line-height: 17px; margin-bottom: 0; margin-top: 8px; overflow: hidden; padding: 8px 0 7px; text-align: center;\"><a style=\"color: #c9c8cd; font-family: Arial,sans-serif; font-size: 14px; font-style: normal; font-weight: normal; line-height: 17px; text-decoration: none;\" href=\"https:\/\/www.instagram.com\/p\/DAgtl43tDM8\/?utm_source=ig_embed&amp;utm_campaign=loading\" target=\"_blank\" rel=\"noopener\">Une publication partag\u00e9e par Surfrider Charente-Maritime &#8211; Groupe Local (@surfrider_charentemaritime)<\/a><\/p>\n<\/div>\n<\/blockquote>\n<p>Port-des-Barques pourra-t-elle un jour retrouver une <strong>eau de baignade propre et s\u00fbre<\/strong> ? La r\u00e9ponse d\u00e9pendra des efforts conjoints des autorit\u00e9s, des entreprises locales et des citoyens. En attendant, cette plage, autrefois pris\u00e9e pour son cadre naturel exceptionnel, comme <a href=\"https:\/\/discover.ulysse.com\/cette-plage-bretonne-est-la-plus-polluee-de-france\">bien d&#8217;autres en France<\/a> d&#8217;ailleurs, reste sous surveillance, entre interdictions et espoirs de r\u00e9habilitation.<\/p>\n","protected":false},"excerpt":{"rendered":"<p>L\u2019horizon bleu, le sable dor\u00e9, le bruit des vagues\u2026 Tout laisse penser que cette plage de Nouvelle-Aquitaine est un v\u00e9ritable [&hellip;]<\/p>\n","protected":false},"author":3,"featured_media":25701,"comment_status":"open","ping_status":"closed","sticky":false,"template":"","format":"standard","meta":{"_acf_changed":false,"_sitemap_exclude":false,"_sitemap_priority":"","_sitemap_frequency":"","footnotes":"","rank_math_title":"","rank_math_description":"Sous le soleil de la Charente-Maritime, une plage aux allures paradisiaques cache une r\u00e9alit\u00e9 bien moins idyllique, la rendant interdite \u00e0 la baignade.","rank_math_canonical_url":"","rank_math_focus_keyword":"plage"},"categories":[3],"tags":[],"class_list":["post-25700","post","type-post","status-publish","format-standard","has-post-thumbnail","hentry","category-voyage"],"acf":[],"_links":{"self":[{"href":"https:\/\/ulysse.com\/news\/wp-json\/wp\/v2\/posts\/25700","targetHints":{"allow":["GET"]}}],"collection":[{"href":"https:\/\/ulysse.com\/news\/wp-json\/wp\/v2\/posts"}],"about":[{"href":"https:\/\/ulysse.com\/news\/wp-json\/wp\/v2\/types\/post"}],"author":[{"embeddable":true,"href":"https:\/\/ulysse.com\/news\/wp-json\/wp\/v2\/users\/3"}],"replies":[{"embeddable":true,"href":"https:\/\/ulysse.com\/news\/wp-json\/wp\/v2\/comments?post=25700"}],"version-history":[{"count":5,"href":"https:\/\/ulysse.com\/news\/wp-json\/wp\/v2\/posts\/25700\/revisions"}],"predecessor-version":[{"id":25709,"href":"https:\/\/ulysse.com\/news\/wp-json\/wp\/v2\/posts\/25700\/revisions\/25709"}],"wp:featuredmedia":[{"embeddable":true,"href":"https:\/\/ulysse.com\/news\/wp-json\/wp\/v2\/media\/25701"}],"wp:attachment":[{"href":"https:\/\/ulysse.com\/news\/wp-json\/wp\/v2\/media?parent=25700"}],"wp:term":[{"taxonomy":"category","embeddable":true,"href":"https:\/\/ulysse.com\/news\/wp-json\/wp\/v2\/categories?post=25700"},{"taxonomy":"post_tag","embeddable":true,"href":"https:\/\/ulysse.com\/news\/wp-json\/wp\/v2\/tags?post=25700"}],"curies":[{"name":"wp","href":"https:\/\/api.w.org\/{rel}","templated":true}]}}