{"id":25740,"date":"2025-02-20T14:00:09","date_gmt":"2025-02-20T13:00:09","guid":{"rendered":"https:\/\/discover.ulysse.com\/?p=25740"},"modified":"2025-02-20T12:49:26","modified_gmt":"2025-02-20T11:49:26","slug":"neige-stations-de-ski-fin-fevrier","status":"publish","type":"post","link":"https:\/\/ulysse.com\/news\/neige-stations-de-ski-fin-fevrier","title":{"rendered":"Neige dans les stations de ski : ce qui vous attend pour la fin f\u00e9vrier"},"content":{"rendered":"<p data-start=\"75\" data-end=\"466\">Les skieurs qui esp\u00e9raient une fin de saison prolong\u00e9e vont devoir surveiller de pr\u00e8s les pr\u00e9visions m\u00e9t\u00e9orologiques. Si l\u2019enneigement reste globalement correct dans les stations de ski fran\u00e7aises, les temp\u00e9ratures douces attendues \u00e0 partir de cette deuxi\u00e8me partie du mois pourraient compliquer la situation. Faisons le point sur les perspectives de neige dans les massifs pour la fin f\u00e9vrier.<\/p>\n<p data-start=\"468\" data-end=\"1033\">Dans les Alpes, la situation est plut\u00f4t favorable avec des hauteurs de neige impressionnantes, notamment dans les massifs de Haute-Savoie o\u00f9 plus de 3 m\u00e8tres sont mesur\u00e9s \u00e0 2500 m\u00e8tres d\u2019altitude. Les stations de Savoie et des Alpes du Sud ne sont pas en reste, avec jusqu&#8217;\u00e0 170 cm \u00e0 2500 m. En revanche, dans les Pyr\u00e9n\u00e9es, l&#8217;enneigement n&#8217;est pas aussi g\u00e9n\u00e9ralis\u00e9 et les flocons se font attendre au-del\u00e0 de 2000 m\u00e8tres, avec toutefois de tr\u00e8s bonnes conditions en altitude, notamment dans l\u2019Aspe Ossau o\u00f9 pr\u00e8s de 2 m\u00e8tres de neige sont enregistr\u00e9s sur les sommets.<\/p>\n<h2 data-start=\"1035\" data-end=\"1101\">Les prochaines chutes de neige : o\u00f9 faut-il \u00eatre ce week-end ?<\/h2>\n<p data-start=\"1103\" data-end=\"1478\">Les <a href=\"https:\/\/discover.ulysse.com\/stations-ski-entre-or-blanc-et-avenir-incertain\">stations des Pyr\u00e9n\u00e9es<\/a> seront particuli\u00e8rement bien servies ce week-end. D\u00e8s samedi matin, les premi\u00e8res chutes de neige arriveront, et des accumulations de neige fra\u00eeche sont attendues, particuli\u00e8rement \u00e0 Piau-Engaly, Peyragudes et Superbagn\u00e8res, avec jusqu\u2019\u00e0 35 cm \u00e0 2600 m. Une bonne nouvelle pour les stations de cette r\u00e9gion, souvent moins garnies en neige naturelle.<\/p>\n<p data-start=\"1480\" data-end=\"1807\">Pour les Alpes, <strong>les chutes de neige seront plus modestes<\/strong>. M\u00e9t\u00e9o France pr\u00e9voit quelques flocons sur les sommets des Alpes entre le samedi 22 et le dimanche 23 f\u00e9vrier, mais l\u2019apport de neige sera limit\u00e9. Ce n\u2019est donc pas ce week-end que les stations alpines verront leur couverture neigeuse am\u00e9liorer de mani\u00e8re significative.<\/p>\n<h2 data-start=\"1809\" data-end=\"1883\">La neige attendue pour fin f\u00e9vrier : un retour en force \u00e0 partir du 25<\/h2>\n<p data-start=\"1885\" data-end=\"2407\">Si ce week-end reste relativement calme, les choses devraient changer \u00e0 partir du 25 f\u00e9vrier. Les pr\u00e9visions annoncent des <strong>chutes de neige sur tous les massifs<\/strong>, et cela pourrait durer plusieurs jours. Les stations des Alpes et des Pyr\u00e9n\u00e9es b\u00e9n\u00e9ficieront de nouvelles chutes qui, selon les premi\u00e8res estimations, pourraient accumuler entre 6 et 33 cm selon les r\u00e9gions. Les Alpes, d\u00e9j\u00e0 bien enneig\u00e9es, recevront une nouvelle couche appr\u00e9ciable qui permettra de prolonger la saison sur les domaines skiables les plus \u00e9lev\u00e9s.<\/p>\n<blockquote class=\"instagram-media\" style=\"background: #FFF; border: 0; border-radius: 3px; box-shadow: 0 0 1px 0 rgba(0,0,0,0.5),0 1px 10px 0 rgba(0,0,0,0.15); margin: 1px; max-width: 540px; min-width: 326px; padding: 0; width: calc(100% - 2px);\" data-instgrm-permalink=\"https:\/\/www.instagram.com\/reel\/C2abJjsNDh5\/?utm_source=ig_embed&amp;utm_campaign=loading\" data-instgrm-version=\"14\">\n<div style=\"padding: 16px;\">\n<p>&nbsp;<\/p>\n<div style=\"display: flex; flex-direction: row; align-items: center;\">\n<div style=\"background-color: #f4f4f4; border-radius: 50%; flex-grow: 0; height: 40px; margin-right: 14px; width: 40px;\"><\/div>\n<div style=\"display: flex; flex-direction: column; flex-grow: 1; justify-content: center;\">\n<div style=\"background-color: #f4f4f4; border-radius: 4px; flex-grow: 0; height: 14px; margin-bottom: 6px; width: 100px;\"><\/div>\n<div style=\"background-color: #f4f4f4; border-radius: 4px; flex-grow: 0; height: 14px; width: 60px;\"><\/div>\n<\/div>\n<\/div>\n<div style=\"padding: 19% 0;\"><\/div>\n<div style=\"display: block; height: 50px; margin: 0 auto 12px; width: 50px;\"><\/div>\n<div style=\"padding-top: 8px;\">\n<div style=\"color: #3897f0; font-family: Arial,sans-serif; font-size: 14px; font-style: normal; font-weight: 550; line-height: 18px;\">Afficher cette publication sur Instagram<\/div>\n<\/div>\n<div style=\"padding: 12.5% 0;\"><\/div>\n<div style=\"display: flex; flex-direction: row; margin-bottom: 14px; align-items: center;\">\n<div>\n<div style=\"background-color: #f4f4f4; border-radius: 50%; height: 12.5px; width: 12.5px; transform: translateX(0px) translateY(7px);\"><\/div>\n<div style=\"background-color: #f4f4f4; height: 12.5px; transform: rotate(-45deg) translateX(3px) translateY(1px); width: 12.5px; flex-grow: 0; margin-right: 14px; margin-left: 2px;\"><\/div>\n<div style=\"background-color: #f4f4f4; border-radius: 50%; height: 12.5px; width: 12.5px; transform: translateX(9px) translateY(-18px);\"><\/div>\n<\/div>\n<div style=\"margin-left: 8px;\">\n<div style=\"background-color: #f4f4f4; border-radius: 50%; flex-grow: 0; height: 20px; width: 20px;\"><\/div>\n<div style=\"width: 0; height: 0; border-top: 2px solid transparent; border-left: 6px solid #f4f4f4; border-bottom: 2px solid transparent; transform: translateX(16px) translateY(-4px) rotate(30deg);\"><\/div>\n<\/div>\n<div style=\"margin-left: auto;\">\n<div style=\"width: 0px; border-top: 8px solid #F4F4F4; border-right: 8px solid transparent; transform: translateY(16px);\"><\/div>\n<div style=\"background-color: #f4f4f4; flex-grow: 0; height: 12px; width: 16px; transform: translateY(-4px);\"><\/div>\n<div style=\"width: 0; height: 0; border-top: 8px solid #F4F4F4; border-left: 8px solid transparent; transform: translateY(-4px) translateX(8px);\"><\/div>\n<\/div>\n<\/div>\n<div style=\"display: flex; flex-direction: column; flex-grow: 1; justify-content: center; margin-bottom: 24px;\">\n<div style=\"background-color: #f4f4f4; border-radius: 4px; flex-grow: 0; height: 14px; margin-bottom: 6px; width: 224px;\"><\/div>\n<div style=\"background-color: #f4f4f4; border-radius: 4px; flex-grow: 0; height: 14px; width: 144px;\"><\/div>\n<\/div>\n<p>&nbsp;<\/p>\n<p style=\"color: #c9c8cd; font-family: Arial,sans-serif; font-size: 14px; line-height: 17px; margin-bottom: 0; margin-top: 8px; overflow: hidden; padding: 8px 0 7px; text-align: center; text-overflow: ellipsis; white-space: nowrap;\"><a style=\"color: #c9c8cd; font-family: Arial,sans-serif; font-size: 14px; font-style: normal; font-weight: normal; line-height: 17px; text-decoration: none;\" href=\"https:\/\/www.instagram.com\/reel\/C2abJjsNDh5\/?utm_source=ig_embed&amp;utm_campaign=loading\" target=\"_blank\" rel=\"noopener\">Une publication partag\u00e9e par Dt. Bengin Bayram (@benginbayram)<\/a><\/p>\n<\/div>\n<\/blockquote>\n<p><script async src=\"\/\/www.instagram.com\/embed.js\"><\/script><\/p>\n<p data-start=\"2409\" data-end=\"2829\">Cette reprise des chutes de neige \u00e0 la fin du mois de f\u00e9vrier repr\u00e9sente une bouff\u00e9e d\u2019air frais pour les <a href=\"https:\/\/discover.ulysse.com\/pays-europe-stations-de-ski-moins-cheres\">stations de ski<\/a>. Apr\u00e8s une p\u00e9riode de douceur, l\u2019arriv\u00e9e de la neige sera un soulagement pour les acteurs du secteur, souvent d\u00e9pendants des conditions m\u00e9t\u00e9o pour maintenir la qualit\u00e9 de la neige sur les pistes. Pour les skieurs, c&#8217;est l&#8217;assurance de profiter de bons conditions jusqu&#8217;\u00e0 d\u00e9but mars, voire au-del\u00e0.<\/p>\n<p data-start=\"2831\" data-end=\"3159\" data-is-last-node=\"\" data-is-only-node=\"\">Ainsi, bien que la situation semble assez stable pour le moment, l\u2019arriv\u00e9e de la neige en fin de mois redonne de l\u2019espoir aux stations qui peinaient \u00e0 maintenir une neige fra\u00eeche sur leurs pistes. Ce retour des flocons sera crucial pour le maintien d\u2019une saison de ski optimale, surtout apr\u00e8s une p\u00e9riode de temp\u00e9ratures douces.<\/p>\n","protected":false},"excerpt":{"rendered":"<p>Les skieurs qui esp\u00e9raient une fin de saison prolong\u00e9e vont devoir surveiller de pr\u00e8s les pr\u00e9visions m\u00e9t\u00e9orologiques. Si l\u2019enneigement reste [&hellip;]<\/p>\n","protected":false},"author":4,"featured_media":25743,"comment_status":"open","ping_status":"closed","sticky":false,"template":"","format":"standard","meta":{"_acf_changed":false,"_sitemap_exclude":false,"_sitemap_priority":"","_sitemap_frequency":"","footnotes":"","rank_math_title":"","rank_math_description":"La fin f\u00e9vrier r\u00e9serve-t-elle encore de bonnes conditions de ski ? D\u00e9couvrez ce qui vous attend sur les pistes.","rank_math_canonical_url":"","rank_math_focus_keyword":"stations de ski"},"categories":[3],"tags":[],"class_list":["post-25740","post","type-post","status-publish","format-standard","has-post-thumbnail","hentry","category-voyage"],"acf":[],"_links":{"self":[{"href":"https:\/\/ulysse.com\/news\/wp-json\/wp\/v2\/posts\/25740","targetHints":{"allow":["GET"]}}],"collection":[{"href":"https:\/\/ulysse.com\/news\/wp-json\/wp\/v2\/posts"}],"about":[{"href":"https:\/\/ulysse.com\/news\/wp-json\/wp\/v2\/types\/post"}],"author":[{"embeddable":true,"href":"https:\/\/ulysse.com\/news\/wp-json\/wp\/v2\/users\/4"}],"replies":[{"embeddable":true,"href":"https:\/\/ulysse.com\/news\/wp-json\/wp\/v2\/comments?post=25740"}],"version-history":[{"count":2,"href":"https:\/\/ulysse.com\/news\/wp-json\/wp\/v2\/posts\/25740\/revisions"}],"predecessor-version":[{"id":25745,"href":"https:\/\/ulysse.com\/news\/wp-json\/wp\/v2\/posts\/25740\/revisions\/25745"}],"wp:featuredmedia":[{"embeddable":true,"href":"https:\/\/ulysse.com\/news\/wp-json\/wp\/v2\/media\/25743"}],"wp:attachment":[{"href":"https:\/\/ulysse.com\/news\/wp-json\/wp\/v2\/media?parent=25740"}],"wp:term":[{"taxonomy":"category","embeddable":true,"href":"https:\/\/ulysse.com\/news\/wp-json\/wp\/v2\/categories?post=25740"},{"taxonomy":"post_tag","embeddable":true,"href":"https:\/\/ulysse.com\/news\/wp-json\/wp\/v2\/tags?post=25740"}],"curies":[{"name":"wp","href":"https:\/\/api.w.org\/{rel}","templated":true}]}}