{"id":25787,"date":"2025-02-21T07:00:03","date_gmt":"2025-02-21T06:00:03","guid":{"rendered":"https:\/\/discover.ulysse.com\/?p=25787"},"modified":"2025-02-20T19:57:46","modified_gmt":"2025-02-20T18:57:46","slug":"village-perche-950-metres-daltitude","status":"publish","type":"post","link":"https:\/\/ulysse.com\/news\/village-perche-950-metres-daltitude","title":{"rendered":"Entre monts et rivi\u00e8res, ce village perch\u00e9 \u00e0 950 m\u00e8tres d\u2019altitude va vous faire remonter le temps"},"content":{"rendered":"<p data-start=\"62\" data-end=\"646\">Il y a des endroits qui, \u00e0 peine foul\u00e9s, transportent instantan\u00e9ment ailleurs. Des lieux o\u00f9 le temps semble s\u2019\u00eatre arr\u00eat\u00e9, o\u00f9 chaque pierre raconte une histoire et o\u00f9 la nature s\u2019exprime dans toute sa splendeur. Imaginez un petit village nich\u00e9 entre des montagnes volcaniques, caress\u00e9 par une rivi\u00e8re sinueuse et envelopp\u00e9 dans une atmosph\u00e8re \u00e0 la fois mystique et envo\u00fbtante. Ici, les vieilles b\u00e2tisses en pierre c\u00f4toient des paysages \u00e0 couper le souffle, les ruelles pav\u00e9es r\u00e9sonnent encore du pas des p\u00e8lerins, et l\u2019air embaume le bois de chemin\u00e9e et la brise des hauts plateaux.<\/p>\n<p data-start=\"648\" data-end=\"1122\">C\u2019est un endroit que peu connaissent, un de ces joyaux discrets qui \u00e9chappent aux circuits touristiques classiques. Pourtant, il abrite un patrimoine exceptionnel, des l\u00e9gendes fascinantes et une douceur de vivre qui ferait p\u00e2lir bien des destinations pris\u00e9es. Il a m\u00eame inspir\u00e9 un \u00e9crivain c\u00e9l\u00e8bre \u00e0 entreprendre un voyage mythique \u00e0 travers les montagnes. Si vous \u00eates pr\u00eat \u00e0 percer son secret, suivez le guide : cette petite merveille d\u2019Auvergne n\u2019attend plus que vous.<\/p>\n<h2 data-start=\"1124\" data-end=\"1163\">Un village au charme hors du temps<\/h2>\n<p data-start=\"1165\" data-end=\"1645\">Bienvenue au Monastier-sur-Gazeille, un tr\u00e9sor nich\u00e9 \u00e0 pr\u00e8s de <strong>950 m\u00e8tres d\u2019altitude<\/strong>, au c\u0153ur du d\u00e9partement de la Haute-Loire. Ce village d\u2019Auvergne-Rh\u00f4ne-Alpes semble fig\u00e9 dans une \u00e9poque o\u00f9 la pierre et l\u2019histoire r\u00e8gnent en ma\u00eetres. Fond\u00e9 au VIe si\u00e8cle, il doit son nom \u00e0 l\u2019imposante abbaye Saint-Chaffre, t\u00e9moin de son pass\u00e9 monastique glorieux. L\u2019\u00e9difice roman, avec sa fa\u00e7ade polychrome et ses arches d\u00e9licatement sculpt\u00e9es, domine la vall\u00e9e et invite \u00e0 la contemplation.<\/p>\n<p data-start=\"1647\" data-end=\"2015\">Les ruelles du village d\u00e9voilent d\u2019autres merveilles architecturales, comme le<strong> ch\u00e2teau abbatial<\/strong> qui abrite aujourd\u2019hui un mus\u00e9e \u00e9tonnant : le mus\u00e9e des Croyances Populaires. Ici, on plonge dans les l\u00e9gendes locales, entre sorciers, superstitions et cr\u00e9atures fantastiques issues du folklore auvergnat. Une visite insolite qui vous laissera forc\u00e9ment un brin songeur.<\/p>\n<h2 data-start=\"2017\" data-end=\"2084\">Les montagnes en toile de fond et l\u2019aventure au bout du chemin<\/h2>\n<p data-start=\"2086\" data-end=\"2515\">Si le Monastier-sur-Gazeille attire les curieux et les passionn\u00e9s d\u2019histoire, c\u2019est aussi un v\u00e9ritable paradis pour les amoureux de nature. Il est le point de d\u00e9part du c\u00e9l\u00e8bre chemin de Stevenson, une <a href=\"https:\/\/discover.ulysse.com\/sentiers-de-randonnee-bordeaux\">randonn\u00e9e mythique<\/a> inspir\u00e9e du voyage de l\u2019\u00e9crivain \u00e9cossais Robert Louis Stevenson en 1878. Accompagn\u00e9 de son \u00e2nesse Modestine, il a parcouru ces terres sauvages, fascin\u00e9 par les paysages tourment\u00e9s des C\u00e9vennes et du Velay.<\/p>\n<p data-start=\"2517\" data-end=\"2976\">Les randonneurs d\u2019aujourd\u2019hui empruntent ce m\u00eame itin\u00e9raire, foulant les sentiers qui serpentent entre for\u00eats profondes, prairies d\u2019altitude et plateaux volcaniques. Les plus aventureux poursuivront jusqu\u2019au mont M\u00e9zenc, le toit de la Haute-Loire, offrant une vue imprenable sur toute la r\u00e9gion. En hiver, la neige transforme ces hauteurs en un terrain de jeu id\u00e9al pour le ski nordique et les balades en raquettes, loin de l\u2019agitation des grandes stations.<\/p>\n<blockquote class=\"instagram-media\" style=\"background: #FFF; border: 0; border-radius: 3px; box-shadow: 0 0 1px 0 rgba(0,0,0,0.5),0 1px 10px 0 rgba(0,0,0,0.15); margin: 1px; max-width: 540px; min-width: 326px; padding: 0; width: calc(100% - 2px);\" data-instgrm-permalink=\"https:\/\/www.instagram.com\/p\/CwNQix7titc\/?utm_source=ig_embed&amp;utm_campaign=loading\" data-instgrm-version=\"14\">\n<div style=\"padding: 16px;\">\n<p>&nbsp;<\/p>\n<div style=\"display: flex; flex-direction: row; align-items: center;\">\n<div style=\"background-color: #f4f4f4; border-radius: 50%; flex-grow: 0; height: 40px; margin-right: 14px; width: 40px;\"><\/div>\n<div style=\"display: flex; flex-direction: column; flex-grow: 1; justify-content: center;\">\n<div style=\"background-color: #f4f4f4; border-radius: 4px; flex-grow: 0; height: 14px; margin-bottom: 6px; width: 100px;\"><\/div>\n<div style=\"background-color: #f4f4f4; border-radius: 4px; flex-grow: 0; height: 14px; width: 60px;\"><\/div>\n<\/div>\n<\/div>\n<div style=\"padding: 19% 0;\"><\/div>\n<div style=\"display: block; height: 50px; margin: 0 auto 12px; width: 50px;\"><\/div>\n<div style=\"padding-top: 8px;\">\n<div style=\"color: #3897f0; font-family: Arial,sans-serif; font-size: 14px; font-style: normal; font-weight: 550; line-height: 18px;\">Voir cette publication sur Instagram<\/div>\n<\/div>\n<div style=\"padding: 12.5% 0;\"><\/div>\n<div style=\"display: flex; flex-direction: row; margin-bottom: 14px; align-items: center;\">\n<div>\n<div style=\"background-color: #f4f4f4; border-radius: 50%; height: 12.5px; width: 12.5px; transform: translateX(0px) translateY(7px);\"><\/div>\n<div style=\"background-color: #f4f4f4; height: 12.5px; transform: rotate(-45deg) translateX(3px) translateY(1px); width: 12.5px; flex-grow: 0; margin-right: 14px; margin-left: 2px;\"><\/div>\n<div style=\"background-color: #f4f4f4; border-radius: 50%; height: 12.5px; width: 12.5px; transform: translateX(9px) translateY(-18px);\"><\/div>\n<\/div>\n<div style=\"margin-left: 8px;\">\n<div style=\"background-color: #f4f4f4; border-radius: 50%; flex-grow: 0; height: 20px; width: 20px;\"><\/div>\n<div style=\"width: 0; height: 0; border-top: 2px solid transparent; border-left: 6px solid #f4f4f4; border-bottom: 2px solid transparent; transform: translateX(16px) translateY(-4px) rotate(30deg);\"><\/div>\n<\/div>\n<div style=\"margin-left: auto;\">\n<div style=\"width: 0px; border-top: 8px solid #F4F4F4; border-right: 8px solid transparent; transform: translateY(16px);\"><\/div>\n<div style=\"background-color: #f4f4f4; flex-grow: 0; height: 12px; width: 16px; transform: translateY(-4px);\"><\/div>\n<div style=\"width: 0; height: 0; border-top: 8px solid #F4F4F4; border-left: 8px solid transparent; transform: translateY(-4px) translateX(8px);\"><\/div>\n<\/div>\n<\/div>\n<div style=\"display: flex; flex-direction: column; flex-grow: 1; justify-content: center; margin-bottom: 24px;\">\n<div style=\"background-color: #f4f4f4; border-radius: 4px; flex-grow: 0; height: 14px; margin-bottom: 6px; width: 224px;\"><\/div>\n<div style=\"background-color: #f4f4f4; border-radius: 4px; flex-grow: 0; height: 14px; width: 144px;\"><\/div>\n<\/div>\n<p>&nbsp;<\/p>\n<p style=\"color: #c9c8cd; font-family: Arial,sans-serif; font-size: 14px; line-height: 17px; margin-bottom: 0; margin-top: 8px; overflow: hidden; padding: 8px 0 7px; text-align: center; text-overflow: ellipsis; white-space: nowrap;\"><a style=\"color: #c9c8cd; font-family: Arial,sans-serif; font-size: 14px; font-style: normal; font-weight: normal; line-height: 17px; text-decoration: none;\" href=\"https:\/\/www.instagram.com\/p\/CwNQix7titc\/?utm_source=ig_embed&amp;utm_campaign=loading\" target=\"_blank\" rel=\"noopener\">Une publication partag\u00e9e par Y\u00e4dre Drums (@yadredrums)<\/a><\/p>\n<\/div>\n<\/blockquote>\n<p><script async src=\"\/\/www.instagram.com\/embed.js\"><\/script><\/p>\n<h2 data-start=\"2978\" data-end=\"3040\">L\u2019\u00e2me vibrante d\u2019un village entre traditions et modernit\u00e9<\/h2>\n<p data-start=\"3042\" data-end=\"3363\">Le Monastier-sur-Gazeille n\u2019est pas qu\u2019un d\u00e9cor fig\u00e9 dans le temps. Il vit, il bouge, il c\u00e9l\u00e8bre ses racines avec fiert\u00e9. Chaque ann\u00e9e, le festival des Cuivres du Monastier fait r\u00e9sonner trompettes et saxophones dans tout le village, attirant des musiciens de renom et des spectateurs en qu\u00eate de concerts en plein air.<\/p>\n<p data-start=\"3365\" data-end=\"3664\">Les march\u00e9s locaux sont un autre rendez-vous incontournable. Ici, les producteurs viennent vendre leurs fromages affin\u00e9s, leurs charcuteries artisanales et, bien s\u00fbr, les fameuses lentilles vertes du Puy. Une explosion de saveurs qui raconte \u00e0 elle seule toute l\u2019authenticit\u00e9 du terroir auvergnat.<\/p>\n<p data-start=\"3666\" data-end=\"3924\">Pour une exp\u00e9rience encore plus immersive, les visiteurs peuvent s\u2019initier \u00e0 l\u2019artisanat local. Certains ateliers ouvrent leurs portes aux curieux, permettant de d\u00e9couvrir le savoir-faire des dentelli\u00e8res ou encore de s\u2019essayer \u00e0 la poterie traditionnelle.<\/p>\n<h2 data-start=\"3926\" data-end=\"3982\">Un voyage dans le temps\u2026 et un saut dans l\u2019assiette<\/h2>\n<p data-start=\"3984\" data-end=\"4296\">\u00c0 quoi ressemblerait une escapade en Haute-Loire sans une pause gourmande digne de ce nom ? Le Monastier-sur-Gazeille et ses environs regorgent de petites auberges o\u00f9 l\u2019on sert des plats g\u00e9n\u00e9reux et r\u00e9confortants. Au menu : truffade fondante, pounti auvergnat et viande de b\u0153uf de pays grill\u00e9e \u00e0 la perfection.<\/p>\n<p data-start=\"4298\" data-end=\"4666\">Les amateurs de douceurs ne seront pas en reste. Les p\u00e2tisseries regorgent de sp\u00e9cialit\u00e9s locales comme la brioche de Velay ou les matefaims, ces cr\u00eapes \u00e9paisses qui ravissent les papilles des gourmands depuis des si\u00e8cles. Pour accompagner le tout, rien de tel qu\u2019un verre de verveine du Velay, la fameuse liqueur aux ar\u00f4mes herbac\u00e9s qui fait la fiert\u00e9 de la r\u00e9gion.<\/p>\n<blockquote class=\"instagram-media\" style=\"background: #FFF; border: 0; border-radius: 3px; box-shadow: 0 0 1px 0 rgba(0,0,0,0.5),0 1px 10px 0 rgba(0,0,0,0.15); margin: 1px; max-width: 540px; min-width: 326px; padding: 0; width: calc(100% - 2px);\" data-instgrm-permalink=\"https:\/\/www.instagram.com\/p\/C56lrIho5nB\/?utm_source=ig_embed&amp;utm_campaign=loading\" data-instgrm-version=\"14\">\n<div style=\"padding: 16px;\">\n<p>&nbsp;<\/p>\n<div style=\"display: flex; flex-direction: row; align-items: center;\">\n<div style=\"background-color: #f4f4f4; border-radius: 50%; flex-grow: 0; height: 40px; margin-right: 14px; width: 40px;\"><\/div>\n<div style=\"display: flex; flex-direction: column; flex-grow: 1; justify-content: center;\">\n<div style=\"background-color: #f4f4f4; border-radius: 4px; flex-grow: 0; height: 14px; margin-bottom: 6px; width: 100px;\"><\/div>\n<div style=\"background-color: #f4f4f4; border-radius: 4px; flex-grow: 0; height: 14px; width: 60px;\"><\/div>\n<\/div>\n<\/div>\n<div style=\"padding: 19% 0;\"><\/div>\n<div style=\"display: block; height: 50px; margin: 0 auto 12px; width: 50px;\"><\/div>\n<div style=\"padding-top: 8px;\">\n<div style=\"color: #3897f0; font-family: Arial,sans-serif; font-size: 14px; font-style: normal; font-weight: 550; line-height: 18px;\">Voir cette publication sur Instagram<\/div>\n<\/div>\n<div style=\"padding: 12.5% 0;\"><\/div>\n<div style=\"display: flex; flex-direction: row; margin-bottom: 14px; align-items: center;\">\n<div>\n<div style=\"background-color: #f4f4f4; border-radius: 50%; height: 12.5px; width: 12.5px; transform: translateX(0px) translateY(7px);\"><\/div>\n<div style=\"background-color: #f4f4f4; height: 12.5px; transform: rotate(-45deg) translateX(3px) translateY(1px); width: 12.5px; flex-grow: 0; margin-right: 14px; margin-left: 2px;\"><\/div>\n<div style=\"background-color: #f4f4f4; border-radius: 50%; height: 12.5px; width: 12.5px; transform: translateX(9px) translateY(-18px);\"><\/div>\n<\/div>\n<div style=\"margin-left: 8px;\">\n<div style=\"background-color: #f4f4f4; border-radius: 50%; flex-grow: 0; height: 20px; width: 20px;\"><\/div>\n<div style=\"width: 0; height: 0; border-top: 2px solid transparent; border-left: 6px solid #f4f4f4; border-bottom: 2px solid transparent; transform: translateX(16px) translateY(-4px) rotate(30deg);\"><\/div>\n<\/div>\n<div style=\"margin-left: auto;\">\n<div style=\"width: 0px; border-top: 8px solid #F4F4F4; border-right: 8px solid transparent; transform: translateY(16px);\"><\/div>\n<div style=\"background-color: #f4f4f4; flex-grow: 0; height: 12px; width: 16px; transform: translateY(-4px);\"><\/div>\n<div style=\"width: 0; height: 0; border-top: 8px solid #F4F4F4; border-left: 8px solid transparent; transform: translateY(-4px) translateX(8px);\"><\/div>\n<\/div>\n<\/div>\n<div style=\"display: flex; flex-direction: column; flex-grow: 1; justify-content: center; margin-bottom: 24px;\">\n<div style=\"background-color: #f4f4f4; border-radius: 4px; flex-grow: 0; height: 14px; margin-bottom: 6px; width: 224px;\"><\/div>\n<div style=\"background-color: #f4f4f4; border-radius: 4px; flex-grow: 0; height: 14px; width: 144px;\"><\/div>\n<\/div>\n<p>&nbsp;<\/p>\n<p style=\"color: #c9c8cd; font-family: Arial,sans-serif; font-size: 14px; line-height: 17px; margin-bottom: 0; margin-top: 8px; overflow: hidden; padding: 8px 0 7px; text-align: center; text-overflow: ellipsis; white-space: nowrap;\"><a style=\"color: #c9c8cd; font-family: Arial,sans-serif; font-size: 14px; font-style: normal; font-weight: normal; line-height: 17px; text-decoration: none;\" href=\"https:\/\/www.instagram.com\/p\/C56lrIho5nB\/?utm_source=ig_embed&amp;utm_campaign=loading\" target=\"_blank\" rel=\"noopener\">Une publication partag\u00e9e par Alexandre C (@lepop6)<\/a><\/p>\n<\/div>\n<\/blockquote>\n<p><script async src=\"\/\/www.instagram.com\/embed.js\"><\/script><\/p>\n<h2 data-start=\"4668\" data-end=\"4709\">Comment rejoindre ce coin de paradis ?<\/h2>\n<p data-start=\"4711\" data-end=\"4890\">Le Monastier-sur-Gazeille, \u00e7a se m\u00e9rite. Son charme vient aussi de sa situation l\u00e9g\u00e8rement isol\u00e9e, \u00e0 l\u2019\u00e9cart des grands axes. Mais pas de panique, il est tout \u00e0 fait accessible.<\/p>\n<p data-start=\"4892\" data-end=\"5218\">Depuis Paris, il suffit de prendre un train en direction du Puy-en-Velay, avec une correspondance \u00e0 Saint-\u00c9tienne. Le trajet dure environ 7 heures, mais le voyage est une immersion progressive dans les paysages volcaniques du Massif central. Une fois au Puy-en-Velay, un service d\u2019autocar vous m\u00e8nera directement au village.<\/p>\n<p data-start=\"5220\" data-end=\"5392\">Depuis Lyon, l\u2019option train est tout aussi pratique. En environ 2 heures, vous atteindrez Le Puy-en-Velay, o\u00f9 des bus assurent la liaison jusqu\u2019au Monastier-sur-Gazeille.<\/p>\n<p data-start=\"5394\" data-end=\"5609\">Quant \u00e0 ceux qui viennent de <a href=\"https:\/\/discover.ulysse.com\/ces-villages-pres-de-strasbourg-semblent-tout-droit-sortis-dune-carte-postale\">Strasbourg<\/a> ou d\u2019autres villes plus \u00e9loign\u00e9es, le trajet en train peut prendre plus de temps, mais il promet une d\u00e9couverte progressive des paysages sauvages et pr\u00e9serv\u00e9s de l\u2019Auvergne.<\/p>\n<blockquote class=\"instagram-media\" style=\"background: #FFF; border: 0; border-radius: 3px; box-shadow: 0 0 1px 0 rgba(0,0,0,0.5),0 1px 10px 0 rgba(0,0,0,0.15); margin: 1px; max-width: 540px; min-width: 326px; padding: 0; width: calc(100% - 2px);\" data-instgrm-permalink=\"https:\/\/www.instagram.com\/p\/C5d7tgKNMT1\/?utm_source=ig_embed&amp;utm_campaign=loading\" data-instgrm-version=\"14\">\n<div style=\"padding: 16px;\">\n<p>&nbsp;<\/p>\n<div style=\"display: flex; flex-direction: row; align-items: center;\">\n<div style=\"background-color: #f4f4f4; border-radius: 50%; flex-grow: 0; height: 40px; margin-right: 14px; width: 40px;\"><\/div>\n<div style=\"display: flex; flex-direction: column; flex-grow: 1; justify-content: center;\">\n<div style=\"background-color: #f4f4f4; border-radius: 4px; flex-grow: 0; height: 14px; margin-bottom: 6px; width: 100px;\"><\/div>\n<div style=\"background-color: #f4f4f4; border-radius: 4px; flex-grow: 0; height: 14px; width: 60px;\"><\/div>\n<\/div>\n<\/div>\n<div style=\"padding: 19% 0;\"><\/div>\n<div style=\"display: block; height: 50px; margin: 0 auto 12px; width: 50px;\"><\/div>\n<div style=\"padding-top: 8px;\">\n<div style=\"color: #3897f0; font-family: Arial,sans-serif; font-size: 14px; font-style: normal; font-weight: 550; line-height: 18px;\">Voir cette publication sur Instagram<\/div>\n<\/div>\n<div style=\"padding: 12.5% 0;\"><\/div>\n<div style=\"display: flex; flex-direction: row; margin-bottom: 14px; align-items: center;\">\n<div>\n<div style=\"background-color: #f4f4f4; border-radius: 50%; height: 12.5px; width: 12.5px; transform: translateX(0px) translateY(7px);\"><\/div>\n<div style=\"background-color: #f4f4f4; height: 12.5px; transform: rotate(-45deg) translateX(3px) translateY(1px); width: 12.5px; flex-grow: 0; margin-right: 14px; margin-left: 2px;\"><\/div>\n<div style=\"background-color: #f4f4f4; border-radius: 50%; height: 12.5px; width: 12.5px; transform: translateX(9px) translateY(-18px);\"><\/div>\n<\/div>\n<div style=\"margin-left: 8px;\">\n<div style=\"background-color: #f4f4f4; border-radius: 50%; flex-grow: 0; height: 20px; width: 20px;\"><\/div>\n<div style=\"width: 0; height: 0; border-top: 2px solid transparent; border-left: 6px solid #f4f4f4; border-bottom: 2px solid transparent; transform: translateX(16px) translateY(-4px) rotate(30deg);\"><\/div>\n<\/div>\n<div style=\"margin-left: auto;\">\n<div style=\"width: 0px; border-top: 8px solid #F4F4F4; border-right: 8px solid transparent; transform: translateY(16px);\"><\/div>\n<div style=\"background-color: #f4f4f4; flex-grow: 0; height: 12px; width: 16px; transform: translateY(-4px);\"><\/div>\n<div style=\"width: 0; height: 0; border-top: 8px solid #F4F4F4; border-left: 8px solid transparent; transform: translateY(-4px) translateX(8px);\"><\/div>\n<\/div>\n<\/div>\n<div style=\"display: flex; flex-direction: column; flex-grow: 1; justify-content: center; margin-bottom: 24px;\">\n<div style=\"background-color: #f4f4f4; border-radius: 4px; flex-grow: 0; height: 14px; margin-bottom: 6px; width: 224px;\"><\/div>\n<div style=\"background-color: #f4f4f4; border-radius: 4px; flex-grow: 0; height: 14px; width: 144px;\"><\/div>\n<\/div>\n<p>&nbsp;<\/p>\n<p style=\"color: #c9c8cd; font-family: Arial,sans-serif; font-size: 14px; line-height: 17px; margin-bottom: 0; margin-top: 8px; overflow: hidden; padding: 8px 0 7px; text-align: center; text-overflow: ellipsis; white-space: nowrap;\"><a style=\"color: #c9c8cd; font-family: Arial,sans-serif; font-size: 14px; font-style: normal; font-weight: normal; line-height: 17px; text-decoration: none;\" href=\"https:\/\/www.instagram.com\/p\/C5d7tgKNMT1\/?utm_source=ig_embed&amp;utm_campaign=loading\" target=\"_blank\" rel=\"noopener\">Une publication partag\u00e9e par Luiz Montanari (@monta52)<\/a><\/p>\n<\/div>\n<\/blockquote>\n<p><script async src=\"\/\/www.instagram.com\/embed.js\"><\/script><\/p>\n<h2 data-start=\"5611\" data-end=\"5683\">Une derni\u00e8re raison d\u2019y aller ? La magie op\u00e8re d\u00e8s les premiers pas<\/h2>\n<p data-start=\"5685\" data-end=\"5971\">Ce village m\u00e9connu cache bien plus qu\u2019un patrimoine fascinant et des paysages \u00e9poustouflants. C\u2019est une atmosph\u00e8re, une sensation de retour aux sources, un voyage hors du temps qui attend chaque visiteur. Il n\u2019y a qu\u2019une seule mani\u00e8re de comprendre : y aller et se laisser surprendre.<\/p>\n","protected":false},"excerpt":{"rendered":"<p>Il y a des endroits qui, \u00e0 peine foul\u00e9s, transportent instantan\u00e9ment ailleurs. Des lieux o\u00f9 le temps semble s\u2019\u00eatre arr\u00eat\u00e9, [&hellip;]<\/p>\n","protected":false},"author":4,"featured_media":25788,"comment_status":"open","ping_status":"closed","sticky":false,"template":"","format":"standard","meta":{"_acf_changed":false,"_sitemap_exclude":false,"_sitemap_priority":"","_sitemap_frequency":"","footnotes":"","rank_math_title":"","rank_math_description":"Ce village a vu passer des moines, des aventuriers et m\u00eame un c\u00e9l\u00e8bre \u00e9crivain\u2026 \u00c0 votre tour d\u2019y poser vos valises et de percer son myst\u00e8re.","rank_math_canonical_url":"","rank_math_focus_keyword":"village"},"categories":[3],"tags":[],"class_list":["post-25787","post","type-post","status-publish","format-standard","has-post-thumbnail","hentry","category-voyage"],"acf":[],"_links":{"self":[{"href":"https:\/\/ulysse.com\/news\/wp-json\/wp\/v2\/posts\/25787","targetHints":{"allow":["GET"]}}],"collection":[{"href":"https:\/\/ulysse.com\/news\/wp-json\/wp\/v2\/posts"}],"about":[{"href":"https:\/\/ulysse.com\/news\/wp-json\/wp\/v2\/types\/post"}],"author":[{"embeddable":true,"href":"https:\/\/ulysse.com\/news\/wp-json\/wp\/v2\/users\/4"}],"replies":[{"embeddable":true,"href":"https:\/\/ulysse.com\/news\/wp-json\/wp\/v2\/comments?post=25787"}],"version-history":[{"count":3,"href":"https:\/\/ulysse.com\/news\/wp-json\/wp\/v2\/posts\/25787\/revisions"}],"predecessor-version":[{"id":25791,"href":"https:\/\/ulysse.com\/news\/wp-json\/wp\/v2\/posts\/25787\/revisions\/25791"}],"wp:featuredmedia":[{"embeddable":true,"href":"https:\/\/ulysse.com\/news\/wp-json\/wp\/v2\/media\/25788"}],"wp:attachment":[{"href":"https:\/\/ulysse.com\/news\/wp-json\/wp\/v2\/media?parent=25787"}],"wp:term":[{"taxonomy":"category","embeddable":true,"href":"https:\/\/ulysse.com\/news\/wp-json\/wp\/v2\/categories?post=25787"},{"taxonomy":"post_tag","embeddable":true,"href":"https:\/\/ulysse.com\/news\/wp-json\/wp\/v2\/tags?post=25787"}],"curies":[{"name":"wp","href":"https:\/\/api.w.org\/{rel}","templated":true}]}}