{"id":25829,"date":"2025-02-21T18:00:21","date_gmt":"2025-02-21T17:00:21","guid":{"rendered":"https:\/\/discover.ulysse.com\/?p=25829"},"modified":"2025-02-21T13:43:42","modified_gmt":"2025-02-21T12:43:42","slug":"remboursement-pass-navigo-nouvelles-lignes","status":"publish","type":"post","link":"https:\/\/ulysse.com\/news\/remboursement-pass-navigo-nouvelles-lignes","title":{"rendered":"Remboursement du pass Navigo : Voici les nouvelles lignes concern\u00e9es"},"content":{"rendered":"<p data-start=\"95\" data-end=\"615\">Depuis plusieurs mois, le r\u00e9seau de transport en commun en \u00cele-de-France fait face \u00e0 une s\u00e9rie de perturbations qui compliquent le quotidien des usagers. Entre <strong data-start=\"255\" data-end=\"314\">retards fr\u00e9quents, suppressions de trains et saturation<\/strong>, certains trajets sont devenus particuli\u00e8rement \u00e9prouvants. Apr\u00e8s une hausse des tarifs en d\u00e9but d\u2019ann\u00e9e et des tensions croissantes autour de la qualit\u00e9 du service, \u00cele-de-France Mobilit\u00e9s a d\u00e9cid\u00e9 d\u2019accorder un <strong data-start=\"528\" data-end=\"568\">nouveau remboursement du pass Navigo<\/strong> aux voyageurs r\u00e9guliers de certaines lignes.<\/p>\n<p data-start=\"617\" data-end=\"1046\">Cette mesure intervient dans un contexte o\u00f9 la fiabilit\u00e9 des transports franciliens est de plus en plus remise en question. R\u00e9cemment, les usagers du <a href=\"https:\/\/discover.ulysse.com\/idf-mobilites-rembourse-passe-navigo\">RER A et du RER D<\/a> avaient d\u00e9j\u00e0 b\u00e9n\u00e9fici\u00e9 d\u2019une compensation similaire en raison d\u2019un taux de ponctualit\u00e9 insuffisant. Cette fois, trois axes du <strong data-start=\"911\" data-end=\"948\">RER B, du RER C et du tramway T12<\/strong> sont concern\u00e9s. Mais qui peut en b\u00e9n\u00e9ficier et comment proc\u00e9der pour obtenir ce remboursement ?<\/p>\n<h2 data-start=\"1048\" data-end=\"1119\">Un remboursement sous conditions pour les abonn\u00e9s Navigo concern\u00e9s<\/h2>\n<p data-start=\"1121\" data-end=\"1517\">Pour \u00eatre \u00e9ligible \u00e0 cette compensation, il ne suffit pas d\u2019avoir un abonnement Navigo. \u00cele-de-France Mobilit\u00e9s applique ce remboursement uniquement sur les lignes o\u00f9 la ponctualit\u00e9 est pass\u00e9e <strong>sous la barre des 80 % pendant au moins trois mois cons\u00e9cutifs<\/strong>. Ce seuil, fix\u00e9 par l\u2019autorit\u00e9 des transports, vise \u00e0 garantir que seules les lignes les plus impact\u00e9es donnent droit \u00e0 une indemnisation.<\/p>\n<p data-start=\"1519\" data-end=\"1852\">Seuls les abonn\u00e9s qui utilisent fr\u00e9quemment ces trajets, que ce soit pour le travail ou les \u00e9tudes, peuvent effectuer une demande. Une r\u00e9sidence ou un lieu de travail situ\u00e9 dans l\u2019une des zones concern\u00e9es est un crit\u00e8re d\u00e9terminant. Il faudra \u00e9galement pouvoir le justifier avec des documents officiels lors de la demande en ligne.<\/p>\n<h2 data-start=\"1854\" data-end=\"1914\">RER B, RER C et tramway T12 : les axes les plus touch\u00e9s<\/h2>\n<p data-start=\"1916\" data-end=\"2228\">Les voyageurs habituels du <strong data-start=\"1943\" data-end=\"1980\">RER B, du RER C et du tramway T12<\/strong> ont \u00e9t\u00e9 particuli\u00e8rement affect\u00e9s ces derniers mois, avec des pannes r\u00e9currentes, des travaux prolong\u00e9s et des conditions de transport souvent d\u00e9grad\u00e9es. Cette compensation vise \u00e0 reconna\u00eetre les d\u00e9sagr\u00e9ments subis sur certains axes bien pr\u00e9cis.<\/p>\n<p data-start=\"2230\" data-end=\"2759\">Sur le <strong data-start=\"2237\" data-end=\"2246\">RER B<\/strong>, les tron\u00e7ons entre Aulnay et Mitry-Claye ainsi qu\u2019entre Aulnay et l\u2019a\u00e9roport Charles de Gaulle 2 sont concern\u00e9s. L\u2019axe Saint-R\u00e9my-l\u00e8s-Chevreuse subit \u00e9galement des perturbations r\u00e9currentes. Le <strong data-start=\"2442\" data-end=\"2451\">RER C<\/strong>, quant \u00e0 lui, pr\u00e9sente des difficult\u00e9s sur les trajets entre Dourdan-la-For\u00eat et La Norville ainsi que sur la liaison Saint-Martin-d\u2019\u00c9tampes \u2013 Marolles-en-Hurepoix. Enfin, le <strong data-start=\"2627\" data-end=\"2642\">tramway T12<\/strong>, reliant \u00c9vry-Courcouronnes \u00e0 Massy-Palaiseau, fait aussi partie du dispositif, malgr\u00e9 sa mise en service r\u00e9cente.<\/p>\n<h2 data-start=\"2761\" data-end=\"2820\">Une proc\u00e9dure simplifi\u00e9e pour obtenir le remboursement<\/h2>\n<p data-start=\"2822\" data-end=\"3219\">Les demandes pourront \u00eatre effectu\u00e9es \u00e0 partir de <strong data-start=\"2872\" data-end=\"2891\">la mi-mars 2025<\/strong> sur une plateforme en ligne d\u00e9di\u00e9e, mise en place par <a href=\"https:\/\/discover.ulysse.com\/pass-navigo-300-lieux-culturels-ouvrent-portes\">\u00cele-de-France Mobilit\u00e9s<\/a>. Les usagers devront se connecter \u00e0 leur compte Navigo et soumettre les justificatifs n\u00e9cessaires. Une fois la demande valid\u00e9e, ils pourront r\u00e9cup\u00e9rer une somme pouvant aller jusqu\u2019\u00e0 <strong data-start=\"3153\" data-end=\"3168\">88,80 euros<\/strong>, soit le montant actuel d\u2019un abonnement mensuel.<\/p>\n<p data-start=\"3221\" data-end=\"3486\">Si le processus est relativement simple, il faudra n\u00e9anmoins <strong data-start=\"3282\" data-end=\"3306\">respecter les d\u00e9lais<\/strong> et s\u2019assurer que tous les documents requis sont fournis. Les pr\u00e9c\u00e9dentes campagnes de remboursement ont montr\u00e9 que les demandes incompl\u00e8tes ou tardives \u00e9taient souvent rejet\u00e9es.<\/p>\n<h2 data-start=\"3488\" data-end=\"3540\">Une compensation n\u00e9cessaire mais insuffisante ?<\/h2>\n<p data-start=\"3542\" data-end=\"3904\">Si cette mesure est une bonne nouvelle pour les usagers concern\u00e9s, elle ne r\u00e9sout pas les probl\u00e8mes structurels du r\u00e9seau de transport en \u00cele-de-France. Ces remboursements, qui se r\u00e9p\u00e8tent chaque ann\u00e9e sur certaines lignes, soulignent <strong data-start=\"3777\" data-end=\"3815\">des dysfonctionnements persistants<\/strong> et une qualit\u00e9 de service qui peine \u00e0 s\u2019am\u00e9liorer malgr\u00e9 les investissements annonc\u00e9s.<\/p>\n<p data-start=\"3906\" data-end=\"4373\" data-is-last-node=\"\" data-is-only-node=\"\">L\u2019augmentation des tarifs d\u00e9but 2025 avait d\u00e9j\u00e0 provoqu\u00e9 de nombreuses r\u00e9actions chez les abonn\u00e9s Navigo, qui r\u00e9clament un service plus fiable en contrepartie. Avec des <strong data-start=\"4075\" data-end=\"4171\">projets d\u2019extension, des travaux de modernisation et le d\u00e9veloppement du Grand Paris Express<\/strong>, l\u2019avenir des transports franciliens est en pleine transformation. Mais en attendant des am\u00e9liorations concr\u00e8tes, les usagers devront encore composer avec les retards et les perturbations du quotidien.<\/p>\n","protected":false},"excerpt":{"rendered":"<p>Depuis plusieurs mois, le r\u00e9seau de transport en commun en \u00cele-de-France fait face \u00e0 une s\u00e9rie de perturbations qui compliquent [&hellip;]<\/p>\n","protected":false},"author":4,"featured_media":25830,"comment_status":"open","ping_status":"closed","sticky":false,"template":"","format":"standard","meta":{"_acf_changed":false,"_sitemap_exclude":false,"_sitemap_priority":"","_sitemap_frequency":"","footnotes":"","rank_math_title":"","rank_math_description":"Apr\u00e8s retards et gal\u00e8res, une compensation attend certains usagers du Navigo. Mais qui sont les personnes \u00e9ligibles ?","rank_math_canonical_url":"","rank_math_focus_keyword":"pass Navigo"},"categories":[3],"tags":[],"class_list":["post-25829","post","type-post","status-publish","format-standard","has-post-thumbnail","hentry","category-voyage"],"acf":[],"_links":{"self":[{"href":"https:\/\/ulysse.com\/news\/wp-json\/wp\/v2\/posts\/25829","targetHints":{"allow":["GET"]}}],"collection":[{"href":"https:\/\/ulysse.com\/news\/wp-json\/wp\/v2\/posts"}],"about":[{"href":"https:\/\/ulysse.com\/news\/wp-json\/wp\/v2\/types\/post"}],"author":[{"embeddable":true,"href":"https:\/\/ulysse.com\/news\/wp-json\/wp\/v2\/users\/4"}],"replies":[{"embeddable":true,"href":"https:\/\/ulysse.com\/news\/wp-json\/wp\/v2\/comments?post=25829"}],"version-history":[{"count":2,"href":"https:\/\/ulysse.com\/news\/wp-json\/wp\/v2\/posts\/25829\/revisions"}],"predecessor-version":[{"id":25832,"href":"https:\/\/ulysse.com\/news\/wp-json\/wp\/v2\/posts\/25829\/revisions\/25832"}],"wp:featuredmedia":[{"embeddable":true,"href":"https:\/\/ulysse.com\/news\/wp-json\/wp\/v2\/media\/25830"}],"wp:attachment":[{"href":"https:\/\/ulysse.com\/news\/wp-json\/wp\/v2\/media?parent=25829"}],"wp:term":[{"taxonomy":"category","embeddable":true,"href":"https:\/\/ulysse.com\/news\/wp-json\/wp\/v2\/categories?post=25829"},{"taxonomy":"post_tag","embeddable":true,"href":"https:\/\/ulysse.com\/news\/wp-json\/wp\/v2\/tags?post=25829"}],"curies":[{"name":"wp","href":"https:\/\/api.w.org\/{rel}","templated":true}]}}