{"id":25844,"date":"2025-02-23T10:00:19","date_gmt":"2025-02-23T09:00:19","guid":{"rendered":"https:\/\/discover.ulysse.com\/?p=25844"},"modified":"2025-02-22T21:37:04","modified_gmt":"2025-02-22T20:37:04","slug":"mysterieux-camp-viking-rives-bretonnes","status":"publish","type":"post","link":"https:\/\/ulysse.com\/news\/mysterieux-camp-viking-rives-bretonnes","title":{"rendered":"Un myst\u00e9rieux camp viking sur les rives bretonnes"},"content":{"rendered":"<p data-start=\"57\" data-end=\"565\">Imaginez un endroit o\u00f9 le vent souffle des r\u00e9cits oubli\u00e9s, o\u00f9 les mar\u00e9es d\u00e9voilent des formes \u00e9tranges et o\u00f9 les habitants murmurent encore des l\u00e9gendes sous les toits de granit. Un lieu o\u00f9 l\u2019histoire et le folklore s\u2019entrelacent si \u00e9troitement qu\u2019il devient difficile de distinguer le vrai du mythe. C\u2019est ici, sur les rives de la <strong data-start=\"389\" data-end=\"398\">Rance<\/strong>, en plein c\u0153ur de la Bretagne, qu\u2019un myst\u00e8re vieux de plusieurs si\u00e8cles alimente toutes les conversations : un camp viking aurait-il r\u00e9ellement exist\u00e9 ici ?<\/p>\n<h2 data-start=\"567\" data-end=\"610\">Un village breton pas comme les autres<\/h2>\n<p data-start=\"612\" data-end=\"967\">Nich\u00e9e entre terre et mer, <strong data-start=\"639\" data-end=\"655\">Saint-Suliac<\/strong> est l\u2019un de ces villages o\u00f9 le temps semble s\u2019\u00eatre arr\u00eat\u00e9. Ses maisons en pierre couvertes d\u2019ardoises, ses petites ruelles fleuries et ses filets de p\u00eache suspendus aux fa\u00e7ades donnent \u00e0 ce lieu une atmosph\u00e8re hors du commun. On y respire l\u2019air iod\u00e9 de la c\u00f4te et l\u2019\u00e2me d\u2019un pass\u00e9 maritime encore bien vivant.<\/p>\n<p data-start=\"969\" data-end=\"1201\">Mais ce n\u2019est pas seulement pour son charme que Saint-Suliac attire les curieux. Car \u00e0 mar\u00e9e basse, un spectacle inattendu se d\u00e9voile sous les eaux : de <strong>myst\u00e9rieuses structures en pierre<\/strong>, vestiges d\u2019un pass\u00e9 lointain et incertain.<\/p>\n<blockquote class=\"instagram-media\" style=\"background: #FFF; border: 0; border-radius: 3px; box-shadow: 0 0 1px 0 rgba(0,0,0,0.5),0 1px 10px 0 rgba(0,0,0,0.15); margin: 1px; max-width: 540px; min-width: 326px; padding: 0; width: calc(100% - 2px);\" data-instgrm-permalink=\"https:\/\/www.instagram.com\/p\/Ch7RVJ2sKlv\/?utm_source=ig_embed&amp;utm_campaign=loading\" data-instgrm-version=\"14\">\n<div style=\"padding: 16px;\">\n<p>&nbsp;<\/p>\n<div style=\"display: flex; flex-direction: row; align-items: center;\">\n<div style=\"background-color: #f4f4f4; border-radius: 50%; flex-grow: 0; height: 40px; margin-right: 14px; width: 40px;\"><\/div>\n<div style=\"display: flex; flex-direction: column; flex-grow: 1; justify-content: center;\">\n<div style=\"background-color: #f4f4f4; border-radius: 4px; flex-grow: 0; height: 14px; margin-bottom: 6px; width: 100px;\"><\/div>\n<div style=\"background-color: #f4f4f4; border-radius: 4px; flex-grow: 0; height: 14px; width: 60px;\"><\/div>\n<\/div>\n<\/div>\n<div style=\"padding: 19% 0;\"><\/div>\n<div style=\"display: block; height: 50px; margin: 0 auto 12px; width: 50px;\"><\/div>\n<div style=\"padding-top: 8px;\">\n<div style=\"color: #3897f0; font-family: Arial,sans-serif; font-size: 14px; font-style: normal; font-weight: 550; line-height: 18px;\">Voir cette publication sur Instagram<\/div>\n<\/div>\n<div style=\"padding: 12.5% 0;\"><\/div>\n<div style=\"display: flex; flex-direction: row; margin-bottom: 14px; align-items: center;\">\n<div>\n<div style=\"background-color: #f4f4f4; border-radius: 50%; height: 12.5px; width: 12.5px; transform: translateX(0px) translateY(7px);\"><\/div>\n<div style=\"background-color: #f4f4f4; height: 12.5px; transform: rotate(-45deg) translateX(3px) translateY(1px); width: 12.5px; flex-grow: 0; margin-right: 14px; margin-left: 2px;\"><\/div>\n<div style=\"background-color: #f4f4f4; border-radius: 50%; height: 12.5px; width: 12.5px; transform: translateX(9px) translateY(-18px);\"><\/div>\n<\/div>\n<div style=\"margin-left: 8px;\">\n<div style=\"background-color: #f4f4f4; border-radius: 50%; flex-grow: 0; height: 20px; width: 20px;\"><\/div>\n<div style=\"width: 0; height: 0; border-top: 2px solid transparent; border-left: 6px solid #f4f4f4; border-bottom: 2px solid transparent; transform: translateX(16px) translateY(-4px) rotate(30deg);\"><\/div>\n<\/div>\n<div style=\"margin-left: auto;\">\n<div style=\"width: 0px; border-top: 8px solid #F4F4F4; border-right: 8px solid transparent; transform: translateY(16px);\"><\/div>\n<div style=\"background-color: #f4f4f4; flex-grow: 0; height: 12px; width: 16px; transform: translateY(-4px);\"><\/div>\n<div style=\"width: 0; height: 0; border-top: 8px solid #F4F4F4; border-left: 8px solid transparent; transform: translateY(-4px) translateX(8px);\"><\/div>\n<\/div>\n<\/div>\n<div style=\"display: flex; flex-direction: column; flex-grow: 1; justify-content: center; margin-bottom: 24px;\">\n<div style=\"background-color: #f4f4f4; border-radius: 4px; flex-grow: 0; height: 14px; margin-bottom: 6px; width: 224px;\"><\/div>\n<div style=\"background-color: #f4f4f4; border-radius: 4px; flex-grow: 0; height: 14px; width: 144px;\"><\/div>\n<\/div>\n<p>&nbsp;<\/p>\n<p style=\"color: #c9c8cd; font-family: Arial,sans-serif; font-size: 14px; line-height: 17px; margin-bottom: 0; margin-top: 8px; overflow: hidden; padding: 8px 0 7px; text-align: center; text-overflow: ellipsis; white-space: nowrap;\"><a style=\"color: #c9c8cd; font-family: Arial,sans-serif; font-size: 14px; font-style: normal; font-weight: normal; line-height: 17px; text-decoration: none;\" href=\"https:\/\/www.instagram.com\/p\/Ch7RVJ2sKlv\/?utm_source=ig_embed&amp;utm_campaign=loading\" target=\"_blank\" rel=\"noopener\">Une publication partag\u00e9e par ma.vie.en.bretagne (@ma.vie.en.bretagne)<\/a><\/p>\n<\/div>\n<\/blockquote>\n<p><script async src=\"\/\/www.instagram.com\/embed.js\"><\/script><\/p>\n<h3 data-start=\"1203\" data-end=\"1239\">Vikings ou l\u00e9gendes bretonnes ?<\/h3>\n<p data-start=\"1241\" data-end=\"1553\">Ces \u00e9tranges formes visibles \u00e0 mar\u00e9e basse ont depuis longtemps aliment\u00e9 les rumeurs. Certains y voient les restes d\u2019une <strong data-start=\"1362\" data-end=\"1381\">enceinte viking<\/strong>, un campement fortifi\u00e9 o\u00f9 les redoutables guerriers venus du nord auraient fait escale. D\u2019autres pensent \u00e0 une construction m\u00e9di\u00e9vale ou m\u00eame \u00e0 un ancien parc \u00e0 hu\u00eetres.<\/p>\n<p data-start=\"1555\" data-end=\"1863\">Alors, qui croire ? Les historiens restent prudents, car <strong data-start=\"1612\" data-end=\"1668\">aucune preuve arch\u00e9ologique formelle n\u2019a \u00e9t\u00e9 trouv\u00e9e<\/strong>. Pourtant, l\u2019imagination des habitants, elle, ne faiblit pas. Apr\u00e8s tout, pourquoi les Vikings n\u2019auraient-ils pas pos\u00e9 pied ici, sur cette terre bretonne qui semble taill\u00e9e pour les l\u00e9gendes ?<\/p>\n<h2 data-start=\"1865\" data-end=\"1906\">Une terre o\u00f9 les myst\u00e8res s\u2019empilent<\/h2>\n<p data-start=\"1908\" data-end=\"2324\">Saint-Suliac ne se limite pas \u00e0 son suppos\u00e9 camp viking. Le <strong data-start=\"1968\" data-end=\"1983\">Mont Garrot<\/strong>, qui domine la Rance, est lui aussi entour\u00e9 de r\u00e9cits incroyables. On raconte que le g\u00e9ant Gargantua y aurait laiss\u00e9 son tombeau et que des chercheurs d\u2019or, persuad\u00e9s d\u2019y trouver un tr\u00e9sor, ont creus\u00e9 une mine il y a plus d\u2019un si\u00e8cle. R\u00e9sultat ? Pas d\u2019or, mais une grotte fascinante d\u00e9sormais habit\u00e9e par des chauves-souris prot\u00e9g\u00e9es.<\/p>\n<p data-start=\"2326\" data-end=\"2537\">Entre les contes anciens, les histoires de drakkars et les vestiges sous-marins, difficile de savoir o\u00f9 s\u2019arr\u00eate la r\u00e9alit\u00e9 et o\u00f9 commence la l\u00e9gende. Mais apr\u00e8s tout, c\u2019est bien ce qui fait le charme du lieu.<\/p>\n<blockquote class=\"instagram-media\" style=\"background: #FFF; border: 0; border-radius: 3px; box-shadow: 0 0 1px 0 rgba(0,0,0,0.5),0 1px 10px 0 rgba(0,0,0,0.15); margin: 1px; max-width: 540px; min-width: 326px; padding: 0; width: calc(100% - 2px);\" data-instgrm-permalink=\"https:\/\/www.instagram.com\/p\/CjCbE1YMeHl\/?utm_source=ig_embed&amp;utm_campaign=loading\" data-instgrm-version=\"14\">\n<div style=\"padding: 16px;\">\n<p>&nbsp;<\/p>\n<div style=\"display: flex; flex-direction: row; align-items: center;\">\n<div style=\"background-color: #f4f4f4; border-radius: 50%; flex-grow: 0; height: 40px; margin-right: 14px; width: 40px;\"><\/div>\n<div style=\"display: flex; flex-direction: column; flex-grow: 1; justify-content: center;\">\n<div style=\"background-color: #f4f4f4; border-radius: 4px; flex-grow: 0; height: 14px; margin-bottom: 6px; width: 100px;\"><\/div>\n<div style=\"background-color: #f4f4f4; border-radius: 4px; flex-grow: 0; height: 14px; width: 60px;\"><\/div>\n<\/div>\n<\/div>\n<div style=\"padding: 19% 0;\"><\/div>\n<div style=\"display: block; height: 50px; margin: 0 auto 12px; width: 50px;\"><\/div>\n<div style=\"padding-top: 8px;\">\n<div style=\"color: #3897f0; font-family: Arial,sans-serif; font-size: 14px; font-style: normal; font-weight: 550; line-height: 18px;\">Voir cette publication sur Instagram<\/div>\n<\/div>\n<div style=\"padding: 12.5% 0;\"><\/div>\n<div style=\"display: flex; flex-direction: row; margin-bottom: 14px; align-items: center;\">\n<div>\n<div style=\"background-color: #f4f4f4; border-radius: 50%; height: 12.5px; width: 12.5px; transform: translateX(0px) translateY(7px);\"><\/div>\n<div style=\"background-color: #f4f4f4; height: 12.5px; transform: rotate(-45deg) translateX(3px) translateY(1px); width: 12.5px; flex-grow: 0; margin-right: 14px; margin-left: 2px;\"><\/div>\n<div style=\"background-color: #f4f4f4; border-radius: 50%; height: 12.5px; width: 12.5px; transform: translateX(9px) translateY(-18px);\"><\/div>\n<\/div>\n<div style=\"margin-left: 8px;\">\n<div style=\"background-color: #f4f4f4; border-radius: 50%; flex-grow: 0; height: 20px; width: 20px;\"><\/div>\n<div style=\"width: 0; height: 0; border-top: 2px solid transparent; border-left: 6px solid #f4f4f4; border-bottom: 2px solid transparent; transform: translateX(16px) translateY(-4px) rotate(30deg);\"><\/div>\n<\/div>\n<div style=\"margin-left: auto;\">\n<div style=\"width: 0px; border-top: 8px solid #F4F4F4; border-right: 8px solid transparent; transform: translateY(16px);\"><\/div>\n<div style=\"background-color: #f4f4f4; flex-grow: 0; height: 12px; width: 16px; transform: translateY(-4px);\"><\/div>\n<div style=\"width: 0; height: 0; border-top: 8px solid #F4F4F4; border-left: 8px solid transparent; transform: translateY(-4px) translateX(8px);\"><\/div>\n<\/div>\n<\/div>\n<div style=\"display: flex; flex-direction: column; flex-grow: 1; justify-content: center; margin-bottom: 24px;\">\n<div style=\"background-color: #f4f4f4; border-radius: 4px; flex-grow: 0; height: 14px; margin-bottom: 6px; width: 224px;\"><\/div>\n<div style=\"background-color: #f4f4f4; border-radius: 4px; flex-grow: 0; height: 14px; width: 144px;\"><\/div>\n<\/div>\n<p>&nbsp;<\/p>\n<p style=\"color: #c9c8cd; font-family: Arial,sans-serif; font-size: 14px; line-height: 17px; margin-bottom: 0; margin-top: 8px; overflow: hidden; padding: 8px 0 7px; text-align: center; text-overflow: ellipsis; white-space: nowrap;\"><a style=\"color: #c9c8cd; font-family: Arial,sans-serif; font-size: 14px; font-style: normal; font-weight: normal; line-height: 17px; text-decoration: none;\" href=\"https:\/\/www.instagram.com\/p\/CjCbE1YMeHl\/?utm_source=ig_embed&amp;utm_campaign=loading\" target=\"_blank\" rel=\"noopener\">Une publication partag\u00e9e par Olamts2 \ud83c\udf0a\ud83c\udfb9\ud83c\udfa8vit \u00e0 St Malo (@olamts2)<\/a><\/p>\n<\/div>\n<\/blockquote>\n<p><script async src=\"\/\/www.instagram.com\/embed.js\"><\/script><\/p>\n<h2 data-start=\"2539\" data-end=\"2568\">En route vers l\u2019aventure au c\u0153ur de la Bretagne<\/h2>\n<p data-start=\"2570\" data-end=\"3001\">Rejoindre Saint-Suliac, c\u2019est d\u00e9j\u00e0 une plong\u00e9e dans l\u2019histoire. Depuis Paris, un train direct vous emm\u00e8ne \u00e0 Saint-Malo en un peu plus de 2 heures, avant un court trajet en bus ou en voiture. Depuis Lyon, il faudra passer par Rennes, puis poursuivre vers la c\u00f4te. Strasbourg, quant \u00e0 elle, offre une connexion rapide vers Paris avant de filer vers la <a href=\"https:\/\/discover.ulysse.com\/village-meconnu-bretagne-mise-du-tourisme-2025\">Bretagne<\/a>. Une fois sur place, le spectacle est garanti.<\/p>\n<p data-start=\"3003\" data-end=\"3333\">Que l\u2019on y vienne pour marcher le long de la Rance, \u00e9couter les r\u00e9cits des habitants ou simplement profiter du calme d\u2019un des plus beaux villages de France, <strong data-start=\"3160\" data-end=\"3207\">Saint-Suliac ne laisse personne indiff\u00e9rent<\/strong>. Et qui sait, peut-\u00eatre qu\u2019en scrutant l\u2019horizon, on apercevra encore l\u2019ombre d\u2019un drakkar perdu dans les brumes bretonnes\u2026<\/p>\n","protected":false},"excerpt":{"rendered":"<p>Imaginez un endroit o\u00f9 le vent souffle des r\u00e9cits oubli\u00e9s, o\u00f9 les mar\u00e9es d\u00e9voilent des formes \u00e9tranges et o\u00f9 les [&hellip;]<\/p>\n","protected":false},"author":4,"featured_media":25845,"comment_status":"open","ping_status":"closed","sticky":false,"template":"","format":"standard","meta":{"_acf_changed":false,"_sitemap_exclude":false,"_sitemap_priority":"","_sitemap_frequency":"","footnotes":"","rank_math_title":"","rank_math_description":"Et si ce camp viking n\u2019\u00e9tait pas qu\u2019un mythe ? Il faudra venir voir de ses propres yeux pour en juger\u2026","rank_math_canonical_url":"","rank_math_focus_keyword":"viking"},"categories":[3],"tags":[],"class_list":["post-25844","post","type-post","status-publish","format-standard","has-post-thumbnail","hentry","category-voyage"],"acf":[],"_links":{"self":[{"href":"https:\/\/ulysse.com\/news\/wp-json\/wp\/v2\/posts\/25844","targetHints":{"allow":["GET"]}}],"collection":[{"href":"https:\/\/ulysse.com\/news\/wp-json\/wp\/v2\/posts"}],"about":[{"href":"https:\/\/ulysse.com\/news\/wp-json\/wp\/v2\/types\/post"}],"author":[{"embeddable":true,"href":"https:\/\/ulysse.com\/news\/wp-json\/wp\/v2\/users\/4"}],"replies":[{"embeddable":true,"href":"https:\/\/ulysse.com\/news\/wp-json\/wp\/v2\/comments?post=25844"}],"version-history":[{"count":1,"href":"https:\/\/ulysse.com\/news\/wp-json\/wp\/v2\/posts\/25844\/revisions"}],"predecessor-version":[{"id":25846,"href":"https:\/\/ulysse.com\/news\/wp-json\/wp\/v2\/posts\/25844\/revisions\/25846"}],"wp:featuredmedia":[{"embeddable":true,"href":"https:\/\/ulysse.com\/news\/wp-json\/wp\/v2\/media\/25845"}],"wp:attachment":[{"href":"https:\/\/ulysse.com\/news\/wp-json\/wp\/v2\/media?parent=25844"}],"wp:term":[{"taxonomy":"category","embeddable":true,"href":"https:\/\/ulysse.com\/news\/wp-json\/wp\/v2\/categories?post=25844"},{"taxonomy":"post_tag","embeddable":true,"href":"https:\/\/ulysse.com\/news\/wp-json\/wp\/v2\/tags?post=25844"}],"curies":[{"name":"wp","href":"https:\/\/api.w.org\/{rel}","templated":true}]}}