{"id":25884,"date":"2025-02-24T08:00:45","date_gmt":"2025-02-24T07:00:45","guid":{"rendered":"https:\/\/discover.ulysse.com\/?p=25884"},"modified":"2025-02-23T14:29:33","modified_gmt":"2025-02-23T13:29:33","slug":"generation-z-defend-planete-ne-lache-pas-lavion","status":"publish","type":"post","link":"https:\/\/ulysse.com\/news\/generation-z-defend-planete-ne-lache-pas-lavion","title":{"rendered":"Pourquoi la g\u00e9n\u00e9ration Z d\u00e9fend la plan\u00e8te\u2026 mais ne l\u00e2che pas l\u2019avion"},"content":{"rendered":"<p data-start=\"83\" data-end=\"730\">Ils sont jeunes, id\u00e9alistes et engag\u00e9s\u2026 et pourtant, ils prennent l\u2019avion comme s\u2019il s\u2019agissait d\u2019une simple promenade. La g\u00e9n\u00e9ration Z, celle des jeunes n\u00e9s entre 1998 et 2007, se dit particuli\u00e8rement pr\u00e9occup\u00e9e par l\u2019avenir de la plan\u00e8te. Mais lorsqu\u2019il s\u2019agit de voyager, nombreux sont ceux qui optent pour l\u2019avion, pourtant l&#8217;un des moyens de transport les plus polluants. Alors, comment expliquer ce paradoxe ? Entre conscience \u00e9cologique et tentation de la facilit\u00e9, la g\u00e9n\u00e9ration Z semble d\u00e9chir\u00e9e.<\/p>\n<h2 data-start=\"732\" data-end=\"800\">Un engagement \u00e9cologique\u2026 qui peine \u00e0 se traduire dans les actes<\/h2>\n<p data-start=\"802\" data-end=\"1542\">Les chiffres sont sans appel : en 2021, <strong>la g\u00e9n\u00e9ration Z a pris l\u2019avion en moyenne 1,1 fois<\/strong>, soit bien plus que ses a\u00een\u00e9s. La g\u00e9n\u00e9ration X, par exemple, se contentait de 0,7 vol par an, tandis que les baby-boomers se limitent \u00e0 0,4 vol. Pourtant, cette m\u00eame g\u00e9n\u00e9ration Z se dit de plus en plus pr\u00e9occup\u00e9e par l\u2019urgence climatique. Une <a href=\"https:\/\/www.deloitte.com\/fr\/fr\/services\/consulting\/research\/millennial-survey-2024.html#:~:text=La%20durabilit%C3%A9%20environnementale%20est%20la%20responsabilit%C3%A9%20de%20tous&amp;text=Il%20s&#039;agit%20d&#039;une,au%20cours%20du%20dernier%20mois.\" target=\"_blank\" rel=\"noopener\">\u00e9tude de Deloitte<\/a> r\u00e9v\u00e8le que pr\u00e8s de six jeunes sur dix se disent anxieux face aux cons\u00e9quences du r\u00e9chauffement climatique. Mais l\u00e0 o\u00f9 la contradiction se fait sentir, c\u2019est dans les choix de transport : l\u2019avion, ce g\u00e9ant pollueur, reste l\u2019option la plus populaire. Un dilemme qui r\u00e9sume bien la complexit\u00e9 de cette g\u00e9n\u00e9ration, tiraill\u00e9e entre ses valeurs \u00e9cologiques et une r\u00e9alit\u00e9 bien plus confortable.<\/p>\n<p data-start=\"1622\" data-end=\"2175\">Pourquoi ce d\u00e9calage ? D\u2019un c\u00f4t\u00e9, les jeunes sont conscients de l\u2019impact environnemental de leurs choix. \u00c0 tel point que 74\u2009% des jeunes voyageurs estiment que l\u2019aviation est l\u2019un des secteurs les plus polluants. Cependant, un autre facteur domine leurs d\u00e9cisions : le prix. Quand il s\u2019agit de choisir un moyen de transport, la majorit\u00e9 privil\u00e9gie les billets les moins chers, souvent bien plus accessibles pour l\u2019avion que pour le train. Ce r\u00e9flexe, bien humain, semble emporter le d\u00e9bat, laissant de c\u00f4t\u00e9 la prise en compte des d\u00e9g\u00e2ts environnementaux.<\/p>\n<p data-start=\"2177\" data-end=\"2659\">Il faut reconna\u00eetre que l\u2019avion offre une facilit\u00e9 irr\u00e9sistible : des vols directs pour des <a href=\"https:\/\/discover.ulysse.com\/meilleures-destinations-voyage-seniors-2025\">destinations exotiques<\/a> ou des week-ends \u00e0 moindre co\u00fbt, tout cela en quelques clics. Et ce n\u2019est pas tout : les <a href=\"https:\/\/discover.ulysse.com\/les-compagnies-aeriennes-les-plus-sures-en-2025\">compagnies a\u00e9riennes<\/a> multiplient les campagnes vantant la d\u00e9mocratisation de l\u2019acc\u00e8s \u00e0 l\u2019aviation. Un ph\u00e9nom\u00e8ne que la g\u00e9n\u00e9ration Z conna\u00eet bien, n\u00e9e dans l\u2019\u00e8re de la lib\u00e9ralisation du transport a\u00e9rien, o\u00f9 prendre l\u2019avion est devenu presque aussi banal que de prendre le train.<\/p>\n<h2 data-start=\"2661\" data-end=\"2722\">Pourquoi le train ne s\u00e9duit toujours pas la jeune g\u00e9n\u00e9ration ?<\/h2>\n<p data-start=\"2724\" data-end=\"3179\">Mais alors, pourquoi ne pas essayer d\u2019autres moyens de transport, plus \u00e9cologiques, comme le train ? <a href=\"https:\/\/discover.ulysse.com\/voyage-en-train-plus-beaux-itineraires-europe\">Le train<\/a>, bien que souvent plus cher et plus long que l\u2019avion, pr\u00e9sente de s\u00e9rieux atouts pour ceux qui veulent allier voyage et respect de l\u2019environnement. Dans un monde o\u00f9 la vitesse est souvent un crit\u00e8re d\u00e9terminant, prendre le train semble offrir un retour \u00e0 l\u2019essentiel : un voyage plus lent, plus humain, et surtout plus respectueux de la plan\u00e8te.<\/p>\n<p data-start=\"3181\" data-end=\"3803\">Imaginons le trajet Paris-Gen\u00e8ve. En moins de 3 heures, le TGV vous y emm\u00e8ne. Les paysages d\u00e9filent sous vos yeux, et l\u2019empreinte carbone ? Minimale compar\u00e9e \u00e0 un vol. Certes, le prix peut grimper \u00e0 100 euros pour un billet de derni\u00e8re minute, mais qu\u2019en est-il de l\u2019exp\u00e9rience ? Vous traversez la campagne, la montagne, avant d\u2019atteindre la ville de Calvin, entour\u00e9e des majestueux Alpes. Le trajet, bien plus qu\u2019un simple d\u00e9placement, devient une v\u00e9ritable aventure, un retour \u00e0 un voyage authentique. Pour Paris-Strasbourg, c\u2019est encore plus rapide avec un trajet de 2h20, et les prix restent abordables (d\u00e8s 25 euros).<\/p>\n<h2 data-start=\"3805\" data-end=\"3880\">La g\u00e9n\u00e9ration Z est-elle pr\u00eate pour faire un pas vers le futur ?<\/h2>\n<p data-start=\"3882\" data-end=\"4328\">La solution semble pourtant \u00e0 port\u00e9e de main. Au lieu de continuer \u00e0 nourrir ce paradoxe, pourquoi ne pas s\u2019engager \u00e0 limiter l\u2019usage de l\u2019avion ? Bien s\u00fbr, cela n\u2019est pas simple dans une soci\u00e9t\u00e9 o\u00f9 <strong>la rapidit\u00e9 et le prix dominen<\/strong>t, mais les jeunes voyageurs ont en main les cl\u00e9s d\u2019un changement. Le train, tout en \u00e9tant plus \u00e9colo, est aussi plus confortable, plus calme. Il permet de red\u00e9couvrir le voyage dans sa simplicit\u00e9 et son authenticit\u00e9.<\/p>\n<p data-start=\"4330\" data-end=\"4998\">Les alternatives existent, et certains se tournent d\u00e9j\u00e0 vers des options plus responsables. Mais, pour la majorit\u00e9 des jeunes, changer de mentalit\u00e9 reste un d\u00e9fi. Les prix et la facilit\u00e9 de l\u2019avion l\u2019emportent souvent sur la conscience \u00e9cologique. N\u00e9anmoins, la prise de conscience est en marche. Si la g\u00e9n\u00e9ration Z est pr\u00eate \u00e0 faire des efforts pour r\u00e9duire son empreinte carbone, elle attend aussi des entreprises et des gouvernements des solutions concr\u00e8tes pour rendre ces alternatives accessibles \u00e0 tous. Une prise de position collective pourrait bien faire basculer la tendance, transformant ainsi le train en une option privil\u00e9gi\u00e9e pour les g\u00e9n\u00e9rations \u00e0 venir.<\/p>\n","protected":false},"excerpt":{"rendered":"<p>Ils sont jeunes, id\u00e9alistes et engag\u00e9s\u2026 et pourtant, ils prennent l\u2019avion comme s\u2019il s\u2019agissait d\u2019une simple promenade. La g\u00e9n\u00e9ration Z, [&hellip;]<\/p>\n","protected":false},"author":4,"featured_media":25886,"comment_status":"open","ping_status":"closed","sticky":false,"template":"","format":"standard","meta":{"_acf_changed":false,"_sitemap_exclude":false,"_sitemap_priority":"","_sitemap_frequency":"","footnotes":"","rank_math_title":"","rank_math_description":"Le voyage de demain sera-t-il plus responsable ? La r\u00e9ponse est entre les mains de la G\u00e9n\u00e9ration Z qui peine encore \u00e0 sauter le pas.","rank_math_canonical_url":"","rank_math_focus_keyword":"g\u00e9n\u00e9ration Z"},"categories":[3],"tags":[],"class_list":["post-25884","post","type-post","status-publish","format-standard","has-post-thumbnail","hentry","category-voyage"],"acf":[],"_links":{"self":[{"href":"https:\/\/ulysse.com\/news\/wp-json\/wp\/v2\/posts\/25884","targetHints":{"allow":["GET"]}}],"collection":[{"href":"https:\/\/ulysse.com\/news\/wp-json\/wp\/v2\/posts"}],"about":[{"href":"https:\/\/ulysse.com\/news\/wp-json\/wp\/v2\/types\/post"}],"author":[{"embeddable":true,"href":"https:\/\/ulysse.com\/news\/wp-json\/wp\/v2\/users\/4"}],"replies":[{"embeddable":true,"href":"https:\/\/ulysse.com\/news\/wp-json\/wp\/v2\/comments?post=25884"}],"version-history":[{"count":2,"href":"https:\/\/ulysse.com\/news\/wp-json\/wp\/v2\/posts\/25884\/revisions"}],"predecessor-version":[{"id":25888,"href":"https:\/\/ulysse.com\/news\/wp-json\/wp\/v2\/posts\/25884\/revisions\/25888"}],"wp:featuredmedia":[{"embeddable":true,"href":"https:\/\/ulysse.com\/news\/wp-json\/wp\/v2\/media\/25886"}],"wp:attachment":[{"href":"https:\/\/ulysse.com\/news\/wp-json\/wp\/v2\/media?parent=25884"}],"wp:term":[{"taxonomy":"category","embeddable":true,"href":"https:\/\/ulysse.com\/news\/wp-json\/wp\/v2\/categories?post=25884"},{"taxonomy":"post_tag","embeddable":true,"href":"https:\/\/ulysse.com\/news\/wp-json\/wp\/v2\/tags?post=25884"}],"curies":[{"name":"wp","href":"https:\/\/api.w.org\/{rel}","templated":true}]}}