{"id":26139,"date":"2025-03-01T07:00:35","date_gmt":"2025-03-01T06:00:35","guid":{"rendered":"https:\/\/discover.ulysse.com\/?p=26139"},"modified":"2025-02-28T13:34:23","modified_gmt":"2025-02-28T12:34:23","slug":"village-andalou-cache-plage-printemps","status":"publish","type":"post","link":"https:\/\/ulysse.com\/news\/village-andalou-cache-plage-printemps","title":{"rendered":"Ce village andalou cache une plage aux temp\u00e9ratures parfaites d\u00e8s le printemps"},"content":{"rendered":"<p data-start=\"69\" data-end=\"508\">Loin des foules estivales et des stations baln\u00e9aires surpeupl\u00e9es, <strong data-start=\"135\" data-end=\"149\">Las Negras<\/strong> est un petit village encore \u00e9pargn\u00e9 par le tourisme de masse. Nich\u00e9 entre mer et montagne, il offre un cadre idyllique pour ceux qui recherchent <strong data-start=\"295\" data-end=\"327\">authenticit\u00e9 et tranquillit\u00e9<\/strong>. Ses maisons blanches s\u2019alignent le long d\u2019une plage de sable noir volcanique, tandis que les barques de p\u00eacheurs reposent doucement sur les eaux cristallines de la M\u00e9diterran\u00e9e.<\/p>\n<p data-start=\"510\" data-end=\"954\">Ce lieu hors du temps, qui semble fig\u00e9 dans une \u00e9poque o\u00f9 la simplicit\u00e9 primait sur l\u2019agitation, est une v\u00e9ritable invitation \u00e0 ralentir et \u00e0 profiter de la beaut\u00e9 brute des paysages andalous. Pourtant, malgr\u00e9 son charme incontestable, peu de voyageurs prennent la peine de s\u2019y aventurer. C\u2019est au printemps, avant l\u2019arriv\u00e9e des premiers vacanciers, que l\u2019on peut en appr\u00e9cier toute la splendeur, entre douceur du climat et ambiance paisible.<\/p>\n<h2 data-start=\"956\" data-end=\"1016\"><strong data-start=\"959\" data-end=\"1014\">Un d\u00e9cor naturel spectaculaire, entre mer et volcan<\/strong><\/h2>\n<p data-start=\"1018\" data-end=\"1378\">Las Negras se distingue par un <strong data-start=\"1049\" data-end=\"1086\">environnement \u00e0 couper le souffle<\/strong>. Situ\u00e9 au c\u0153ur du parc naturel du Cabo de Gata, il est bord\u00e9 par des falaises escarp\u00e9es, des criques secr\u00e8tes et des terres volcaniques aux allures lunaires. \u00c0 l\u2019horizon, l\u2019eau scintille sous le soleil, contrastant avec la plage de sable sombre, vestige d\u2019une activit\u00e9 volcanique ancienne.<\/p>\n<p data-start=\"1380\" data-end=\"1804\">Les <a href=\"https:\/\/discover.ulysse.com\/sentiers-de-randonnee-traversent-pays-entiers\">amateurs de randonn\u00e9e<\/a> peuvent s\u2019aventurer sur les sentiers qui serpentent \u00e0 travers ce paysage atypique. En grimpant les <strong>pentes du Cerro Negro<\/strong>, un ancien volcan, la vue panoramique d\u00e9voile toute la beaut\u00e9 sauvage de la r\u00e9gion. Plus loin, des criques isol\u00e9es se cachent entre les roches et ne sont accessibles qu\u2019\u00e0 pied ou en bateau. Certaines abritent m\u00eame les ruines d\u2019un ch\u00e2teau oubli\u00e9, vestige d\u2019une \u00e9poque r\u00e9volue.<\/p>\n<p data-start=\"1806\" data-end=\"2168\">Mais au-del\u00e0 de la nature spectaculaire, c\u2019est l\u2019atmosph\u00e8re qui fait tout le charme de ce lieu. Pas de boutiques de souvenirs criardes ni d\u2019h\u00f4tels impersonnels, mais un petit port anim\u00e9 par le va-et-vient des p\u00eacheurs, des ruelles o\u00f9 le parfum des bougainvilliers flotte dans l\u2019air et des places o\u00f9 les habitants prennent le temps de discuter autour d\u2019un caf\u00e9.<\/p>\n<h2 data-start=\"2170\" data-end=\"2215\"><strong data-start=\"2173\" data-end=\"2213\">Un rythme de vie doux et authentique<\/strong><\/h2>\n<p data-start=\"2217\" data-end=\"2701\">Las Negras vit encore au rythme des traditions. Ici, les journ\u00e9es commencent t\u00f4t, avec les p\u00eacheurs qui partent en mer tandis que les premiers habitants s\u2019attablent dans les caf\u00e9s du port. Les ruelles \u00e9troites sont bord\u00e9es de maisons blanchies \u00e0 la chaux, certaines d\u00e9cor\u00e9es de pots de cactus et de fleurs \u00e9clatantes. Le march\u00e9 artisanal, qui se tient chaque semaine, regorge de produits locaux et d\u2019objets faits \u00e0 la main, loin des articles standardis\u00e9s que l\u2019on retrouve ailleurs.<\/p>\n<p data-start=\"2703\" data-end=\"3111\">Lorsque le soleil d\u00e9cline, les habitants et les rares visiteurs se retrouvent sur la plage ou dans les bars \u00e0 tapas pour admirer le coucher du soleil. Les falaises s\u2019embrasent sous la lumi\u00e8re dor\u00e9e du soir, offrant un spectacle inoubliable. C\u2019est un moment privil\u00e9gi\u00e9, o\u00f9 l\u2019on prend conscience de la <strong data-start=\"3003\" data-end=\"3041\">chance d\u2019\u00eatre ici, loin du tumulte<\/strong> des grandes villes et des <a href=\"https:\/\/discover.ulysse.com\/ou-parti-soleil-fevrier-5-destinations\">destinations touristiques surfr\u00e9quent\u00e9es<\/a>.<\/p>\n<blockquote class=\"instagram-media\" style=\"background: #FFF; border: 0; border-radius: 3px; box-shadow: 0 0 1px 0 rgba(0,0,0,0.5),0 1px 10px 0 rgba(0,0,0,0.15); margin: 1px; max-width: 540px; min-width: 326px; padding: 0; width: calc(100% - 2px);\" data-instgrm-permalink=\"https:\/\/www.instagram.com\/p\/C8jU4m2MREC\/?utm_source=ig_embed&amp;utm_campaign=loading\" data-instgrm-version=\"14\">\n<div style=\"padding: 16px;\">\n<p>&nbsp;<\/p>\n<div style=\"display: flex; flex-direction: row; align-items: center;\">\n<div style=\"background-color: #f4f4f4; border-radius: 50%; flex-grow: 0; height: 40px; margin-right: 14px; width: 40px;\"><\/div>\n<div style=\"display: flex; flex-direction: column; flex-grow: 1; justify-content: center;\">\n<div style=\"background-color: #f4f4f4; border-radius: 4px; flex-grow: 0; height: 14px; margin-bottom: 6px; width: 100px;\"><\/div>\n<div style=\"background-color: #f4f4f4; border-radius: 4px; flex-grow: 0; height: 14px; width: 60px;\"><\/div>\n<\/div>\n<\/div>\n<div style=\"padding: 19% 0;\"><\/div>\n<div style=\"display: block; height: 50px; margin: 0 auto 12px; width: 50px;\"><\/div>\n<div style=\"padding-top: 8px;\">\n<div style=\"color: #3897f0; font-family: Arial,sans-serif; font-size: 14px; font-style: normal; font-weight: 550; line-height: 18px;\">Voir cette publication sur Instagram<\/div>\n<\/div>\n<div style=\"padding: 12.5% 0;\"><\/div>\n<div style=\"display: flex; flex-direction: row; margin-bottom: 14px; align-items: center;\">\n<div>\n<div style=\"background-color: #f4f4f4; border-radius: 50%; height: 12.5px; width: 12.5px; transform: translateX(0px) translateY(7px);\"><\/div>\n<div style=\"background-color: #f4f4f4; height: 12.5px; transform: rotate(-45deg) translateX(3px) translateY(1px); width: 12.5px; flex-grow: 0; margin-right: 14px; margin-left: 2px;\"><\/div>\n<div style=\"background-color: #f4f4f4; border-radius: 50%; height: 12.5px; width: 12.5px; transform: translateX(9px) translateY(-18px);\"><\/div>\n<\/div>\n<div style=\"margin-left: 8px;\">\n<div style=\"background-color: #f4f4f4; border-radius: 50%; flex-grow: 0; height: 20px; width: 20px;\"><\/div>\n<div style=\"width: 0; height: 0; border-top: 2px solid transparent; border-left: 6px solid #f4f4f4; border-bottom: 2px solid transparent; transform: translateX(16px) translateY(-4px) rotate(30deg);\"><\/div>\n<\/div>\n<div style=\"margin-left: auto;\">\n<div style=\"width: 0px; border-top: 8px solid #F4F4F4; border-right: 8px solid transparent; transform: translateY(16px);\"><\/div>\n<div style=\"background-color: #f4f4f4; flex-grow: 0; height: 12px; width: 16px; transform: translateY(-4px);\"><\/div>\n<div style=\"width: 0; height: 0; border-top: 8px solid #F4F4F4; border-left: 8px solid transparent; transform: translateY(-4px) translateX(8px);\"><\/div>\n<\/div>\n<\/div>\n<div style=\"display: flex; flex-direction: column; flex-grow: 1; justify-content: center; margin-bottom: 24px;\">\n<div style=\"background-color: #f4f4f4; border-radius: 4px; flex-grow: 0; height: 14px; margin-bottom: 6px; width: 224px;\"><\/div>\n<div style=\"background-color: #f4f4f4; border-radius: 4px; flex-grow: 0; height: 14px; width: 144px;\"><\/div>\n<\/div>\n<p>&nbsp;<\/p>\n<p style=\"color: #c9c8cd; font-family: Arial,sans-serif; font-size: 14px; line-height: 17px; margin-bottom: 0; margin-top: 8px; overflow: hidden; padding: 8px 0 7px; text-align: center; text-overflow: ellipsis; white-space: nowrap;\"><a style=\"color: #c9c8cd; font-family: Arial,sans-serif; font-size: 14px; font-style: normal; font-weight: normal; line-height: 17px; text-decoration: none;\" href=\"https:\/\/www.instagram.com\/p\/C8jU4m2MREC\/?utm_source=ig_embed&amp;utm_campaign=loading\" target=\"_blank\" rel=\"noopener\">Une publication partag\u00e9e par Fotoeclectico (@fotoeclectico)<\/a><\/p>\n<\/div>\n<\/blockquote>\n<p><script async src=\"\/\/www.instagram.com\/embed.js\"><\/script><\/p>\n<h2 data-start=\"3113\" data-end=\"3184\"><strong data-start=\"3116\" data-end=\"3182\">Le printemps, la saison id\u00e9ale pour une escapade hors du temps<\/strong><\/h2>\n<p data-start=\"3186\" data-end=\"3522\">Si Las Negras peut se visiter toute l\u2019ann\u00e9e, <strong data-start=\"3231\" data-end=\"3283\">le printemps est sans doute la meilleure p\u00e9riode<\/strong> pour s\u2019y rendre. Les temp\u00e9ratures sont agr\u00e9ables, la nature s\u2019\u00e9veille et les touristes sont encore rares. C\u2019est le moment parfait pour s\u2019impr\u00e9gner de son ambiance unique, fl\u00e2ner sans contrainte et savourer la douceur de vivre andalouse.<\/p>\n<p data-start=\"3524\" data-end=\"3924\">Les amoureux de gastronomie pourront d\u00e9guster des sp\u00e9cialit\u00e9s locales dans les petites tavernes du village, o\u00f9 le poisson frais est \u00e0 l\u2019honneur. Ceux en qu\u00eate de calme profiteront des plages d\u00e9sertes et des balades en pleine nature. Quant aux passionn\u00e9s d\u2019histoire et de patrimoine, ils trouveront ici un lieu fig\u00e9 dans le temps, o\u00f9 les traditions r\u00e9sistent \u00e0 l\u2019uniformisation du tourisme de masse.<\/p>\n<p data-start=\"3926\" data-end=\"4202\" data-is-last-node=\"\" data-is-only-node=\"\">Las Negras n\u2019attend que ceux qui osent <strong data-start=\"3965\" data-end=\"3995\">sortir des sentiers battus<\/strong>. Encore m\u00e9connu, il ne tardera sans doute pas \u00e0 \u00eatre d\u00e9couvert par un plus grand nombre de voyageurs. Alors, pourquoi ne pas \u00eatre parmi les premiers \u00e0 percer le secret de ce village andalou hors du commun ?<\/p>\n","protected":false},"excerpt":{"rendered":"<p>Loin des foules estivales et des stations baln\u00e9aires surpeupl\u00e9es, Las Negras est un petit village encore \u00e9pargn\u00e9 par le tourisme [&hellip;]<\/p>\n","protected":false},"author":4,"featured_media":26140,"comment_status":"open","ping_status":"closed","sticky":false,"template":"","format":"standard","meta":{"_acf_changed":false,"_sitemap_exclude":false,"_sitemap_priority":"","_sitemap_frequency":"","footnotes":"","rank_math_title":"","rank_math_description":"Perdu entre mer et montagne, ce village andalou pr\u00e9serv\u00e9 semble fig\u00e9 dans le temps, loin de l'agitation touristique. ","rank_math_canonical_url":"","rank_math_focus_keyword":"village"},"categories":[3],"tags":[],"class_list":["post-26139","post","type-post","status-publish","format-standard","has-post-thumbnail","hentry","category-voyage"],"acf":[],"_links":{"self":[{"href":"https:\/\/ulysse.com\/news\/wp-json\/wp\/v2\/posts\/26139","targetHints":{"allow":["GET"]}}],"collection":[{"href":"https:\/\/ulysse.com\/news\/wp-json\/wp\/v2\/posts"}],"about":[{"href":"https:\/\/ulysse.com\/news\/wp-json\/wp\/v2\/types\/post"}],"author":[{"embeddable":true,"href":"https:\/\/ulysse.com\/news\/wp-json\/wp\/v2\/users\/4"}],"replies":[{"embeddable":true,"href":"https:\/\/ulysse.com\/news\/wp-json\/wp\/v2\/comments?post=26139"}],"version-history":[{"count":1,"href":"https:\/\/ulysse.com\/news\/wp-json\/wp\/v2\/posts\/26139\/revisions"}],"predecessor-version":[{"id":26141,"href":"https:\/\/ulysse.com\/news\/wp-json\/wp\/v2\/posts\/26139\/revisions\/26141"}],"wp:featuredmedia":[{"embeddable":true,"href":"https:\/\/ulysse.com\/news\/wp-json\/wp\/v2\/media\/26140"}],"wp:attachment":[{"href":"https:\/\/ulysse.com\/news\/wp-json\/wp\/v2\/media?parent=26139"}],"wp:term":[{"taxonomy":"category","embeddable":true,"href":"https:\/\/ulysse.com\/news\/wp-json\/wp\/v2\/categories?post=26139"},{"taxonomy":"post_tag","embeddable":true,"href":"https:\/\/ulysse.com\/news\/wp-json\/wp\/v2\/tags?post=26139"}],"curies":[{"name":"wp","href":"https:\/\/api.w.org\/{rel}","templated":true}]}}