{"id":26149,"date":"2025-03-01T15:00:30","date_gmt":"2025-03-01T14:00:30","guid":{"rendered":"https:\/\/discover.ulysse.com\/?p=26149"},"modified":"2025-02-28T14:29:52","modified_gmt":"2025-02-28T13:29:52","slug":"lac-reapparait-apres-130-ans","status":"publish","type":"post","link":"https:\/\/ulysse.com\/news\/lac-reapparait-apres-130-ans","title":{"rendered":"Ce lac r\u00e9appara\u00eet apr\u00e8s 130 ans\u2026 et \u00e7a emb\u00eate tout le monde"},"content":{"rendered":"<p data-start=\"73\" data-end=\"684\">Le <strong data-start=\"76\" data-end=\"90\">lac Tulare<\/strong>, autrefois le plus grand lac d\u2019eau douce \u00e0 l\u2019ouest du Mississippi, a refait surface en <strong data-start=\"178\" data-end=\"192\">Californie<\/strong>, et ce retour surprise n\u2019arrange personne. Depuis plus d\u2019un si\u00e8cle, il avait \u00e9t\u00e9 remplac\u00e9 par des terres agricoles, des infrastructures et des exploitations prosp\u00e8res. Gr\u00e2ce \u00e0 une gestion \u00ab ing\u00e9nieuse \u00bb de l\u2019eau, l\u2019homme avait r\u00e9ussi \u00e0 l\u2019ass\u00e9cher pour de bon\u2026 du moins, c\u2019est ce qu\u2019il croyait. Car en 2023, un encha\u00eenement de temp\u00eates et une fonte des neiges particuli\u00e8rement abondante dans la <strong data-start=\"591\" data-end=\"608\">Sierra Nevada<\/strong> ont redonn\u00e9 vie \u00e0 ce lac fant\u00f4me, inondant fermes, routes et habitations.<\/p>\n<p data-start=\"686\" data-end=\"1125\">Le probl\u00e8me, c\u2019est que personne n\u2019avait pr\u00e9vu son retour, et encore moins ses cons\u00e9quences. Les agriculteurs crient au d\u00e9sastre, les \u00e9cologistes voient une opportunit\u00e9 inesp\u00e9r\u00e9e de restaurer un \u00e9cosyst\u00e8me disparu, et les autorit\u00e9s tentent d\u00e9sesp\u00e9r\u00e9ment de contenir une situation qui \u00e9chappe \u00e0 tout contr\u00f4le. En un rien de temps, ce ph\u00e9nom\u00e8ne naturel s\u2019est transform\u00e9 en bataille entre \u00e9conomie, \u00e9cologie et gestion des ressources en eau.<\/p>\n<h2 data-start=\"1127\" data-end=\"1206\">Un lac que l\u2019homme a voulu effacer\u2026 mais qui revient hanter la Californie<\/h2>\n<p data-start=\"1208\" data-end=\"1789\">Avant l\u2019arriv\u00e9e des colons europ\u00e9ens, le lac Tulare \u00e9tait un plan d\u2019eau capricieux, alternant entre expansion et quasi-disparition au gr\u00e9 des pr\u00e9cipitations et des cycles climatiques. Pour les <strong data-start=\"1401\" data-end=\"1411\">Yokuts<\/strong>, peuple autochtone de la r\u00e9gion, ce ph\u00e9nom\u00e8ne \u00e9tait connu et accept\u00e9. Mais d\u00e8s le <strong data-start=\"1494\" data-end=\"1508\">19e si\u00e8cle<\/strong>, les colons n\u2019avaient pas cette patience. Ils ont entrepris de d\u00e9tourner les rivi\u00e8res, creuser des canaux et \u00e9riger des barrages pour exploiter chaque goutte d\u2019eau disponible. En quelques d\u00e9cennies, le lac a \u00e9t\u00e9 vid\u00e9, offrant de vastes terres fertiles \u00e0 l\u2019agriculture intensive.<\/p>\n<p data-start=\"1791\" data-end=\"2369\">Le pari semblait gagn\u00e9 jusqu\u2019\u00e0 ce que la <strong data-start=\"1832\" data-end=\"1852\">crise climatique<\/strong> redistribue les cartes. L\u2019augmentation des temp\u00e9ratures acc\u00e9l\u00e8re la fonte des neiges, modifie le r\u00e9gime des pr\u00e9cipitations et rend les temp\u00eates plus violentes. R\u00e9sultat : l\u2019eau, qu\u2019on avait soigneusement \u00e9cart\u00e9e, revient en force et inonde des infrastructures qui n\u2019ont jamais \u00e9t\u00e9 con\u00e7ues pour cohabiter avec un lac. Les cons\u00e9quences sont colossales : des milliers d\u2019hectares de cultures submerg\u00e9s, des routes et des habitations endommag\u00e9es, et des pertes financi\u00e8res estim\u00e9es \u00e0 plusieurs milliards de dollars.<\/p>\n<blockquote class=\"instagram-media\" style=\"background: #FFF; border: 0; border-radius: 3px; box-shadow: 0 0 1px 0 rgba(0,0,0,0.5),0 1px 10px 0 rgba(0,0,0,0.15); margin: 1px; max-width: 540px; min-width: 326px; padding: 0; width: calc(100% - 2px);\" data-instgrm-permalink=\"https:\/\/www.instagram.com\/p\/ByKtHBOFFNS\/?utm_source=ig_embed&amp;utm_campaign=loading\" data-instgrm-version=\"14\">\n<div style=\"padding: 16px;\">\n<p>&nbsp;<\/p>\n<div style=\"display: flex; flex-direction: row; align-items: center;\">\n<div style=\"background-color: #f4f4f4; border-radius: 50%; flex-grow: 0; height: 40px; margin-right: 14px; width: 40px;\"><\/div>\n<div style=\"display: flex; flex-direction: column; flex-grow: 1; justify-content: center;\">\n<div style=\"background-color: #f4f4f4; border-radius: 4px; flex-grow: 0; height: 14px; margin-bottom: 6px; width: 100px;\"><\/div>\n<div style=\"background-color: #f4f4f4; border-radius: 4px; flex-grow: 0; height: 14px; width: 60px;\"><\/div>\n<\/div>\n<\/div>\n<div style=\"padding: 19% 0;\"><\/div>\n<div style=\"display: block; height: 50px; margin: 0 auto 12px; width: 50px;\"><\/div>\n<div style=\"padding-top: 8px;\">\n<div style=\"color: #3897f0; font-family: Arial,sans-serif; font-size: 14px; font-style: normal; font-weight: 550; line-height: 18px;\">Afficher cette publication sur Instagram<\/div>\n<\/div>\n<div style=\"padding: 12.5% 0;\"><\/div>\n<div style=\"display: flex; flex-direction: row; margin-bottom: 14px; align-items: center;\">\n<div>\n<div style=\"background-color: #f4f4f4; border-radius: 50%; height: 12.5px; width: 12.5px; transform: translateX(0px) translateY(7px);\"><\/div>\n<div style=\"background-color: #f4f4f4; height: 12.5px; transform: rotate(-45deg) translateX(3px) translateY(1px); width: 12.5px; flex-grow: 0; margin-right: 14px; margin-left: 2px;\"><\/div>\n<div style=\"background-color: #f4f4f4; border-radius: 50%; height: 12.5px; width: 12.5px; transform: translateX(9px) translateY(-18px);\"><\/div>\n<\/div>\n<div style=\"margin-left: 8px;\">\n<div style=\"background-color: #f4f4f4; border-radius: 50%; flex-grow: 0; height: 20px; width: 20px;\"><\/div>\n<div style=\"width: 0; height: 0; border-top: 2px solid transparent; border-left: 6px solid #f4f4f4; border-bottom: 2px solid transparent; transform: translateX(16px) translateY(-4px) rotate(30deg);\"><\/div>\n<\/div>\n<div style=\"margin-left: auto;\">\n<div style=\"width: 0px; border-top: 8px solid #F4F4F4; border-right: 8px solid transparent; transform: translateY(16px);\"><\/div>\n<div style=\"background-color: #f4f4f4; flex-grow: 0; height: 12px; width: 16px; transform: translateY(-4px);\"><\/div>\n<div style=\"width: 0; height: 0; border-top: 8px solid #F4F4F4; border-left: 8px solid transparent; transform: translateY(-4px) translateX(8px);\"><\/div>\n<\/div>\n<\/div>\n<div style=\"display: flex; flex-direction: column; flex-grow: 1; justify-content: center; margin-bottom: 24px;\">\n<div style=\"background-color: #f4f4f4; border-radius: 4px; flex-grow: 0; height: 14px; margin-bottom: 6px; width: 224px;\"><\/div>\n<div style=\"background-color: #f4f4f4; border-radius: 4px; flex-grow: 0; height: 14px; width: 144px;\"><\/div>\n<\/div>\n<p>&nbsp;<\/p>\n<p style=\"color: #c9c8cd; font-family: Arial,sans-serif; font-size: 14px; line-height: 17px; margin-bottom: 0; margin-top: 8px; overflow: hidden; padding: 8px 0 7px; text-align: center; text-overflow: ellipsis; white-space: nowrap;\"><a style=\"color: #c9c8cd; font-family: Arial,sans-serif; font-size: 14px; font-style: normal; font-weight: normal; line-height: 17px; text-decoration: none;\" href=\"https:\/\/www.instagram.com\/p\/ByKtHBOFFNS\/?utm_source=ig_embed&amp;utm_campaign=loading\" target=\"_blank\" rel=\"noopener\">Une publication partag\u00e9e par Michael Atondo (@bishopdeville)<\/a><\/p>\n<\/div>\n<\/blockquote>\n<p><script async src=\"\/\/www.instagram.com\/embed.js\"><\/script><\/p>\n<h2 data-start=\"2371\" data-end=\"2451\">Entre catastrophe \u00e9conomique et opportunit\u00e9 \u00e9cologique, le d\u00e9bat fait rage<\/h2>\n<p data-start=\"2453\" data-end=\"2905\">Ce retour du lac Tulare divise profond\u00e9ment la r\u00e9gion. D\u2019un c\u00f4t\u00e9, les agriculteurs et les exploitants exigent des solutions rapides pour \u00e9vacuer l\u2019eau et prot\u00e9ger leurs terres. Ils r\u00e9clament la construction de nouveaux barrages, le renforcement des infrastructures existantes et un meilleur contr\u00f4le du ruissellement. Pour eux, chaque jour pass\u00e9 sous l\u2019eau repr\u00e9sente des pertes financi\u00e8res consid\u00e9rables et une menace pour l\u2019\u00e9conomie locale.<\/p>\n<p data-start=\"2907\" data-end=\"3330\">De l\u2019autre, les \u00e9cologistes voient dans ce ph\u00e9nom\u00e8ne une occasion inesp\u00e9r\u00e9e de restaurer un \u00e9cosyst\u00e8me disparu. Ils rappellent que le lac Tulare \u00e9tait autrefois un refuge essentiel pour les oiseaux migrateurs et la faune locale. Redonner une place permanente au lac permettrait non seulement de <strong data-start=\"3206\" data-end=\"3245\">r\u00e9\u00e9quilibrer les nappes phr\u00e9atiques<\/strong>, mais aussi de cr\u00e9er une zone humide prot\u00e9g\u00e9e, b\u00e9n\u00e9fique pour la biodiversit\u00e9.<\/p>\n<p data-start=\"3332\" data-end=\"3759\">Face \u00e0 ces tensions, les autorit\u00e9s h\u00e9sitent sur la marche \u00e0 suivre. Certains experts sugg\u00e8rent de laisser le lac fluctuer naturellement, tandis que d\u2019autres militent pour des solutions techniques permettant de concilier agriculture et \u00e9cologie. Mais une chose est s\u00fbre : le lac Tulare n\u2019a pas dit son dernier mot, et les prochaines ann\u00e9es risquent de voir se r\u00e9p\u00e9ter ce cycle d\u2019inondations et de s\u00e9cheresses extr\u00eames.<\/p>\n<p data-start=\"3761\" data-end=\"3932\" data-is-last-node=\"\" data-is-only-node=\"\">Si l\u2019histoire nous apprend une chose, c\u2019est que l\u2019homme croit toujours pouvoir dompter la nature\u2026 jusqu\u2019\u00e0 ce que la nature lui rappelle qui est vraiment aux commandes.<\/p>\n","protected":false},"excerpt":{"rendered":"<p>Le lac Tulare, autrefois le plus grand lac d\u2019eau douce \u00e0 l\u2019ouest du Mississippi, a refait surface en Californie, et [&hellip;]<\/p>\n","protected":false},"author":4,"featured_media":26150,"comment_status":"open","ping_status":"closed","sticky":false,"template":"","format":"standard","meta":{"_acf_changed":false,"_sitemap_exclude":false,"_sitemap_priority":"","_sitemap_frequency":"","footnotes":"","rank_math_title":"","rank_math_description":"Et si un lac que l\u2019on croyait disparu d\u00e9cidait soudainement de refaire surface, engloutissant terres agricoles et infrastructures ?","rank_math_canonical_url":"","rank_math_focus_keyword":"lac"},"categories":[3],"tags":[],"class_list":["post-26149","post","type-post","status-publish","format-standard","has-post-thumbnail","hentry","category-voyage"],"acf":[],"_links":{"self":[{"href":"https:\/\/ulysse.com\/news\/wp-json\/wp\/v2\/posts\/26149","targetHints":{"allow":["GET"]}}],"collection":[{"href":"https:\/\/ulysse.com\/news\/wp-json\/wp\/v2\/posts"}],"about":[{"href":"https:\/\/ulysse.com\/news\/wp-json\/wp\/v2\/types\/post"}],"author":[{"embeddable":true,"href":"https:\/\/ulysse.com\/news\/wp-json\/wp\/v2\/users\/4"}],"replies":[{"embeddable":true,"href":"https:\/\/ulysse.com\/news\/wp-json\/wp\/v2\/comments?post=26149"}],"version-history":[{"count":2,"href":"https:\/\/ulysse.com\/news\/wp-json\/wp\/v2\/posts\/26149\/revisions"}],"predecessor-version":[{"id":26152,"href":"https:\/\/ulysse.com\/news\/wp-json\/wp\/v2\/posts\/26149\/revisions\/26152"}],"wp:featuredmedia":[{"embeddable":true,"href":"https:\/\/ulysse.com\/news\/wp-json\/wp\/v2\/media\/26150"}],"wp:attachment":[{"href":"https:\/\/ulysse.com\/news\/wp-json\/wp\/v2\/media?parent=26149"}],"wp:term":[{"taxonomy":"category","embeddable":true,"href":"https:\/\/ulysse.com\/news\/wp-json\/wp\/v2\/categories?post=26149"},{"taxonomy":"post_tag","embeddable":true,"href":"https:\/\/ulysse.com\/news\/wp-json\/wp\/v2\/tags?post=26149"}],"curies":[{"name":"wp","href":"https:\/\/api.w.org\/{rel}","templated":true}]}}