{"id":26163,"date":"2025-03-02T10:00:42","date_gmt":"2025-03-02T09:00:42","guid":{"rendered":"https:\/\/discover.ulysse.com\/?p=26163"},"modified":"2025-03-02T09:55:08","modified_gmt":"2025-03-02T08:55:08","slug":"capitale-2h-paris-elu-eldorado-teletravailleurs","status":"publish","type":"post","link":"https:\/\/ulysse.com\/news\/capitale-2h-paris-elu-eldorado-teletravailleurs","title":{"rendered":"Cette capitale \u00e0 2h de Paris \u00e9lue \u00e9ldorado des t\u00e9l\u00e9travailleurs"},"content":{"rendered":"<p data-start=\"66\" data-end=\"532\">Un ordinateur, une connexion Wi-Fi et un r\u00eave d\u2019\u00e9vasion : voici le kit de survie du <strong data-start=\"150\" data-end=\"180\">travailleur nomade moderne<\/strong>. Ce mode de vie, autrefois r\u00e9serv\u00e9 \u00e0 quelques aventuriers du num\u00e9rique, est aujourd\u2019hui une v\u00e9ritable r\u00e9volution port\u00e9e par l\u2019essor du t\u00e9l\u00e9travail. De Bangkok \u00e0 Mexico, en passant par Bali, les m\u00e9tropoles du monde entier s\u2019adaptent \u00e0 cette nouvelle vague d\u2019expatri\u00e9s connect\u00e9s. Pourtant, une ville semble se d\u00e9tacher nettement du lot : <strong data-start=\"517\" data-end=\"529\">Lisbonne<\/strong>.<\/p>\n<p data-start=\"534\" data-end=\"1068\">La capitale portugaise est devenue en quelques ann\u00e9es une destination de premier plan pour les professionnels ind\u00e9pendants et salari\u00e9s en t\u00e9l\u00e9travail. Son climat temp\u00e9r\u00e9, son ambiance d\u00e9contract\u00e9e et son co\u00fbt de la vie attractif en font un havre pour ceux qui fuient la grisaille et la routine des bureaux traditionnels. Mais cette ascension fulgurante pose aussi des questions : comment cette arriv\u00e9e massive transforme-t-elle le quotidien des habitants ? Lisbonne peut-elle continuer \u00e0 s\u00e9duire sans compromettre son identit\u00e9 ?<\/p>\n<h2 data-start=\"1070\" data-end=\"1122\">Un cadre de vie qui s\u00e9duit les t\u00e9l\u00e9travailleurs<\/h2>\n<p data-start=\"1124\" data-end=\"1492\">Lisbonne ne s\u2019est pas impos\u00e9e par hasard comme la nouvelle capitale du <strong data-start=\"1195\" data-end=\"1218\">nomadisme num\u00e9rique<\/strong>. Son climat m\u00e9diterran\u00e9en garantit des hivers doux et des \u00e9t\u00e9s ensoleill\u00e9s, une aubaine pour ceux qui fuient la rigueur climatique de l\u2019Europe du Nord. Ses caf\u00e9s au charme intemporel et ses miradouros offrant des panoramas \u00e0 couper le souffle ajoutent \u00e0 son attractivit\u00e9.<\/p>\n<p data-start=\"1494\" data-end=\"2133\">Mais ce qui fait r\u00e9ellement la diff\u00e9rence, c\u2019est <strong data-start=\"1543\" data-end=\"1564\">le co\u00fbt de la vie<\/strong>. Compar\u00e9e \u00e0 <a href=\"https:\/\/discover.ulysse.com\/village-pres-paris-prefere-des-francais\">Paris<\/a>, Londres ou New York, Lisbonne reste abordable, m\u00eame si les prix augmentent. Un repas au restaurant co\u00fbte entre 10 et 15 \u20ac, un caf\u00e9 moins de 2 \u20ac, et une place de <strong>coworking oscille entre 150 et 250 \u20ac par mois<\/strong>. Le logement, en revanche, devient un v\u00e9ritable point de tension. Si un studio en centre-ville pouvait encore se louer pour 600 \u20ac il y a quelques ann\u00e9es, les prix ont bondi, d\u00e9passant fr\u00e9quemment les 1 200 \u20ac. Cette flamb\u00e9e ne freine pourtant pas les expatri\u00e9s aux revenus plus \u00e9lev\u00e9s que la moyenne portugaise, qui continuent d\u2019affluer.<\/p>\n<p data-start=\"2135\" data-end=\"2711\">La pr\u00e9sence d\u2019un r\u00e9seau solide d\u2019espaces de coworking facilite l\u2019installation des t\u00e9l\u00e9travailleurs. Des lieux comme <strong data-start=\"2251\" data-end=\"2300\">Second Home, Cowork Central ou Lisbon WorkHub<\/strong> offrent des environnements stimulants o\u00f9 se croisent d\u00e9veloppeurs, marketeurs et entrepreneurs venus du monde entier. Ce dynamisme a conduit le gouvernement portugais \u00e0 adapter sa politique en lan\u00e7ant un <a href=\"https:\/\/discover.ulysse.com\/workation-pays-asie-adopte-visa-travail-et-vacances\">visa sp\u00e9cifique pour les nomades num\u00e9riques<\/a>, accessible aux \u00e9trangers non europ\u00e9ens justifiant d\u2019un revenu mensuel de 3280 \u20ac minimum. Une initiative qui renforce encore l\u2019attractivit\u00e9 de la ville.<\/p>\n<blockquote class=\"instagram-media\" style=\"background: #FFF; border: 0; border-radius: 3px; box-shadow: 0 0 1px 0 rgba(0,0,0,0.5),0 1px 10px 0 rgba(0,0,0,0.15); margin: 1px; max-width: 540px; min-width: 326px; padding: 0; width: calc(100% - 2px);\" data-instgrm-permalink=\"https:\/\/www.instagram.com\/p\/DEPkCovshEN\/?utm_source=ig_embed&amp;utm_campaign=loading\" data-instgrm-version=\"14\">\n<div style=\"padding: 16px;\">\n<p>&nbsp;<\/p>\n<div style=\"display: flex; flex-direction: row; align-items: center;\">\n<div style=\"background-color: #f4f4f4; border-radius: 50%; flex-grow: 0; height: 40px; margin-right: 14px; width: 40px;\"><\/div>\n<div style=\"display: flex; flex-direction: column; flex-grow: 1; justify-content: center;\">\n<div style=\"background-color: #f4f4f4; border-radius: 4px; flex-grow: 0; height: 14px; margin-bottom: 6px; width: 100px;\"><\/div>\n<div style=\"background-color: #f4f4f4; border-radius: 4px; flex-grow: 0; height: 14px; width: 60px;\"><\/div>\n<\/div>\n<\/div>\n<div style=\"padding: 19% 0;\"><\/div>\n<div style=\"display: block; height: 50px; margin: 0 auto 12px; width: 50px;\"><\/div>\n<div style=\"padding-top: 8px;\">\n<div style=\"color: #3897f0; font-family: Arial,sans-serif; font-size: 14px; font-style: normal; font-weight: 550; line-height: 18px;\">Voir cette publication sur Instagram<\/div>\n<\/div>\n<div style=\"padding: 12.5% 0;\"><\/div>\n<div style=\"display: flex; flex-direction: row; margin-bottom: 14px; align-items: center;\">\n<div>\n<div style=\"background-color: #f4f4f4; border-radius: 50%; height: 12.5px; width: 12.5px; transform: translateX(0px) translateY(7px);\"><\/div>\n<div style=\"background-color: #f4f4f4; height: 12.5px; transform: rotate(-45deg) translateX(3px) translateY(1px); width: 12.5px; flex-grow: 0; margin-right: 14px; margin-left: 2px;\"><\/div>\n<div style=\"background-color: #f4f4f4; border-radius: 50%; height: 12.5px; width: 12.5px; transform: translateX(9px) translateY(-18px);\"><\/div>\n<\/div>\n<div style=\"margin-left: 8px;\">\n<div style=\"background-color: #f4f4f4; border-radius: 50%; flex-grow: 0; height: 20px; width: 20px;\"><\/div>\n<div style=\"width: 0; height: 0; border-top: 2px solid transparent; border-left: 6px solid #f4f4f4; border-bottom: 2px solid transparent; transform: translateX(16px) translateY(-4px) rotate(30deg);\"><\/div>\n<\/div>\n<div style=\"margin-left: auto;\">\n<div style=\"width: 0px; border-top: 8px solid #F4F4F4; border-right: 8px solid transparent; transform: translateY(16px);\"><\/div>\n<div style=\"background-color: #f4f4f4; flex-grow: 0; height: 12px; width: 16px; transform: translateY(-4px);\"><\/div>\n<div style=\"width: 0; height: 0; border-top: 8px solid #F4F4F4; border-left: 8px solid transparent; transform: translateY(-4px) translateX(8px);\"><\/div>\n<\/div>\n<\/div>\n<div style=\"display: flex; flex-direction: column; flex-grow: 1; justify-content: center; margin-bottom: 24px;\">\n<div style=\"background-color: #f4f4f4; border-radius: 4px; flex-grow: 0; height: 14px; margin-bottom: 6px; width: 224px;\"><\/div>\n<div style=\"background-color: #f4f4f4; border-radius: 4px; flex-grow: 0; height: 14px; width: 144px;\"><\/div>\n<\/div>\n<p>&nbsp;<\/p>\n<p style=\"color: #c9c8cd; font-family: Arial,sans-serif; font-size: 14px; line-height: 17px; margin-bottom: 0; margin-top: 8px; overflow: hidden; padding: 8px 0 7px; text-align: center; text-overflow: ellipsis; white-space: nowrap;\"><a style=\"color: #c9c8cd; font-family: Arial,sans-serif; font-size: 14px; font-style: normal; font-weight: normal; line-height: 17px; text-decoration: none;\" href=\"https:\/\/www.instagram.com\/p\/DEPkCovshEN\/?utm_source=ig_embed&amp;utm_campaign=loading\" target=\"_blank\" rel=\"noopener\">Une publication partag\u00e9e par Lisbon WorkHub (@lisbonworkhub)<\/a><\/p>\n<\/div>\n<\/blockquote>\n<p><script async src=\"\/\/www.instagram.com\/embed.js\"><\/script><\/p>\n<h2 data-start=\"3372\" data-end=\"3419\">Entre essor \u00e9conomique et tensions locales<\/h2>\n<p data-start=\"3421\" data-end=\"3788\">Si la pr\u00e9sence accrue de t\u00e9l\u00e9travailleurs dynamise l\u2019\u00e9conomie locale, elle accentue aussi les in\u00e9galit\u00e9s. Certains quartiers de Lisbonne, autrefois populaires, se transforment en hubs pour expatri\u00e9s o\u00f9 les langues \u00e9trang\u00e8res dominent. Les loyers explosent et les commerces s\u2019adaptent \u00e0 cette client\u00e8le internationale, au risque de perdre leur ancrage local.<\/p>\n<p data-start=\"3790\" data-end=\"4290\">Le ph\u00e9nom\u00e8ne n\u2019est pas unique \u00e0 Lisbonne. De Mexico City \u00e0 Bali, en passant par Chiang Mai, les villes pris\u00e9es des digital nomads suivent souvent le m\u00eame sch\u00e9ma : une arriv\u00e9e progressive, une explosion des prix, une gentrification acc\u00e9l\u00e9r\u00e9e et, parfois, une mont\u00e9e des tensions avec la population locale. L\u2019anthropologue <strong data-start=\"4119\" data-end=\"4132\">Dave Cook<\/strong>, sp\u00e9cialiste de ces migrations modernes, observe que les destinations attractives pour les travailleurs nomades connaissent toutes une \u00e9volution similaire.<\/p>\n<p data-start=\"4793\" data-end=\"5312\">La municipalit\u00e9 tente de contenir cette envol\u00e9e en limitant l\u2019<strong data-start=\"4855\" data-end=\"4877\">expansion d\u2019Airbnb<\/strong> et en proposant des mesures pour favoriser l\u2019acc\u00e8s au logement des r\u00e9sidents portugais. Mais les r\u00e9sistances sont nombreuses et la pression immobili\u00e8re ne faiblit pas. Les propri\u00e9taires, attir\u00e9s par les loyers plus \u00e9lev\u00e9s vers\u00e9s par les expatri\u00e9s, pr\u00e9f\u00e8rent louer \u00e0 des \u00e9trangers plut\u00f4t qu\u2019\u00e0 des locaux. Ce ph\u00e9nom\u00e8ne alimente une grogne croissante parmi les habitants qui se sentent progressivement d\u00e9poss\u00e9d\u00e9s de leur ville.<\/p>\n<h2 data-start=\"5314\" data-end=\"5363\">Lisbonne peut-elle maintenir son \u00e9quilibre ?<\/h2>\n<p data-start=\"5365\" data-end=\"5803\">Face \u00e0 ces tensions, plusieurs solutions sont envisag\u00e9es. Certains plaident pour une <strong data-start=\"5450\" data-end=\"5498\">taxation sp\u00e9cifique des travailleurs nomades<\/strong>, estimant que ceux qui vivent plusieurs mois au <a href=\"https:\/\/discover.ulysse.com\/portugal-secret-bien-garde-amateurs-vin-revele\">Portugal<\/a> devraient contribuer financi\u00e8rement au pays qui les accueille. D\u2019autres proposent des restrictions plus strictes sur les locations de courte dur\u00e9e, afin de freiner la transformation des quartiers en zones exclusivement d\u00e9di\u00e9es aux expatri\u00e9s.<\/p>\n<p data-start=\"5805\" data-end=\"6149\">Sous le gouvernement d\u2019Ant\u00f3nio Costa, le Portugal a mis\u00e9 sur une politique d\u2019ouverture pour attirer les talents et stimuler son \u00e9conomie. La question est maintenant de savoir si le nouveau Premier ministre, Lu\u00eds Montenegro, poursuivra cette strat\u00e9gie ou adaptera les mesures pour r\u00e9pondre aux pr\u00e9occupations croissantes des habitants.<\/p>\n<p data-start=\"6151\" data-end=\"6633\">Certains expatri\u00e9s eux-m\u00eames reconnaissent la n\u00e9cessit\u00e9 de mieux s\u2019int\u00e9grer et d\u2019\u00e9viter l\u2019isolement dans des cercles ferm\u00e9s. Des initiatives locales \u00e9mergent, comme le One Thousand Club, un projet r\u00e9unissant 500 Portugais et 500 \u00e9trangers pour encourager les \u00e9changes et briser la s\u00e9paration entre communaut\u00e9s. Les r\u00e9seaux sociaux jouent \u00e9galement un r\u00f4le cl\u00e9 dans cette int\u00e9gration, notamment via des groupes Facebook et des \u00e9v\u00e9nements m\u00ealant locaux et expatri\u00e9s.<\/p>\n<p data-start=\"6635\" data-end=\"6900\" data-is-last-node=\"\" data-is-only-node=\"\">L\u2019avenir de Lisbonne en tant que capitale mondiale des travailleurs nomades d\u00e9pendra de la capacit\u00e9 de la ville \u00e0 trouver un \u00e9quilibre entre ouverture internationale et protection de ses r\u00e9sidents. Pour l\u2019instant, la magie op\u00e8re toujours, mais \u00e0 quel prix ?<\/p>\n","protected":false},"excerpt":{"rendered":"<p>Un ordinateur, une connexion Wi-Fi et un r\u00eave d\u2019\u00e9vasion : voici le kit de survie du travailleur nomade moderne. Ce [&hellip;]<\/p>\n","protected":false},"author":4,"featured_media":26164,"comment_status":"open","ping_status":"closed","sticky":false,"template":"","format":"standard","meta":{"_acf_changed":false,"_sitemap_exclude":false,"_sitemap_priority":"","_sitemap_frequency":"","footnotes":"","rank_math_title":"","rank_math_description":"Lisbonne, nouveau bureau \u00e0 ciel ouvert des t\u00e9l\u00e9travailleurs, attire autant qu\u2019elle interroge sur son avenir.","rank_math_canonical_url":"","rank_math_focus_keyword":"capitale"},"categories":[3],"tags":[],"class_list":["post-26163","post","type-post","status-publish","format-standard","has-post-thumbnail","hentry","category-voyage"],"acf":[],"_links":{"self":[{"href":"https:\/\/ulysse.com\/news\/wp-json\/wp\/v2\/posts\/26163","targetHints":{"allow":["GET"]}}],"collection":[{"href":"https:\/\/ulysse.com\/news\/wp-json\/wp\/v2\/posts"}],"about":[{"href":"https:\/\/ulysse.com\/news\/wp-json\/wp\/v2\/types\/post"}],"author":[{"embeddable":true,"href":"https:\/\/ulysse.com\/news\/wp-json\/wp\/v2\/users\/4"}],"replies":[{"embeddable":true,"href":"https:\/\/ulysse.com\/news\/wp-json\/wp\/v2\/comments?post=26163"}],"version-history":[{"count":1,"href":"https:\/\/ulysse.com\/news\/wp-json\/wp\/v2\/posts\/26163\/revisions"}],"predecessor-version":[{"id":26165,"href":"https:\/\/ulysse.com\/news\/wp-json\/wp\/v2\/posts\/26163\/revisions\/26165"}],"wp:featuredmedia":[{"embeddable":true,"href":"https:\/\/ulysse.com\/news\/wp-json\/wp\/v2\/media\/26164"}],"wp:attachment":[{"href":"https:\/\/ulysse.com\/news\/wp-json\/wp\/v2\/media?parent=26163"}],"wp:term":[{"taxonomy":"category","embeddable":true,"href":"https:\/\/ulysse.com\/news\/wp-json\/wp\/v2\/categories?post=26163"},{"taxonomy":"post_tag","embeddable":true,"href":"https:\/\/ulysse.com\/news\/wp-json\/wp\/v2\/tags?post=26163"}],"curies":[{"name":"wp","href":"https:\/\/api.w.org\/{rel}","templated":true}]}}