{"id":26386,"date":"2025-03-06T18:00:16","date_gmt":"2025-03-06T17:00:16","guid":{"rendered":"https:\/\/discover.ulysse.com\/?p=26386"},"modified":"2025-03-06T12:46:06","modified_gmt":"2025-03-06T11:46:06","slug":"quelques-heures-lyon-plages-loin-foules","status":"publish","type":"post","link":"https:\/\/ulysse.com\/news\/quelques-heures-lyon-plages-loin-foules","title":{"rendered":"\u00c0 quelques heures de Lyon, ces plages loin des foules vont vous envo\u00fbter"},"content":{"rendered":"<p data-pm-slice=\"1 1 []\">Au large des c\u00f4tes espagnoles, les Bal\u00e9ares se dessinent comme un archipel enchanteur o\u00f9 se m\u00ealent plages dor\u00e9es, eaux cristallines et villages au charme d\u2019antan. Si beaucoup viennent pour le soleil et la mer, ceux qui s\u2019aventurent hors des sentiers battus d\u00e9couvrent une autre facette, bien plus captivante : des bourgades o\u00f9 le temps semble suspendu, o\u00f9 les traditions vivent encore \u00e0 travers l\u2019architecture, la cuisine et la culture locale.<\/p>\n<p>Ces villages, nich\u00e9s entre montagnes et rivages, sont des joyaux que l\u2019on explore en fl\u00e2nant dans leurs ruelles pav\u00e9es, en s\u2019attardant sur une terrasse ombrag\u00e9e ou en admirant les panoramas \u00e0 couper le souffle qu\u2019ils offrent. Ici, les maisons blanches c\u00f4toient les oliveraies centenaires et les petites \u00e9glises cach\u00e9es derri\u00e8re des places fleuries. Loin du tumulte des stations baln\u00e9aires, ces havres de paix offrent une immersion dans une douceur de vivre m\u00e9diterran\u00e9enne, entre pass\u00e9 et pr\u00e9sent.<\/p>\n<p>Mais quels sont ces villages o\u00f9 l\u2019\u00e2me des Bal\u00e9ares s\u2019exprime avec tant de force ? Des montagnes de Majorque aux criques secr\u00e8tes de Minorque, en passant par les recoins les plus paisibles d\u2019Ibiza, laissez-vous guider vers ces lieux o\u00f9 l\u2019authenticit\u00e9 est reine.<\/p>\n<h2>Des villages fig\u00e9s dans le temps au c\u0153ur de l&#8217;Espagne<\/h2>\n<h3>Valldemossa, entre pierre et verdure<\/h3>\n<p>Blotti au creux des montagnes de <strong>la Serra de Tramuntana, Valldemossa<\/strong> est un \u00e9crin de pierre et de verdure qui ne laisse personne indiff\u00e9rent. Ce village majorquin, c\u00e9l\u00e8bre pour avoir accueilli le compositeur Fr\u00e9d\u00e9ric Chopin et l\u2019\u00e9crivaine George Sand, est un v\u00e9ritable bijou o\u00f9 l\u2019histoire semble s\u2019\u00eatre attard\u00e9e. Ses ruelles pav\u00e9es serpentent entre des maisons de pierre aux volets vert olive, tandis que les balcons fleuris apportent une touche de couleur \u00e0 cette harmonie min\u00e9rale.<\/p>\n<p>La Chartreuse de Valldemossa est le c\u0153ur battant du village. Fond\u00e9e au XIVe si\u00e8cle, cette ancienne r\u00e9sidence royale transform\u00e9e en monast\u00e8re a vu d\u00e9filer des artistes et \u00e9crivains en qu\u00eate d\u2019inspiration. Depuis ses jardins en terrasses, la vue s\u2019ouvre sur une vall\u00e9e luxuriante qui s\u2019\u00e9tend jusqu\u2019\u00e0 la mer, un spectacle qui rappelle pourquoi tant de voyageurs tombent sous le charme de ce lieu hors du temps.<\/p>\n<p>Mais Valldemossa, c\u2019est aussi une ambiance, une atmosph\u00e8re paisible o\u00f9 l\u2019on prend plaisir \u00e0 s\u2019attarder dans un petit caf\u00e9 pour d\u00e9guster une coca de patata, une douceur locale qui accompagne parfaitement un caf\u00e9 bien serr\u00e9. Loin de l\u2019agitation de Palma, le village est un refuge id\u00e9al pour ceux qui recherchent un cadre pittoresque et apaisant, o\u00f9 les montagnes offrent une fresque changeante selon la lumi\u00e8re du jour.<\/p>\n<blockquote class=\"instagram-media\" style=\"background: #FFF; border: 0; border-radius: 3px; box-shadow: 0 0 1px 0 rgba(0,0,0,0.5),0 1px 10px 0 rgba(0,0,0,0.15); margin: 1px; max-width: 540px; min-width: 326px; padding: 0; width: calc(100% - 2px);\" data-instgrm-permalink=\"https:\/\/www.instagram.com\/reel\/C43aU03sSGJ\/?utm_source=ig_embed&amp;utm_campaign=loading\" data-instgrm-version=\"14\">\n<div style=\"padding: 16px;\">\n<p>&nbsp;<\/p>\n<div style=\"display: flex; flex-direction: row; align-items: center;\">\n<div style=\"background-color: #f4f4f4; border-radius: 50%; flex-grow: 0; height: 40px; margin-right: 14px; width: 40px;\"><\/div>\n<div style=\"display: flex; flex-direction: column; flex-grow: 1; justify-content: center;\">\n<div style=\"background-color: #f4f4f4; border-radius: 4px; flex-grow: 0; height: 14px; margin-bottom: 6px; width: 100px;\"><\/div>\n<div style=\"background-color: #f4f4f4; border-radius: 4px; flex-grow: 0; height: 14px; width: 60px;\"><\/div>\n<\/div>\n<\/div>\n<div style=\"padding: 19% 0;\"><\/div>\n<div style=\"display: block; height: 50px; margin: 0 auto 12px; width: 50px;\"><\/div>\n<div style=\"padding-top: 8px;\">\n<div style=\"color: #3897f0; font-family: Arial,sans-serif; font-size: 14px; font-style: normal; font-weight: 550; line-height: 18px;\">Voir cette publication sur Instagram<\/div>\n<\/div>\n<div style=\"padding: 12.5% 0;\"><\/div>\n<div style=\"display: flex; flex-direction: row; margin-bottom: 14px; align-items: center;\">\n<div>\n<div style=\"background-color: #f4f4f4; border-radius: 50%; height: 12.5px; width: 12.5px; transform: translateX(0px) translateY(7px);\"><\/div>\n<div style=\"background-color: #f4f4f4; height: 12.5px; transform: rotate(-45deg) translateX(3px) translateY(1px); width: 12.5px; flex-grow: 0; margin-right: 14px; margin-left: 2px;\"><\/div>\n<div style=\"background-color: #f4f4f4; border-radius: 50%; height: 12.5px; width: 12.5px; transform: translateX(9px) translateY(-18px);\"><\/div>\n<\/div>\n<div style=\"margin-left: 8px;\">\n<div style=\"background-color: #f4f4f4; border-radius: 50%; flex-grow: 0; height: 20px; width: 20px;\"><\/div>\n<div style=\"width: 0; height: 0; border-top: 2px solid transparent; border-left: 6px solid #f4f4f4; border-bottom: 2px solid transparent; transform: translateX(16px) translateY(-4px) rotate(30deg);\"><\/div>\n<\/div>\n<div style=\"margin-left: auto;\">\n<div style=\"width: 0px; border-top: 8px solid #F4F4F4; border-right: 8px solid transparent; transform: translateY(16px);\"><\/div>\n<div style=\"background-color: #f4f4f4; flex-grow: 0; height: 12px; width: 16px; transform: translateY(-4px);\"><\/div>\n<div style=\"width: 0; height: 0; border-top: 8px solid #F4F4F4; border-left: 8px solid transparent; transform: translateY(-4px) translateX(8px);\"><\/div>\n<\/div>\n<\/div>\n<div style=\"display: flex; flex-direction: column; flex-grow: 1; justify-content: center; margin-bottom: 24px;\">\n<div style=\"background-color: #f4f4f4; border-radius: 4px; flex-grow: 0; height: 14px; margin-bottom: 6px; width: 224px;\"><\/div>\n<div style=\"background-color: #f4f4f4; border-radius: 4px; flex-grow: 0; height: 14px; width: 144px;\"><\/div>\n<\/div>\n<p>&nbsp;<\/p>\n<p style=\"color: #c9c8cd; font-family: Arial,sans-serif; font-size: 14px; line-height: 17px; margin-bottom: 0; margin-top: 8px; overflow: hidden; padding: 8px 0 7px; text-align: center; text-overflow: ellipsis; white-space: nowrap;\"><a style=\"color: #c9c8cd; font-family: Arial,sans-serif; font-size: 14px; font-style: normal; font-weight: normal; line-height: 17px; text-decoration: none;\" href=\"https:\/\/www.instagram.com\/reel\/C43aU03sSGJ\/?utm_source=ig_embed&amp;utm_campaign=loading\" target=\"_blank\" rel=\"noopener\">Une publication partag\u00e9e par \ud835\udcd9\ud835\udcfe\ud835\udcf5\ud835\udcfc\u2766 | Fashion | Art (@mycozyglam)<\/a><\/p>\n<\/div>\n<\/blockquote>\n<p><script async src=\"\/\/www.instagram.com\/embed.js\"><\/script><\/p>\n<h3>Fornalutx, le village carte postale<\/h3>\n<p>Dans la m\u00eame Serra de Tramuntana, Fornalutx s\u2019impose comme l\u2019un des plus beaux villages d\u2019<a href=\"https:\/\/discover.ulysse.com\/france-meilleure-espagne-gestion-surtourisme\">Espagne<\/a>. Ici, tout semble avoir \u00e9t\u00e9 pr\u00e9serv\u00e9 avec soin : des ruelles en escalier bord\u00e9es de murs de pierre s\u00e8che, des fontaines anciennes o\u00f9 les habitants viennent encore remplir leurs carafes, et des placettes o\u00f9 tr\u00f4ne l\u2019\u00e9glise paroissiale, t\u00e9moin silencieux du passage des si\u00e8cles.<\/p>\n<p>Fornalutx est entour\u00e9 de vergers d\u2019orangers et de citronniers, dont l\u2019odeur embaume l\u2019air, surtout au printemps. Les randonneurs s\u2019y donnent rendez-vous pour explorer les sentiers qui serpentent entre les montagnes, offrant des vues imprenables sur la M\u00e9diterran\u00e9e. Ceux qui pr\u00e9f\u00e8rent la contemplation peuvent s\u2019installer en terrasse et savourer un jus d\u2019orange fra\u00eechement press\u00e9, issu des arbres qui bordent le village.<\/p>\n<p>Loin des grands complexes touristiques, Fornalutx a su pr\u00e9server son \u00e2me, attirant ceux qui recherchent une escapade authentique et loin de l\u2019agitation. Ici, le temps semble s\u2019\u00e9couler diff\u00e9remment, au rythme du clocher qui sonne l\u2019heure et du chant des oiseaux qui r\u00e9sonne dans la vall\u00e9e.<\/p>\n<blockquote class=\"instagram-media\" style=\"background: #FFF; border: 0; border-radius: 3px; box-shadow: 0 0 1px 0 rgba(0,0,0,0.5),0 1px 10px 0 rgba(0,0,0,0.15); margin: 1px; max-width: 540px; min-width: 326px; padding: 0; width: calc(100% - 2px);\" data-instgrm-permalink=\"https:\/\/www.instagram.com\/p\/C6Nf7Y3IPcP\/?utm_source=ig_embed&amp;utm_campaign=loading\" data-instgrm-version=\"14\">\n<div style=\"padding: 16px;\">\n<p>&nbsp;<\/p>\n<div style=\"display: flex; flex-direction: row; align-items: center;\">\n<div style=\"background-color: #f4f4f4; border-radius: 50%; flex-grow: 0; height: 40px; margin-right: 14px; width: 40px;\"><\/div>\n<div style=\"display: flex; flex-direction: column; flex-grow: 1; justify-content: center;\">\n<div style=\"background-color: #f4f4f4; border-radius: 4px; flex-grow: 0; height: 14px; margin-bottom: 6px; width: 100px;\"><\/div>\n<div style=\"background-color: #f4f4f4; border-radius: 4px; flex-grow: 0; height: 14px; width: 60px;\"><\/div>\n<\/div>\n<\/div>\n<div style=\"padding: 19% 0;\"><\/div>\n<div style=\"display: block; height: 50px; margin: 0 auto 12px; width: 50px;\"><\/div>\n<div style=\"padding-top: 8px;\">\n<div style=\"color: #3897f0; font-family: Arial,sans-serif; font-size: 14px; font-style: normal; font-weight: 550; line-height: 18px;\">Voir cette publication sur Instagram<\/div>\n<\/div>\n<div style=\"padding: 12.5% 0;\"><\/div>\n<div style=\"display: flex; flex-direction: row; margin-bottom: 14px; align-items: center;\">\n<div>\n<div style=\"background-color: #f4f4f4; border-radius: 50%; height: 12.5px; width: 12.5px; transform: translateX(0px) translateY(7px);\"><\/div>\n<div style=\"background-color: #f4f4f4; height: 12.5px; transform: rotate(-45deg) translateX(3px) translateY(1px); width: 12.5px; flex-grow: 0; margin-right: 14px; margin-left: 2px;\"><\/div>\n<div style=\"background-color: #f4f4f4; border-radius: 50%; height: 12.5px; width: 12.5px; transform: translateX(9px) translateY(-18px);\"><\/div>\n<\/div>\n<div style=\"margin-left: 8px;\">\n<div style=\"background-color: #f4f4f4; border-radius: 50%; flex-grow: 0; height: 20px; width: 20px;\"><\/div>\n<div style=\"width: 0; height: 0; border-top: 2px solid transparent; border-left: 6px solid #f4f4f4; border-bottom: 2px solid transparent; transform: translateX(16px) translateY(-4px) rotate(30deg);\"><\/div>\n<\/div>\n<div style=\"margin-left: auto;\">\n<div style=\"width: 0px; border-top: 8px solid #F4F4F4; border-right: 8px solid transparent; transform: translateY(16px);\"><\/div>\n<div style=\"background-color: #f4f4f4; flex-grow: 0; height: 12px; width: 16px; transform: translateY(-4px);\"><\/div>\n<div style=\"width: 0; height: 0; border-top: 8px solid #F4F4F4; border-left: 8px solid transparent; transform: translateY(-4px) translateX(8px);\"><\/div>\n<\/div>\n<\/div>\n<div style=\"display: flex; flex-direction: column; flex-grow: 1; justify-content: center; margin-bottom: 24px;\">\n<div style=\"background-color: #f4f4f4; border-radius: 4px; flex-grow: 0; height: 14px; margin-bottom: 6px; width: 224px;\"><\/div>\n<div style=\"background-color: #f4f4f4; border-radius: 4px; flex-grow: 0; height: 14px; width: 144px;\"><\/div>\n<\/div>\n<p>&nbsp;<\/p>\n<p style=\"color: #c9c8cd; font-family: Arial,sans-serif; font-size: 14px; line-height: 17px; margin-bottom: 0; margin-top: 8px; overflow: hidden; padding: 8px 0 7px; text-align: center; text-overflow: ellipsis; white-space: nowrap;\"><a style=\"color: #c9c8cd; font-family: Arial,sans-serif; font-size: 14px; font-style: normal; font-weight: normal; line-height: 17px; text-decoration: none;\" href=\"https:\/\/www.instagram.com\/p\/C6Nf7Y3IPcP\/?utm_source=ig_embed&amp;utm_campaign=loading\" target=\"_blank\" rel=\"noopener\">Une publication partag\u00e9e par Twisht &#8211; Travel | Wish | List (@twishtexperiences)<\/a><\/p>\n<\/div>\n<\/blockquote>\n<p><script async src=\"\/\/www.instagram.com\/embed.js\"><\/script><\/p>\n<h3>Binibeca, la perle blanche de Minorque<\/h3>\n<p>Changement d\u2019\u00eele, direction <a href=\"https:\/\/discover.ulysse.com\/plus-belles-adresses-minorque-sejour-baleares\">Minorque<\/a> et son petit tr\u00e9sor : Binibeca. Ce village de p\u00eacheurs, tout de blanc v\u00eatu, semble avoir \u00e9t\u00e9 dessin\u00e9 par un artiste. Les maisons aux formes arrondies, les ruelles \u00e9troites et les passages vo\u00fbt\u00e9s forment un v\u00e9ritable labyrinthe architectural, con\u00e7u pour se prot\u00e9ger des vents marins et du soleil br\u00fblant.<\/p>\n<p>Le charme de Binibeca r\u00e9side dans son authenticit\u00e9 et sa simplicit\u00e9. Ici, point de grands h\u00f4tels ni de restaurants tape-\u00e0-l\u2019\u0153il, mais une ambiance paisible o\u00f9 les visiteurs viennent savourer un instant hors du temps. Le petit port, avec ses barques color\u00e9es amarr\u00e9es aux quais, est un lieu id\u00e9al pour une balade en fin de journ\u00e9e, lorsque le soleil d\u00e9cline et que les fa\u00e7ades immacul\u00e9es se teintent de nuances dor\u00e9es.<\/p>\n<p>Les alentours de Binibeca ne sont pas en reste : les plages de sable fin comme Binibeca Nou sont de v\u00e9ritables cartes postales. L\u2019eau y est si claire que l\u2019on aper\u00e7oit les poissons nager entre les rochers, offrant un spectacle fascinant aux amateurs de snorkeling. La gastronomie locale ajoute \u00e0 la magie du lieu, avec des sp\u00e9cialit\u00e9s comme la caldereta de langosta, un rago\u00fbt de langouste dont la saveur \u00e9voque les traditions maritimes de l\u2019\u00eele.<\/p>\n<blockquote class=\"instagram-media\" style=\"background: #FFF; border: 0; border-radius: 3px; box-shadow: 0 0 1px 0 rgba(0,0,0,0.5),0 1px 10px 0 rgba(0,0,0,0.15); margin: 1px; max-width: 540px; min-width: 326px; padding: 0; width: calc(100% - 2px);\" data-instgrm-permalink=\"https:\/\/www.instagram.com\/p\/C_jcCt0O6-0\/?utm_source=ig_embed&amp;utm_campaign=loading\" data-instgrm-version=\"14\">\n<div style=\"padding: 16px;\">\n<p>&nbsp;<\/p>\n<div style=\"display: flex; flex-direction: row; align-items: center;\">\n<div style=\"background-color: #f4f4f4; border-radius: 50%; flex-grow: 0; height: 40px; margin-right: 14px; width: 40px;\"><\/div>\n<div style=\"display: flex; flex-direction: column; flex-grow: 1; justify-content: center;\">\n<div style=\"background-color: #f4f4f4; border-radius: 4px; flex-grow: 0; height: 14px; margin-bottom: 6px; width: 100px;\"><\/div>\n<div style=\"background-color: #f4f4f4; border-radius: 4px; flex-grow: 0; height: 14px; width: 60px;\"><\/div>\n<\/div>\n<\/div>\n<div style=\"padding: 19% 0;\"><\/div>\n<div style=\"display: block; height: 50px; margin: 0 auto 12px; width: 50px;\"><\/div>\n<div style=\"padding-top: 8px;\">\n<div style=\"color: #3897f0; font-family: Arial,sans-serif; font-size: 14px; font-style: normal; font-weight: 550; line-height: 18px;\">\u5728 Instagram \u67e5\u770b\u8fd9\u7bc7\u5e16\u5b50<\/div>\n<\/div>\n<div style=\"padding: 12.5% 0;\"><\/div>\n<div style=\"display: flex; flex-direction: row; margin-bottom: 14px; align-items: center;\">\n<div>\n<div style=\"background-color: #f4f4f4; border-radius: 50%; height: 12.5px; width: 12.5px; transform: translateX(0px) translateY(7px);\"><\/div>\n<div style=\"background-color: #f4f4f4; height: 12.5px; transform: rotate(-45deg) translateX(3px) translateY(1px); width: 12.5px; flex-grow: 0; margin-right: 14px; margin-left: 2px;\"><\/div>\n<div style=\"background-color: #f4f4f4; border-radius: 50%; height: 12.5px; width: 12.5px; transform: translateX(9px) translateY(-18px);\"><\/div>\n<\/div>\n<div style=\"margin-left: 8px;\">\n<div style=\"background-color: #f4f4f4; border-radius: 50%; flex-grow: 0; height: 20px; width: 20px;\"><\/div>\n<div style=\"width: 0; height: 0; border-top: 2px solid transparent; border-left: 6px solid #f4f4f4; border-bottom: 2px solid transparent; transform: translateX(16px) translateY(-4px) rotate(30deg);\"><\/div>\n<\/div>\n<div style=\"margin-left: auto;\">\n<div style=\"width: 0px; border-top: 8px solid #F4F4F4; border-right: 8px solid transparent; transform: translateY(16px);\"><\/div>\n<div style=\"background-color: #f4f4f4; flex-grow: 0; height: 12px; width: 16px; transform: translateY(-4px);\"><\/div>\n<div style=\"width: 0; height: 0; border-top: 8px solid #F4F4F4; border-left: 8px solid transparent; transform: translateY(-4px) translateX(8px);\"><\/div>\n<\/div>\n<\/div>\n<div style=\"display: flex; flex-direction: column; flex-grow: 1; justify-content: center; margin-bottom: 24px;\">\n<div style=\"background-color: #f4f4f4; border-radius: 4px; flex-grow: 0; height: 14px; margin-bottom: 6px; width: 224px;\"><\/div>\n<div style=\"background-color: #f4f4f4; border-radius: 4px; flex-grow: 0; height: 14px; width: 144px;\"><\/div>\n<\/div>\n<p>&nbsp;<\/p>\n<p style=\"color: #c9c8cd; font-family: Arial,sans-serif; font-size: 14px; line-height: 17px; margin-bottom: 0; margin-top: 8px; overflow: hidden; padding: 8px 0 7px; text-align: center; text-overflow: ellipsis; white-space: nowrap;\"><a style=\"color: #c9c8cd; font-family: Arial,sans-serif; font-size: 14px; font-style: normal; font-weight: normal; line-height: 17px; text-decoration: none;\" href=\"https:\/\/www.instagram.com\/p\/C_jcCt0O6-0\/?utm_source=ig_embed&amp;utm_campaign=loading\" target=\"_blank\" rel=\"noopener\">Extra Extra Voyage (@extraextravoyage) \u5206\u4eab\u7684\u5e16\u5b50<\/a><\/p>\n<\/div>\n<\/blockquote>\n<p><script async src=\"\/\/www.instagram.com\/embed.js\"><\/script><\/p>\n<h2>Comment rejoindre ces joyaux des Bal\u00e9ares ?<\/h2>\n<p>Les Bal\u00e9ares sont facilement accessibles depuis la France. Les a\u00e9roports de Palma de Majorque, Mahon et Ibiza proposent de nombreux vols directs depuis Paris, Lyon, Marseille ou encore Toulouse. Le trajet dure en moyenne 1h30, ce qui permet une escapade rapide vers ces \u00eeles m\u00e9diterran\u00e9ennes.<\/p>\n<p>Pour les amateurs de voyage plus lent, il est possible de rejoindre Barcelone en train \u00e0 grande vitesse depuis Paris, Lyon ou Marseille en environ 6 \u00e0 7 heures. De l\u00e0, des ferries r\u00e9guliers prennent le relais et assurent la travers\u00e9e vers les Bal\u00e9ares en 7 \u00e0 9 heures selon la destination. Une belle occasion de profiter du voyage comme une aventure en soi, en admirant la M\u00e9diterran\u00e9e s\u2019\u00e9tendre \u00e0 perte de vue avant d\u2019accoster sur ces \u00eeles envo\u00fbtantes.<\/p>\n<p>Au-del\u00e0 des plages et des f\u00eates, les Bal\u00e9ares rec\u00e8lent une richesse insoup\u00e7onn\u00e9e. Ces villages o\u00f9 l\u2019histoire se m\u00eale \u00e0 la beaut\u00e9 brute de la nature sont une invitation \u00e0 ralentir, \u00e0 s\u2019impr\u00e9gner d\u2019une atmosph\u00e8re unique et \u00e0 d\u00e9couvrir un art de vivre m\u00e9diterran\u00e9en qui s\u00e9duit instantan\u00e9ment. Encore faut-il \u00eatre pr\u00eat \u00e0 se laisser surprendre&#8230;<\/p>\n","protected":false},"excerpt":{"rendered":"<p>Au large des c\u00f4tes espagnoles, les Bal\u00e9ares se dessinent comme un archipel enchanteur o\u00f9 se m\u00ealent plages dor\u00e9es, eaux cristallines [&hellip;]<\/p>\n","protected":false},"author":4,"featured_media":26388,"comment_status":"open","ping_status":"closed","sticky":false,"template":"","format":"standard","meta":{"_acf_changed":false,"_sitemap_exclude":false,"_sitemap_priority":"","_sitemap_frequency":"","footnotes":"","rank_math_title":"","rank_math_description":"Les Bal\u00e9ares regorgent de villages au charme fou, pr\u00eats \u00e0 d\u00e9voiler leurs secrets\u2026 Oserez-vous vous perdre dans leurs ruelles envo\u00fbtantes ?","rank_math_canonical_url":"","rank_math_focus_keyword":"plage"},"categories":[3],"tags":[],"class_list":["post-26386","post","type-post","status-publish","format-standard","has-post-thumbnail","hentry","category-voyage"],"acf":[],"_links":{"self":[{"href":"https:\/\/ulysse.com\/news\/wp-json\/wp\/v2\/posts\/26386","targetHints":{"allow":["GET"]}}],"collection":[{"href":"https:\/\/ulysse.com\/news\/wp-json\/wp\/v2\/posts"}],"about":[{"href":"https:\/\/ulysse.com\/news\/wp-json\/wp\/v2\/types\/post"}],"author":[{"embeddable":true,"href":"https:\/\/ulysse.com\/news\/wp-json\/wp\/v2\/users\/4"}],"replies":[{"embeddable":true,"href":"https:\/\/ulysse.com\/news\/wp-json\/wp\/v2\/comments?post=26386"}],"version-history":[{"count":1,"href":"https:\/\/ulysse.com\/news\/wp-json\/wp\/v2\/posts\/26386\/revisions"}],"predecessor-version":[{"id":26389,"href":"https:\/\/ulysse.com\/news\/wp-json\/wp\/v2\/posts\/26386\/revisions\/26389"}],"wp:featuredmedia":[{"embeddable":true,"href":"https:\/\/ulysse.com\/news\/wp-json\/wp\/v2\/media\/26388"}],"wp:attachment":[{"href":"https:\/\/ulysse.com\/news\/wp-json\/wp\/v2\/media?parent=26386"}],"wp:term":[{"taxonomy":"category","embeddable":true,"href":"https:\/\/ulysse.com\/news\/wp-json\/wp\/v2\/categories?post=26386"},{"taxonomy":"post_tag","embeddable":true,"href":"https:\/\/ulysse.com\/news\/wp-json\/wp\/v2\/tags?post=26386"}],"curies":[{"name":"wp","href":"https:\/\/api.w.org\/{rel}","templated":true}]}}