{"id":26467,"date":"2025-03-09T09:00:26","date_gmt":"2025-03-09T08:00:26","guid":{"rendered":"https:\/\/discover.ulysse.com\/?p=26467"},"modified":"2025-03-08T21:32:37","modified_gmt":"2025-03-08T20:32:37","slug":"maroc-instaurer-visa-obligatoire-europeens","status":"publish","type":"post","link":"https:\/\/ulysse.com\/news\/maroc-instaurer-visa-obligatoire-europeens","title":{"rendered":"Le Maroc sur le point d\u2019instaurer un visa obligatoire pour les Europ\u00e9ens"},"content":{"rendered":"<p data-pm-slice=\"1 1 []\">Une proposition r\u00e9cente \u00e9manant du parlement marocain pourrait changer les conditions d&#8217;entr\u00e9e des Europ\u00e9ens, y compris des Fran\u00e7ais, sur le territoire marocain. Actuellement, les citoyens de l&#8217;Union europ\u00e9enne b\u00e9n\u00e9ficient d\u2019une exemption de visa pour des s\u00e9jours de courte dur\u00e9e, mais cette situation pourrait \u00e9voluer prochainement. Si cette mesure venait \u00e0 \u00eatre adopt\u00e9e, elle pourrait avoir un impact majeur sur les voyageurs et les relations entre le Maroc et l\u2019Europe. Toutefois, aucune annonce officielle du gouvernement marocain n\u2019a encore \u00e9t\u00e9 faite, laissant planer le doute sur sa mise en application.<\/p>\n<h2>Une annonce r\u00e9cente qui fait d\u00e9bat<\/h2>\n<p>Le 5 mars 2025, des parlementaires marocains ont propos\u00e9 d\u2019instaurer un <strong>visa obligatoire pour les citoyens europ\u00e9ens<\/strong> souhaitant se rendre au Maroc. Cette initiative s\u2019inscrit dans une logique de r\u00e9ciprocit\u00e9 face aux restrictions impos\u00e9es aux Marocains d\u00e9sireux de voyager en Europe. Actuellement, ces derniers doivent obtenir un <a href=\"https:\/\/discover.ulysse.com\/ce-coin-deurope-ou-vous-pouvez-vivre-sans-visa-mais-a-quel-prix\">visa Schengen<\/a>, une proc\u00e9dure jug\u00e9e longue, co\u00fbteuse et souvent incertaine. En 2023, plus de <strong>136 000 demandes de visas Schengen d\u00e9pos\u00e9es par des Marocains ont \u00e9t\u00e9 refus\u00e9es<\/strong>, ce qui a suscit\u00e9 de vives critiques et aliment\u00e9 les discussions autour de cette riposte diplomatique.<\/p>\n<p>Si cette proposition venait \u00e0 se concr\u00e9tiser, elle marquerait un tournant dans les relations entre le Maroc et l\u2019Union europ\u00e9enne, avec des cons\u00e9quences potentielles sur le tourisme et les \u00e9changes \u00e9conomiques. Toutefois, le gouvernement marocain n\u2019a pas encore statu\u00e9 sur cette question, et la mesure reste pour l\u2019instant au stade de la discussion.<\/p>\n<h2>Un impact potentiel sur le tourisme et l&#8217;\u00e9conomie<\/h2>\n<p>Le <a href=\"https:\/\/discover.ulysse.com\/milliers-retraites-francais-saison-froide-maroc\">Maroc<\/a> est une destination privil\u00e9gi\u00e9e pour les touristes europ\u00e9ens, notamment fran\u00e7ais et espagnols, qui repr\u00e9sentent une part significative du secteur touristique du pays. L\u2019introduction d\u2019un visa pourrait freiner ces flux touristiques et impacter n\u00e9gativement l\u2019\u00e9conomie marocaine, fortement d\u00e9pendante de cette industrie.<\/p>\n<p>D\u2019un point de vue diplomatique, cette mesure pourrait \u00e9galement compliquer les relations avec l\u2019Union europ\u00e9enne, notamment avec la France et <a href=\"https:\/\/discover.ulysse.com\/destinations-qui-seduisent-les-seniors-en-2025\">l\u2019Espagne<\/a>, partenaires historiques du Maroc. Cependant, certains parlementaires estiment que cette initiative est n\u00e9cessaire pour r\u00e9tablir un \u00e9quilibre et inciter les autorit\u00e9s europ\u00e9ennes \u00e0 revoir leur politique de d\u00e9livrance des visas aux Marocains.<\/p>\n<h2>Une d\u00e9cision encore en suspens<\/h2>\n<p>Pour l\u2019instant, <strong>aucune confirmation officielle n\u2019a \u00e9t\u00e9 donn\u00e9e<\/strong> par le minist\u00e8re des Affaires \u00e9trang\u00e8res marocain. Il reste \u00e0 voir si cette proposition sera adopt\u00e9e, et sous quelle forme elle pourrait \u00eatre mise en \u0153uvre. Si elle venait \u00e0 \u00eatre appliqu\u00e9e, des n\u00e9gociations avec l\u2019Union europ\u00e9enne pourraient \u00eatre engag\u00e9es pour att\u00e9nuer les cons\u00e9quences de cette nouvelle r\u00e9glementation.<\/p>\n<p>En attendant, les voyageurs europ\u00e9ens pr\u00e9voyant un s\u00e9jour au Maroc doivent rester attentifs aux annonces officielles afin d\u2019anticiper d\u2019\u00e9ventuels changements dans les conditions d\u2019entr\u00e9e dans le royaume.<\/p>\n<p>&nbsp;<\/p>\n","protected":false},"excerpt":{"rendered":"<p>Une proposition r\u00e9cente \u00e9manant du parlement marocain pourrait changer les conditions d&#8217;entr\u00e9e des Europ\u00e9ens, y compris des Fran\u00e7ais, sur le [&hellip;]<\/p>\n","protected":false},"author":4,"featured_media":26468,"comment_status":"open","ping_status":"closed","sticky":false,"template":"","format":"standard","meta":{"_acf_changed":false,"_sitemap_exclude":false,"_sitemap_priority":"","_sitemap_frequency":"","footnotes":"","rank_math_title":"","rank_math_description":"","rank_math_canonical_url":"","rank_math_focus_keyword":"maroc"},"categories":[3],"tags":[],"class_list":["post-26467","post","type-post","status-publish","format-standard","has-post-thumbnail","hentry","category-voyage"],"acf":[],"_links":{"self":[{"href":"https:\/\/ulysse.com\/news\/wp-json\/wp\/v2\/posts\/26467","targetHints":{"allow":["GET"]}}],"collection":[{"href":"https:\/\/ulysse.com\/news\/wp-json\/wp\/v2\/posts"}],"about":[{"href":"https:\/\/ulysse.com\/news\/wp-json\/wp\/v2\/types\/post"}],"author":[{"embeddable":true,"href":"https:\/\/ulysse.com\/news\/wp-json\/wp\/v2\/users\/4"}],"replies":[{"embeddable":true,"href":"https:\/\/ulysse.com\/news\/wp-json\/wp\/v2\/comments?post=26467"}],"version-history":[{"count":1,"href":"https:\/\/ulysse.com\/news\/wp-json\/wp\/v2\/posts\/26467\/revisions"}],"predecessor-version":[{"id":26469,"href":"https:\/\/ulysse.com\/news\/wp-json\/wp\/v2\/posts\/26467\/revisions\/26469"}],"wp:featuredmedia":[{"embeddable":true,"href":"https:\/\/ulysse.com\/news\/wp-json\/wp\/v2\/media\/26468"}],"wp:attachment":[{"href":"https:\/\/ulysse.com\/news\/wp-json\/wp\/v2\/media?parent=26467"}],"wp:term":[{"taxonomy":"category","embeddable":true,"href":"https:\/\/ulysse.com\/news\/wp-json\/wp\/v2\/categories?post=26467"},{"taxonomy":"post_tag","embeddable":true,"href":"https:\/\/ulysse.com\/news\/wp-json\/wp\/v2\/tags?post=26467"}],"curies":[{"name":"wp","href":"https:\/\/api.w.org\/{rel}","templated":true}]}}