{"id":26470,"date":"2025-03-09T13:00:03","date_gmt":"2025-03-09T12:00:03","guid":{"rendered":"https:\/\/discover.ulysse.com\/?p=26470"},"modified":"2025-03-08T21:40:51","modified_gmt":"2025-03-08T20:40:51","slug":"cette-commune-a-ete-elue-pire-ville-ou-vivre-en-france-en-2025","status":"publish","type":"post","link":"https:\/\/ulysse.com\/news\/cette-commune-a-ete-elue-pire-ville-ou-vivre-en-france-en-2025","title":{"rendered":"Cette commune a \u00e9t\u00e9 \u00e9lue pire ville o\u00f9 vivre en France en 2025"},"content":{"rendered":"<p data-pm-slice=\"1 1 []\">En 2025, Valjouffrey, une petite commune situ\u00e9e en Is\u00e8re, a \u00e9t\u00e9 d\u00e9sign\u00e9e comme la \u00ab\u00a0pire ville o\u00f9 vivre en France\u00a0\u00bb selon un classement \u00e9valuant plus de 34 000 communes fran\u00e7aises. Ce palmar\u00e8s, bas\u00e9 sur divers crit\u00e8res tels que l&#8217;acc\u00e8s aux services, la s\u00e9curit\u00e9, les transports, les infrastructures m\u00e9dicales et \u00e9ducatives, a plac\u00e9 ce village en derni\u00e8re position.<\/p>\n<p>Mais cette d\u00e9signation est-elle r\u00e9ellement justifi\u00e9e ? Si Valjouffrey souffre d\u2019un isolement g\u00e9ographique certain et d\u2019une faible densit\u00e9 de population \u2013 avec seulement une soixantaine d&#8217;habitants \u2013 elle demeure n\u00e9anmoins un v\u00e9ritable havre de paix pour les amoureux de la nature et de la randonn\u00e9e.<\/p>\n<h2>Un cadre de vie difficile mais une nature pr\u00e9serv\u00e9e<\/h2>\n<p>Il est vrai que Valjouffrey pr\u00e9sente des inconv\u00e9nients pour les personnes en qu\u00eate de commodit\u00e9s modernes. L&#8217;absence de commerces de proximit\u00e9, d\u2019infrastructures m\u00e9dicales et d\u2019\u00e9coles en fait un lieu de vie peu adapt\u00e9 \u00e0 ceux qui d\u00e9pendent fortement de ces services. L\u2019\u00e9loignement des grandes villes et l\u2019acc\u00e8s limit\u00e9 aux transports en commun renforcent cette impression d\u2019isolement, rendant le quotidien parfois compliqu\u00e9, notamment en hiver lorsque les routes peuvent \u00eatre difficilement praticables.<\/p>\n<p>Cependant, ce qui est per\u00e7u comme un d\u00e9faut pour certains peut \u00eatre un atout pour d&#8217;autres. Situ\u00e9e au c\u0153ur du <strong>massif des \u00c9crins<\/strong>, Valjouffrey offre un cadre naturel exceptionnel et pr\u00e9serv\u00e9, id\u00e9al pour ceux qui recherchent le calme et la beaut\u00e9 des paysages alpins. Les <a href=\"https:\/\/discover.ulysse.com\/un-nouveau-sentier-de-randonnee-pour-admirer-les-pyrenees-sous-un-angle-inedit\">amateurs de randonn\u00e9e<\/a>, de ski de randonn\u00e9e et de nature sauvage y trouvent un v\u00e9ritable paradis, loin de l&#8217;agitation urbaine.<\/p>\n<h2>Un classement qui ne fait pas l\u2019unanimit\u00e9<\/h2>\n<p>Si ce classement met en avant les difficult\u00e9s d\u2019acc\u00e8s et le manque de services de la commune, il ne prend pas en compte la qualit\u00e9 de vie selon d\u2019autres crit\u00e8res plus subjectifs. Les habitants et certains visiteurs consid\u00e8rent Valjouffrey comme un joyau pr\u00e9serv\u00e9, o\u00f9 la tranquillit\u00e9 et la proximit\u00e9 avec la nature priment sur le confort mat\u00e9riel. Beaucoup remettent donc en question la pertinence de ce type de classement, qui semble avant tout calibr\u00e9 pour les besoins des citadins plut\u00f4t que pour ceux qui recherchent un mode de vie plus simple et authentique.<\/p>\n<p>En somme, si Valjouffrey peut \u00eatre consid\u00e9r\u00e9e comme <strong>\u00ab la pire ville o\u00f9 vivre \u00bb<\/strong> selon certains crit\u00e8res objectifs, elle reste une destination pris\u00e9e pour ceux qui aspirent \u00e0 une vie en pleine nature, loin du tumulte des grandes m\u00e9tropoles. Une r\u00e9alit\u00e9 qui montre bien que le bonheur ne se mesure pas uniquement \u00e0 l\u2019accessibilit\u00e9 des supermarch\u00e9s ou des infrastructures modernes, mais aussi \u00e0 la qualit\u00e9 de l\u2019environnement et au bien-\u00eatre qu\u2019il procure.<\/p>\n","protected":false},"excerpt":{"rendered":"<p>En 2025, Valjouffrey, une petite commune situ\u00e9e en Is\u00e8re, a \u00e9t\u00e9 d\u00e9sign\u00e9e comme la \u00ab\u00a0pire ville o\u00f9 vivre en France\u00a0\u00bb [&hellip;]<\/p>\n","protected":false},"author":4,"featured_media":26471,"comment_status":"open","ping_status":"closed","sticky":false,"template":"","format":"standard","meta":{"_acf_changed":false,"_sitemap_exclude":false,"_sitemap_priority":"","_sitemap_frequency":"","footnotes":"","rank_math_title":"","rank_math_description":"","rank_math_canonical_url":"","rank_math_focus_keyword":"commune"},"categories":[3],"tags":[],"class_list":["post-26470","post","type-post","status-publish","format-standard","has-post-thumbnail","hentry","category-voyage"],"acf":[],"_links":{"self":[{"href":"https:\/\/ulysse.com\/news\/wp-json\/wp\/v2\/posts\/26470","targetHints":{"allow":["GET"]}}],"collection":[{"href":"https:\/\/ulysse.com\/news\/wp-json\/wp\/v2\/posts"}],"about":[{"href":"https:\/\/ulysse.com\/news\/wp-json\/wp\/v2\/types\/post"}],"author":[{"embeddable":true,"href":"https:\/\/ulysse.com\/news\/wp-json\/wp\/v2\/users\/4"}],"replies":[{"embeddable":true,"href":"https:\/\/ulysse.com\/news\/wp-json\/wp\/v2\/comments?post=26470"}],"version-history":[{"count":1,"href":"https:\/\/ulysse.com\/news\/wp-json\/wp\/v2\/posts\/26470\/revisions"}],"predecessor-version":[{"id":26472,"href":"https:\/\/ulysse.com\/news\/wp-json\/wp\/v2\/posts\/26470\/revisions\/26472"}],"wp:featuredmedia":[{"embeddable":true,"href":"https:\/\/ulysse.com\/news\/wp-json\/wp\/v2\/media\/26471"}],"wp:attachment":[{"href":"https:\/\/ulysse.com\/news\/wp-json\/wp\/v2\/media?parent=26470"}],"wp:term":[{"taxonomy":"category","embeddable":true,"href":"https:\/\/ulysse.com\/news\/wp-json\/wp\/v2\/categories?post=26470"},{"taxonomy":"post_tag","embeddable":true,"href":"https:\/\/ulysse.com\/news\/wp-json\/wp\/v2\/tags?post=26470"}],"curies":[{"name":"wp","href":"https:\/\/api.w.org\/{rel}","templated":true}]}}