{"id":26588,"date":"2025-03-13T14:00:17","date_gmt":"2025-03-13T13:00:17","guid":{"rendered":"https:\/\/discover.ulysse.com\/?p=26588"},"modified":"2025-03-12T22:01:27","modified_gmt":"2025-03-12T21:01:27","slug":"village-perle-cachee-pays-basque","status":"publish","type":"post","link":"https:\/\/ulysse.com\/news\/village-perle-cachee-pays-basque","title":{"rendered":"Entre oc\u00e9an et montagnes, ce village est la perle cach\u00e9e du Pays Basque"},"content":{"rendered":"<article class=\"w-full text-token-text-primary focus-visible:outline-2 focus-visible:outline-offset-[-4px]\" dir=\"auto\" data-testid=\"conversation-turn-37\" data-scroll-anchor=\"true\">\n<div class=\"text-base my-auto mx-auto py-[18px] px-6\">\n<div class=\"mx-auto flex flex-1 text-base gap-4 md:gap-5 lg:gap-6 md:max-w-3xl lg:max-w-[40rem] xl:max-w-[48rem]\">\n<div class=\"group\/conversation-turn relative flex w-full min-w-0 flex-col agent-turn @xs\/thread:px-0 @sm\/thread:px-1.5 @md\/thread:px-4\">\n<div class=\"flex-col gap-1 md:gap-3\">\n<div class=\"flex max-w-full flex-col flex-grow\">\n<div class=\"min-h-8 text-message relative flex w-full flex-col items-end gap-2 whitespace-normal break-words text-start [.text-message+&amp;]:mt-5\" dir=\"auto\" data-message-author-role=\"assistant\" data-message-id=\"e34771c2-0d0d-4cf9-90f5-46cc8c68ae35\" data-message-model-slug=\"gpt-4o-mini\">\n<div class=\"flex w-full flex-col gap-1 empty:hidden first:pt-[3px]\">\n<div class=\"markdown prose w-full break-words dark:prose-invert dark\">\n<p data-start=\"65\" data-end=\"722\">Biriatou, un petit village du Pays Basque, est un v\u00e9ritable secret bien gard\u00e9. Cach\u00e9 entre l\u2019oc\u00e9an Atlantique et les montagnes basques, ce coin de paradis offre \u00e0 la fois une nature \u00e9poustouflante, une histoire fascinante et un charme qui ne demande qu&#8217;\u00e0 \u00eatre d\u00e9couvert. Moins touristique que ses voisins comme Saint-Jean-de-Luz ou Hendaye, Biriatou vous garantit une escapade tranquille o\u00f9 l\u2019authenticit\u00e9 et la beaut\u00e9 des paysages sont au rendez-vous. Entre rues pittoresques, maisons basques et une atmosph\u00e8re calme, ce village est l\u2019endroit r\u00eav\u00e9 pour se ressourcer. Mais, comment y aller et que faire \u00e0 Biriatou ? Accrochez-vous, l\u2019aventure commence ici.<\/p>\n<h2 data-start=\"724\" data-end=\"777\">Biriatou, un village au c\u0153ur de l&#8217;histoire basque<\/h2>\n<p data-start=\"779\" data-end=\"1186\">Ce n&#8217;est pas juste un joli village dans le <a href=\"https:\/\/discover.ulysse.com\/pays-basque-gorges-naturelles-damazonie\">Pays Basque<\/a>, Biriatou est aussi un endroit charg\u00e9 d\u2019histoire. Nich\u00e9 dans la r\u00e9gion du Labourd, il fait partie de la province basque qui regroupe certains des plus beaux villages du Pays Basque. Le village a su pr\u00e9server son patrimoine architectural et culturel, notamment gr\u00e2ce \u00e0 ses \u00e9glises, chapelles et maisons traditionnelles qui remontent \u00e0 plusieurs si\u00e8cles.<\/p>\n<p data-start=\"1188\" data-end=\"1617\">Pendant les guerres de la R\u00e9volution et de l\u2019Empire, Biriatou a jou\u00e9 un r\u00f4le strat\u00e9gique en raison de sa position g\u00e9ographique proche de la fronti\u00e8re espagnole. Durant la guerre de Trente Ans, la commune a \u00e9t\u00e9 occup\u00e9e par les troupes espagnoles, ce qui a profond\u00e9ment marqu\u00e9 la r\u00e9gion. Plus r\u00e9cemment, en 1813, elle fut un des points de r\u00e9sistance de l\u2019arm\u00e9e fran\u00e7aise face aux troupes alli\u00e9es pendant les guerres napol\u00e9oniennes.<\/p>\n<p data-start=\"1619\" data-end=\"2112\">Un autre aspect fascinant de l\u2019histoire de ce village est la mine de fer qui fut exploit\u00e9e \u00e0 partir du XVIIe si\u00e8cle. C\u2019est \u00e0 cette \u00e9poque que le c\u00e9l\u00e8bre scientifique R\u00e9aumur mentionna la qualit\u00e9 exceptionnelle du fer de Biriatou. Bien que l\u2019exploitation ait cess\u00e9 depuis, ce pan du pass\u00e9 t\u00e9moigne de l\u2019importance industrielle que ce petit village a pu avoir \u00e0 une \u00e9poque. Un arr\u00eat \u00e0 la redoute Louis XIV et dans les environs vous permet de mieux comprendre ces moments marquants de l\u2019histoire.<\/p>\n<blockquote class=\"instagram-media\" style=\"background: #FFF; border: 0; border-radius: 3px; box-shadow: 0 0 1px 0 rgba(0,0,0,0.5),0 1px 10px 0 rgba(0,0,0,0.15); margin: 1px; max-width: 540px; min-width: 326px; padding: 0; width: calc(100% - 2px);\" data-instgrm-permalink=\"https:\/\/www.instagram.com\/p\/C4kXwFCNk6u\/?utm_source=ig_embed&amp;utm_campaign=loading\" data-instgrm-version=\"14\">\n<div style=\"padding: 16px;\">\n<p>&nbsp;<\/p>\n<div style=\"display: flex; flex-direction: row; align-items: center;\">\n<div style=\"background-color: #f4f4f4; border-radius: 50%; flex-grow: 0; height: 40px; margin-right: 14px; width: 40px;\"><\/div>\n<div style=\"display: flex; flex-direction: column; flex-grow: 1; justify-content: center;\">\n<div style=\"background-color: #f4f4f4; border-radius: 4px; flex-grow: 0; height: 14px; margin-bottom: 6px; width: 100px;\"><\/div>\n<div style=\"background-color: #f4f4f4; border-radius: 4px; flex-grow: 0; height: 14px; width: 60px;\"><\/div>\n<\/div>\n<\/div>\n<div style=\"padding: 19% 0;\"><\/div>\n<div style=\"display: block; height: 50px; margin: 0 auto 12px; width: 50px;\"><\/div>\n<div style=\"padding-top: 8px;\">\n<div style=\"color: #3897f0; font-family: Arial,sans-serif; font-size: 14px; font-style: normal; font-weight: 550; line-height: 18px;\">Voir cette publication sur Instagram<\/div>\n<\/div>\n<div style=\"padding: 12.5% 0;\"><\/div>\n<div style=\"display: flex; flex-direction: row; margin-bottom: 14px; align-items: center;\">\n<div>\n<div style=\"background-color: #f4f4f4; border-radius: 50%; height: 12.5px; width: 12.5px; transform: translateX(0px) translateY(7px);\"><\/div>\n<div style=\"background-color: #f4f4f4; height: 12.5px; transform: rotate(-45deg) translateX(3px) translateY(1px); width: 12.5px; flex-grow: 0; margin-right: 14px; margin-left: 2px;\"><\/div>\n<div style=\"background-color: #f4f4f4; border-radius: 50%; height: 12.5px; width: 12.5px; transform: translateX(9px) translateY(-18px);\"><\/div>\n<\/div>\n<div style=\"margin-left: 8px;\">\n<div style=\"background-color: #f4f4f4; border-radius: 50%; flex-grow: 0; height: 20px; width: 20px;\"><\/div>\n<div style=\"width: 0; height: 0; border-top: 2px solid transparent; border-left: 6px solid #f4f4f4; border-bottom: 2px solid transparent; transform: translateX(16px) translateY(-4px) rotate(30deg);\"><\/div>\n<\/div>\n<div style=\"margin-left: auto;\">\n<div style=\"width: 0px; border-top: 8px solid #F4F4F4; border-right: 8px solid transparent; transform: translateY(16px);\"><\/div>\n<div style=\"background-color: #f4f4f4; flex-grow: 0; height: 12px; width: 16px; transform: translateY(-4px);\"><\/div>\n<div style=\"width: 0; height: 0; border-top: 8px solid #F4F4F4; border-left: 8px solid transparent; transform: translateY(-4px) translateX(8px);\"><\/div>\n<\/div>\n<\/div>\n<div style=\"display: flex; flex-direction: column; flex-grow: 1; justify-content: center; margin-bottom: 24px;\">\n<div style=\"background-color: #f4f4f4; border-radius: 4px; flex-grow: 0; height: 14px; margin-bottom: 6px; width: 224px;\"><\/div>\n<div style=\"background-color: #f4f4f4; border-radius: 4px; flex-grow: 0; height: 14px; width: 144px;\"><\/div>\n<\/div>\n<p>&nbsp;<\/p>\n<p style=\"color: #c9c8cd; font-family: Arial,sans-serif; font-size: 14px; line-height: 17px; margin-bottom: 0; margin-top: 8px; overflow: hidden; padding: 8px 0 7px; text-align: center; text-overflow: ellipsis; white-space: nowrap;\"><a style=\"color: #c9c8cd; font-family: Arial,sans-serif; font-size: 14px; font-style: normal; font-weight: normal; line-height: 17px; text-decoration: none;\" href=\"https:\/\/www.instagram.com\/p\/C4kXwFCNk6u\/?utm_source=ig_embed&amp;utm_campaign=loading\" target=\"_blank\" rel=\"noopener\">Une publication partag\u00e9e par @mirmillon_<\/a><\/p>\n<\/div>\n<\/blockquote>\n<p><script async src=\"\/\/www.instagram.com\/embed.js\"><\/script><\/p>\n<h2 data-start=\"2114\" data-end=\"2171\">Comment se rendre \u00e0 Biriatou ? C&#8217;est facile, promis !<\/h2>\n<p data-start=\"2173\" data-end=\"2580\">Biriatou est situ\u00e9 dans le Pays Basque, mais il est facile d\u2019acc\u00e8s depuis les grandes villes fran\u00e7aises. Si vous partez de Paris, il vous suffit de prendre un TGV en direction de Bayonne (environ 5h30), et ensuite un train local qui vous conduira \u00e0 Biriatou en 30 minutes. Les tarifs des billets de train varient entre <strong>50\u20ac et 90\u20ac<\/strong> en fonction de la p\u00e9riode, un tarif raisonnable pour la beaut\u00e9 de l\u2019escapade.<\/p>\n<p data-start=\"2582\" data-end=\"3022\">Les voyageurs depuis Lyon prendront un TGV direct pour Bayonne (environ 3h30), puis un train local pour rejoindre le village en une petite demi-heure. Quant aux voyageurs venant de Strasbourg, ils devront prendre un TGV vers Paris, puis une correspondance pour Bayonne, pour un trajet total d\u2019environ 7h. Pas de panique, un petit arr\u00eat \u00e0 Bayonne vous permettra d\u2019appr\u00e9cier encore un peu plus l\u2019atmosph\u00e8re basque avant de rejoindre Biriatou.<\/p>\n<p data-start=\"3024\" data-end=\"3186\">Une fois \u00e0 Bayonne, l\u2019acc\u00e8s \u00e0 Biriatou est rapide et simple, avec des trains locaux ou des navettes qui vous am\u00e8neront en moins de 30 minutes \u00e0 votre destination.<\/p>\n<blockquote class=\"instagram-media\" style=\"background: #FFF; border: 0; border-radius: 3px; box-shadow: 0 0 1px 0 rgba(0,0,0,0.5),0 1px 10px 0 rgba(0,0,0,0.15); margin: 1px; max-width: 540px; min-width: 326px; padding: 0; width: calc(100% - 2px);\" data-instgrm-permalink=\"https:\/\/www.instagram.com\/p\/CO5ZvFwFkI7\/?utm_source=ig_embed&amp;utm_campaign=loading\" data-instgrm-version=\"14\">\n<div style=\"padding: 16px;\">\n<p>&nbsp;<\/p>\n<div style=\"display: flex; flex-direction: row; align-items: center;\">\n<div style=\"background-color: #f4f4f4; border-radius: 50%; flex-grow: 0; height: 40px; margin-right: 14px; width: 40px;\"><\/div>\n<div style=\"display: flex; flex-direction: column; flex-grow: 1; justify-content: center;\">\n<div style=\"background-color: #f4f4f4; border-radius: 4px; flex-grow: 0; height: 14px; margin-bottom: 6px; width: 100px;\"><\/div>\n<div style=\"background-color: #f4f4f4; border-radius: 4px; flex-grow: 0; height: 14px; width: 60px;\"><\/div>\n<\/div>\n<\/div>\n<div style=\"padding: 19% 0;\"><\/div>\n<div style=\"display: block; height: 50px; margin: 0 auto 12px; width: 50px;\"><\/div>\n<div style=\"padding-top: 8px;\">\n<div style=\"color: #3897f0; font-family: Arial,sans-serif; font-size: 14px; font-style: normal; font-weight: 550; line-height: 18px;\">Voir cette publication sur Instagram<\/div>\n<\/div>\n<div style=\"padding: 12.5% 0;\"><\/div>\n<div style=\"display: flex; flex-direction: row; margin-bottom: 14px; align-items: center;\">\n<div>\n<div style=\"background-color: #f4f4f4; border-radius: 50%; height: 12.5px; width: 12.5px; transform: translateX(0px) translateY(7px);\"><\/div>\n<div style=\"background-color: #f4f4f4; height: 12.5px; transform: rotate(-45deg) translateX(3px) translateY(1px); width: 12.5px; flex-grow: 0; margin-right: 14px; margin-left: 2px;\"><\/div>\n<div style=\"background-color: #f4f4f4; border-radius: 50%; height: 12.5px; width: 12.5px; transform: translateX(9px) translateY(-18px);\"><\/div>\n<\/div>\n<div style=\"margin-left: 8px;\">\n<div style=\"background-color: #f4f4f4; border-radius: 50%; flex-grow: 0; height: 20px; width: 20px;\"><\/div>\n<div style=\"width: 0; height: 0; border-top: 2px solid transparent; border-left: 6px solid #f4f4f4; border-bottom: 2px solid transparent; transform: translateX(16px) translateY(-4px) rotate(30deg);\"><\/div>\n<\/div>\n<div style=\"margin-left: auto;\">\n<div style=\"width: 0px; border-top: 8px solid #F4F4F4; border-right: 8px solid transparent; transform: translateY(16px);\"><\/div>\n<div style=\"background-color: #f4f4f4; flex-grow: 0; height: 12px; width: 16px; transform: translateY(-4px);\"><\/div>\n<div style=\"width: 0; height: 0; border-top: 8px solid #F4F4F4; border-left: 8px solid transparent; transform: translateY(-4px) translateX(8px);\"><\/div>\n<\/div>\n<\/div>\n<div style=\"display: flex; flex-direction: column; flex-grow: 1; justify-content: center; margin-bottom: 24px;\">\n<div style=\"background-color: #f4f4f4; border-radius: 4px; flex-grow: 0; height: 14px; margin-bottom: 6px; width: 224px;\"><\/div>\n<div style=\"background-color: #f4f4f4; border-radius: 4px; flex-grow: 0; height: 14px; width: 144px;\"><\/div>\n<\/div>\n<p>&nbsp;<\/p>\n<p style=\"color: #c9c8cd; font-family: Arial,sans-serif; font-size: 14px; line-height: 17px; margin-bottom: 0; margin-top: 8px; overflow: hidden; padding: 8px 0 7px; text-align: center; text-overflow: ellipsis; white-space: nowrap;\"><a style=\"color: #c9c8cd; font-family: Arial,sans-serif; font-size: 14px; font-style: normal; font-weight: normal; line-height: 17px; text-decoration: none;\" href=\"https:\/\/www.instagram.com\/p\/CO5ZvFwFkI7\/?utm_source=ig_embed&amp;utm_campaign=loading\" target=\"_blank\" rel=\"noopener\">Une publication partag\u00e9e par Koldo Krespo (@koldokrespo)<\/a><\/p>\n<\/div>\n<\/blockquote>\n<p><script async src=\"\/\/www.instagram.com\/embed.js\"><\/script><\/p>\n<h2 data-start=\"3188\" data-end=\"3264\">Entre mer et montagnes : le combo parfait pour les amoureux de la nature<\/h2>\n<p data-start=\"3266\" data-end=\"4000\">Biriatou b\u00e9n\u00e9ficie d\u2019une position g\u00e9ographique unique entre l\u2019oc\u00e9an Atlantique et la montagne basque, offrant ainsi une vari\u00e9t\u00e9 de paysages \u00e0 couper le souffle. \u00c0 seulement quelques kilom\u00e8tres d\u2019Hendaye, Biriatou vous permet de profiter des plages de sable fin et des activit\u00e9s nautiques en toute tranquillit\u00e9. Le surf est une pratique tr\u00e8s populaire dans cette r\u00e9gion, avec des spots mondialement connus comme la <strong>plage d\u2019Hendaye<\/strong>. Pour ceux qui pr\u00e9f\u00e8rent la montagne, le <strong>massif de la Rhune<\/strong>, situ\u00e9 \u00e0 quelques kilom\u00e8tres, est un incontournable. Vous pouvez y acc\u00e9der en train \u00e0 cr\u00e9maill\u00e8re, ou choisir une randonn\u00e9e pour d\u00e9couvrir la faune et la flore locales tout en admirant une vue imprenable sur la c\u00f4te basque et l\u2019Espagne voisine.<\/p>\n<blockquote class=\"instagram-media\" style=\"background: #FFF; border: 0; border-radius: 3px; box-shadow: 0 0 1px 0 rgba(0,0,0,0.5),0 1px 10px 0 rgba(0,0,0,0.15); margin: 1px; max-width: 540px; min-width: 326px; padding: 0; width: calc(100% - 2px);\" data-instgrm-permalink=\"https:\/\/www.instagram.com\/p\/CO5ZvFwFkI7\/?utm_source=ig_embed&amp;utm_campaign=loading\" data-instgrm-version=\"14\">\n<div style=\"padding: 16px;\">\n<p>&nbsp;<\/p>\n<div style=\"display: flex; flex-direction: row; align-items: center;\">\n<div style=\"background-color: #f4f4f4; border-radius: 50%; flex-grow: 0; height: 40px; margin-right: 14px; width: 40px;\"><\/div>\n<div style=\"display: flex; flex-direction: column; flex-grow: 1; justify-content: center;\">\n<div style=\"background-color: #f4f4f4; border-radius: 4px; flex-grow: 0; height: 14px; margin-bottom: 6px; width: 100px;\"><\/div>\n<div style=\"background-color: #f4f4f4; border-radius: 4px; flex-grow: 0; height: 14px; width: 60px;\"><\/div>\n<\/div>\n<\/div>\n<div style=\"padding: 19% 0;\"><\/div>\n<div style=\"display: block; height: 50px; margin: 0 auto 12px; width: 50px;\"><\/div>\n<div style=\"padding-top: 8px;\">\n<div style=\"color: #3897f0; font-family: Arial,sans-serif; font-size: 14px; font-style: normal; font-weight: 550; line-height: 18px;\">Voir cette publication sur Instagram<\/div>\n<\/div>\n<div style=\"padding: 12.5% 0;\"><\/div>\n<div style=\"display: flex; flex-direction: row; margin-bottom: 14px; align-items: center;\">\n<div>\n<div style=\"background-color: #f4f4f4; border-radius: 50%; height: 12.5px; width: 12.5px; transform: translateX(0px) translateY(7px);\"><\/div>\n<div style=\"background-color: #f4f4f4; height: 12.5px; transform: rotate(-45deg) translateX(3px) translateY(1px); width: 12.5px; flex-grow: 0; margin-right: 14px; margin-left: 2px;\"><\/div>\n<div style=\"background-color: #f4f4f4; border-radius: 50%; height: 12.5px; width: 12.5px; transform: translateX(9px) translateY(-18px);\"><\/div>\n<\/div>\n<div style=\"margin-left: 8px;\">\n<div style=\"background-color: #f4f4f4; border-radius: 50%; flex-grow: 0; height: 20px; width: 20px;\"><\/div>\n<div style=\"width: 0; height: 0; border-top: 2px solid transparent; border-left: 6px solid #f4f4f4; border-bottom: 2px solid transparent; transform: translateX(16px) translateY(-4px) rotate(30deg);\"><\/div>\n<\/div>\n<div style=\"margin-left: auto;\">\n<div style=\"width: 0px; border-top: 8px solid #F4F4F4; border-right: 8px solid transparent; transform: translateY(16px);\"><\/div>\n<div style=\"background-color: #f4f4f4; flex-grow: 0; height: 12px; width: 16px; transform: translateY(-4px);\"><\/div>\n<div style=\"width: 0; height: 0; border-top: 8px solid #F4F4F4; border-left: 8px solid transparent; transform: translateY(-4px) translateX(8px);\"><\/div>\n<\/div>\n<\/div>\n<div style=\"display: flex; flex-direction: column; flex-grow: 1; justify-content: center; margin-bottom: 24px;\">\n<div style=\"background-color: #f4f4f4; border-radius: 4px; flex-grow: 0; height: 14px; margin-bottom: 6px; width: 224px;\"><\/div>\n<div style=\"background-color: #f4f4f4; border-radius: 4px; flex-grow: 0; height: 14px; width: 144px;\"><\/div>\n<\/div>\n<p>&nbsp;<\/p>\n<p style=\"color: #c9c8cd; font-family: Arial,sans-serif; font-size: 14px; line-height: 17px; margin-bottom: 0; margin-top: 8px; overflow: hidden; padding: 8px 0 7px; text-align: center; text-overflow: ellipsis; white-space: nowrap;\"><a style=\"color: #c9c8cd; font-family: Arial,sans-serif; font-size: 14px; font-style: normal; font-weight: normal; line-height: 17px; text-decoration: none;\" href=\"https:\/\/www.instagram.com\/p\/CO5ZvFwFkI7\/?utm_source=ig_embed&amp;utm_campaign=loading\" target=\"_blank\" rel=\"noopener\">Une publication partag\u00e9e par Koldo Krespo (@koldokrespo)<\/a><\/p>\n<\/div>\n<\/blockquote>\n<p><script async src=\"\/\/www.instagram.com\/embed.js\"><\/script><\/p>\n<p data-start=\"4002\" data-end=\"4436\">Si vous \u00eates un <a href=\"https:\/\/discover.ulysse.com\/un-nouveau-sentier-de-randonnee-pour-admirer-les-pyrenees-sous-un-angle-inedit\">passionn\u00e9 de randonn\u00e9e<\/a>, les <strong>sentiers du GR10<\/strong> qui passent par Biriatou vous emm\u00e8neront \u00e0 travers des paysages sauvages et pr\u00e9serv\u00e9s, tout en vous offrant des vues spectaculaires sur la mer et les montagnes. C\u2019est le lieu parfait pour se ressourcer et se reconnecter \u00e0 la nature. Que vous soyez un amateur de sports nautiques ou un randonneur aguerri, Biriatou et ses environs sont un v\u00e9ritable terrain de jeu pour tous.<\/p>\n<\/div>\n<\/div>\n<\/div>\n<\/div>\n<\/div>\n<\/div>\n<\/div>\n<\/div>\n<\/article>\n","protected":false},"excerpt":{"rendered":"<p>Biriatou, un petit village du Pays Basque, est un v\u00e9ritable secret bien gard\u00e9. Cach\u00e9 entre l\u2019oc\u00e9an Atlantique et les montagnes [&hellip;]<\/p>\n","protected":false},"author":4,"featured_media":26711,"comment_status":"open","ping_status":"closed","sticky":false,"template":"","format":"standard","meta":{"_acf_changed":false,"_sitemap_exclude":false,"_sitemap_priority":"","_sitemap_frequency":"","footnotes":"","rank_math_title":"","rank_math_description":"Biriatou, entre mer et montagnes, vous attend pour une aventure au c\u0153ur du Pays Basque.","rank_math_canonical_url":"","rank_math_focus_keyword":"pays basque"},"categories":[3],"tags":[],"class_list":["post-26588","post","type-post","status-publish","format-standard","has-post-thumbnail","hentry","category-voyage"],"acf":[],"_links":{"self":[{"href":"https:\/\/ulysse.com\/news\/wp-json\/wp\/v2\/posts\/26588","targetHints":{"allow":["GET"]}}],"collection":[{"href":"https:\/\/ulysse.com\/news\/wp-json\/wp\/v2\/posts"}],"about":[{"href":"https:\/\/ulysse.com\/news\/wp-json\/wp\/v2\/types\/post"}],"author":[{"embeddable":true,"href":"https:\/\/ulysse.com\/news\/wp-json\/wp\/v2\/users\/4"}],"replies":[{"embeddable":true,"href":"https:\/\/ulysse.com\/news\/wp-json\/wp\/v2\/comments?post=26588"}],"version-history":[{"count":2,"href":"https:\/\/ulysse.com\/news\/wp-json\/wp\/v2\/posts\/26588\/revisions"}],"predecessor-version":[{"id":26712,"href":"https:\/\/ulysse.com\/news\/wp-json\/wp\/v2\/posts\/26588\/revisions\/26712"}],"wp:featuredmedia":[{"embeddable":true,"href":"https:\/\/ulysse.com\/news\/wp-json\/wp\/v2\/media\/26711"}],"wp:attachment":[{"href":"https:\/\/ulysse.com\/news\/wp-json\/wp\/v2\/media?parent=26588"}],"wp:term":[{"taxonomy":"category","embeddable":true,"href":"https:\/\/ulysse.com\/news\/wp-json\/wp\/v2\/categories?post=26588"},{"taxonomy":"post_tag","embeddable":true,"href":"https:\/\/ulysse.com\/news\/wp-json\/wp\/v2\/tags?post=26588"}],"curies":[{"name":"wp","href":"https:\/\/api.w.org\/{rel}","templated":true}]}}