{"id":26676,"date":"2025-03-14T10:45:58","date_gmt":"2025-03-14T09:45:58","guid":{"rendered":"https:\/\/discover.ulysse.com\/?p=26676"},"modified":"2025-03-13T17:48:47","modified_gmt":"2025-03-13T16:48:47","slug":"korean-air-nouveau-logo-identite-repensee","status":"publish","type":"post","link":"https:\/\/ulysse.com\/news\/korean-air-nouveau-logo-identite-repensee","title":{"rendered":"Korean Air fait peau neuve : un nouveau logo et une identit\u00e9 repens\u00e9e"},"content":{"rendered":"<p><strong>Korean Air<\/strong>, la principale compagnie a\u00e9rienne de Cor\u00e9e du Sud, a r\u00e9cemment d\u00e9voil\u00e9 une nouvelle identit\u00e9 visuelle et un logo modernis\u00e9, marquant une \u00e9tape significative dans son histoire. Cette refonte intervient \u00e0 la suite de l&#8217;acquisition d&#8217;Asiana Airlines, consolidant ainsi la position de Korean Air parmi les plus grandes compagnies a\u00e9riennes d&#8217;Asie.<\/p>\n<p><img decoding=\"async\" class=\"alignnone size-medium wp-image-26792\" src=\"https:\/\/discover.ulysse.com\/wp-content\/uploads\/2025\/03\/New-CI-300x58.jpg\" alt=\"\" width=\"300\" height=\"58\" srcset=\"https:\/\/ulysse.com\/news\/wp-content\/uploads\/2025\/03\/New-CI-300x58.jpg 300w, https:\/\/ulysse.com\/news\/wp-content\/uploads\/2025\/03\/New-CI-200x39.jpg 200w, https:\/\/ulysse.com\/news\/wp-content\/uploads\/2025\/03\/New-CI.jpg 325w\" sizes=\"(max-width: 300px) 100vw, 300px\" \/><\/p>\n<h2><strong>Un logo repens\u00e9 pour une \u00e8re moderne et une image premium<\/strong><\/h2>\n<p>Le nouveau logo et cette nouvelle identit\u00e9 visuelle ont \u00e9t\u00e9 r\u00e9v\u00e9l\u00e9 lors d\u2019une soir\u00e9e exceptionnelle baptis\u00e9e \u201c<strong>Rising Night<\/strong>\u201d, organis\u00e9e dans le hangar de son si\u00e8ge \u00e0 S\u00e9oul devant pr\u00e8s de 1000 invit\u00e9s parmi lesquels des employ\u00e9s, des leaders du secteur et des repr\u00e9sentants des m\u00e9dias.<\/p>\n<p><img decoding=\"async\" class=\"alignnone wp-image-26681\" src=\"https:\/\/discover.ulysse.com\/wp-content\/uploads\/2025\/03\/Photo-3-300x148.jpg\" alt=\"\" width=\"533\" height=\"263\" srcset=\"https:\/\/ulysse.com\/news\/wp-content\/uploads\/2025\/03\/Photo-3-300x148.jpg 300w, https:\/\/ulysse.com\/news\/wp-content\/uploads\/2025\/03\/Photo-3-1024x504.jpg 1024w, https:\/\/ulysse.com\/news\/wp-content\/uploads\/2025\/03\/Photo-3-200x98.jpg 200w, https:\/\/ulysse.com\/news\/wp-content\/uploads\/2025\/03\/Photo-3-768x378.jpg 768w, https:\/\/ulysse.com\/news\/wp-content\/uploads\/2025\/03\/Photo-3.jpg 1500w\" sizes=\"(max-width: 533px) 100vw, 533px\" \/><\/p>\n<p>Le logo embl\u00e9matique de Korean Air, inspir\u00e9 du symbole traditionnel cor\u00e9en Taegeuk, a \u00e9t\u00e9 redessin\u00e9 pour refl\u00e9ter une esth\u00e9tique contemporaine. Le nouveau design incarne l&#8217;h\u00e9ritage de la compagnie tout en adoptant une approche minimaliste en phase avec les tendances actuelles du design. Un motif tridimensionnel inspir\u00e9 des <strong>courbes fluides du Taegeuk<\/strong> se retrouvera sur plusieurs points de contact avec les clients : \u00e9crans d\u2019enregistrement, cartes mobiles <strong>SKYPASS<\/strong>, site web et textiles. Et pour accentuer son image premium la compagnie a mis\u00e9 sur une finition m\u00e9tallique moderne, tout en conservant le bleu ciel embl\u00e9matique de la marque. Une <strong>courbe fluide et \u00e9l\u00e9gante<\/strong> remplace l\u2019ancienne ligne de d\u00e9marcation, conf\u00e9rant une silhouette plus contemporaine aux avions.<\/p>\n<blockquote class=\"instagram-media\" style=\"background: #FFF; border: 0; border-radius: 3px; margin: 1px; max-width: 540px; min-width: 326px; padding: 0; width: calc(100% - 2px);\" data-instgrm-permalink=\"https:\/\/www.instagram.com\/p\/DHDn7amCaq9\/?utm_source=ig_embed&amp;utm_campaign=loading\" data-instgrm-version=\"14\">\n<div style=\"padding: 16px;\">\n<p>&nbsp;<\/p>\n<div style=\"flex-direction: row; align-items: center;\">\n<div style=\"background-color: #f4f4f4; border-radius: 50%; flex-grow: 0; height: 40px; margin-right: 14px; width: 40px;\"><\/div>\n<div style=\"flex-direction: column; flex-grow: 1; justify-content: center;\">\n<div style=\"background-color: #f4f4f4; border-radius: 4px; flex-grow: 0; height: 14px; margin-bottom: 6px; width: 100px;\"><\/div>\n<div style=\"background-color: #f4f4f4; border-radius: 4px; flex-grow: 0; height: 14px; width: 60px;\"><\/div>\n<\/div>\n<\/div>\n<div style=\"padding: 19% 0;\"><\/div>\n<div style=\"height: 50px; margin: 0 auto 12px; width: 50px;\"><\/div>\n<div style=\"padding-top: 8px;\">\n<div style=\"color: #3897f0; font-family: Arial,sans-serif; font-size: 14px; font-style: normal; font-weight: 550; line-height: 18px;\">Voir cette publication sur Instagram<\/div>\n<\/div>\n<div style=\"padding: 12.5% 0;\"><\/div>\n<div style=\"flex-direction: row; margin-bottom: 14px; align-items: center;\">\n<div>\n<div style=\"background-color: #f4f4f4; border-radius: 50%; height: 12.5px; width: 12.5px;\"><\/div>\n<div style=\"background-color: #f4f4f4; height: 12.5px; width: 12.5px; flex-grow: 0; margin-right: 14px; margin-left: 2px;\"><\/div>\n<div style=\"background-color: #f4f4f4; border-radius: 50%; height: 12.5px; width: 12.5px;\"><\/div>\n<\/div>\n<div style=\"margin-left: 8px;\">\n<div style=\"background-color: #f4f4f4; border-radius: 50%; flex-grow: 0; height: 20px; width: 20px;\"><\/div>\n<div style=\"width: 0; height: 0; border-top: 2px solid transparent; border-left: 6px solid #f4f4f4; border-bottom: 2px solid transparent;\"><\/div>\n<\/div>\n<div style=\"margin-left: auto;\">\n<div style=\"width: 0px; border-top: 8px solid #F4F4F4; border-right: 8px solid transparent;\"><\/div>\n<div style=\"background-color: #f4f4f4; flex-grow: 0; height: 12px; width: 16px;\"><\/div>\n<div style=\"width: 0; height: 0; border-top: 8px solid #F4F4F4; border-left: 8px solid transparent;\"><\/div>\n<\/div>\n<\/div>\n<div style=\"flex-direction: column; flex-grow: 1; justify-content: center; margin-bottom: 24px;\">\n<div style=\"background-color: #f4f4f4; border-radius: 4px; flex-grow: 0; height: 14px; margin-bottom: 6px; width: 224px;\"><\/div>\n<div style=\"background-color: #f4f4f4; border-radius: 4px; flex-grow: 0; height: 14px; width: 144px;\"><\/div>\n<\/div>\n<p>&nbsp;<\/p>\n<p style=\"color: #c9c8cd; font-family: Arial,sans-serif; font-size: 14px; line-height: 17px; margin-bottom: 0; margin-top: 8px; overflow: hidden; padding: 8px 0 7px; text-align: center;\"><a style=\"color: #c9c8cd; font-family: Arial,sans-serif; font-size: 14px; font-style: normal; font-weight: normal; line-height: 17px; text-decoration: none;\" href=\"https:\/\/www.instagram.com\/p\/DHDn7amCaq9\/?utm_source=ig_embed&amp;utm_campaign=loading\" target=\"_blank\" rel=\"noopener\">Une publication partag\u00e9e par koreanairworld (@koreanairworld)<\/a><\/p>\n<\/div>\n<\/blockquote>\n<h2><strong>Une exp\u00e9rience \u00e0 bord enrichie avec de nouveaux menus<\/strong><\/h2>\n<p>Korean Air a d\u00e9voil\u00e9 une <strong>nouvelle offre de restauration haut de gamme<\/strong> lors d\u2019un \u00e9v\u00e9nement au <strong>Grand Hyatt Incheon<\/strong>.<\/p>\n<p>La compagnie a collabor\u00e9 avec le chef <strong>Seakyeong Kim<\/strong>, propri\u00e9taire du restaurant <strong>Cesta \u00e0 S\u00e9oul<\/strong>, pour concevoir un menu exclusif mettant en avant la gastronomie cor\u00e9enne avec des ingr\u00e9dients de saison et des techniques innovantes. Le voyage commence dans l\u2019assiette et Korean Air l\u2019a bien compris en proposant une <a href=\"https:\/\/discover.ulysse.com\/compagnie-aerienne-offre-experience-inoubliable\"><strong>exp\u00e9rience culinaire in\u00e9galable<\/strong><\/a>.<\/p>\n<p><img decoding=\"async\" class=\"alignnone wp-image-26687\" src=\"https:\/\/discover.ulysse.com\/wp-content\/uploads\/2025\/03\/Photo-5-300x200.jpg\" alt=\"\" width=\"364\" height=\"242\" srcset=\"https:\/\/ulysse.com\/news\/wp-content\/uploads\/2025\/03\/Photo-5-300x200.jpg 300w, https:\/\/ulysse.com\/news\/wp-content\/uploads\/2025\/03\/Photo-5-1024x683.jpg 1024w, https:\/\/ulysse.com\/news\/wp-content\/uploads\/2025\/03\/Photo-5-200x133.jpg 200w, https:\/\/ulysse.com\/news\/wp-content\/uploads\/2025\/03\/Photo-5-768x512.jpg 768w, https:\/\/ulysse.com\/news\/wp-content\/uploads\/2025\/03\/Photo-5.jpg 1500w\" sizes=\"(max-width: 364px) 100vw, 364px\" \/><\/p>\n<h2><strong>Une vision d&#8217;entreprise renouvel\u00e9e<\/strong><\/h2>\n<p>Parall\u00e8lement \u00e0 cette refonte visuelle, Korean Air a d\u00e9voil\u00e9 ses nouvelles valeurs d&#8217;entreprise, baptis\u00e9es &#8220;KE Way&#8221;. Cette initiative vise \u00e0 f\u00e9d\u00e9rer les employ\u00e9s autour d&#8217;un objectif commun, ax\u00e9 sur une croissance durable et une expansion mondiale continue. La mission de la compagnie, &#8220;Connecter pour un monde meilleur&#8221;, souligne son engagement \u00e0 renforcer la connectivit\u00e9 mondiale, tout en s&#8217;appuyant sur l&#8217;h\u00e9ritage du groupe Hanjin dans le secteur des transports. La vision de Korean Air est de devenir &#8220;la compagnie a\u00e9rienne la plus aim\u00e9e au monde&#8221;, refl\u00e9tant sa volont\u00e9 d&#8217;exceller en mati\u00e8re de service et de responsabilit\u00e9 d&#8217;entreprise.<\/p>\n<blockquote class=\"instagram-media\" style=\"background: #FFF; border: 0; border-radius: 3px; margin: 1px; max-width: 540px; min-width: 326px; padding: 0; width: calc(100% - 2px);\" data-instgrm-permalink=\"https:\/\/www.instagram.com\/p\/DHD1qGrOCW_\/?utm_source=ig_embed&amp;utm_campaign=loading\" data-instgrm-version=\"14\">\n<div style=\"padding: 16px;\">\n<p>&nbsp;<\/p>\n<div style=\"flex-direction: row; align-items: center;\">\n<div style=\"background-color: #f4f4f4; border-radius: 50%; flex-grow: 0; height: 40px; margin-right: 14px; width: 40px;\"><\/div>\n<div style=\"flex-direction: column; flex-grow: 1; justify-content: center;\">\n<div style=\"background-color: #f4f4f4; border-radius: 4px; flex-grow: 0; height: 14px; margin-bottom: 6px; width: 100px;\"><\/div>\n<div style=\"background-color: #f4f4f4; border-radius: 4px; flex-grow: 0; height: 14px; width: 60px;\"><\/div>\n<\/div>\n<\/div>\n<div style=\"padding: 19% 0;\"><\/div>\n<div style=\"height: 50px; margin: 0 auto 12px; width: 50px;\"><\/div>\n<div style=\"padding-top: 8px;\">\n<div style=\"color: #3897f0; font-family: Arial,sans-serif; font-size: 14px; font-style: normal; font-weight: 550; line-height: 18px;\">Voir cette publication sur Instagram<\/div>\n<\/div>\n<div style=\"padding: 12.5% 0;\"><\/div>\n<div style=\"flex-direction: row; margin-bottom: 14px; align-items: center;\">\n<div>\n<div style=\"background-color: #f4f4f4; border-radius: 50%; height: 12.5px; width: 12.5px;\"><\/div>\n<div style=\"background-color: #f4f4f4; height: 12.5px; width: 12.5px; flex-grow: 0; margin-right: 14px; margin-left: 2px;\"><\/div>\n<div style=\"background-color: #f4f4f4; border-radius: 50%; height: 12.5px; width: 12.5px;\"><\/div>\n<\/div>\n<div style=\"margin-left: 8px;\">\n<div style=\"background-color: #f4f4f4; border-radius: 50%; flex-grow: 0; height: 20px; width: 20px;\"><\/div>\n<div style=\"width: 0; height: 0; border-top: 2px solid transparent; border-left: 6px solid #f4f4f4; border-bottom: 2px solid transparent;\"><\/div>\n<\/div>\n<div style=\"margin-left: auto;\">\n<div style=\"width: 0px; border-top: 8px solid #F4F4F4; border-right: 8px solid transparent;\"><\/div>\n<div style=\"background-color: #f4f4f4; flex-grow: 0; height: 12px; width: 16px;\"><\/div>\n<div style=\"width: 0; height: 0; border-top: 8px solid #F4F4F4; border-left: 8px solid transparent;\"><\/div>\n<\/div>\n<\/div>\n<div style=\"flex-direction: column; flex-grow: 1; justify-content: center; margin-bottom: 24px;\">\n<div style=\"background-color: #f4f4f4; border-radius: 4px; flex-grow: 0; height: 14px; margin-bottom: 6px; width: 224px;\"><\/div>\n<div style=\"background-color: #f4f4f4; border-radius: 4px; flex-grow: 0; height: 14px; width: 144px;\"><\/div>\n<\/div>\n<p>&nbsp;<\/p>\n<p style=\"color: #c9c8cd; font-family: Arial,sans-serif; font-size: 14px; line-height: 17px; margin-bottom: 0; margin-top: 8px; overflow: hidden; padding: 8px 0 7px; text-align: center;\"><a style=\"color: #c9c8cd; font-family: Arial,sans-serif; font-size: 14px; font-style: normal; font-weight: normal; line-height: 17px; text-decoration: none;\" href=\"https:\/\/www.instagram.com\/p\/DHD1qGrOCW_\/?utm_source=ig_embed&amp;utm_campaign=loading\" target=\"_blank\" rel=\"noopener\">Une publication partag\u00e9e par thepointsguy (@thepointsguy)<\/a><\/p>\n<\/div>\n<\/blockquote>\n<h2><strong>Les piliers de la transformation<\/strong><\/h2>\n<p>Pour concr\u00e9tiser cette ambition, Korean Air s&#8217;appuie sur trois piliers fondamentaux :<\/p>\n<ul>\n<li><strong>Au-del\u00e0 de l&#8217;excellence<\/strong> : Garantir les plus hauts standards de s\u00e9curit\u00e9 et d&#8217;efficacit\u00e9 op\u00e9rationnelle.<\/li>\n<li><strong>Voyager ensemble<\/strong> : Cultiver une culture d&#8217;entreprise centr\u00e9e sur l&#8217;humain, tant pour les employ\u00e9s que pour les clients.<\/li>\n<li><strong>Un avenir meilleur<\/strong> : Contribuer au d\u00e9veloppement d&#8217;une connectivit\u00e9 mondiale durable.<\/li>\n<\/ul>\n<p>Le pr\u00e9sident-directeur g\u00e9n\u00e9ral de Korean Air, Walter Cho, a exprim\u00e9 sa vision de l&#8217;avenir en d\u00e9clarant : &#8220;Nous avons pour mission de connecter les individus, les cultures et le monde. Nous mettrons en place des standards de s\u00e9curit\u00e9 parmi les plus avanc\u00e9s, am\u00e9liorerons l&#8217;exp\u00e9rience client et renforcerons la confiance en favorisant une communication claire avec toutes nos parties prenantes.&#8221;<\/p>\n<blockquote class=\"instagram-media\" style=\"background: #FFF; border: 0; border-radius: 3px; margin: 1px; max-width: 540px; min-width: 326px; padding: 0; width: calc(100% - 2px);\" data-instgrm-permalink=\"https:\/\/www.instagram.com\/p\/DHA1XydPwWY\/?utm_source=ig_embed&amp;utm_campaign=loading\" data-instgrm-version=\"14\">\n<div style=\"padding: 16px;\">\n<p>&nbsp;<\/p>\n<div style=\"flex-direction: row; align-items: center;\">\n<div style=\"background-color: #f4f4f4; border-radius: 50%; flex-grow: 0; height: 40px; margin-right: 14px; width: 40px;\"><\/div>\n<div style=\"flex-direction: column; flex-grow: 1; justify-content: center;\">\n<div style=\"background-color: #f4f4f4; border-radius: 4px; flex-grow: 0; height: 14px; margin-bottom: 6px; width: 100px;\"><\/div>\n<div style=\"background-color: #f4f4f4; border-radius: 4px; flex-grow: 0; height: 14px; width: 60px;\"><\/div>\n<\/div>\n<\/div>\n<div style=\"padding: 19% 0;\"><\/div>\n<div style=\"height: 50px; margin: 0 auto 12px; width: 50px;\"><\/div>\n<div style=\"padding-top: 8px;\">\n<div style=\"color: #3897f0; font-family: Arial,sans-serif; font-size: 14px; font-style: normal; font-weight: 550; line-height: 18px;\">Voir cette publication sur Instagram<\/div>\n<\/div>\n<div style=\"padding: 12.5% 0;\"><\/div>\n<div style=\"flex-direction: row; margin-bottom: 14px; align-items: center;\">\n<div>\n<div style=\"background-color: #f4f4f4; border-radius: 50%; height: 12.5px; width: 12.5px;\"><\/div>\n<div style=\"background-color: #f4f4f4; height: 12.5px; width: 12.5px; flex-grow: 0; margin-right: 14px; margin-left: 2px;\"><\/div>\n<div style=\"background-color: #f4f4f4; border-radius: 50%; height: 12.5px; width: 12.5px;\"><\/div>\n<\/div>\n<div style=\"margin-left: 8px;\">\n<div style=\"background-color: #f4f4f4; border-radius: 50%; flex-grow: 0; height: 20px; width: 20px;\"><\/div>\n<div style=\"width: 0; height: 0; border-top: 2px solid transparent; border-left: 6px solid #f4f4f4; border-bottom: 2px solid transparent;\"><\/div>\n<\/div>\n<div style=\"margin-left: auto;\">\n<div style=\"width: 0px; border-top: 8px solid #F4F4F4; border-right: 8px solid transparent;\"><\/div>\n<div style=\"background-color: #f4f4f4; flex-grow: 0; height: 12px; width: 16px;\"><\/div>\n<div style=\"width: 0; height: 0; border-top: 8px solid #F4F4F4; border-left: 8px solid transparent;\"><\/div>\n<\/div>\n<\/div>\n<div style=\"flex-direction: column; flex-grow: 1; justify-content: center; margin-bottom: 24px;\">\n<div style=\"background-color: #f4f4f4; border-radius: 4px; flex-grow: 0; height: 14px; margin-bottom: 6px; width: 224px;\"><\/div>\n<div style=\"background-color: #f4f4f4; border-radius: 4px; flex-grow: 0; height: 14px; width: 144px;\"><\/div>\n<\/div>\n<p>&nbsp;<\/p>\n<p style=\"color: #c9c8cd; font-family: Arial,sans-serif; font-size: 14px; line-height: 17px; margin-bottom: 0; margin-top: 8px; overflow: hidden; padding: 8px 0 7px; text-align: center;\"><a style=\"color: #c9c8cd; font-family: Arial,sans-serif; font-size: 14px; font-style: normal; font-weight: normal; line-height: 17px; text-decoration: none;\" href=\"https:\/\/www.instagram.com\/p\/DHA1XydPwWY\/?utm_source=ig_embed&amp;utm_campaign=loading\" target=\"_blank\" rel=\"noopener\">Une publication partag\u00e9e par korea.travelholic (@korea.travelholic)<\/a><\/p>\n<\/div>\n<\/blockquote>\n<p>&nbsp;<\/p>\n<p>La nouvelle identit\u00e9 visuelle de Korean Air, combin\u00e9e \u00e0 l&#8217;acquisition strat\u00e9gique d&#8217;Asiana Airlines, illustre la volont\u00e9 de la compagnie de se positionner comme un leader mondial dans l&#8217;industrie a\u00e9rienne. En modernisant son image de marque et en adoptant des valeurs centr\u00e9es sur l&#8217;excellence, l&#8217;humain et la durabilit\u00e9, Korean Air se pr\u00e9pare \u00e0 une nouvelle \u00e8re de croissance et d&#8217;innovation, tout en honorant son riche h\u00e9ritage culturel.<\/p>\n<p><!-- notionvc: 1f0e84a3-3f8e-47da-a28a-a4332ff5c1f2 --><\/p>\n","protected":false},"excerpt":{"rendered":"<p>Korean Air, la principale compagnie a\u00e9rienne de Cor\u00e9e du Sud, a r\u00e9cemment d\u00e9voil\u00e9 une nouvelle identit\u00e9 visuelle et un logo [&hellip;]<\/p>\n","protected":false},"author":8,"featured_media":26678,"comment_status":"open","ping_status":"closed","sticky":false,"template":"","format":"standard","meta":{"_acf_changed":false,"_sitemap_exclude":false,"_sitemap_priority":"","_sitemap_frequency":"","footnotes":"","rank_math_title":"","rank_math_description":"","rank_math_canonical_url":"","rank_math_focus_keyword":"korean air"},"categories":[3],"tags":[],"class_list":["post-26676","post","type-post","status-publish","format-standard","has-post-thumbnail","hentry","category-voyage"],"acf":[],"_links":{"self":[{"href":"https:\/\/ulysse.com\/news\/wp-json\/wp\/v2\/posts\/26676","targetHints":{"allow":["GET"]}}],"collection":[{"href":"https:\/\/ulysse.com\/news\/wp-json\/wp\/v2\/posts"}],"about":[{"href":"https:\/\/ulysse.com\/news\/wp-json\/wp\/v2\/types\/post"}],"author":[{"embeddable":true,"href":"https:\/\/ulysse.com\/news\/wp-json\/wp\/v2\/users\/8"}],"replies":[{"embeddable":true,"href":"https:\/\/ulysse.com\/news\/wp-json\/wp\/v2\/comments?post=26676"}],"version-history":[{"count":11,"href":"https:\/\/ulysse.com\/news\/wp-json\/wp\/v2\/posts\/26676\/revisions"}],"predecessor-version":[{"id":26793,"href":"https:\/\/ulysse.com\/news\/wp-json\/wp\/v2\/posts\/26676\/revisions\/26793"}],"wp:featuredmedia":[{"embeddable":true,"href":"https:\/\/ulysse.com\/news\/wp-json\/wp\/v2\/media\/26678"}],"wp:attachment":[{"href":"https:\/\/ulysse.com\/news\/wp-json\/wp\/v2\/media?parent=26676"}],"wp:term":[{"taxonomy":"category","embeddable":true,"href":"https:\/\/ulysse.com\/news\/wp-json\/wp\/v2\/categories?post=26676"},{"taxonomy":"post_tag","embeddable":true,"href":"https:\/\/ulysse.com\/news\/wp-json\/wp\/v2\/tags?post=26676"}],"curies":[{"name":"wp","href":"https:\/\/api.w.org\/{rel}","templated":true}]}}