{"id":26859,"date":"2025-03-15T13:00:32","date_gmt":"2025-03-15T12:00:32","guid":{"rendered":"https:\/\/discover.ulysse.com\/?p=26859"},"modified":"2025-03-14T21:10:44","modified_gmt":"2025-03-14T20:10:44","slug":"paris-gallery-week-end-2025-un-week-end-artistique-et-gratuit-dans-les-galeries-parisiennes","status":"publish","type":"post","link":"https:\/\/ulysse.com\/news\/paris-gallery-week-end-2025-un-week-end-artistique-et-gratuit-dans-les-galeries-parisiennes","title":{"rendered":"Paris Gallery Week-end 2025 : un week-end artistique et gratuit dans les galeries parisiennes"},"content":{"rendered":"<p data-start=\"99\" data-end=\"684\">Le <strong data-start=\"102\" data-end=\"128\">Paris Gallery Week-end<\/strong> revient du 23 au 25 mai 2025 pour c\u00e9l\u00e9brer l&#8217;art moderne et contemporain dans plus de 70 galeries de la capitale. Cet \u00e9v\u00e9nement gratuit propose des expositions, des rencontres, des cocktails, des performances, et bien d&#8217;autres activit\u00e9s, permettant \u00e0 tous les passionn\u00e9s d&#8217;art de d\u00e9couvrir une grande vari\u00e9t\u00e9 de cr\u00e9ations. \u00c0 travers des quartiers embl\u00e9matiques de Paris, comme le Marais, Belleville, ou Saint-Germain-des-Pr\u00e9s, plus de 150 artistes seront mis \u00e0 l&#8217;honneur, allant de la photographie \u00e0 la sculpture, en passant par le dessin et l&#8217;art urbain.<\/p>\n<p data-start=\"686\" data-end=\"1135\">Le <strong data-start=\"689\" data-end=\"715\">Paris Gallery Week-end<\/strong> se distingue par son objectif de mettre en lumi\u00e8re des talents \u00e9mergents fran\u00e7ais. Pendant trois jours, les visiteurs pourront explorer une s\u00e9rie d&#8217;expositions th\u00e9matiques, rencontrer des artistes, assister \u00e0 des performances, et profiter de cocktails dans une ambiance festive et conviviale. C&#8217;est une occasion unique de d\u00e9couvrir la sc\u00e8ne artistique parisienne tout en ayant un acc\u00e8s gratuit \u00e0 des \u0153uvres fascinantes.<\/p>\n<h2 data-start=\"1137\" data-end=\"1188\">Des expositions et performances partout \u00e0 Paris<\/h2>\n<p data-start=\"1190\" data-end=\"1626\">Parmi les galeries participantes, on retrouve des lieux iconiques de <a href=\"https:\/\/discover.ulysse.com\/expedia-place-cette-ville-francaise-en-tete-de-liste-des-destinations-pour-2025\">l&#8217;art parisien<\/a> tels que la <strong data-start=\"1286\" data-end=\"1306\">Galerie Perrotin<\/strong>, la <strong data-start=\"1311\" data-end=\"1329\">Galerie Lelong<\/strong>, ou encore la <strong data-start=\"1344\" data-end=\"1369\">Galerie Anne Barrault<\/strong>. Plus de 150 artistes, avec des styles vari\u00e9s allant de la photographie contemporaine \u00e0 l&#8217;art urbain, seront expos\u00e9s. L&#8217;\u00e9v\u00e9nement offre une plateforme de choix pour des artistes \u00e9mergents fran\u00e7ais, mettant en avant des cr\u00e9ations audacieuses et innovantes.<\/p>\n<h2 data-start=\"1628\" data-end=\"1675\">Un week-end pour tous les amoureux de l&#8217;art<\/h2>\n<p data-start=\"1677\" data-end=\"2202\">Le Paris Gallery Week-end n&#8217;est pas r\u00e9serv\u00e9 qu&#8217;aux connaisseurs ou collectionneurs. Les amateurs d&#8217;art de tous horizons, qu&#8217;ils soient jeunes ou moins jeunes, sont invit\u00e9s \u00e0 se plonger dans l&#8217;univers de la cr\u00e9ation artistique. Avec plus de 70 galeries \u00e0 explorer, le week-end s&#8217;annonce riche en d\u00e9couvertes et en rencontres. En plus des expositions, des <strong data-start=\"2031\" data-end=\"2057\">performances en direct<\/strong>, des <strong data-start=\"2063\" data-end=\"2095\">rencontres avec les artistes<\/strong>, et des <strong data-start=\"2104\" data-end=\"2117\">cocktails<\/strong> ponctueront ces trois journ\u00e9es, offrant ainsi une exp\u00e9rience immersive et dynamique.<\/p>\n<p data-start=\"2245\" data-end=\"2571\" data-is-only-node=\"\">Le <strong data-start=\"2248\" data-end=\"2274\">Paris Gallery Week-end<\/strong> se positionne comme un rendez-vous incontournable pour toute personne int\u00e9ress\u00e9e par l&#8217;art contemporain. La diversit\u00e9 des galeries participantes et des artistes expos\u00e9s garantit une exp\u00e9rience enrichissante et vari\u00e9e. \u00c0 ne pas manquer pour vivre un week-end festif et artistique au c\u0153ur de <a href=\"https:\/\/discover.ulysse.com\/un-demi-million-tulipes-fleurs-paris\">Paris<\/a>.<\/p>\n","protected":false},"excerpt":{"rendered":"<p>Le Paris Gallery Week-end revient du 23 au 25 mai 2025 pour c\u00e9l\u00e9brer l&#8217;art moderne et contemporain dans plus de [&hellip;]<\/p>\n","protected":false},"author":4,"featured_media":26860,"comment_status":"open","ping_status":"closed","sticky":false,"template":"","format":"standard","meta":{"_acf_changed":false,"_sitemap_exclude":false,"_sitemap_priority":"","_sitemap_frequency":"","footnotes":"","rank_math_title":"","rank_math_description":"","rank_math_canonical_url":"","rank_math_focus_keyword":"paris"},"categories":[3],"tags":[],"class_list":["post-26859","post","type-post","status-publish","format-standard","has-post-thumbnail","hentry","category-voyage"],"acf":[],"_links":{"self":[{"href":"https:\/\/ulysse.com\/news\/wp-json\/wp\/v2\/posts\/26859","targetHints":{"allow":["GET"]}}],"collection":[{"href":"https:\/\/ulysse.com\/news\/wp-json\/wp\/v2\/posts"}],"about":[{"href":"https:\/\/ulysse.com\/news\/wp-json\/wp\/v2\/types\/post"}],"author":[{"embeddable":true,"href":"https:\/\/ulysse.com\/news\/wp-json\/wp\/v2\/users\/4"}],"replies":[{"embeddable":true,"href":"https:\/\/ulysse.com\/news\/wp-json\/wp\/v2\/comments?post=26859"}],"version-history":[{"count":1,"href":"https:\/\/ulysse.com\/news\/wp-json\/wp\/v2\/posts\/26859\/revisions"}],"predecessor-version":[{"id":26861,"href":"https:\/\/ulysse.com\/news\/wp-json\/wp\/v2\/posts\/26859\/revisions\/26861"}],"wp:featuredmedia":[{"embeddable":true,"href":"https:\/\/ulysse.com\/news\/wp-json\/wp\/v2\/media\/26860"}],"wp:attachment":[{"href":"https:\/\/ulysse.com\/news\/wp-json\/wp\/v2\/media?parent=26859"}],"wp:term":[{"taxonomy":"category","embeddable":true,"href":"https:\/\/ulysse.com\/news\/wp-json\/wp\/v2\/categories?post=26859"},{"taxonomy":"post_tag","embeddable":true,"href":"https:\/\/ulysse.com\/news\/wp-json\/wp\/v2\/tags?post=26859"}],"curies":[{"name":"wp","href":"https:\/\/api.w.org\/{rel}","templated":true}]}}