{"id":26866,"date":"2025-03-15T09:00:42","date_gmt":"2025-03-15T08:00:42","guid":{"rendered":"https:\/\/discover.ulysse.com\/?p=26866"},"modified":"2025-03-14T21:49:22","modified_gmt":"2025-03-14T20:49:22","slug":"retour-de-la-neige-en-france-vigilance-en-hausse-et-circulation-a-risque","status":"publish","type":"post","link":"https:\/\/ulysse.com\/news\/retour-de-la-neige-en-france-vigilance-en-hausse-et-circulation-a-risque","title":{"rendered":"Retour de la neige en France : vigilance en hausse et circulation \u00e0 risque"},"content":{"rendered":"<p data-start=\"80\" data-end=\"589\">La neige s\u2019invite une nouvelle fois en France en plein mois de mars, rappelant que l\u2019hiver n\u2019a pas encore dit son dernier mot. M\u00e9t\u00e9o France a plac\u00e9 <strong data-start=\"228\" data-end=\"270\">trois d\u00e9partements en vigilance orange<\/strong> pour neige et verglas : l\u2019Allier, la Creuse et le Puy-de-D\u00f4me. En parall\u00e8le, <strong data-start=\"348\" data-end=\"374\">27 autres d\u00e9partements<\/strong> sont en vigilance jaune pour ces m\u00eames risques. Au total, <strong data-start=\"433\" data-end=\"452\">35 d\u00e9partements<\/strong> sont sous surveillance pour divers ph\u00e9nom\u00e8nes m\u00e9t\u00e9orologiques, incluant des avalanches, des crues et des \u00e9pisodes de pluie-inondation.<\/p>\n<p data-start=\"591\" data-end=\"890\">Cet \u00e9pisode neigeux, bien que tardif dans la saison, n\u2019a rien d\u2019exceptionnel selon les m\u00e9t\u00e9orologues. Il s\u2019accompagne d\u2019une baisse des temp\u00e9ratures et de possibles perturbations sur les routes. En montagne comme en plaine, la prudence sera de mise pour ce week-end qui s\u2019annonce froid et glissant.<\/p>\n<h2 data-start=\"892\" data-end=\"938\">Un \u00e9pisode neigeux attendu d\u00e8s 300 m\u00e8tres<\/h2>\n<p data-start=\"940\" data-end=\"1218\">Selon les pr\u00e9visions, la neige tombera principalement du <strong data-start=\"997\" data-end=\"1025\">Massif Central au Centre<\/strong>, d\u00e8s <strong data-start=\"1031\" data-end=\"1056\">300 m\u00e8tres d\u2019altitude<\/strong>. Certaines r\u00e9gions verront une couche de <strong data-start=\"1098\" data-end=\"1110\">3 \u00e0 5 cm<\/strong> se former au sol, tandis que le nord de l\u2019Auvergne et du Limousin pourraient accumuler jusqu\u2019\u00e0 <strong data-start=\"1206\" data-end=\"1215\">10 cm<\/strong>.<\/p>\n<p data-start=\"1220\" data-end=\"1491\">Dans les <strong data-start=\"1229\" data-end=\"1238\">Alpes<\/strong>, la neige est pr\u00e9vue \u00e0 partir de <strong data-start=\"1272\" data-end=\"1292\">500 \u00e0 800 m\u00e8tres<\/strong>, favorisant un <strong data-start=\"1308\" data-end=\"1337\">risque accru d\u2019avalanches<\/strong>. Plus au sud, la temp\u00eate Konrad maintient une <strong data-start=\"1384\" data-end=\"1402\">m\u00e9t\u00e9o instable<\/strong>, avec un ciel souvent charg\u00e9 et des averses en Provence-Alpes-C\u00f4te d\u2019Azur et en Corse.<\/p>\n<h2 data-start=\"1493\" data-end=\"1540\">Chute des temp\u00e9ratures et gel\u00e9es matinales<\/h2>\n<p data-start=\"1542\" data-end=\"1871\">L\u2019arriv\u00e9e de la neige s\u2019accompagne d\u2019un <strong data-start=\"1582\" data-end=\"1623\">net rafra\u00eechissement des temp\u00e9ratures<\/strong>. Au r\u00e9veil, des <strong data-start=\"1640\" data-end=\"1663\">gel\u00e9es g\u00e9n\u00e9ralis\u00e9es<\/strong> sont attendues, avec des valeurs souvent comprises entre <strong data-start=\"1721\" data-end=\"1734\">-3 et 0\u00b0C<\/strong>. Seul le sud-est b\u00e9n\u00e9ficiera de temp\u00e9ratures un peu plus douces, comprises entre <strong data-start=\"1816\" data-end=\"1828\">2 et 5\u00b0C<\/strong>, atteignant <strong data-start=\"1841\" data-end=\"1868\">10\u00b0C sur la C\u00f4te d\u2019Azur<\/strong>.<\/p>\n<p data-start=\"1873\" data-end=\"2114\">Dans l\u2019apr\u00e8s-midi, les maximales resteront basses : entre <strong data-start=\"1931\" data-end=\"1963\">2 et 9\u00b0C dans la moiti\u00e9 nord<\/strong>, et <strong data-start=\"1968\" data-end=\"1987\">5 \u00e0 14\u00b0C au sud<\/strong>. Ce froid persistera dimanche matin, avec des conditions similaires et un maintien des pr\u00e9cipitations sur plusieurs r\u00e9gions.<\/p>\n<p data-start=\"2116\" data-end=\"2280\" data-is-last-node=\"\" data-is-only-node=\"\">Le retour de la neige marque donc un week-end sous influence hivernale, obligeant les automobilistes et les habitants des zones concern\u00e9es \u00e0 redoubler de vigilance.<\/p>\n","protected":false},"excerpt":{"rendered":"<p>La neige s\u2019invite une nouvelle fois en France en plein mois de mars, rappelant que l\u2019hiver n\u2019a pas encore dit [&hellip;]<\/p>\n","protected":false},"author":4,"featured_media":26867,"comment_status":"open","ping_status":"closed","sticky":false,"template":"","format":"standard","meta":{"_acf_changed":false,"_sitemap_exclude":false,"_sitemap_priority":"","_sitemap_frequency":"","footnotes":"","rank_math_title":"","rank_math_description":"","rank_math_canonical_url":"","rank_math_focus_keyword":"neige"},"categories":[3],"tags":[],"class_list":["post-26866","post","type-post","status-publish","format-standard","has-post-thumbnail","hentry","category-voyage"],"acf":[],"_links":{"self":[{"href":"https:\/\/ulysse.com\/news\/wp-json\/wp\/v2\/posts\/26866","targetHints":{"allow":["GET"]}}],"collection":[{"href":"https:\/\/ulysse.com\/news\/wp-json\/wp\/v2\/posts"}],"about":[{"href":"https:\/\/ulysse.com\/news\/wp-json\/wp\/v2\/types\/post"}],"author":[{"embeddable":true,"href":"https:\/\/ulysse.com\/news\/wp-json\/wp\/v2\/users\/4"}],"replies":[{"embeddable":true,"href":"https:\/\/ulysse.com\/news\/wp-json\/wp\/v2\/comments?post=26866"}],"version-history":[{"count":1,"href":"https:\/\/ulysse.com\/news\/wp-json\/wp\/v2\/posts\/26866\/revisions"}],"predecessor-version":[{"id":26868,"href":"https:\/\/ulysse.com\/news\/wp-json\/wp\/v2\/posts\/26866\/revisions\/26868"}],"wp:featuredmedia":[{"embeddable":true,"href":"https:\/\/ulysse.com\/news\/wp-json\/wp\/v2\/media\/26867"}],"wp:attachment":[{"href":"https:\/\/ulysse.com\/news\/wp-json\/wp\/v2\/media?parent=26866"}],"wp:term":[{"taxonomy":"category","embeddable":true,"href":"https:\/\/ulysse.com\/news\/wp-json\/wp\/v2\/categories?post=26866"},{"taxonomy":"post_tag","embeddable":true,"href":"https:\/\/ulysse.com\/news\/wp-json\/wp\/v2\/tags?post=26866"}],"curies":[{"name":"wp","href":"https:\/\/api.w.org\/{rel}","templated":true}]}}