{"id":26869,"date":"2025-03-15T18:00:49","date_gmt":"2025-03-15T17:00:49","guid":{"rendered":"https:\/\/discover.ulysse.com\/?p=26869"},"modified":"2025-03-14T21:58:52","modified_gmt":"2025-03-14T20:58:52","slug":"montee-des-eaux-nasa-alerte-france-concernee","status":"publish","type":"post","link":"https:\/\/ulysse.com\/news\/montee-des-eaux-nasa-alerte-france-concernee","title":{"rendered":"Mont\u00e9e des eaux : la NASA alerte, la France concern\u00e9e mais toujours rien de concret ?"},"content":{"rendered":"<p data-start=\"92\" data-end=\"514\">La NASA vient de publier des donn\u00e9es inqui\u00e9tantes : le niveau des mers augmente plus vite que pr\u00e9vu. Depuis des ann\u00e9es, les scientifiques pr\u00e9viennent que le r\u00e9chauffement climatique entra\u00eene la fonte acc\u00e9l\u00e9r\u00e9e des glaces et la dilatation thermique des oc\u00e9ans, mais cette fois, les chiffres d\u00e9passent les pires estimations. Loin d\u2019\u00eatre un ph\u00e9nom\u00e8ne lointain, cette mont\u00e9e des eaux menace directement les c\u00f4tes fran\u00e7aises.<\/p>\n<p data-start=\"516\" data-end=\"1033\">Pourtant, malgr\u00e9 les avertissements r\u00e9p\u00e9t\u00e9s, l\u2019inaction demeure la r\u00e8gle. On parle d\u2019adaptation, de r\u00e9silience, de plans \u00e0 long terme, mais sur le terrain, les habitants des zones \u00e0 risque constatent surtout l\u2019absence de d\u00e9cisions courageuses. Pendant que les mod\u00e8les climatiques sont revus \u00e0 la hausse, que les temp\u00eates gagnent en intensit\u00e9 et que des pans entiers du littoral se fragilisent, la r\u00e9ponse politique reste timor\u00e9e. Jusqu\u2019\u00e0 quand faudra-t-il attendre avant que des mesures concr\u00e8tes ne soient prises ?<\/p>\n<h2 data-start=\"1035\" data-end=\"1095\"><strong data-start=\"1038\" data-end=\"1093\">Une menace bien r\u00e9elle, minimis\u00e9e par les d\u00e9cideurs<\/strong><\/h2>\n<p data-start=\"1097\" data-end=\"1613\">Les chiffres sont sans appel : la mont\u00e9e des eaux s\u2019acc\u00e9l\u00e8re. Selon la NASA, l\u2019\u00e9l\u00e9vation du niveau de la mer pourrait atteindre <strong data-start=\"1225\" data-end=\"1248\">un m\u00e8tre d\u2019ici 2100<\/strong>, un chiffre qui remet en cause l\u2019habitabilit\u00e9 de nombreuses zones c\u00f4ti\u00e8res. Et pourtant, l\u2019attention m\u00e9diatique et politique reste largement en de\u00e7\u00e0 de l\u2019ampleur du probl\u00e8me. Il suffit de voir le traitement de l\u2019information pour comprendre : entre deux crises \u00e9conomiques et des pol\u00e9miques politiciennes, le p\u00e9ril climatique peine \u00e0 s\u2019imposer comme une priorit\u00e9.<\/p>\n<p data-start=\"1615\" data-end=\"2077\">Pourtant, les signes sont l\u00e0. En <a href=\"https:\/\/discover.ulysse.com\/coin-de-bretagne-affiche-temperatures-du-sud\">Bretagne<\/a>, en Normandie, en Nouvelle-Aquitaine ou encore en Occitanie, les temp\u00eates successives grignotent inexorablement les c\u00f4tes. Des maisons s\u2019effondrent, des routes sont rong\u00e9es par l\u2019oc\u00e9an, des terres autrefois consid\u00e9r\u00e9es comme s\u00fbres deviennent inhabitables. Malgr\u00e9 ces preuves \u00e9videntes, on continue \u00e0 construire en bord de mer, \u00e0 accorder des permis dans des zones vuln\u00e9rables et \u00e0 repousser les d\u00e9cisions impopulaires.<\/p>\n<p data-start=\"2079\" data-end=\"2503\">\u00c0 ce jour, les plans d\u2019adaptation se limitent essentiellement \u00e0 des renforcements de digues et \u00e0 des \u00e9tudes sur le long terme. Or, ces mesures ne sont que des pansements sur une plaie b\u00e9ante. Dans certaines communes, il faudrait envisager des relocalisations, interdire la construction dans des secteurs expos\u00e9s et repenser totalement l\u2019am\u00e9nagement du territoire. Mais qui veut assumer une telle responsabilit\u00e9 politique ?<\/p>\n<h2 data-start=\"2505\" data-end=\"2560\"><strong data-start=\"2508\" data-end=\"2558\">Faut-il attendre une catastrophe pour r\u00e9agir ?<\/strong><\/h2>\n<p data-start=\"2562\" data-end=\"3186\">L\u2019histoire r\u00e9cente montre que c\u2019est souvent la strat\u00e9gie adopt\u00e9e : attendre qu\u2019un d\u00e9sastre se produise avant d\u2019agir. La <strong>temp\u00eate Xynthia en 2010<\/strong> en est un exemple frappant. Avec ses 47 morts et des d\u00e9g\u00e2ts consid\u00e9rables, elle a mis en lumi\u00e8re l\u2019incurie des politiques d\u2019am\u00e9nagement du littoral. Dans les mois qui ont suivi, les autorit\u00e9s ont pris des d\u00e9cisions plus fermes, imposant la destruction de certaines habitations situ\u00e9es en zone inondable. Mais cette r\u00e9action ponctuelle n\u2019a pas conduit \u00e0 une remise en question globale. Depuis, les mises en garde des scientifiques se multiplient, sans r\u00e9elle prise de conscience.<\/p>\n<p data-start=\"3188\" data-end=\"3628\">La France est-elle condamn\u00e9e \u00e0 r\u00e9p\u00e9ter le m\u00eame sch\u00e9ma ? Faudra-t-il attendre qu\u2019une grande ville comme <a href=\"https:\/\/discover.ulysse.com\/station-de-ski-bordeaux-totalement-gratuite\">Bordeaux<\/a> ou Marseille soit gravement touch\u00e9e pour que les autorit\u00e9s prennent enfin la mesure du danger ? La mont\u00e9e des eaux n\u2019est pas un sc\u00e9nario hypoth\u00e9tique, c\u2019est une r\u00e9alit\u00e9 qui se joue maintenant. Mais \u00e0 \u00e9couter les d\u00e9cideurs, on pourrait croire qu\u2019il reste du temps, que des solutions techniques magiques viendront tout r\u00e9soudre.<\/p>\n<p data-start=\"3630\" data-end=\"4047\">Dans d\u2019autres pays, des mesures radicales sont d\u00e9j\u00e0 mises en place. Aux <a href=\"https:\/\/discover.ulysse.com\/pays-bas-villes-et-paysages\">Pays-Bas<\/a>, la gestion des eaux est une priorit\u00e9 absolue, avec des investissements massifs pour prot\u00e9ger les territoires. Aux \u00c9tats-Unis, certaines r\u00e9gions comme la Louisiane commencent \u00e0 planifier des d\u00e9placements de population face \u00e0 la mont\u00e9e des eaux. En France, on pr\u00e9f\u00e8re temporiser, reporter, analyser\u2026 jusqu\u2019au jour o\u00f9 il sera trop tard.<\/p>\n<p data-start=\"4049\" data-end=\"4418\" data-is-last-node=\"\" data-is-only-node=\"\">Le constat est amer : les alertes de la NASA, les appels des climatologues et les ph\u00e9nom\u00e8nes observables ne suffisent pas \u00e0 d\u00e9clencher une mobilisation \u00e0 la hauteur du d\u00e9fi. Tant que le sujet restera trait\u00e9 comme une simple variable dans les discours politiques, les habitants des c\u00f4tes fran\u00e7aises resteront livr\u00e9s \u00e0 eux-m\u00eames, face \u00e0 une mer qui avance inexorablement.<\/p>\n","protected":false},"excerpt":{"rendered":"<p>La NASA vient de publier des donn\u00e9es inqui\u00e9tantes : le niveau des mers augmente plus vite que pr\u00e9vu. Depuis des [&hellip;]<\/p>\n","protected":false},"author":4,"featured_media":26870,"comment_status":"open","ping_status":"closed","sticky":false,"template":"","format":"standard","meta":{"_acf_changed":false,"_sitemap_exclude":false,"_sitemap_priority":"","_sitemap_frequency":"","footnotes":"","rank_math_title":"","rank_math_description":"","rank_math_canonical_url":"","rank_math_focus_keyword":"eau"},"categories":[3],"tags":[],"class_list":["post-26869","post","type-post","status-publish","format-standard","has-post-thumbnail","hentry","category-voyage"],"acf":[],"_links":{"self":[{"href":"https:\/\/ulysse.com\/news\/wp-json\/wp\/v2\/posts\/26869","targetHints":{"allow":["GET"]}}],"collection":[{"href":"https:\/\/ulysse.com\/news\/wp-json\/wp\/v2\/posts"}],"about":[{"href":"https:\/\/ulysse.com\/news\/wp-json\/wp\/v2\/types\/post"}],"author":[{"embeddable":true,"href":"https:\/\/ulysse.com\/news\/wp-json\/wp\/v2\/users\/4"}],"replies":[{"embeddable":true,"href":"https:\/\/ulysse.com\/news\/wp-json\/wp\/v2\/comments?post=26869"}],"version-history":[{"count":2,"href":"https:\/\/ulysse.com\/news\/wp-json\/wp\/v2\/posts\/26869\/revisions"}],"predecessor-version":[{"id":26872,"href":"https:\/\/ulysse.com\/news\/wp-json\/wp\/v2\/posts\/26869\/revisions\/26872"}],"wp:featuredmedia":[{"embeddable":true,"href":"https:\/\/ulysse.com\/news\/wp-json\/wp\/v2\/media\/26870"}],"wp:attachment":[{"href":"https:\/\/ulysse.com\/news\/wp-json\/wp\/v2\/media?parent=26869"}],"wp:term":[{"taxonomy":"category","embeddable":true,"href":"https:\/\/ulysse.com\/news\/wp-json\/wp\/v2\/categories?post=26869"},{"taxonomy":"post_tag","embeddable":true,"href":"https:\/\/ulysse.com\/news\/wp-json\/wp\/v2\/tags?post=26869"}],"curies":[{"name":"wp","href":"https:\/\/api.w.org\/{rel}","templated":true}]}}