{"id":26873,"date":"2025-03-16T09:00:18","date_gmt":"2025-03-16T08:00:18","guid":{"rendered":"https:\/\/discover.ulysse.com\/?p=26873"},"modified":"2025-03-15T22:40:38","modified_gmt":"2025-03-15T21:40:38","slug":"etretat-fecamp-nouvel-effondrement-dangereux","status":"publish","type":"post","link":"https:\/\/ulysse.com\/news\/etretat-fecamp-nouvel-effondrement-dangereux","title":{"rendered":"Entre \u00c9tretat et F\u00e9camp, un nouvel effondrement met en danger la c\u00f4te normande"},"content":{"rendered":"<p data-start=\"85\" data-end=\"447\">Un nouvel \u00e9boulement a frapp\u00e9 le littoral de Seine-Maritime, entre \u00c9tretat et F\u00e9camp, dans la commune des Loges. Une falaise s\u2019est effondr\u00e9e, confirmant une fois de plus la fragilit\u00e9 de la c\u00f4te normande. Et maintenant ? Rien. Comme toujours, on se contente de constater les d\u00e9g\u00e2ts, d\u2019appeler \u00e0 la prudence, mais sans jamais prendre le probl\u00e8me \u00e0 bras-le-corps.<\/p>\n<h2 data-start=\"449\" data-end=\"493\"><strong data-start=\"452\" data-end=\"491\">Un effondrement parmi tant d\u2019autres<\/strong><\/h2>\n<p data-start=\"495\" data-end=\"884\">Jeudi 13 mars 2025, un pan de falaise s\u2019est \u00e9croul\u00e9, mena\u00e7ant un peu plus le littoral normand. La mairie des Loges a imm\u00e9diatement rappel\u00e9 l\u2019interdiction d\u2019acc\u00e8s \u00e0 la plage et restreint la circulation dans la valleuse, soulignant que d\u2019autres \u00e9boulements sont \u00e0 pr\u00e9voir. Une prudence de fa\u00e7ade qui masque une r\u00e9alit\u00e9 plus inqui\u00e9tante : ces \u00e9v\u00e9nements ne sont ni isol\u00e9s, ni impr\u00e9visibles.<\/p>\n<p data-start=\"886\" data-end=\"1367\">En juillet 2024, Octeville-sur-Mer avait d\u00e9j\u00e0 connu un effondrement spectaculaire sur <strong data-start=\"972\" data-end=\"993\">50 m\u00e8tres de long<\/strong>. En f\u00e9vrier 2025, une autre falaise s\u2019est effondr\u00e9e entre <strong data-start=\"1052\" data-end=\"1094\"><a href=\"https:\/\/discover.ulysse.com\/2h30-paris-village-normand-plus-beaux-de-france\">Veules-les-Roses<\/a> et Sotteville-sur-Mer<\/strong>. Ces chutes de terrain ne sont pas des incidents al\u00e9atoires, mais les sympt\u00f4mes \u00e9vidents d\u2019un probl\u00e8me structurel : l\u2019\u00e9rosion du littoral s\u2019acc\u00e9l\u00e8re, et personne ne semble d\u00e9cid\u00e9 \u00e0 agir autrement qu\u2019en dressant des barri\u00e8res et en placardant des panneaux d\u2019interdiction.<\/p>\n<h2 data-start=\"1369\" data-end=\"1431\"><strong data-start=\"1372\" data-end=\"1429\">Une catastrophe au ralenti, ignor\u00e9e par les autorit\u00e9s<\/strong><\/h2>\n<p data-start=\"1433\" data-end=\"1811\">Chaque ann\u00e9e, la c\u00f4te normande recule sous l\u2019effet combin\u00e9 des temp\u00eates, de la mont\u00e9e des eaux et du ruissellement. Les scientifiques l\u2019affirment depuis des d\u00e9cennies : <strong>l\u2019\u00e9rosion s\u2019acc\u00e9l\u00e8re<\/strong> et il est urgent d\u2019adopter des solutions durables. Mais au lieu d\u2019un plan d\u2019action, on se contente de r\u00e9agir apr\u00e8s coup, en esp\u00e9rant que le prochain effondrement ne fera pas de victimes.<\/p>\n<p data-start=\"1813\" data-end=\"2088\">Faut-il attendre qu\u2019une catastrophe humaine survienne pour voir enfin une vraie politique de gestion du littoral \u00e9merger ? Combien de temps encore avant que les habitants et les collectivit\u00e9s locales cessent d\u2019\u00eatre abandonn\u00e9s face \u00e0 un probl\u00e8me qui ne fera que s\u2019aggraver ?<\/p>\n<p data-start=\"2090\" data-end=\"2244\" data-is-last-node=\"\" data-is-only-node=\"\">Le littoral normand est en train de dispara\u00eetre sous nos yeux, et pour l\u2019instant, personne ne semble vouloir faire autre chose que commenter la situation.<\/p>\n","protected":false},"excerpt":{"rendered":"<p>Un nouvel \u00e9boulement a frapp\u00e9 le littoral de Seine-Maritime, entre \u00c9tretat et F\u00e9camp, dans la commune des Loges. Une falaise [&hellip;]<\/p>\n","protected":false},"author":4,"featured_media":26874,"comment_status":"open","ping_status":"closed","sticky":false,"template":"","format":"standard","meta":{"_acf_changed":false,"_sitemap_exclude":false,"_sitemap_priority":"","_sitemap_frequency":"","footnotes":"","rank_math_title":"","rank_math_description":"","rank_math_canonical_url":"","rank_math_focus_keyword":"effondrement"},"categories":[3],"tags":[],"class_list":["post-26873","post","type-post","status-publish","format-standard","has-post-thumbnail","hentry","category-voyage"],"acf":[],"_links":{"self":[{"href":"https:\/\/ulysse.com\/news\/wp-json\/wp\/v2\/posts\/26873","targetHints":{"allow":["GET"]}}],"collection":[{"href":"https:\/\/ulysse.com\/news\/wp-json\/wp\/v2\/posts"}],"about":[{"href":"https:\/\/ulysse.com\/news\/wp-json\/wp\/v2\/types\/post"}],"author":[{"embeddable":true,"href":"https:\/\/ulysse.com\/news\/wp-json\/wp\/v2\/users\/4"}],"replies":[{"embeddable":true,"href":"https:\/\/ulysse.com\/news\/wp-json\/wp\/v2\/comments?post=26873"}],"version-history":[{"count":1,"href":"https:\/\/ulysse.com\/news\/wp-json\/wp\/v2\/posts\/26873\/revisions"}],"predecessor-version":[{"id":26875,"href":"https:\/\/ulysse.com\/news\/wp-json\/wp\/v2\/posts\/26873\/revisions\/26875"}],"wp:featuredmedia":[{"embeddable":true,"href":"https:\/\/ulysse.com\/news\/wp-json\/wp\/v2\/media\/26874"}],"wp:attachment":[{"href":"https:\/\/ulysse.com\/news\/wp-json\/wp\/v2\/media?parent=26873"}],"wp:term":[{"taxonomy":"category","embeddable":true,"href":"https:\/\/ulysse.com\/news\/wp-json\/wp\/v2\/categories?post=26873"},{"taxonomy":"post_tag","embeddable":true,"href":"https:\/\/ulysse.com\/news\/wp-json\/wp\/v2\/tags?post=26873"}],"curies":[{"name":"wp","href":"https:\/\/api.w.org\/{rel}","templated":true}]}}