{"id":26920,"date":"2025-03-16T17:00:24","date_gmt":"2025-03-16T16:00:24","guid":{"rendered":"https:\/\/discover.ulysse.com\/?p=26920"},"modified":"2025-03-16T12:39:52","modified_gmt":"2025-03-16T11:39:52","slug":"1h-bayonne-joyau-medieval-montagnes-riviere","status":"publish","type":"post","link":"https:\/\/ulysse.com\/news\/1h-bayonne-joyau-medieval-montagnes-riviere","title":{"rendered":"\u00c0 1h de Bayonne, ce joyau m\u00e9di\u00e9val est cach\u00e9 entre montagnes et rivi\u00e8re"},"content":{"rendered":"<p data-start=\"71\" data-end=\"562\">Il existe des endroits o\u00f9 l\u2019histoire semble s\u2019\u00eatre fig\u00e9e, o\u00f9 chaque pierre raconte une l\u00e9gende, et o\u00f9 les paysages offrent une parenth\u00e8se hors du temps. Sauveterre-de-B\u00e9arn, pos\u00e9 sur son \u00e9peron rocheux dominant le gave d\u2019Oloron, fait partie de ces lieux o\u00f9 l\u2019on a l\u2019impression de voyager \u00e0 travers les si\u00e8cles. Avec ses ruelles pav\u00e9es, son pont charg\u00e9 de myst\u00e8re et sa vue imprenable sur les Pyr\u00e9n\u00e9es, ce village m\u00e9di\u00e9val est une invitation \u00e0 la d\u00e9couverte, au calme et \u00e0 la contemplation.<\/p>\n<p data-start=\"564\" data-end=\"1034\">Loin des circuits touristiques classiques, Sauveterre-de-B\u00e9arn s\u00e9duit par son authenticit\u00e9. Ici, pas de boutiques de souvenirs tapageuses ni de bus remplis de visiteurs press\u00e9s. Ce petit bijou du B\u00e9arn est un refuge pour les amoureux de patrimoine, de nature et de s\u00e9r\u00e9nit\u00e9. On s\u2019y perd avec plaisir, entre vestiges fortifi\u00e9s, panoramas enchanteurs et pauses gourmandes o\u00f9 la gastronomie locale r\u00e9chauffe le c\u0153ur. Mais que r\u00e9serve vraiment cette escale hors du temps ?<\/p>\n<h2 data-start=\"1036\" data-end=\"1075\">Un d\u00e9cor digne d\u2019un roman m\u00e9di\u00e9val<\/h2>\n<p data-start=\"1077\" data-end=\"1326\">D\u00e8s l\u2019arriv\u00e9e \u00e0 Sauveterre-de-B\u00e9arn, le charme op\u00e8re. Perch\u00e9 sur une falaise surplombant le gave d\u2019Oloron, le village offre un d\u00e9cor spectaculaire. Son patrimoine architectural, remarquablement conserv\u00e9, plonge imm\u00e9diatement dans une autre \u00e9poque.<\/p>\n<p data-start=\"1328\" data-end=\"1722\">Au c\u0153ur du bourg, l\u2019\u00e9glise Saint-Andr\u00e9, imposante par sa silhouette gothique, rappelle la puissance pass\u00e9e de ce bastion du royaume de Navarre. Ses pierres, patin\u00e9es par les si\u00e8cles, contrastent avec le ciel souvent lumineux du B\u00e9arn. \u00c0 quelques pas, la tour Monr\u00e9al, vestige d\u2019un ancien ch\u00e2teau, se dresse fi\u00e8rement, offrant une vue imprenable sur la vall\u00e9e et les montagnes en arri\u00e8re-plan.<\/p>\n<p data-start=\"1724\" data-end=\"2181\">Mais l\u2019embl\u00e8me incontest\u00e9 du village reste le c\u00e9l\u00e8bre <strong data-start=\"1778\" data-end=\"1800\">pont de la L\u00e9gende<\/strong>. Ce passage m\u00e9di\u00e9val enjambe le gave dans un cadre presque irr\u00e9el. Son nom provient d\u2019une histoire tragique : selon la l\u00e9gende, la reine Sancie, accus\u00e9e \u00e0 tort d\u2019infid\u00e9lit\u00e9, fut contrainte de prouver son innocence en se jetant dans les eaux tumultueuses du gave. Miraculeusement sauv\u00e9e, elle fut r\u00e9habilit\u00e9e, et le pont garda \u00e0 jamais ce souvenir empreint de drame et de po\u00e9sie.<\/p>\n<p data-start=\"2183\" data-end=\"2487\">Fl\u00e2ner dans les ruelles pav\u00e9es du village, c\u2019est s\u2019offrir un voyage \u00e0 travers le temps. Chaque coin de rue, chaque pierre semble murmurer des histoires anciennes. Le silence y est presque religieux, seulement troubl\u00e9 par le vent qui s\u2019engouffre entre les murs de pierre et le chant discret des oiseaux.<\/p>\n<blockquote class=\"instagram-media\" style=\"background: #FFF; border: 0; border-radius: 3px; box-shadow: 0 0 1px 0 rgba(0,0,0,0.5),0 1px 10px 0 rgba(0,0,0,0.15); margin: 1px; max-width: 540px; min-width: 326px; padding: 0; width: calc(100% - 2px);\" data-instgrm-captioned=\"\" data-instgrm-permalink=\"https:\/\/www.instagram.com\/p\/CtvXoxqstZ9\/?utm_source=ig_embed&amp;utm_campaign=loading\" data-instgrm-version=\"14\">\n<div style=\"padding: 16px;\">\n<p>&nbsp;<\/p>\n<div style=\"display: flex; flex-direction: row; align-items: center;\">\n<div style=\"background-color: #f4f4f4; border-radius: 50%; flex-grow: 0; height: 40px; margin-right: 14px; width: 40px;\"><\/div>\n<div style=\"display: flex; flex-direction: column; flex-grow: 1; justify-content: center;\">\n<div style=\"background-color: #f4f4f4; border-radius: 4px; flex-grow: 0; height: 14px; margin-bottom: 6px; width: 100px;\"><\/div>\n<div style=\"background-color: #f4f4f4; border-radius: 4px; flex-grow: 0; height: 14px; width: 60px;\"><\/div>\n<\/div>\n<\/div>\n<div style=\"padding: 19% 0;\"><\/div>\n<div style=\"display: block; height: 50px; margin: 0 auto 12px; width: 50px;\"><\/div>\n<div style=\"padding-top: 8px;\">\n<div style=\"color: #3897f0; font-family: Arial,sans-serif; font-size: 14px; font-style: normal; font-weight: 550; line-height: 18px;\">Voir cette publication sur Instagram<\/div>\n<\/div>\n<div style=\"padding: 12.5% 0;\"><\/div>\n<div style=\"display: flex; flex-direction: row; margin-bottom: 14px; align-items: center;\">\n<div>\n<div style=\"background-color: #f4f4f4; border-radius: 50%; height: 12.5px; width: 12.5px; transform: translateX(0px) translateY(7px);\"><\/div>\n<div style=\"background-color: #f4f4f4; height: 12.5px; transform: rotate(-45deg) translateX(3px) translateY(1px); width: 12.5px; flex-grow: 0; margin-right: 14px; margin-left: 2px;\"><\/div>\n<div style=\"background-color: #f4f4f4; border-radius: 50%; height: 12.5px; width: 12.5px; transform: translateX(9px) translateY(-18px);\"><\/div>\n<\/div>\n<div style=\"margin-left: 8px;\">\n<div style=\"background-color: #f4f4f4; border-radius: 50%; flex-grow: 0; height: 20px; width: 20px;\"><\/div>\n<div style=\"width: 0; height: 0; border-top: 2px solid transparent; border-left: 6px solid #f4f4f4; border-bottom: 2px solid transparent; transform: translateX(16px) translateY(-4px) rotate(30deg);\"><\/div>\n<\/div>\n<div style=\"margin-left: auto;\">\n<div style=\"width: 0px; border-top: 8px solid #F4F4F4; border-right: 8px solid transparent; transform: translateY(16px);\"><\/div>\n<div style=\"background-color: #f4f4f4; flex-grow: 0; height: 12px; width: 16px; transform: translateY(-4px);\"><\/div>\n<div style=\"width: 0; height: 0; border-top: 8px solid #F4F4F4; border-left: 8px solid transparent; transform: translateY(-4px) translateX(8px);\"><\/div>\n<\/div>\n<\/div>\n<div style=\"display: flex; flex-direction: column; flex-grow: 1; justify-content: center; margin-bottom: 24px;\">\n<div style=\"background-color: #f4f4f4; border-radius: 4px; flex-grow: 0; height: 14px; margin-bottom: 6px; width: 224px;\"><\/div>\n<div style=\"background-color: #f4f4f4; border-radius: 4px; flex-grow: 0; height: 14px; width: 144px;\"><\/div>\n<\/div>\n<p>&nbsp;<\/p>\n<p style=\"color: #c9c8cd; font-family: Arial,sans-serif; font-size: 14px; line-height: 17px; margin-bottom: 0; margin-top: 8px; overflow: hidden; padding: 8px 0 7px; text-align: center; text-overflow: ellipsis; white-space: nowrap;\"><a style=\"color: #c9c8cd; font-family: Arial,sans-serif; font-size: 14px; font-style: normal; font-weight: normal; line-height: 17px; text-decoration: none;\" href=\"https:\/\/www.instagram.com\/p\/CtvXoxqstZ9\/?utm_source=ig_embed&amp;utm_campaign=loading\" target=\"_blank\" rel=\"noopener\">Une publication partag\u00e9e par Valeria Cavallini (@valeria.cavallini.7)<\/a><\/p>\n<\/div>\n<\/blockquote>\n<p><script async src=\"\/\/www.instagram.com\/embed.js\"><\/script><\/p>\n<h2 data-start=\"2489\" data-end=\"2560\">Un paradis pour les amoureux de nature et d\u2019activit\u00e9s en plein air<\/h2>\n<p data-start=\"2562\" data-end=\"2797\">Si Sauveterre-de-B\u00e9arn est une merveille architecturale, son environnement naturel est tout aussi envo\u00fbtant. Situ\u00e9 aux portes des <a href=\"https:\/\/discover.ulysse.com\/station-thermale-week-end-pyrenees\">Pyr\u00e9n\u00e9es<\/a>, le village est entour\u00e9 de paysages verdoyants o\u00f9 la nature s\u2019exprime dans toute sa splendeur.<\/p>\n<p data-start=\"2799\" data-end=\"3167\">Le gave d\u2019Oloron, qui serpente au pied du village, est un terrain de jeu id\u00e9al pour les amateurs de sports nautiques. Sa r\u00e9putation en tant que <strong data-start=\"2943\" data-end=\"2964\">rivi\u00e8re \u00e0 saumons<\/strong> attire les passionn\u00e9s de p\u00eache du monde entier. L\u2019eau limpide et les courants vifs en font \u00e9galement un excellent spot pour le kayak et le rafting, offrant une immersion totale dans un cadre pr\u00e9serv\u00e9.<\/p>\n<p data-start=\"3169\" data-end=\"3535\">Les <a href=\"https:\/\/discover.ulysse.com\/qui-peut-faire-cette-ascension-spectaculaire-dans-les-hautes-pyrenees\">randonneurs<\/a> ne seront pas en reste. De nombreux sentiers sillonnent la vall\u00e9e, offrant des points de vue \u00e9poustouflants sur les sommets pyr\u00e9n\u00e9ens. Certains chemins longent le gave, invitant \u00e0 des balades paisibles au fil de l\u2019eau, tandis que d\u2019autres grimpent vers les collines avoisinantes, offrant des panoramas \u00e0 couper le souffle sur la campagne b\u00e9arnaise.<\/p>\n<p data-start=\"3537\" data-end=\"3886\">\u00c0 v\u00e9lo ou \u00e0 pied, explorer les environs de Sauveterre-de-B\u00e9arn, c\u2019est savourer une nature encore intacte, loin du tumulte des grandes villes. Ici, chaque d\u00e9tour r\u00e9serve une surprise, qu\u2019il s\u2019agisse d\u2019un vieux moulin cach\u00e9, d\u2019un champ de tournesols ondulant sous la brise ou d\u2019une ferme accueillante proposant du fromage artisanal et du miel local.<\/p>\n<blockquote class=\"instagram-media\" style=\"background: #FFF; border: 0; border-radius: 3px; box-shadow: 0 0 1px 0 rgba(0,0,0,0.5),0 1px 10px 0 rgba(0,0,0,0.15); margin: 1px; max-width: 540px; min-width: 326px; padding: 0; width: calc(100% - 2px);\" data-instgrm-captioned=\"\" data-instgrm-permalink=\"https:\/\/www.instagram.com\/p\/Cw2kPoNsrsz\/?utm_source=ig_embed&amp;utm_campaign=loading\" data-instgrm-version=\"14\">\n<div style=\"padding: 16px;\">\n<p>&nbsp;<\/p>\n<div style=\"display: flex; flex-direction: row; align-items: center;\">\n<div style=\"background-color: #f4f4f4; border-radius: 50%; flex-grow: 0; height: 40px; margin-right: 14px; width: 40px;\"><\/div>\n<div style=\"display: flex; flex-direction: column; flex-grow: 1; justify-content: center;\">\n<div style=\"background-color: #f4f4f4; border-radius: 4px; flex-grow: 0; height: 14px; margin-bottom: 6px; width: 100px;\"><\/div>\n<div style=\"background-color: #f4f4f4; border-radius: 4px; flex-grow: 0; height: 14px; width: 60px;\"><\/div>\n<\/div>\n<\/div>\n<div style=\"padding: 19% 0;\"><\/div>\n<div style=\"display: block; height: 50px; margin: 0 auto 12px; width: 50px;\"><\/div>\n<div style=\"padding-top: 8px;\">\n<div style=\"color: #3897f0; font-family: Arial,sans-serif; font-size: 14px; font-style: normal; font-weight: 550; line-height: 18px;\">Voir cette publication sur Instagram<\/div>\n<\/div>\n<div style=\"padding: 12.5% 0;\"><\/div>\n<div style=\"display: flex; flex-direction: row; margin-bottom: 14px; align-items: center;\">\n<div>\n<div style=\"background-color: #f4f4f4; border-radius: 50%; height: 12.5px; width: 12.5px; transform: translateX(0px) translateY(7px);\"><\/div>\n<div style=\"background-color: #f4f4f4; height: 12.5px; transform: rotate(-45deg) translateX(3px) translateY(1px); width: 12.5px; flex-grow: 0; margin-right: 14px; margin-left: 2px;\"><\/div>\n<div style=\"background-color: #f4f4f4; border-radius: 50%; height: 12.5px; width: 12.5px; transform: translateX(9px) translateY(-18px);\"><\/div>\n<\/div>\n<div style=\"margin-left: 8px;\">\n<div style=\"background-color: #f4f4f4; border-radius: 50%; flex-grow: 0; height: 20px; width: 20px;\"><\/div>\n<div style=\"width: 0; height: 0; border-top: 2px solid transparent; border-left: 6px solid #f4f4f4; border-bottom: 2px solid transparent; transform: translateX(16px) translateY(-4px) rotate(30deg);\"><\/div>\n<\/div>\n<div style=\"margin-left: auto;\">\n<div style=\"width: 0px; border-top: 8px solid #F4F4F4; border-right: 8px solid transparent; transform: translateY(16px);\"><\/div>\n<div style=\"background-color: #f4f4f4; flex-grow: 0; height: 12px; width: 16px; transform: translateY(-4px);\"><\/div>\n<div style=\"width: 0; height: 0; border-top: 8px solid #F4F4F4; border-left: 8px solid transparent; transform: translateY(-4px) translateX(8px);\"><\/div>\n<\/div>\n<\/div>\n<div style=\"display: flex; flex-direction: column; flex-grow: 1; justify-content: center; margin-bottom: 24px;\">\n<div style=\"background-color: #f4f4f4; border-radius: 4px; flex-grow: 0; height: 14px; margin-bottom: 6px; width: 224px;\"><\/div>\n<div style=\"background-color: #f4f4f4; border-radius: 4px; flex-grow: 0; height: 14px; width: 144px;\"><\/div>\n<\/div>\n<p>&nbsp;<\/p>\n<p style=\"color: #c9c8cd; font-family: Arial,sans-serif; font-size: 14px; line-height: 17px; margin-bottom: 0; margin-top: 8px; overflow: hidden; padding: 8px 0 7px; text-align: center; text-overflow: ellipsis; white-space: nowrap;\"><a style=\"color: #c9c8cd; font-family: Arial,sans-serif; font-size: 14px; font-style: normal; font-weight: normal; line-height: 17px; text-decoration: none;\" href=\"https:\/\/www.instagram.com\/p\/Cw2kPoNsrsz\/?utm_source=ig_embed&amp;utm_campaign=loading\" target=\"_blank\" rel=\"noopener\">Une publication partag\u00e9e par Marguerite Lassabe (@margo_travel_fr)<\/a><\/p>\n<\/div>\n<\/blockquote>\n<p><script async src=\"\/\/www.instagram.com\/embed.js\"><\/script><\/p>\n<h2 data-start=\"3888\" data-end=\"3940\">Un terroir gourmand et des saveurs authentiques<\/h2>\n<p data-start=\"3942\" data-end=\"4130\">Difficile de visiter le B\u00e9arn sans succomber \u00e0 ses sp\u00e9cialit\u00e9s culinaires. Sauveterre-de-B\u00e9arn, fid\u00e8le \u00e0 son terroir, offre une cuisine g\u00e9n\u00e9reuse o\u00f9 les produits locaux sont \u00e0 l\u2019honneur.<\/p>\n<p data-start=\"4132\" data-end=\"4513\">Les restaurants du village et des alentours proposent des plats typiques qui r\u00e9chauffent le c\u0153ur. Le <strong data-start=\"4233\" data-end=\"4244\">garbure<\/strong>, une soupe paysanne mijot\u00e9e avec des l\u00e9gumes et du confit de canard, fait partie des incontournables. Les amateurs de viandes appr\u00e9cieront \u00e9galement le <strong data-start=\"4397\" data-end=\"4417\">magret de canard<\/strong> ou l\u2019<strong data-start=\"4423\" data-end=\"4454\">agneau de lait des Pyr\u00e9n\u00e9es<\/strong>, dont la tendret\u00e9 est r\u00e9put\u00e9e bien au-del\u00e0 de la r\u00e9gion.<\/p>\n<p data-start=\"4515\" data-end=\"4815\">Les fromages ne sont pas en reste, notamment le <strong data-start=\"4563\" data-end=\"4584\">fromage de brebis<\/strong>, souvent accompagn\u00e9 de confiture de cerises noires, un m\u00e9lange sucr\u00e9-sal\u00e9 irr\u00e9sistible. Et pour accompagner ces mets, quoi de mieux qu\u2019un verre de <strong data-start=\"4732\" data-end=\"4744\">Juran\u00e7on<\/strong>, vin blanc local aux ar\u00f4mes subtils de miel et de fruits exotiques ?<\/p>\n<p data-start=\"4817\" data-end=\"5124\">Le march\u00e9 de Sauveterre-de-B\u00e9arn, qui se tient r\u00e9guli\u00e8rement, est l\u2019endroit id\u00e9al pour d\u00e9couvrir ces saveurs authentiques. Entre les \u00e9tals de charcuterie, de miel et de p\u00e2tisseries locales, il suffit de tendre l\u2019oreille pour entendre l\u2019accent chantant des producteurs, fiers de partager leur savoir-faire.<\/p>\n<blockquote class=\"instagram-media\" style=\"background: #FFF; border: 0; border-radius: 3px; box-shadow: 0 0 1px 0 rgba(0,0,0,0.5),0 1px 10px 0 rgba(0,0,0,0.15); margin: 1px; max-width: 540px; min-width: 326px; padding: 0; width: calc(100% - 2px);\" data-instgrm-captioned=\"\" data-instgrm-permalink=\"https:\/\/www.instagram.com\/p\/C5GX3OboXbn\/?utm_source=ig_embed&amp;utm_campaign=loading\" data-instgrm-version=\"14\">\n<div style=\"padding: 16px;\">\n<p>&nbsp;<\/p>\n<div style=\"display: flex; flex-direction: row; align-items: center;\">\n<div style=\"background-color: #f4f4f4; border-radius: 50%; flex-grow: 0; height: 40px; margin-right: 14px; width: 40px;\"><\/div>\n<div style=\"display: flex; flex-direction: column; flex-grow: 1; justify-content: center;\">\n<div style=\"background-color: #f4f4f4; border-radius: 4px; flex-grow: 0; height: 14px; margin-bottom: 6px; width: 100px;\"><\/div>\n<div style=\"background-color: #f4f4f4; border-radius: 4px; flex-grow: 0; height: 14px; width: 60px;\"><\/div>\n<\/div>\n<\/div>\n<div style=\"padding: 19% 0;\"><\/div>\n<div style=\"display: block; height: 50px; margin: 0 auto 12px; width: 50px;\"><\/div>\n<div style=\"padding-top: 8px;\">\n<div style=\"color: #3897f0; font-family: Arial,sans-serif; font-size: 14px; font-style: normal; font-weight: 550; line-height: 18px;\">Voir cette publication sur Instagram<\/div>\n<\/div>\n<div style=\"padding: 12.5% 0;\"><\/div>\n<div style=\"display: flex; flex-direction: row; margin-bottom: 14px; align-items: center;\">\n<div>\n<div style=\"background-color: #f4f4f4; border-radius: 50%; height: 12.5px; width: 12.5px; transform: translateX(0px) translateY(7px);\"><\/div>\n<div style=\"background-color: #f4f4f4; height: 12.5px; transform: rotate(-45deg) translateX(3px) translateY(1px); width: 12.5px; flex-grow: 0; margin-right: 14px; margin-left: 2px;\"><\/div>\n<div style=\"background-color: #f4f4f4; border-radius: 50%; height: 12.5px; width: 12.5px; transform: translateX(9px) translateY(-18px);\"><\/div>\n<\/div>\n<div style=\"margin-left: 8px;\">\n<div style=\"background-color: #f4f4f4; border-radius: 50%; flex-grow: 0; height: 20px; width: 20px;\"><\/div>\n<div style=\"width: 0; height: 0; border-top: 2px solid transparent; border-left: 6px solid #f4f4f4; border-bottom: 2px solid transparent; transform: translateX(16px) translateY(-4px) rotate(30deg);\"><\/div>\n<\/div>\n<div style=\"margin-left: auto;\">\n<div style=\"width: 0px; border-top: 8px solid #F4F4F4; border-right: 8px solid transparent; transform: translateY(16px);\"><\/div>\n<div style=\"background-color: #f4f4f4; flex-grow: 0; height: 12px; width: 16px; transform: translateY(-4px);\"><\/div>\n<div style=\"width: 0; height: 0; border-top: 8px solid #F4F4F4; border-left: 8px solid transparent; transform: translateY(-4px) translateX(8px);\"><\/div>\n<\/div>\n<\/div>\n<div style=\"display: flex; flex-direction: column; flex-grow: 1; justify-content: center; margin-bottom: 24px;\">\n<div style=\"background-color: #f4f4f4; border-radius: 4px; flex-grow: 0; height: 14px; margin-bottom: 6px; width: 224px;\"><\/div>\n<div style=\"background-color: #f4f4f4; border-radius: 4px; flex-grow: 0; height: 14px; width: 144px;\"><\/div>\n<\/div>\n<p>&nbsp;<\/p>\n<p style=\"color: #c9c8cd; font-family: Arial,sans-serif; font-size: 14px; line-height: 17px; margin-bottom: 0; margin-top: 8px; overflow: hidden; padding: 8px 0 7px; text-align: center; text-overflow: ellipsis; white-space: nowrap;\"><a style=\"color: #c9c8cd; font-family: Arial,sans-serif; font-size: 14px; font-style: normal; font-weight: normal; line-height: 17px; text-decoration: none;\" href=\"https:\/\/www.instagram.com\/p\/C5GX3OboXbn\/?utm_source=ig_embed&amp;utm_campaign=loading\" target=\"_blank\" rel=\"noopener\">Une publication partag\u00e9e par Sarah Sergent (@sarahsergentinparis)<\/a><\/p>\n<\/div>\n<\/blockquote>\n<p><script async src=\"\/\/www.instagram.com\/embed.js\"><\/script><\/p>\n<h2 data-start=\"5126\" data-end=\"5196\">Comment rejoindre Sauveterre-de-B\u00e9arn depuis les grandes villes ?<\/h2>\n<p data-start=\"5198\" data-end=\"5447\">Ce village m\u00e9di\u00e9val est facilement accessible en voiture depuis plusieurs grandes villes fran\u00e7aises. Depuis Pau, il faut compter environ 50 minutes de route en longeant la vall\u00e9e du gave. Bayonne est un peu plus \u00e9loign\u00e9e, \u00e0 environ 1h15 de trajet.<\/p>\n<p data-start=\"5449\" data-end=\"5724\">En train, la gare la plus proche est celle d\u2019Orthez, situ\u00e9e \u00e0 une vingtaine de minutes. Orthez est bien desservie par des lignes reliant Bordeaux, Toulouse et Pau. Depuis Paris, il est possible de rejoindre Orthez en TGV en environ 4h30, avec une correspondance \u00e0 Bordeaux.<\/p>\n<p data-start=\"5726\" data-end=\"5990\">Une fois sur place, une voiture est recommand\u00e9e pour explorer les alentours et profiter pleinement des paysages du B\u00e9arn. Les petites routes serpentant entre collines et vall\u00e9es offrent un cadre id\u00e9al pour un road-trip au c\u0153ur de la campagne basque et b\u00e9arnaise.<\/p>\n<blockquote class=\"instagram-media\" style=\"background: #FFF; border: 0; border-radius: 3px; box-shadow: 0 0 1px 0 rgba(0,0,0,0.5),0 1px 10px 0 rgba(0,0,0,0.15); margin: 1px; max-width: 540px; min-width: 326px; padding: 0; width: calc(100% - 2px);\" data-instgrm-captioned=\"\" data-instgrm-permalink=\"https:\/\/www.instagram.com\/p\/C8ugws4JzkI\/?utm_source=ig_embed&amp;utm_campaign=loading\" data-instgrm-version=\"14\">\n<div style=\"padding: 16px;\">\n<p>&nbsp;<\/p>\n<div style=\"display: flex; flex-direction: row; align-items: center;\">\n<div style=\"background-color: #f4f4f4; border-radius: 50%; flex-grow: 0; height: 40px; margin-right: 14px; width: 40px;\"><\/div>\n<div style=\"display: flex; flex-direction: column; flex-grow: 1; justify-content: center;\">\n<div style=\"background-color: #f4f4f4; border-radius: 4px; flex-grow: 0; height: 14px; margin-bottom: 6px; width: 100px;\"><\/div>\n<div style=\"background-color: #f4f4f4; border-radius: 4px; flex-grow: 0; height: 14px; width: 60px;\"><\/div>\n<\/div>\n<\/div>\n<div style=\"padding: 19% 0;\"><\/div>\n<div style=\"display: block; height: 50px; margin: 0 auto 12px; width: 50px;\"><\/div>\n<div style=\"padding-top: 8px;\">\n<div style=\"color: #3897f0; font-family: Arial,sans-serif; font-size: 14px; font-style: normal; font-weight: 550; line-height: 18px;\">Voir cette publication sur Instagram<\/div>\n<\/div>\n<div style=\"padding: 12.5% 0;\"><\/div>\n<div style=\"display: flex; flex-direction: row; margin-bottom: 14px; align-items: center;\">\n<div>\n<div style=\"background-color: #f4f4f4; border-radius: 50%; height: 12.5px; width: 12.5px; transform: translateX(0px) translateY(7px);\"><\/div>\n<div style=\"background-color: #f4f4f4; height: 12.5px; transform: rotate(-45deg) translateX(3px) translateY(1px); width: 12.5px; flex-grow: 0; margin-right: 14px; margin-left: 2px;\"><\/div>\n<div style=\"background-color: #f4f4f4; border-radius: 50%; height: 12.5px; width: 12.5px; transform: translateX(9px) translateY(-18px);\"><\/div>\n<\/div>\n<div style=\"margin-left: 8px;\">\n<div style=\"background-color: #f4f4f4; border-radius: 50%; flex-grow: 0; height: 20px; width: 20px;\"><\/div>\n<div style=\"width: 0; height: 0; border-top: 2px solid transparent; border-left: 6px solid #f4f4f4; border-bottom: 2px solid transparent; transform: translateX(16px) translateY(-4px) rotate(30deg);\"><\/div>\n<\/div>\n<div style=\"margin-left: auto;\">\n<div style=\"width: 0px; border-top: 8px solid #F4F4F4; border-right: 8px solid transparent; transform: translateY(16px);\"><\/div>\n<div style=\"background-color: #f4f4f4; flex-grow: 0; height: 12px; width: 16px; transform: translateY(-4px);\"><\/div>\n<div style=\"width: 0; height: 0; border-top: 8px solid #F4F4F4; border-left: 8px solid transparent; transform: translateY(-4px) translateX(8px);\"><\/div>\n<\/div>\n<\/div>\n<div style=\"display: flex; flex-direction: column; flex-grow: 1; justify-content: center; margin-bottom: 24px;\">\n<div style=\"background-color: #f4f4f4; border-radius: 4px; flex-grow: 0; height: 14px; margin-bottom: 6px; width: 224px;\"><\/div>\n<div style=\"background-color: #f4f4f4; border-radius: 4px; flex-grow: 0; height: 14px; width: 144px;\"><\/div>\n<\/div>\n<p>&nbsp;<\/p>\n<p style=\"color: #c9c8cd; font-family: Arial,sans-serif; font-size: 14px; line-height: 17px; margin-bottom: 0; margin-top: 8px; overflow: hidden; padding: 8px 0 7px; text-align: center; text-overflow: ellipsis; white-space: nowrap;\"><a style=\"color: #c9c8cd; font-family: Arial,sans-serif; font-size: 14px; font-style: normal; font-weight: normal; line-height: 17px; text-decoration: none;\" href=\"https:\/\/www.instagram.com\/p\/C8ugws4JzkI\/?utm_source=ig_embed&amp;utm_campaign=loading\" target=\"_blank\" rel=\"noopener\">Une publication partag\u00e9e par Be\u0301arn Pyre\u0301ne\u0301es Tourisme (@bearnpyrenees_tourisme)<\/a><\/p>\n<\/div>\n<\/blockquote>\n<p><script async src=\"\/\/www.instagram.com\/embed.js\"><\/script><\/p>\n<h2 data-start=\"5992\" data-end=\"6045\">Une escale hors du temps \u00e0 d\u00e9couvrir sans tarder<\/h2>\n<p data-start=\"6047\" data-end=\"6386\">Sauveterre-de-B\u00e9arn est l\u2019un de ces villages qui captivent imm\u00e9diatement. Entre son riche patrimoine m\u00e9di\u00e9val, ses paysages pr\u00e9serv\u00e9s et son art de vivre \u00e0 la b\u00e9arnaise, il offre une escapade parfaite pour se d\u00e9connecter du quotidien. Ici, le temps s\u2019\u00e9coule diff\u00e9remment, au rythme des cloches de l\u2019\u00e9glise et du courant du gave d\u2019Oloron.<\/p>\n<p data-start=\"6388\" data-end=\"6579\" data-is-last-node=\"\" data-is-only-node=\"\">Que ce soit pour un week-end ou un plus long s\u00e9jour, ce joyau du B\u00e9arn m\u00e9rite qu\u2019on prenne le temps de s\u2019y attarder. Et une fois parti, une seule envie subsiste : y revenir, encore et encore.<\/p>\n","protected":false},"excerpt":{"rendered":"<p>Il existe des endroits o\u00f9 l\u2019histoire semble s\u2019\u00eatre fig\u00e9e, o\u00f9 chaque pierre raconte une l\u00e9gende, et o\u00f9 les paysages offrent [&hellip;]<\/p>\n","protected":false},"author":4,"featured_media":26921,"comment_status":"open","ping_status":"closed","sticky":false,"template":"","format":"standard","meta":{"_acf_changed":false,"_sitemap_exclude":false,"_sitemap_priority":"","_sitemap_frequency":"","footnotes":"","rank_math_title":"","rank_math_description":"","rank_math_canonical_url":"","rank_math_focus_keyword":"medieval"},"categories":[3],"tags":[],"class_list":["post-26920","post","type-post","status-publish","format-standard","has-post-thumbnail","hentry","category-voyage"],"acf":[],"_links":{"self":[{"href":"https:\/\/ulysse.com\/news\/wp-json\/wp\/v2\/posts\/26920","targetHints":{"allow":["GET"]}}],"collection":[{"href":"https:\/\/ulysse.com\/news\/wp-json\/wp\/v2\/posts"}],"about":[{"href":"https:\/\/ulysse.com\/news\/wp-json\/wp\/v2\/types\/post"}],"author":[{"embeddable":true,"href":"https:\/\/ulysse.com\/news\/wp-json\/wp\/v2\/users\/4"}],"replies":[{"embeddable":true,"href":"https:\/\/ulysse.com\/news\/wp-json\/wp\/v2\/comments?post=26920"}],"version-history":[{"count":1,"href":"https:\/\/ulysse.com\/news\/wp-json\/wp\/v2\/posts\/26920\/revisions"}],"predecessor-version":[{"id":26922,"href":"https:\/\/ulysse.com\/news\/wp-json\/wp\/v2\/posts\/26920\/revisions\/26922"}],"wp:featuredmedia":[{"embeddable":true,"href":"https:\/\/ulysse.com\/news\/wp-json\/wp\/v2\/media\/26921"}],"wp:attachment":[{"href":"https:\/\/ulysse.com\/news\/wp-json\/wp\/v2\/media?parent=26920"}],"wp:term":[{"taxonomy":"category","embeddable":true,"href":"https:\/\/ulysse.com\/news\/wp-json\/wp\/v2\/categories?post=26920"},{"taxonomy":"post_tag","embeddable":true,"href":"https:\/\/ulysse.com\/news\/wp-json\/wp\/v2\/tags?post=26920"}],"curies":[{"name":"wp","href":"https:\/\/api.w.org\/{rel}","templated":true}]}}