{"id":26923,"date":"2025-03-16T18:00:32","date_gmt":"2025-03-16T17:00:32","guid":{"rendered":"https:\/\/discover.ulysse.com\/?p=26923"},"modified":"2025-03-16T12:51:39","modified_gmt":"2025-03-16T11:51:39","slug":"printemps-montagne-la-cote-destinations","status":"publish","type":"post","link":"https:\/\/ulysse.com\/news\/printemps-montagne-la-cote-destinations","title":{"rendered":"Le printemps en montagne a la cote : ces destinations qui cartonnent pour les vacances"},"content":{"rendered":"<p>Avec l\u2019arriv\u00e9e des beaux jours, on pourrait croire que la montagne entre en hibernation jusqu\u2019\u00e0 l\u2019hiver prochain. Pourtant, les tendances de r\u00e9servation prouvent le contraire. De plus en plus de voyageurs troquent la plage et les villes pour une escapade en altitude au printemps. Des paysages grandioses, une nature qui se r\u00e9veille, des stations encore enneig\u00e9es et des temp\u00e9ratures id\u00e9ales pour randonner expliquent pourquoi la montagne s\u00e9duit toujours plus \u00e0 cette saison.<\/p>\n<p data-start=\"556\" data-end=\"884\">Cette ann\u00e9e, certaines destinations connaissent un v\u00e9ritable engouement. Que ce soit pour profiter des derni\u00e8res descentes sur les pistes ou explorer des sentiers de randonn\u00e9e sous un soleil printanier, ces lieux attirent de plus en plus de visiteurs. Mais quelles sont les r\u00e9gions qui tirent leur \u00e9pingle du jeu et pourquoi ?<\/p>\n<h2 data-start=\"886\" data-end=\"938\">La Savoie, entre ski de printemps et randonn\u00e9es<\/h2>\n<p data-start=\"940\" data-end=\"1254\">Avec une <strong>augmentation de 55 % des recherches d\u2019h\u00e9bergement<\/strong> par rapport \u00e0 l\u2019ann\u00e9e pr\u00e9c\u00e9dente, la Savoie est en t\u00eate des destinations les plus pris\u00e9es au printemps. Son succ\u00e8s s\u2019explique par la diversit\u00e9 des exp\u00e9riences qu\u2019elle propose, entre neige persistante en altitude et paysages printaniers dans les vall\u00e9es.<\/p>\n<p data-start=\"1256\" data-end=\"1553\">Les stations comme <a href=\"https:\/\/discover.ulysse.com\/val-thorens-station-la-plus-haute-europe\">Val Thorens<\/a>, Tignes ou Val d\u2019Is\u00e8re prolongent la saison jusqu\u2019au 4 mai, permettant aux skieurs de profiter de pistes bien entretenues sous un soleil plus g\u00e9n\u00e9reux. Le ski de printemps offre des journ\u00e9es plus longues et une ambiance plus d\u00e9tendue qu\u2019en pleine saison hivernale.<\/p>\n<p data-start=\"1555\" data-end=\"1861\">D\u00e8s que l\u2019on descend un peu en altitude, <a href=\"https:\/\/discover.ulysse.com\/sentiers-de-randonnee-traversent-pays-entiers\">les sentiers de randonn\u00e9e<\/a> deviennent accessibles et permettent d\u2019explorer des paysages contrast\u00e9s entre for\u00eats de conif\u00e8res et prairies fleuries. Les Bauges et la vall\u00e9e de la Tarentaise sont particuli\u00e8rement appr\u00e9ci\u00e9s des amateurs de nature et de grands espaces.<\/p>\n<p data-start=\"1863\" data-end=\"2180\">Au-del\u00e0 des activit\u00e9s, le printemps est aussi une p\u00e9riode plus avantageuse sur le plan financier. Les h\u00e9bergements affichent des prix plus abordables qu\u2019en plein hiver, les forfaits de ski sont souvent propos\u00e9s \u00e0 tarifs r\u00e9duits, et l\u2019affluence moindre permet de profiter pleinement des infrastructures sans attente.<\/p>\n<blockquote class=\"instagram-media\" style=\"background: #FFF; border: 0; border-radius: 3px; box-shadow: 0 0 1px 0 rgba(0,0,0,0.5),0 1px 10px 0 rgba(0,0,0,0.15); margin: 1px; max-width: 540px; min-width: 326px; padding: 0; width: calc(100% - 2px);\" data-instgrm-captioned=\"\" data-instgrm-permalink=\"https:\/\/www.instagram.com\/reel\/C1l_VTeoQfA\/?utm_source=ig_embed&amp;utm_campaign=loading\" data-instgrm-version=\"14\">\n<div style=\"padding: 16px;\">\n<p>&nbsp;<\/p>\n<div style=\"display: flex; flex-direction: row; align-items: center;\">\n<div style=\"background-color: #f4f4f4; border-radius: 50%; flex-grow: 0; height: 40px; margin-right: 14px; width: 40px;\"><\/div>\n<div style=\"display: flex; flex-direction: column; flex-grow: 1; justify-content: center;\">\n<div style=\"background-color: #f4f4f4; border-radius: 4px; flex-grow: 0; height: 14px; margin-bottom: 6px; width: 100px;\"><\/div>\n<div style=\"background-color: #f4f4f4; border-radius: 4px; flex-grow: 0; height: 14px; width: 60px;\"><\/div>\n<\/div>\n<\/div>\n<div style=\"padding: 19% 0;\"><\/div>\n<div style=\"display: block; height: 50px; margin: 0 auto 12px; width: 50px;\"><\/div>\n<div style=\"padding-top: 8px;\">\n<div style=\"color: #3897f0; font-family: Arial,sans-serif; font-size: 14px; font-style: normal; font-weight: 550; line-height: 18px;\">Voir cette publication sur Instagram<\/div>\n<\/div>\n<div style=\"padding: 12.5% 0;\"><\/div>\n<div style=\"display: flex; flex-direction: row; margin-bottom: 14px; align-items: center;\">\n<div>\n<div style=\"background-color: #f4f4f4; border-radius: 50%; height: 12.5px; width: 12.5px; transform: translateX(0px) translateY(7px);\"><\/div>\n<div style=\"background-color: #f4f4f4; height: 12.5px; transform: rotate(-45deg) translateX(3px) translateY(1px); width: 12.5px; flex-grow: 0; margin-right: 14px; margin-left: 2px;\"><\/div>\n<div style=\"background-color: #f4f4f4; border-radius: 50%; height: 12.5px; width: 12.5px; transform: translateX(9px) translateY(-18px);\"><\/div>\n<\/div>\n<div style=\"margin-left: 8px;\">\n<div style=\"background-color: #f4f4f4; border-radius: 50%; flex-grow: 0; height: 20px; width: 20px;\"><\/div>\n<div style=\"width: 0; height: 0; border-top: 2px solid transparent; border-left: 6px solid #f4f4f4; border-bottom: 2px solid transparent; transform: translateX(16px) translateY(-4px) rotate(30deg);\"><\/div>\n<\/div>\n<div style=\"margin-left: auto;\">\n<div style=\"width: 0px; border-top: 8px solid #F4F4F4; border-right: 8px solid transparent; transform: translateY(16px);\"><\/div>\n<div style=\"background-color: #f4f4f4; flex-grow: 0; height: 12px; width: 16px; transform: translateY(-4px);\"><\/div>\n<div style=\"width: 0; height: 0; border-top: 8px solid #F4F4F4; border-left: 8px solid transparent; transform: translateY(-4px) translateX(8px);\"><\/div>\n<\/div>\n<\/div>\n<div style=\"display: flex; flex-direction: column; flex-grow: 1; justify-content: center; margin-bottom: 24px;\">\n<div style=\"background-color: #f4f4f4; border-radius: 4px; flex-grow: 0; height: 14px; margin-bottom: 6px; width: 224px;\"><\/div>\n<div style=\"background-color: #f4f4f4; border-radius: 4px; flex-grow: 0; height: 14px; width: 144px;\"><\/div>\n<\/div>\n<p>&nbsp;<\/p>\n<p style=\"color: #c9c8cd; font-family: Arial,sans-serif; font-size: 14px; line-height: 17px; margin-bottom: 0; margin-top: 8px; overflow: hidden; padding: 8px 0 7px; text-align: center; text-overflow: ellipsis; white-space: nowrap;\"><a style=\"color: #c9c8cd; font-family: Arial,sans-serif; font-size: 14px; font-style: normal; font-weight: normal; line-height: 17px; text-decoration: none;\" href=\"https:\/\/www.instagram.com\/reel\/C1l_VTeoQfA\/?utm_source=ig_embed&amp;utm_campaign=loading\" target=\"_blank\" rel=\"noopener\">Une publication partag\u00e9e par Comit\u00e9 de ski de Savoie (@comitedeskidesavoie)<\/a><\/p>\n<\/div>\n<\/blockquote>\n<p><script async src=\"\/\/www.instagram.com\/embed.js\"><\/script><\/p>\n<h2 data-start=\"2182\" data-end=\"2228\">Les Vosges, une montagne verte qui s\u00e9duit<\/h2>\n<p data-start=\"2230\" data-end=\"2493\">Si la Savoie attire pour son enneigement tardif, <a href=\"https:\/\/discover.ulysse.com\/inconvenients-des-vosges\">les Vosges<\/a> connaissent aussi une forte progression des r\u00e9servations avec une hausse de 40 %. Ici, ce n\u2019est plus la neige qui fait le succ\u00e8s de la destination, mais son cadre naturel et ses activit\u00e9s en plein air.<\/p>\n<p data-start=\"2495\" data-end=\"2903\">Les stations comme La Bresse ou G\u00e9rardmer attirent de nombreux visiteurs en qu\u00eate de tranquillit\u00e9 et de d\u00e9paysement. Le lac de G\u00e9rardmer, surnomm\u00e9 la perle des Vosges, devient un lieu privil\u00e9gi\u00e9 pour les promenades en bord d\u2019eau, les excursions en paddle ou les randonn\u00e9es sur les cr\u00eates environnantes. Les for\u00eats de sapins offrent un cadre parfait pour des s\u00e9jours ax\u00e9s sur la d\u00e9tente et le ressourcement.<\/p>\n<p data-start=\"2905\" data-end=\"3302\">L\u2019accessibilit\u00e9 des Vosges en fait une destination particuli\u00e8rement pris\u00e9e. En train, G\u00e9rardmer et La Bresse sont accessibles via la gare d\u2019\u00c9pinal, avec des correspondances r\u00e9guli\u00e8res depuis Paris, Strasbourg ou Lyon. Le co\u00fbt de la vie y est aussi plus doux que dans les Alpes, ce qui en fait un choix appr\u00e9ci\u00e9 des familles et des voyageurs souhaitant profiter d\u2019un s\u00e9jour nature sans se ruiner.<\/p>\n<blockquote class=\"instagram-media\" style=\"background: #FFF; border: 0; border-radius: 3px; box-shadow: 0 0 1px 0 rgba(0,0,0,0.5),0 1px 10px 0 rgba(0,0,0,0.15); margin: 1px; max-width: 540px; min-width: 326px; padding: 0; width: calc(100% - 2px);\" data-instgrm-captioned=\"\" data-instgrm-permalink=\"https:\/\/www.instagram.com\/p\/B9fBhbeHDxx\/?utm_source=ig_embed&amp;utm_campaign=loading\" data-instgrm-version=\"14\">\n<div style=\"padding: 16px;\">\n<p>&nbsp;<\/p>\n<div style=\"display: flex; flex-direction: row; align-items: center;\">\n<div style=\"background-color: #f4f4f4; border-radius: 50%; flex-grow: 0; height: 40px; margin-right: 14px; width: 40px;\"><\/div>\n<div style=\"display: flex; flex-direction: column; flex-grow: 1; justify-content: center;\">\n<div style=\"background-color: #f4f4f4; border-radius: 4px; flex-grow: 0; height: 14px; margin-bottom: 6px; width: 100px;\"><\/div>\n<div style=\"background-color: #f4f4f4; border-radius: 4px; flex-grow: 0; height: 14px; width: 60px;\"><\/div>\n<\/div>\n<\/div>\n<div style=\"padding: 19% 0;\"><\/div>\n<div style=\"display: block; height: 50px; margin: 0 auto 12px; width: 50px;\"><\/div>\n<div style=\"padding-top: 8px;\">\n<div style=\"color: #3897f0; font-family: Arial,sans-serif; font-size: 14px; font-style: normal; font-weight: 550; line-height: 18px;\">Voir cette publication sur Instagram<\/div>\n<\/div>\n<div style=\"padding: 12.5% 0;\"><\/div>\n<div style=\"display: flex; flex-direction: row; margin-bottom: 14px; align-items: center;\">\n<div>\n<div style=\"background-color: #f4f4f4; border-radius: 50%; height: 12.5px; width: 12.5px; transform: translateX(0px) translateY(7px);\"><\/div>\n<div style=\"background-color: #f4f4f4; height: 12.5px; transform: rotate(-45deg) translateX(3px) translateY(1px); width: 12.5px; flex-grow: 0; margin-right: 14px; margin-left: 2px;\"><\/div>\n<div style=\"background-color: #f4f4f4; border-radius: 50%; height: 12.5px; width: 12.5px; transform: translateX(9px) translateY(-18px);\"><\/div>\n<\/div>\n<div style=\"margin-left: 8px;\">\n<div style=\"background-color: #f4f4f4; border-radius: 50%; flex-grow: 0; height: 20px; width: 20px;\"><\/div>\n<div style=\"width: 0; height: 0; border-top: 2px solid transparent; border-left: 6px solid #f4f4f4; border-bottom: 2px solid transparent; transform: translateX(16px) translateY(-4px) rotate(30deg);\"><\/div>\n<\/div>\n<div style=\"margin-left: auto;\">\n<div style=\"width: 0px; border-top: 8px solid #F4F4F4; border-right: 8px solid transparent; transform: translateY(16px);\"><\/div>\n<div style=\"background-color: #f4f4f4; flex-grow: 0; height: 12px; width: 16px; transform: translateY(-4px);\"><\/div>\n<div style=\"width: 0; height: 0; border-top: 8px solid #F4F4F4; border-left: 8px solid transparent; transform: translateY(-4px) translateX(8px);\"><\/div>\n<\/div>\n<\/div>\n<div style=\"display: flex; flex-direction: column; flex-grow: 1; justify-content: center; margin-bottom: 24px;\">\n<div style=\"background-color: #f4f4f4; border-radius: 4px; flex-grow: 0; height: 14px; margin-bottom: 6px; width: 224px;\"><\/div>\n<div style=\"background-color: #f4f4f4; border-radius: 4px; flex-grow: 0; height: 14px; width: 144px;\"><\/div>\n<\/div>\n<p>&nbsp;<\/p>\n<p style=\"color: #c9c8cd; font-family: Arial,sans-serif; font-size: 14px; line-height: 17px; margin-bottom: 0; margin-top: 8px; overflow: hidden; padding: 8px 0 7px; text-align: center; text-overflow: ellipsis; white-space: nowrap;\"><a style=\"color: #c9c8cd; font-family: Arial,sans-serif; font-size: 14px; font-style: normal; font-weight: normal; line-height: 17px; text-decoration: none;\" href=\"https:\/\/www.instagram.com\/p\/B9fBhbeHDxx\/?utm_source=ig_embed&amp;utm_campaign=loading\" target=\"_blank\" rel=\"noopener\">Une publication partag\u00e9e par Infos Ski &amp; Neige Vosges (@skineigevosges)<\/a><\/p>\n<\/div>\n<\/blockquote>\n<p><script async src=\"\/\/www.instagram.com\/embed.js\"><\/script><\/p>\n<h2 data-start=\"3304\" data-end=\"3367\">L\u2019Is\u00e8re, entre derni\u00e8res descentes et paysages printaniers<\/h2>\n<p data-start=\"3369\" data-end=\"3596\">L\u2019Is\u00e8re suit la tendance avec une hausse de 30 % des recherches d\u2019h\u00e9bergement pour le printemps 2025. Ce d\u00e9partement des Alpes attire autant les derniers skieurs de la saison que les amateurs de nature en qu\u00eate de randonn\u00e9es.<\/p>\n<p data-start=\"3598\" data-end=\"3860\"><a href=\"https:\/\/discover.ulysse.com\/alpe-dhuez-festival-de-comedie-28e-edition\">L\u2019Alpe d\u2019Huez<\/a> ferme ses pistes le 21 avril, mais les Deux Alpes permettent de skier jusqu\u2019au 4 mai. Avec un ensoleillement g\u00e9n\u00e9reux et des temp\u00e9ratures plus douces, le ski de printemps attire ceux qui veulent prolonger la saison sans subir le froid de l\u2019hiver.<\/p>\n<p data-start=\"3862\" data-end=\"4120\">D\u00e8s la mi-avril, la montagne se transforme et offre un terrain d\u2019aventure id\u00e9al pour les randonneurs et v\u00e9t\u00e9tistes. Les sentiers du massif des \u00c9crins et de Belledonne deviennent plus accessibles, avec des panoramas superbes sur les sommets encore enneig\u00e9s.<\/p>\n<p data-start=\"4122\" data-end=\"4406\"><a href=\"https:\/\/discover.ulysse.com\/5-plus-belles-randonnees-montagne-printemps\">Grenoble<\/a>, situ\u00e9e aux portes de l\u2019Is\u00e8re, facilite l\u2019acc\u00e8s aux stations et aux grands espaces naturels. En train, il faut compter environ trois heures de trajet depuis Paris et une heure trente depuis Lyon. Une fois sur place, des navettes permettent de rejoindre les villages alpins.<\/p>\n<p data-start=\"4408\" data-end=\"4652\">Comme en Savoie, le printemps rime ici avec tarifs all\u00e9g\u00e9s. Les logements sont plus accessibles, les restaurants proposent des menus plus abordables et les activit\u00e9s en plein air permettent de profiter de la montagne sans d\u00e9penses excessives.<\/p>\n<blockquote class=\"instagram-media\" style=\"background: #FFF; border: 0; border-radius: 3px; box-shadow: 0 0 1px 0 rgba(0,0,0,0.5),0 1px 10px 0 rgba(0,0,0,0.15); margin: 1px; max-width: 540px; min-width: 326px; padding: 0; width: calc(100% - 2px);\" data-instgrm-captioned=\"\" data-instgrm-permalink=\"https:\/\/www.instagram.com\/reel\/DHL_eAHotDz\/?utm_source=ig_embed&amp;utm_campaign=loading\" data-instgrm-version=\"14\">\n<div style=\"padding: 16px;\">\n<p>&nbsp;<\/p>\n<div style=\"display: flex; flex-direction: row; align-items: center;\">\n<div style=\"background-color: #f4f4f4; border-radius: 50%; flex-grow: 0; height: 40px; margin-right: 14px; width: 40px;\"><\/div>\n<div style=\"display: flex; flex-direction: column; flex-grow: 1; justify-content: center;\">\n<div style=\"background-color: #f4f4f4; border-radius: 4px; flex-grow: 0; height: 14px; margin-bottom: 6px; width: 100px;\"><\/div>\n<div style=\"background-color: #f4f4f4; border-radius: 4px; flex-grow: 0; height: 14px; width: 60px;\"><\/div>\n<\/div>\n<\/div>\n<div style=\"padding: 19% 0;\"><\/div>\n<div style=\"display: block; height: 50px; margin: 0 auto 12px; width: 50px;\"><\/div>\n<div style=\"padding-top: 8px;\">\n<div style=\"color: #3897f0; font-family: Arial,sans-serif; font-size: 14px; font-style: normal; font-weight: 550; line-height: 18px;\">Voir cette publication sur Instagram<\/div>\n<\/div>\n<div style=\"padding: 12.5% 0;\"><\/div>\n<div style=\"display: flex; flex-direction: row; margin-bottom: 14px; align-items: center;\">\n<div>\n<div style=\"background-color: #f4f4f4; border-radius: 50%; height: 12.5px; width: 12.5px; transform: translateX(0px) translateY(7px);\"><\/div>\n<div style=\"background-color: #f4f4f4; height: 12.5px; transform: rotate(-45deg) translateX(3px) translateY(1px); width: 12.5px; flex-grow: 0; margin-right: 14px; margin-left: 2px;\"><\/div>\n<div style=\"background-color: #f4f4f4; border-radius: 50%; height: 12.5px; width: 12.5px; transform: translateX(9px) translateY(-18px);\"><\/div>\n<\/div>\n<div style=\"margin-left: 8px;\">\n<div style=\"background-color: #f4f4f4; border-radius: 50%; flex-grow: 0; height: 20px; width: 20px;\"><\/div>\n<div style=\"width: 0; height: 0; border-top: 2px solid transparent; border-left: 6px solid #f4f4f4; border-bottom: 2px solid transparent; transform: translateX(16px) translateY(-4px) rotate(30deg);\"><\/div>\n<\/div>\n<div style=\"margin-left: auto;\">\n<div style=\"width: 0px; border-top: 8px solid #F4F4F4; border-right: 8px solid transparent; transform: translateY(16px);\"><\/div>\n<div style=\"background-color: #f4f4f4; flex-grow: 0; height: 12px; width: 16px; transform: translateY(-4px);\"><\/div>\n<div style=\"width: 0; height: 0; border-top: 8px solid #F4F4F4; border-left: 8px solid transparent; transform: translateY(-4px) translateX(8px);\"><\/div>\n<\/div>\n<\/div>\n<div style=\"display: flex; flex-direction: column; flex-grow: 1; justify-content: center; margin-bottom: 24px;\">\n<div style=\"background-color: #f4f4f4; border-radius: 4px; flex-grow: 0; height: 14px; margin-bottom: 6px; width: 224px;\"><\/div>\n<div style=\"background-color: #f4f4f4; border-radius: 4px; flex-grow: 0; height: 14px; width: 144px;\"><\/div>\n<\/div>\n<p>&nbsp;<\/p>\n<p style=\"color: #c9c8cd; font-family: Arial,sans-serif; font-size: 14px; line-height: 17px; margin-bottom: 0; margin-top: 8px; overflow: hidden; padding: 8px 0 7px; text-align: center; text-overflow: ellipsis; white-space: nowrap;\"><a style=\"color: #c9c8cd; font-family: Arial,sans-serif; font-size: 14px; font-style: normal; font-weight: normal; line-height: 17px; text-decoration: none;\" href=\"https:\/\/www.instagram.com\/reel\/DHL_eAHotDz\/?utm_source=ig_embed&amp;utm_campaign=loading\" target=\"_blank\" rel=\"noopener\">Une publication partag\u00e9e par Val d&#8217;Ise\u0300re (@valdisere)<\/a><\/p>\n<\/div>\n<\/blockquote>\n<p><script async src=\"\/\/www.instagram.com\/embed.js\"><\/script><\/p>\n<h2 data-start=\"4654\" data-end=\"4730\">Pourquoi la montagne au printemps attire de plus en plus de visiteurs ?<\/h2>\n<p data-start=\"4732\" data-end=\"4996\">Si la montagne s\u00e9duit autant au printemps, c\u2019est parce qu\u2019elle offre une alternative id\u00e9ale entre nature, d\u00e9tente et activit\u00e9s vari\u00e9es. Contrairement \u00e0 l\u2019\u00e9t\u00e9, les sentiers ne sont pas encore bond\u00e9s et les paysages m\u00ealent prairies verdoyantes et sommets enneig\u00e9s.<\/p>\n<p data-start=\"4998\" data-end=\"5315\">Le <a href=\"https:\/\/discover.ulysse.com\/skie-mars-moment-ideal-pistes\">ski de printemps<\/a> permet de profiter des plaisirs de la glisse dans des conditions optimales, avec moins de monde sur les pistes et une m\u00e9t\u00e9o plus cl\u00e9mente. C\u2019est aussi le moment id\u00e9al pour combiner sports d\u2019hiver et randonn\u00e9es, voire d\u00e9couvrir des activit\u00e9s plus insolites comme le parapente ou le VTT sur neige.<\/p>\n<p data-start=\"5317\" data-end=\"5646\">D\u2019un point de vue \u00e9conomique, partir en montagne en avril ou en mai est souvent plus avantageux qu\u2019en plein hiver. Moins de demande signifie des tarifs r\u00e9duits pour les h\u00e9bergements, les forfaits de ski et les locations de mat\u00e9riel. C\u2019est donc une option int\u00e9ressante pour ceux qui veulent profiter du grand air sans se ruiner.<\/p>\n<p data-start=\"5648\" data-end=\"5921\" data-is-last-node=\"\" data-is-only-node=\"\">Avec des destinations comme la Savoie, les Vosges ou l\u2019Is\u00e8re qui connaissent un v\u00e9ritable engouement, il est clair que la montagne est devenue une alternative de plus en plus pris\u00e9e au printemps. Et si cette ann\u00e9e, au lieu de partir \u00e0 la mer, on prenait un peu de hauteur ?<\/p>\n","protected":false},"excerpt":{"rendered":"<p>Avec l\u2019arriv\u00e9e des beaux jours, on pourrait croire que la montagne entre en hibernation jusqu\u2019\u00e0 l\u2019hiver prochain. Pourtant, les tendances [&hellip;]<\/p>\n","protected":false},"author":4,"featured_media":26924,"comment_status":"open","ping_status":"closed","sticky":false,"template":"","format":"standard","meta":{"_acf_changed":false,"_sitemap_exclude":false,"_sitemap_priority":"","_sitemap_frequency":"","footnotes":"","rank_math_title":"","rank_math_description":"Les vacances de printemps approchent et la montagne semble \u00eatre la destination de pr\u00e9dilection de nombreux.","rank_math_canonical_url":"","rank_math_focus_keyword":"montagne"},"categories":[3],"tags":[],"class_list":["post-26923","post","type-post","status-publish","format-standard","has-post-thumbnail","hentry","category-voyage"],"acf":[],"_links":{"self":[{"href":"https:\/\/ulysse.com\/news\/wp-json\/wp\/v2\/posts\/26923","targetHints":{"allow":["GET"]}}],"collection":[{"href":"https:\/\/ulysse.com\/news\/wp-json\/wp\/v2\/posts"}],"about":[{"href":"https:\/\/ulysse.com\/news\/wp-json\/wp\/v2\/types\/post"}],"author":[{"embeddable":true,"href":"https:\/\/ulysse.com\/news\/wp-json\/wp\/v2\/users\/4"}],"replies":[{"embeddable":true,"href":"https:\/\/ulysse.com\/news\/wp-json\/wp\/v2\/comments?post=26923"}],"version-history":[{"count":3,"href":"https:\/\/ulysse.com\/news\/wp-json\/wp\/v2\/posts\/26923\/revisions"}],"predecessor-version":[{"id":26927,"href":"https:\/\/ulysse.com\/news\/wp-json\/wp\/v2\/posts\/26923\/revisions\/26927"}],"wp:featuredmedia":[{"embeddable":true,"href":"https:\/\/ulysse.com\/news\/wp-json\/wp\/v2\/media\/26924"}],"wp:attachment":[{"href":"https:\/\/ulysse.com\/news\/wp-json\/wp\/v2\/media?parent=26923"}],"wp:term":[{"taxonomy":"category","embeddable":true,"href":"https:\/\/ulysse.com\/news\/wp-json\/wp\/v2\/categories?post=26923"},{"taxonomy":"post_tag","embeddable":true,"href":"https:\/\/ulysse.com\/news\/wp-json\/wp\/v2\/tags?post=26923"}],"curies":[{"name":"wp","href":"https:\/\/api.w.org\/{rel}","templated":true}]}}